{"id":142952,"date":"2021-05-15T21:26:58","date_gmt":"2021-05-16T00:26:58","guid":{"rendered":"https:\/\/experienciadevida.com.ar\/portalurbano\/?p=142952"},"modified":"2021-05-15T21:29:29","modified_gmt":"2021-05-16T00:29:29","slug":"descenso-de-casos-y-vuelven-a-habilitar-actividades","status":"publish","type":"post","link":"https:\/\/experienciadevida.com.ar\/portalurbano\/descenso-de-casos-y-vuelven-a-habilitar-actividades\/","title":{"rendered":"Descenso de casos y vuelven a habilitar actividades"},"content":{"rendered":"<p>Descenso de casos\u00a0 y vuelven a habilitar las actividades, as\u00ed lo anunciaron en conferencia de prensa este s\u00e1bado por la noche, el Intendente Ezequiel <a href=\"https:\/\/www.facebook.com\/galliezequiel\">Galli<\/a> junto al Secretario de salud, Germ\u00e1n Caputo.<\/p>\n<p>En la misma brindaron el <a href=\"https:\/\/experienciadevida.com.ar\/portalurbano\/#google_vignette\">informe sobre coronavirus<\/a> en la ciudad en la que reportaron el fallecimiento de una persona con la enfermedad y en la fecha de hoy se registraron 45 casos positivos.<\/p>\n<p>El Doctor Caputo expres\u00f3 &#8220;quiero agradecer a toda la poblaci\u00f3n por el mejoramiento demostrado de las distintas medidas de bioseguridad que se vio reflejado en el descenso de casos, siendo imperioso continuar con las mismas, a su vez quiero agradecer a todos mis colegas miembros del equipo de salud que han puesto\u00a0 y contin\u00faan\u00a0 poniendo todo el esfuerzo para combatir esta segunda ola especialmente a los servicios de emergencia, cl\u00ednica m\u00e9dica y cuidados cr\u00edticos que debieron trabajar sin descanso en condiciones de m\u00e1ximo estr\u00e9s y ansiedad, y que se pudo por el momento salir adelante de esta dif\u00edcil situaci\u00f3n. Por \u00faltimo quiero agradecer a los estudiantes\u00a0 de medicina de nuestra Facultad por la gran colaboraci\u00f3n y compromiso demostrado en estas \u00faltimas semanas y tambi\u00e9n hoy quiero mostrar una luz de esperanza al ver im\u00e1genes de otros pa\u00edses en donde luego de una exitosa campa\u00f1a de vacunaci\u00f3n fue posible volver a la casi normalidad, nos hace ver que falta menos&#8221;.<\/p>\n<p>Respecto a la evoluci\u00f3n de la segunda ola en Olavarr\u00eda, explic\u00f3 Caputo que \u201cse observa el aumento de los casos a partir de la Semana Epidemiol\u00f3gica (SE) 11. En la SE 12 -el d\u00eda 23 de marzo- tomamos las primeras medidas antip\u00e1ticas y restrictivas, al notar que los casos ven\u00edan en aumento. Las segundas medidas restrictivas fueron establecidas el 30 de marzo, en vistas a un aumento sostenido de casos; en la SE 13 volvemos a tomar medidas restrictivas, con un pico importante de casos con diagn\u00f3stico de cepas extranjeras \u2013 SE 14, el 5 de abril precisamente-. El 11 de abril tomamos las cuartas medidas restrictivas debido a las altas tasas de ocupaci\u00f3n en lugares complejos como cuidados cr\u00edticos, emergencias y cl\u00ednica Covid. A partir de la SE 15 se observa una baja de casos, esta baja es bastante lenta, la curva se va aplanando muy lentamente y en este momento est\u00e1 en una meseta\u201d.<\/p>\n<p>\u201cAc\u00e1 va un poco la clave, la meseta la tenemos en un promedio de 40, 50 casos, es una meseta para nosotros alta, por eso que si bien tomaremos algunas medidas de apertura seguiremos siendo cautos y exigentes con la bioseguridad. En este momento nosotros tenemos la meseta promedio 40 casos y comenzamos la 2da ola con una meseta de entre 0 y 10 casos por d\u00eda: tenemos el triple de casos respecto a los previos a la segunda ola\u201d, se\u00f1al\u00f3 el Secretario de Salud.<\/p>\n<p>En cuanto a la ocupaci\u00f3n hospitalaria especific\u00f3 que \u201cinternaciones en cuidados generales, a partir de la SE 16 empieza a bajar, en cambio en cuidados cr\u00edticos sigue una meseta bastante alta. En base a esto tomamos las quintas medidas restrictiva en la SE 18, 3 de mayo, posteriormente observando una mejor\u00eda en la cantidad de contagios el 10 de mayo tomamos las sextas medidas sanitarias que ya fueron de mayor apertura, que se van a unir a las que ahora va a comentar el Intendente\u201d.<\/p>\n<p>\u201cNo nos tenemos que relajar porque todav\u00eda tenemos el triple de hospitalizados en cuidados generales y cuatro veces m\u00e1s en cuidados cr\u00edticos de cuando comenzamos esta ola\u201d, subray\u00f3 Caputo.<\/p>\n<p>\u201cComo ustedes sabr\u00e1n estamos haciendo el RTA pedi\u00e1trico la positividad es del 6,9%, el 6,2% de los activos corresponden a ni\u00f1os y j\u00f3venes en edad escolar, tenemos 4 chicos contagiados en maternales, 1 en jard\u00edn, 2 en primaria y 16 en secundaria. Esto es un poco lo que estamos haciendo en conjunto con Jefatura Distrital y la gente de educaci\u00f3n, con Julio Ben\u00edtez que estamos trabajando forma \u00f3ptima, haciendo una vigilancia en todos los colegios p\u00fablicos y privados, vigilancia aleatoria de docentes y auxiliares asintom\u00e1ticos, el 10% de la cantidad de docentes y auxiliares de cada establecimiento. Hasta ahora hicimos 39 establecimientos, 168 testeos y 0% de positividad\u201d, manifest\u00f3.<\/p>\n<p>Dijo adem\u00e1s que \u201cen base a estos datos, se observa un descenso sostenido de casos y mortalidad, el Hospital todav\u00eda persiste con una alta ocupaci\u00f3n pacientes por Covid19, se observa una mayor letalidad en las nuevas variantes circulantes en nuestra ciudad, con una letalidad del 2,7%\u201d.<\/p>\n<p>\u201cS\u00f3lo el 6% de los casos activos corresponden a j\u00f3venes y ni\u00f1os en edad escolar, la positividad del RTA pedi\u00e1trico contin\u00faa baja y hasta ahora el programa de Aulas Seguras no detect\u00f3 casos asintom\u00e1ticos en docentes ni auxiliares. De acuerdo a esto se tomar\u00e1n algunas medidas que corresponden a un descenso gradual de restricciones. En materia de salud a partir de lunes cirug\u00edas programadas se habilitaran progresivamente, de acuerdo a la disponibilidad de camas y el nivel de urgencias. Asimismo se realizar\u00e1 una campa\u00f1a intensiva de salud del adulto y salud de la mujer, a fin de atender patolog\u00edas prevalentes, durante los meses de junio y julio, esto ser\u00e1 explicado y lo trataremos en conferencia de prensa donde explicaremos el paso a paso, vamos a continuar con testeos intensivos, RTA adultos y pedi\u00e1trico y aulas seguras\u201d, finaliz\u00f3.<\/p>\n<p>Luego, el intendente Ezequiel Galli record\u00f3 que \u201ctomamos medidas restrictivas a partir del 23 de marzo, el 10 de mayo tomamos medidas de apertura de algunas actividades. El d\u00eda 3 de mayo hicimos la \u00faltima conferencia y coment\u00e1bamos que tom\u00e1bamos medidas m\u00e1s restrictivas de la Fase 3 de la resoluci\u00f3n de la Provincia, durante 14 d\u00edas hasta el 17 de mayo\u201d.<\/p>\n<p>\u201cCreemos oportuno y lo dicen los n\u00fameros, las curvas y el estado sanitario. Entonces empezamos a buscar ese equilibrio del que siempre hablamos entre lo sanitario, social y econ\u00f3mico. Por lo cual hemos decido con el aval del Comit\u00e9 de Crisis, volver a readecuar las actividades de Olavarr\u00eda, seg\u00fan lo que establece la resoluci\u00f3n de Fase 3 de la provincia de Buenos Aires , con algunas peque\u00f1as restricciones. Queremos volver a tener actividades de acuerdo al comportamiento de la comunidad y habiendo establecido el 17 de mayo como fecha l\u00edmite para esas medidas restrictivas. Creemos que podemos cumplir con nuestra palabra y empezar a tener actividades que vuelvan a funcionar\u201d, anunci\u00f3.<\/p>\n<p>En este sentido remarc\u00f3 que \u201cno quiere decir que esto sea definitivo, es provisorio. Seguramente si tenemos alguna otra luz de alerta que nos obligue a tomar medidas restrictivas lo vamos a volver a hacer, siempre observando los n\u00fameros\u201d.<\/p>\n<p>Medidas anunciadas<\/p>\n<p>Se habilitan:<\/p>\n<p>\u2013 Eventos religiosos hasta 20 personas, en espacios p\u00fablicos al aire libre.<\/p>\n<p>\u2013 Competencias deportivas, sin p\u00fablico y con competidores \u00fanicamente locales.<\/p>\n<p>\u2013 Eventos culturales, sociales y recreativos, en espacios p\u00fablicos al aire libre hasta 10 personas.<\/p>\n<p>\u2013 Pr\u00e1ctica recreativa de deportes grupales de contacto al aire libre.<\/p>\n<p>\u2013 Talleres culturales hasta 20 personas, al aire libre o en espacios cerrados con amplia ventilaci\u00f3n.<\/p>\n<p>\u2013 Artes esc\u00e9nicas y musicales hasta 10 personas.<\/p>\n<p>\u2013 Bares y restaurantes hasta las 23 horas.<\/p>\n<p>\u2013 Deportes en conjunto hasta 10 personas, al aire libre o en espacios cerrados con amplia ventilaci\u00f3n.<\/p>\n<p>\u2013 Visitas a geri\u00e1tricos.<\/p>\n<p>\u201cVa a ser una muestra de lo que podemos ir logrando con cada una de estas medidas que toamos ya sean restrictivas o de apertura. Si podemos sostenernos en esta meseta vamos a poder lograr tener estas actividades en funcionamiento. La resoluci\u00f3n de provincia de es muy clara y no quiere decir que en el futuro inmediato o no inmediato volvamos a tomar algunas medidas restrictivas\u201d, dijo Galli.<\/p>\n<p>Adem\u00e1s anticip\u00f3 que \u201cseguramente haya una tercera en los meses de julio, agosto, no lo sabemos con exactitud, pero es lo que se est\u00e1 pensando desde el equipo de salud. El invierno crudo y el fr\u00edo todav\u00eda no llegaron. As\u00ed que vamos a ir haciendo cierres y aperturas como en distintos lugares del mundo y del pa\u00eds, para ir logrando ese equilibrio entre lo econ\u00f3mico, sanitario y social, para que vuelvan a funcionar las actividades con protocolos\u201d.<\/p>\n<p>Con respecto a la campa\u00f1a de vacunaci\u00f3n reiter\u00f3 que \u201cponemos a disposici\u00f3n el Banco de Leche y que puedan utilizar el recurso humano, que es personal calificado y de esta manera que podamos acelerar el plan de vacunaci\u00f3n y que pueda alcanzar a mayor cantidad de olavarrienses. Todos queremos volver a la normalidad y no tener que estar pensado en la pandemia, la cantidad de casos y camas\u201d.<\/p>\n","protected":false},"excerpt":{"rendered":"<p>Descenso de casos\u00a0 y vuelven a habilitar las actividades, as\u00ed lo anunciaron en conferencia de&#8230;<\/p>\n","protected":false},"author":1,"featured_media":142953,"comment_status":"closed","ping_status":"closed","sticky":false,"template":"","format":"standard","meta":{"content-type":""},"categories":[27,64],"tags":[],"nelio_content":{"isAutoShareEnabled":false,"autoShareEndMode":"default","automationSources":{"useContentSentences":true,"useSocialTemplates":true,"useCustomSentences":false,"customSentences":[]},"followers":[1],"suggestedReferences":[],"includedReferences":[],"efiUrl":"","efiAlt":"","highlights":[]},"yoast_head":"<!-- This site is optimized with the Yoast SEO plugin v20.7 - https:\/\/yoast.com\/wordpress\/plugins\/seo\/ -->\n<title>Descenso de casos y vuelven a habilitar actividades<\/title>\n<meta name=\"description\" content=\"Descenso de casos\u00a0 y vuelven a habilitar las actividades, as\u00ed lo anunciaron en conferencia de prensa este s\u00e1bado por la noche.\" \/>\n<meta name=\"robots\" content=\"index, follow, max-snippet:-1, max-image-preview:large, max-video-preview:-1\" \/>\n<link rel=\"canonical\" href=\"https:\/\/experienciadevida.com.ar\/portalurbano\/descenso-de-casos-y-vuelven-a-habilitar-actividades\/\" \/>\n<meta property=\"og:locale\" content=\"es_ES\" \/>\n<meta property=\"og:type\" content=\"article\" \/>\n<meta property=\"og:title\" content=\"Descenso de casos y vuelven a habilitar actividades\" \/>\n<meta property=\"og:description\" content=\"Descenso de casos\u00a0 y vuelven a habilitar las actividades, as\u00ed lo anunciaron en conferencia de prensa este s\u00e1bado por la noche.\" \/>\n<meta property=\"og:url\" content=\"https:\/\/experienciadevida.com.ar\/portalurbano\/descenso-de-casos-y-vuelven-a-habilitar-actividades\/\" \/>\n<meta property=\"article:publisher\" content=\"https:\/\/www.facebook.com\/Portal-Urbano-171542830093757\/\" \/>\n<meta property=\"article:published_time\" content=\"2021-05-16T00:26:58+00:00\" \/>\n<meta property=\"article:modified_time\" content=\"2021-05-16T00:29:29+00:00\" \/>\n<meta property=\"og:image\" content=\"https:\/\/experienciadevida.com.ar\/portalurbano\/wp-content\/uploads\/2021\/05\/Descenso-de-casos-y-vuelven.png\" \/>\n\t<meta property=\"og:image:width\" content=\"871\" \/>\n\t<meta property=\"og:image:height\" content=\"470\" \/>\n\t<meta property=\"og:image:type\" content=\"image\/png\" \/>\n<meta name=\"author\" content=\"admpu17wp\" \/>\n<meta name=\"twitter:card\" content=\"summary_large_image\" \/>\n<meta name=\"twitter:creator\" content=\"@portalurbanook\" \/>\n<meta name=\"twitter:site\" content=\"@portalurbanook\" \/>\n<meta name=\"twitter:label1\" content=\"Escrito por\" \/>\n\t<meta name=\"twitter:data1\" content=\"admpu17wp\" \/>\n\t<meta name=\"twitter:label2\" content=\"Tiempo de lectura\" \/>\n\t<meta name=\"twitter:data2\" content=\"7 minutos\" \/>\n<script type=\"application\/ld+json\" class=\"yoast-schema-graph\">{\"@context\":\"https:\/\/schema.org\",\"@graph\":[{\"@type\":\"Article\",\"@id\":\"https:\/\/experienciadevida.com.ar\/portalurbano\/descenso-de-casos-y-vuelven-a-habilitar-actividades\/#article\",\"isPartOf\":{\"@id\":\"https:\/\/experienciadevida.com.ar\/portalurbano\/descenso-de-casos-y-vuelven-a-habilitar-actividades\/\"},\"author\":{\"name\":\"admpu17wp\",\"@id\":\"https:\/\/experienciadevida.com.ar\/portalurbano\/#\/schema\/person\/02dd326b1c4b056e9cc972486934a3a7\"},\"headline\":\"Descenso de casos y vuelven a habilitar actividades\",\"datePublished\":\"2021-05-16T00:26:58+00:00\",\"dateModified\":\"2021-05-16T00:29:29+00:00\",\"mainEntityOfPage\":{\"@id\":\"https:\/\/experienciadevida.com.ar\/portalurbano\/descenso-de-casos-y-vuelven-a-habilitar-actividades\/\"},\"wordCount\":1443,\"publisher\":{\"@id\":\"https:\/\/experienciadevida.com.ar\/portalurbano\/#organization\"},\"articleSection\":[\"Ciudad\",\"Destacadas 2\"],\"inLanguage\":\"es\"},{\"@type\":\"WebPage\",\"@id\":\"https:\/\/experienciadevida.com.ar\/portalurbano\/descenso-de-casos-y-vuelven-a-habilitar-actividades\/\",\"url\":\"https:\/\/experienciadevida.com.ar\/portalurbano\/descenso-de-casos-y-vuelven-a-habilitar-actividades\/\",\"name\":\"Descenso de casos y vuelven a habilitar actividades\",\"isPartOf\":{\"@id\":\"https:\/\/experienciadevida.com.ar\/portalurbano\/#website\"},\"datePublished\":\"2021-05-16T00:26:58+00:00\",\"dateModified\":\"2021-05-16T00:29:29+00:00\",\"description\":\"Descenso de casos\u00a0 y vuelven a habilitar las actividades, as\u00ed lo anunciaron en conferencia de prensa este s\u00e1bado por la noche.\",\"breadcrumb\":{\"@id\":\"https:\/\/experienciadevida.com.ar\/portalurbano\/descenso-de-casos-y-vuelven-a-habilitar-actividades\/#breadcrumb\"},\"inLanguage\":\"es\",\"potentialAction\":[{\"@type\":\"ReadAction\",\"target\":[\"https:\/\/experienciadevida.com.ar\/portalurbano\/descenso-de-casos-y-vuelven-a-habilitar-actividades\/\"]}]},{\"@type\":\"BreadcrumbList\",\"@id\":\"https:\/\/experienciadevida.com.ar\/portalurbano\/descenso-de-casos-y-vuelven-a-habilitar-actividades\/#breadcrumb\",\"itemListElement\":[{\"@type\":\"ListItem\",\"position\":1,\"name\":\"Portada\",\"item\":\"https:\/\/experienciadevida.com.ar\/portalurbano\/\"},{\"@type\":\"ListItem\",\"position\":2,\"name\":\"Descenso de casos y vuelven a habilitar actividades\"}]},{\"@type\":\"WebSite\",\"@id\":\"https:\/\/experienciadevida.com.ar\/portalurbano\/#website\",\"url\":\"https:\/\/experienciadevida.com.ar\/portalurbano\/\",\"name\":\"\",\"description\":\"\",\"publisher\":{\"@id\":\"https:\/\/experienciadevida.com.ar\/portalurbano\/#organization\"},\"potentialAction\":[{\"@type\":\"SearchAction\",\"target\":{\"@type\":\"EntryPoint\",\"urlTemplate\":\"https:\/\/experienciadevida.com.ar\/portalurbano\/?s={search_term_string}\"},\"query-input\":\"required name=search_term_string\"}],\"inLanguage\":\"es\"},{\"@type\":\"Organization\",\"@id\":\"https:\/\/experienciadevida.com.ar\/portalurbano\/#organization\",\"name\":\"Portal Urbano\",\"url\":\"https:\/\/experienciadevida.com.ar\/portalurbano\/\",\"logo\":{\"@type\":\"ImageObject\",\"inLanguage\":\"es\",\"@id\":\"https:\/\/experienciadevida.com.ar\/portalurbano\/#\/schema\/logo\/image\/\",\"url\":\"https:\/\/experienciadevida.com.ar\/portalurbano\/wp-content\/uploads\/2019\/09\/Logo-Original.png\",\"contentUrl\":\"https:\/\/experienciadevida.com.ar\/portalurbano\/wp-content\/uploads\/2019\/09\/Logo-Original.png\",\"width\":2236,\"height\":1216,\"caption\":\"Portal Urbano\"},\"image\":{\"@id\":\"https:\/\/experienciadevida.com.ar\/portalurbano\/#\/schema\/logo\/image\/\"},\"sameAs\":[\"https:\/\/www.facebook.com\/Portal-Urbano-171542830093757\/\",\"https:\/\/twitter.com\/portalurbanook\",\"https:\/\/www.instagram.com\/_portalurbano\/\",\"https:\/\/www.youtube.com\/channel\/UCXhagIfszH8KxFiOok79zbA?view_as=subscriber\"]},{\"@type\":\"Person\",\"@id\":\"https:\/\/experienciadevida.com.ar\/portalurbano\/#\/schema\/person\/02dd326b1c4b056e9cc972486934a3a7\",\"name\":\"admpu17wp\",\"image\":{\"@type\":\"ImageObject\",\"inLanguage\":\"es\",\"@id\":\"https:\/\/experienciadevida.com.ar\/portalurbano\/#\/schema\/person\/image\/\",\"url\":\"https:\/\/secure.gravatar.com\/avatar\/830d4c57adaae6630765e449a6908047?s=96&d=mm&r=g\",\"contentUrl\":\"https:\/\/secure.gravatar.com\/avatar\/830d4c57adaae6630765e449a6908047?s=96&d=mm&r=g\",\"caption\":\"admpu17wp\"}}]}<\/script>\n<!-- \/ Yoast SEO plugin. -->","yoast_head_json":{"title":"Descenso de casos y vuelven a habilitar actividades","description":"Descenso de casos\u00a0 y vuelven a habilitar las actividades, as\u00ed lo anunciaron en conferencia de prensa este s\u00e1bado por la noche.","robots":{"index":"index","follow":"follow","max-snippet":"max-snippet:-1","max-image-preview":"max-image-preview:large","max-video-preview":"max-video-preview:-1"},"canonical":"https:\/\/experienciadevida.com.ar\/portalurbano\/descenso-de-casos-y-vuelven-a-habilitar-actividades\/","og_locale":"es_ES","og_type":"article","og_title":"Descenso de casos y vuelven a habilitar actividades","og_description":"Descenso de casos\u00a0 y vuelven a habilitar las actividades, as\u00ed lo anunciaron en conferencia de prensa este s\u00e1bado por la noche.","og_url":"https:\/\/experienciadevida.com.ar\/portalurbano\/descenso-de-casos-y-vuelven-a-habilitar-actividades\/","article_publisher":"https:\/\/www.facebook.com\/Portal-Urbano-171542830093757\/","article_published_time":"2021-05-16T00:26:58+00:00","article_modified_time":"2021-05-16T00:29:29+00:00","og_image":[{"width":871,"height":470,"url":"https:\/\/experienciadevida.com.ar\/portalurbano\/wp-content\/uploads\/2021\/05\/Descenso-de-casos-y-vuelven.png","type":"image\/png"}],"author":"admpu17wp","twitter_card":"summary_large_image","twitter_creator":"@portalurbanook","twitter_site":"@portalurbanook","twitter_misc":{"Escrito por":"admpu17wp","Tiempo de lectura":"7 minutos"},"schema":{"@context":"https:\/\/schema.org","@graph":[{"@type":"Article","@id":"https:\/\/experienciadevida.com.ar\/portalurbano\/descenso-de-casos-y-vuelven-a-habilitar-actividades\/#article","isPartOf":{"@id":"https:\/\/experienciadevida.com.ar\/portalurbano\/descenso-de-casos-y-vuelven-a-habilitar-actividades\/"},"author":{"name":"admpu17wp","@id":"https:\/\/experienciadevida.com.ar\/portalurbano\/#\/schema\/person\/02dd326b1c4b056e9cc972486934a3a7"},"headline":"Descenso de casos y vuelven a habilitar actividades","datePublished":"2021-05-16T00:26:58+00:00","dateModified":"2021-05-16T00:29:29+00:00","mainEntityOfPage":{"@id":"https:\/\/experienciadevida.com.ar\/portalurbano\/descenso-de-casos-y-vuelven-a-habilitar-actividades\/"},"wordCount":1443,"publisher":{"@id":"https:\/\/experienciadevida.com.ar\/portalurbano\/#organization"},"articleSection":["Ciudad","Destacadas 2"],"inLanguage":"es"},{"@type":"WebPage","@id":"https:\/\/experienciadevida.com.ar\/portalurbano\/descenso-de-casos-y-vuelven-a-habilitar-actividades\/","url":"https:\/\/experienciadevida.com.ar\/portalurbano\/descenso-de-casos-y-vuelven-a-habilitar-actividades\/","name":"Descenso de casos y vuelven a habilitar actividades","isPartOf":{"@id":"https:\/\/experienciadevida.com.ar\/portalurbano\/#website"},"datePublished":"2021-05-16T00:26:58+00:00","dateModified":"2021-05-16T00:29:29+00:00","description":"Descenso de casos\u00a0 y vuelven a habilitar las actividades, as\u00ed lo anunciaron en conferencia de prensa este s\u00e1bado por la noche.","breadcrumb":{"@id":"https:\/\/experienciadevida.com.ar\/portalurbano\/descenso-de-casos-y-vuelven-a-habilitar-actividades\/#breadcrumb"},"inLanguage":"es","potentialAction":[{"@type":"ReadAction","target":["https:\/\/experienciadevida.com.ar\/portalurbano\/descenso-de-casos-y-vuelven-a-habilitar-actividades\/"]}]},{"@type":"BreadcrumbList","@id":"https:\/\/experienciadevida.com.ar\/portalurbano\/descenso-de-casos-y-vuelven-a-habilitar-actividades\/#breadcrumb","itemListElement":[{"@type":"ListItem","position":1,"name":"Portada","item":"https:\/\/experienciadevida.com.ar\/portalurbano\/"},{"@type":"ListItem","position":2,"name":"Descenso de casos y vuelven a habilitar actividades"}]},{"@type":"WebSite","@id":"https:\/\/experienciadevida.com.ar\/portalurbano\/#website","url":"https:\/\/experienciadevida.com.ar\/portalurbano\/","name":"","description":"","publisher":{"@id":"https:\/\/experienciadevida.com.ar\/portalurbano\/#organization"},"potentialAction":[{"@type":"SearchAction","target":{"@type":"EntryPoint","urlTemplate":"https:\/\/experienciadevida.com.ar\/portalurbano\/?s={search_term_string}"},"query-input":"required name=search_term_string"}],"inLanguage":"es"},{"@type":"Organization","@id":"https:\/\/experienciadevida.com.ar\/portalurbano\/#organization","name":"Portal Urbano","url":"https:\/\/experienciadevida.com.ar\/portalurbano\/","logo":{"@type":"ImageObject","inLanguage":"es","@id":"https:\/\/experienciadevida.com.ar\/portalurbano\/#\/schema\/logo\/image\/","url":"https:\/\/experienciadevida.com.ar\/portalurbano\/wp-content\/uploads\/2019\/09\/Logo-Original.png","contentUrl":"https:\/\/experienciadevida.com.ar\/portalurbano\/wp-content\/uploads\/2019\/09\/Logo-Original.png","width":2236,"height":1216,"caption":"Portal Urbano"},"image":{"@id":"https:\/\/experienciadevida.com.ar\/portalurbano\/#\/schema\/logo\/image\/"},"sameAs":["https:\/\/www.facebook.com\/Portal-Urbano-171542830093757\/","https:\/\/twitter.com\/portalurbanook","https:\/\/www.instagram.com\/_portalurbano\/","https:\/\/www.youtube.com\/channel\/UCXhagIfszH8KxFiOok79zbA?view_as=subscriber"]},{"@type":"Person","@id":"https:\/\/experienciadevida.com.ar\/portalurbano\/#\/schema\/person\/02dd326b1c4b056e9cc972486934a3a7","name":"admpu17wp","image":{"@type":"ImageObject","inLanguage":"es","@id":"https:\/\/experienciadevida.com.ar\/portalurbano\/#\/schema\/person\/image\/","url":"https:\/\/secure.gravatar.com\/avatar\/830d4c57adaae6630765e449a6908047?s=96&d=mm&r=g","contentUrl":"https:\/\/secure.gravatar.com\/avatar\/830d4c57adaae6630765e449a6908047?s=96&d=mm&r=g","caption":"admpu17wp"}}]}},"featured_image_urls":{"full":["https:\/\/experienciadevida.com.ar\/portalurbano\/wp-content\/uploads\/2021\/05\/Descenso-de-casos-y-vuelven.png",871,470,false],"thumbnail":["https:\/\/experienciadevida.com.ar\/portalurbano\/wp-content\/uploads\/2021\/05\/Descenso-de-casos-y-vuelven-150x150.png",150,150,true],"medium":["https:\/\/experienciadevida.com.ar\/portalurbano\/wp-content\/uploads\/2021\/05\/Descenso-de-casos-y-vuelven-300x162.png",300,162,true],"medium_large":["https:\/\/experienciadevida.com.ar\/portalurbano\/wp-content\/uploads\/2021\/05\/Descenso-de-casos-y-vuelven-768x414.png",640,345,true],"large":["https:\/\/experienciadevida.com.ar\/portalurbano\/wp-content\/uploads\/2021\/05\/Descenso-de-casos-y-vuelven.png",640,345,false],"ug_big":["https:\/\/experienciadevida.com.ar\/portalurbano\/wp-content\/uploads\/2021\/05\/Descenso-de-casos-y-vuelven-768x414.png",768,414,true],"1536x1536":["https:\/\/experienciadevida.com.ar\/portalurbano\/wp-content\/uploads\/2021\/05\/Descenso-de-casos-y-vuelven.png",871,470,false],"2048x2048":["https:\/\/experienciadevida.com.ar\/portalurbano\/wp-content\/uploads\/2021\/05\/Descenso-de-casos-y-vuelven.png",871,470,false],"newsever-slider-full":["https:\/\/experienciadevida.com.ar\/portalurbano\/wp-content\/uploads\/2021\/05\/Descenso-de-casos-y-vuelven.png",871,470,false],"newsever-featured":["https:\/\/experienciadevida.com.ar\/portalurbano\/wp-content\/uploads\/2021\/05\/Descenso-de-casos-y-vuelven.png",871,470,false],"newsever-medium":["https:\/\/experienciadevida.com.ar\/portalurbano\/wp-content\/uploads\/2021\/05\/Descenso-de-casos-y-vuelven.png",720,389,false],"web-stories-poster-portrait":["https:\/\/experienciadevida.com.ar\/portalurbano\/wp-content\/uploads\/2021\/05\/Descenso-de-casos-y-vuelven.png",640,345,false],"web-stories-publisher-logo":["https:\/\/experienciadevida.com.ar\/portalurbano\/wp-content\/uploads\/2021\/05\/Descenso-de-casos-y-vuelven.png",96,52,false],"web-stories-thumbnail":["https:\/\/experienciadevida.com.ar\/portalurbano\/wp-content\/uploads\/2021\/05\/Descenso-de-casos-y-vuelven.png",150,81,false]},"author_info":{"display_name":"admpu17wp","author_link":"https:\/\/experienciadevida.com.ar\/portalurbano\/author\/admpu17wp\/"},"category_info":"<a href=\"https:\/\/experienciadevida.com.ar\/portalurbano\/category\/ciudad\/\" rel=\"category tag\">Ciudad<\/a> <a href=\"https:\/\/experienciadevida.com.ar\/portalurbano\/category\/destacadas-2\/\" rel=\"category tag\">Destacadas 2<\/a>","tag_info":"Destacadas 2","comment_count":"0","amp_enabled":true,"_links":{"self":[{"href":"https:\/\/experienciadevida.com.ar\/portalurbano\/wp-json\/wp\/v2\/posts\/142952"}],"collection":[{"href":"https:\/\/experienciadevida.com.ar\/portalurbano\/wp-json\/wp\/v2\/posts"}],"about":[{"href":"https:\/\/experienciadevida.com.ar\/portalurbano\/wp-json\/wp\/v2\/types\/post"}],"author":[{"embeddable":true,"href":"https:\/\/experienciadevida.com.ar\/portalurbano\/wp-json\/wp\/v2\/users\/1"}],"replies":[{"embeddable":true,"href":"https:\/\/experienciadevida.com.ar\/portalurbano\/wp-json\/wp\/v2\/comments?post=142952"}],"version-history":[{"count":3,"href":"https:\/\/experienciadevida.com.ar\/portalurbano\/wp-json\/wp\/v2\/posts\/142952\/revisions"}],"predecessor-version":[{"id":142956,"href":"https:\/\/experienciadevida.com.ar\/portalurbano\/wp-json\/wp\/v2\/posts\/142952\/revisions\/142956"}],"wp:featuredmedia":[{"embeddable":true,"href":"https:\/\/experienciadevida.com.ar\/portalurbano\/wp-json\/wp\/v2\/media\/142953"}],"wp:attachment":[{"href":"https:\/\/experienciadevida.com.ar\/portalurbano\/wp-json\/wp\/v2\/media?parent=142952"}],"wp:term":[{"taxonomy":"category","embeddable":true,"href":"https:\/\/experienciadevida.com.ar\/portalurbano\/wp-json\/wp\/v2\/categories?post=142952"},{"taxonomy":"post_tag","embeddable":true,"href":"https:\/\/experienciadevida.com.ar\/portalurbano\/wp-json\/wp\/v2\/tags?post=142952"}],"curies":[{"name":"wp","href":"https:\/\/api.w.org\/{rel}","templated":true}]}}