{"id":142896,"date":"2021-05-15T10:59:28","date_gmt":"2021-05-15T13:59:28","guid":{"rendered":"https:\/\/experienciadevida.com.ar\/portalurbano\/?p=142896"},"modified":"2021-05-15T11:00:12","modified_gmt":"2021-05-15T14:00:12","slug":"se-realizo-la-licitacion-para-la-repavimentacion-de-bocacalles-en-loma-negra","status":"publish","type":"post","link":"https:\/\/experienciadevida.com.ar\/portalurbano\/se-realizo-la-licitacion-para-la-repavimentacion-de-bocacalles-en-loma-negra\/","title":{"rendered":"Se realiz\u00f3 la licitaci\u00f3n para la repavimentaci\u00f3n de bocacalles en Loma Negra"},"content":{"rendered":"<p>Se realiz\u00f3 la licitaci\u00f3n para la repavimentaci\u00f3n de bocacalles en Loma Negra.<\/p>\n<p>En esta primera etapa, los trabajos a ejecutar comprenden siete bocacalles, las cuales se detallan a continuaci\u00f3n: San Mart\u00edn y Becker; San Mart\u00edn y 25 de Mayo; San Mart\u00edn y Brown; San Mart\u00edn y Santa Elena; \u00c1lvaro Barros y Brown; \u00c1lvaro Barros y A. Argentina; \u00c1lvaro Barros y 9 de Julio. Dichas bocacalles actualmente se encuentran con un pavimento de concreto asf\u00e1ltico deteriorado, con presencia de baches y deformaciones en la calzada.<\/p>\n<p>Se realiz\u00f3 la licitaci\u00f3n para La repavimentaci\u00f3n de bocacalles que permitir\u00e1 mejorar las condiciones de infraestructura y la seguridad vial, en un sector que es transitado habitualmente por veh\u00edculos de distinto porte.<\/p>\n<p>El acto de apertura de sobres, con sede en la Direcci\u00f3n de Licitaciones del Palacio San Mart\u00edn, cont\u00f3 con la presencia de la Directora del \u00e1rea Pilar Ciardelli y representantes de las empresas oferentes.<\/p>\n<p>A continuaci\u00f3n se detallan los presupuestos presentados.<\/p>\n<p>PECMA SRL.: cotiza 7.997.011 pesos.<br \/>\nDemoliciones Olavarr\u00eda SA.: cotiza 6.875.000 pesos.<br \/>\nATAK SRL.: cotiza 10.200.000 pesos.<br \/>\nEspecificaciones t\u00e9cnicas de la obra<\/p>\n<p>Se prev\u00e9 el desmonte de la caja de obra a niveles subrasantes y su re-compactaci\u00f3n para la posterior construcci\u00f3n la base de tosca compactada en un espesor de 0,20 metros. Sobre este paquete estructural se construir\u00e1 el pavimento de H\u00ba S\u00ba de 0,15 metros de espesor. Aquellos tramos de cord\u00f3n cuneta existente que se encuentren deteriorados o desnivelados por distintos motivos ser\u00e1n reparados.<\/p>\n<p>&nbsp;<\/p>\n","protected":false},"excerpt":{"rendered":"<p>Se realiz\u00f3 la licitaci\u00f3n para la repavimentaci\u00f3n de bocacalles en Loma Negra. En esta primera&#8230;<\/p>\n","protected":false},"author":1,"featured_media":142897,"comment_status":"closed","ping_status":"closed","sticky":false,"template":"","format":"standard","meta":{"content-type":""},"categories":[27,64],"tags":[],"nelio_content":{"isAutoShareEnabled":false,"autoShareEndMode":"default","automationSources":{"useContentSentences":true,"useSocialTemplates":true,"useCustomSentences":false,"customSentences":[]},"followers":[1],"suggestedReferences":[],"includedReferences":[],"efiUrl":"","efiAlt":"","highlights":[]},"yoast_head":"<!-- This site is optimized with the Yoast SEO plugin v20.7 - https:\/\/yoast.com\/wordpress\/plugins\/seo\/ -->\n<title>Se realiz\u00f3 la licitaci\u00f3n para la repavimentaci\u00f3n de bocacalles loma negra<\/title>\n<meta name=\"description\" content=\"Se realiz\u00f3 la licitaci\u00f3n para la repavimentaci\u00f3n de bocacalles en Loma Negra, permitir\u00e1 mejorar las condiciones de infraestructura.\" \/>\n<meta name=\"robots\" content=\"index, follow, max-snippet:-1, max-image-preview:large, max-video-preview:-1\" \/>\n<link rel=\"canonical\" href=\"https:\/\/experienciadevida.com.ar\/portalurbano\/se-realizo-la-licitacion-para-la-repavimentacion-de-bocacalles-en-loma-negra\/\" \/>\n<meta property=\"og:locale\" content=\"es_ES\" \/>\n<meta property=\"og:type\" content=\"article\" \/>\n<meta property=\"og:title\" content=\"Se realiz\u00f3 la licitaci\u00f3n para la repavimentaci\u00f3n de bocacalles loma negra\" \/>\n<meta property=\"og:description\" content=\"Se realiz\u00f3 la licitaci\u00f3n para la repavimentaci\u00f3n de bocacalles en Loma Negra, permitir\u00e1 mejorar las condiciones de infraestructura.\" \/>\n<meta property=\"og:url\" content=\"https:\/\/experienciadevida.com.ar\/portalurbano\/se-realizo-la-licitacion-para-la-repavimentacion-de-bocacalles-en-loma-negra\/\" \/>\n<meta property=\"article:publisher\" content=\"https:\/\/www.facebook.com\/Portal-Urbano-171542830093757\/\" \/>\n<meta property=\"article:published_time\" content=\"2021-05-15T13:59:28+00:00\" \/>\n<meta property=\"article:modified_time\" content=\"2021-05-15T14:00:12+00:00\" \/>\n<meta property=\"og:image\" content=\"https:\/\/experienciadevida.com.ar\/portalurbano\/wp-content\/uploads\/2021\/05\/Se-realizo-la-licitacion-para.jpg\" \/>\n\t<meta property=\"og:image:width\" content=\"1024\" \/>\n\t<meta property=\"og:image:height\" content=\"614\" \/>\n\t<meta property=\"og:image:type\" content=\"image\/jpeg\" \/>\n<meta name=\"author\" content=\"admpu17wp\" \/>\n<meta name=\"twitter:card\" content=\"summary_large_image\" \/>\n<meta name=\"twitter:creator\" content=\"@portalurbanook\" \/>\n<meta name=\"twitter:site\" content=\"@portalurbanook\" \/>\n<meta name=\"twitter:label1\" content=\"Escrito por\" \/>\n\t<meta name=\"twitter:data1\" content=\"admpu17wp\" \/>\n\t<meta name=\"twitter:label2\" content=\"Tiempo de lectura\" \/>\n\t<meta name=\"twitter:data2\" content=\"2 minutos\" \/>\n<script type=\"application\/ld+json\" class=\"yoast-schema-graph\">{\"@context\":\"https:\/\/schema.org\",\"@graph\":[{\"@type\":\"Article\",\"@id\":\"https:\/\/experienciadevida.com.ar\/portalurbano\/se-realizo-la-licitacion-para-la-repavimentacion-de-bocacalles-en-loma-negra\/#article\",\"isPartOf\":{\"@id\":\"https:\/\/experienciadevida.com.ar\/portalurbano\/se-realizo-la-licitacion-para-la-repavimentacion-de-bocacalles-en-loma-negra\/\"},\"author\":{\"name\":\"admpu17wp\",\"@id\":\"https:\/\/experienciadevida.com.ar\/portalurbano\/#\/schema\/person\/02dd326b1c4b056e9cc972486934a3a7\"},\"headline\":\"Se realiz\u00f3 la licitaci\u00f3n para la repavimentaci\u00f3n de bocacalles en Loma Negra\",\"datePublished\":\"2021-05-15T13:59:28+00:00\",\"dateModified\":\"2021-05-15T14:00:12+00:00\",\"mainEntityOfPage\":{\"@id\":\"https:\/\/experienciadevida.com.ar\/portalurbano\/se-realizo-la-licitacion-para-la-repavimentacion-de-bocacalles-en-loma-negra\/\"},\"wordCount\":269,\"publisher\":{\"@id\":\"https:\/\/experienciadevida.com.ar\/portalurbano\/#organization\"},\"articleSection\":[\"Ciudad\",\"Destacadas 2\"],\"inLanguage\":\"es\"},{\"@type\":\"WebPage\",\"@id\":\"https:\/\/experienciadevida.com.ar\/portalurbano\/se-realizo-la-licitacion-para-la-repavimentacion-de-bocacalles-en-loma-negra\/\",\"url\":\"https:\/\/experienciadevida.com.ar\/portalurbano\/se-realizo-la-licitacion-para-la-repavimentacion-de-bocacalles-en-loma-negra\/\",\"name\":\"Se realiz\u00f3 la licitaci\u00f3n para la repavimentaci\u00f3n de bocacalles loma negra\",\"isPartOf\":{\"@id\":\"https:\/\/experienciadevida.com.ar\/portalurbano\/#website\"},\"datePublished\":\"2021-05-15T13:59:28+00:00\",\"dateModified\":\"2021-05-15T14:00:12+00:00\",\"description\":\"Se realiz\u00f3 la licitaci\u00f3n para la repavimentaci\u00f3n de bocacalles en Loma Negra, permitir\u00e1 mejorar las condiciones de infraestructura.\",\"breadcrumb\":{\"@id\":\"https:\/\/experienciadevida.com.ar\/portalurbano\/se-realizo-la-licitacion-para-la-repavimentacion-de-bocacalles-en-loma-negra\/#breadcrumb\"},\"inLanguage\":\"es\",\"potentialAction\":[{\"@type\":\"ReadAction\",\"target\":[\"https:\/\/experienciadevida.com.ar\/portalurbano\/se-realizo-la-licitacion-para-la-repavimentacion-de-bocacalles-en-loma-negra\/\"]}]},{\"@type\":\"BreadcrumbList\",\"@id\":\"https:\/\/experienciadevida.com.ar\/portalurbano\/se-realizo-la-licitacion-para-la-repavimentacion-de-bocacalles-en-loma-negra\/#breadcrumb\",\"itemListElement\":[{\"@type\":\"ListItem\",\"position\":1,\"name\":\"Portada\",\"item\":\"https:\/\/experienciadevida.com.ar\/portalurbano\/\"},{\"@type\":\"ListItem\",\"position\":2,\"name\":\"Se realiz\u00f3 la licitaci\u00f3n para la repavimentaci\u00f3n de bocacalles en Loma Negra\"}]},{\"@type\":\"WebSite\",\"@id\":\"https:\/\/experienciadevida.com.ar\/portalurbano\/#website\",\"url\":\"https:\/\/experienciadevida.com.ar\/portalurbano\/\",\"name\":\"\",\"description\":\"\",\"publisher\":{\"@id\":\"https:\/\/experienciadevida.com.ar\/portalurbano\/#organization\"},\"potentialAction\":[{\"@type\":\"SearchAction\",\"target\":{\"@type\":\"EntryPoint\",\"urlTemplate\":\"https:\/\/experienciadevida.com.ar\/portalurbano\/?s={search_term_string}\"},\"query-input\":\"required name=search_term_string\"}],\"inLanguage\":\"es\"},{\"@type\":\"Organization\",\"@id\":\"https:\/\/experienciadevida.com.ar\/portalurbano\/#organization\",\"name\":\"Portal Urbano\",\"url\":\"https:\/\/experienciadevida.com.ar\/portalurbano\/\",\"logo\":{\"@type\":\"ImageObject\",\"inLanguage\":\"es\",\"@id\":\"https:\/\/experienciadevida.com.ar\/portalurbano\/#\/schema\/logo\/image\/\",\"url\":\"https:\/\/experienciadevida.com.ar\/portalurbano\/wp-content\/uploads\/2019\/09\/Logo-Original.png\",\"contentUrl\":\"https:\/\/experienciadevida.com.ar\/portalurbano\/wp-content\/uploads\/2019\/09\/Logo-Original.png\",\"width\":2236,\"height\":1216,\"caption\":\"Portal Urbano\"},\"image\":{\"@id\":\"https:\/\/experienciadevida.com.ar\/portalurbano\/#\/schema\/logo\/image\/\"},\"sameAs\":[\"https:\/\/www.facebook.com\/Portal-Urbano-171542830093757\/\",\"https:\/\/twitter.com\/portalurbanook\",\"https:\/\/www.instagram.com\/_portalurbano\/\",\"https:\/\/www.youtube.com\/channel\/UCXhagIfszH8KxFiOok79zbA?view_as=subscriber\"]},{\"@type\":\"Person\",\"@id\":\"https:\/\/experienciadevida.com.ar\/portalurbano\/#\/schema\/person\/02dd326b1c4b056e9cc972486934a3a7\",\"name\":\"admpu17wp\",\"image\":{\"@type\":\"ImageObject\",\"inLanguage\":\"es\",\"@id\":\"https:\/\/experienciadevida.com.ar\/portalurbano\/#\/schema\/person\/image\/\",\"url\":\"https:\/\/secure.gravatar.com\/avatar\/830d4c57adaae6630765e449a6908047?s=96&d=mm&r=g\",\"contentUrl\":\"https:\/\/secure.gravatar.com\/avatar\/830d4c57adaae6630765e449a6908047?s=96&d=mm&r=g\",\"caption\":\"admpu17wp\"}}]}<\/script>\n<!-- \/ Yoast SEO plugin. -->","yoast_head_json":{"title":"Se realiz\u00f3 la licitaci\u00f3n para la repavimentaci\u00f3n de bocacalles loma negra","description":"Se realiz\u00f3 la licitaci\u00f3n para la repavimentaci\u00f3n de bocacalles en Loma Negra, permitir\u00e1 mejorar las condiciones de infraestructura.","robots":{"index":"index","follow":"follow","max-snippet":"max-snippet:-1","max-image-preview":"max-image-preview:large","max-video-preview":"max-video-preview:-1"},"canonical":"https:\/\/experienciadevida.com.ar\/portalurbano\/se-realizo-la-licitacion-para-la-repavimentacion-de-bocacalles-en-loma-negra\/","og_locale":"es_ES","og_type":"article","og_title":"Se realiz\u00f3 la licitaci\u00f3n para la repavimentaci\u00f3n de bocacalles loma negra","og_description":"Se realiz\u00f3 la licitaci\u00f3n para la repavimentaci\u00f3n de bocacalles en Loma Negra, permitir\u00e1 mejorar las condiciones de infraestructura.","og_url":"https:\/\/experienciadevida.com.ar\/portalurbano\/se-realizo-la-licitacion-para-la-repavimentacion-de-bocacalles-en-loma-negra\/","article_publisher":"https:\/\/www.facebook.com\/Portal-Urbano-171542830093757\/","article_published_time":"2021-05-15T13:59:28+00:00","article_modified_time":"2021-05-15T14:00:12+00:00","og_image":[{"width":1024,"height":614,"url":"https:\/\/experienciadevida.com.ar\/portalurbano\/wp-content\/uploads\/2021\/05\/Se-realizo-la-licitacion-para.jpg","type":"image\/jpeg"}],"author":"admpu17wp","twitter_card":"summary_large_image","twitter_creator":"@portalurbanook","twitter_site":"@portalurbanook","twitter_misc":{"Escrito por":"admpu17wp","Tiempo de lectura":"2 minutos"},"schema":{"@context":"https:\/\/schema.org","@graph":[{"@type":"Article","@id":"https:\/\/experienciadevida.com.ar\/portalurbano\/se-realizo-la-licitacion-para-la-repavimentacion-de-bocacalles-en-loma-negra\/#article","isPartOf":{"@id":"https:\/\/experienciadevida.com.ar\/portalurbano\/se-realizo-la-licitacion-para-la-repavimentacion-de-bocacalles-en-loma-negra\/"},"author":{"name":"admpu17wp","@id":"https:\/\/experienciadevida.com.ar\/portalurbano\/#\/schema\/person\/02dd326b1c4b056e9cc972486934a3a7"},"headline":"Se realiz\u00f3 la licitaci\u00f3n para la repavimentaci\u00f3n de bocacalles en Loma Negra","datePublished":"2021-05-15T13:59:28+00:00","dateModified":"2021-05-15T14:00:12+00:00","mainEntityOfPage":{"@id":"https:\/\/experienciadevida.com.ar\/portalurbano\/se-realizo-la-licitacion-para-la-repavimentacion-de-bocacalles-en-loma-negra\/"},"wordCount":269,"publisher":{"@id":"https:\/\/experienciadevida.com.ar\/portalurbano\/#organization"},"articleSection":["Ciudad","Destacadas 2"],"inLanguage":"es"},{"@type":"WebPage","@id":"https:\/\/experienciadevida.com.ar\/portalurbano\/se-realizo-la-licitacion-para-la-repavimentacion-de-bocacalles-en-loma-negra\/","url":"https:\/\/experienciadevida.com.ar\/portalurbano\/se-realizo-la-licitacion-para-la-repavimentacion-de-bocacalles-en-loma-negra\/","name":"Se realiz\u00f3 la licitaci\u00f3n para la repavimentaci\u00f3n de bocacalles loma negra","isPartOf":{"@id":"https:\/\/experienciadevida.com.ar\/portalurbano\/#website"},"datePublished":"2021-05-15T13:59:28+00:00","dateModified":"2021-05-15T14:00:12+00:00","description":"Se realiz\u00f3 la licitaci\u00f3n para la repavimentaci\u00f3n de bocacalles en Loma Negra, permitir\u00e1 mejorar las condiciones de infraestructura.","breadcrumb":{"@id":"https:\/\/experienciadevida.com.ar\/portalurbano\/se-realizo-la-licitacion-para-la-repavimentacion-de-bocacalles-en-loma-negra\/#breadcrumb"},"inLanguage":"es","potentialAction":[{"@type":"ReadAction","target":["https:\/\/experienciadevida.com.ar\/portalurbano\/se-realizo-la-licitacion-para-la-repavimentacion-de-bocacalles-en-loma-negra\/"]}]},{"@type":"BreadcrumbList","@id":"https:\/\/experienciadevida.com.ar\/portalurbano\/se-realizo-la-licitacion-para-la-repavimentacion-de-bocacalles-en-loma-negra\/#breadcrumb","itemListElement":[{"@type":"ListItem","position":1,"name":"Portada","item":"https:\/\/experienciadevida.com.ar\/portalurbano\/"},{"@type":"ListItem","position":2,"name":"Se realiz\u00f3 la licitaci\u00f3n para la repavimentaci\u00f3n de bocacalles en Loma Negra"}]},{"@type":"WebSite","@id":"https:\/\/experienciadevida.com.ar\/portalurbano\/#website","url":"https:\/\/experienciadevida.com.ar\/portalurbano\/","name":"","description":"","publisher":{"@id":"https:\/\/experienciadevida.com.ar\/portalurbano\/#organization"},"potentialAction":[{"@type":"SearchAction","target":{"@type":"EntryPoint","urlTemplate":"https:\/\/experienciadevida.com.ar\/portalurbano\/?s={search_term_string}"},"query-input":"required name=search_term_string"}],"inLanguage":"es"},{"@type":"Organization","@id":"https:\/\/experienciadevida.com.ar\/portalurbano\/#organization","name":"Portal Urbano","url":"https:\/\/experienciadevida.com.ar\/portalurbano\/","logo":{"@type":"ImageObject","inLanguage":"es","@id":"https:\/\/experienciadevida.com.ar\/portalurbano\/#\/schema\/logo\/image\/","url":"https:\/\/experienciadevida.com.ar\/portalurbano\/wp-content\/uploads\/2019\/09\/Logo-Original.png","contentUrl":"https:\/\/experienciadevida.com.ar\/portalurbano\/wp-content\/uploads\/2019\/09\/Logo-Original.png","width":2236,"height":1216,"caption":"Portal Urbano"},"image":{"@id":"https:\/\/experienciadevida.com.ar\/portalurbano\/#\/schema\/logo\/image\/"},"sameAs":["https:\/\/www.facebook.com\/Portal-Urbano-171542830093757\/","https:\/\/twitter.com\/portalurbanook","https:\/\/www.instagram.com\/_portalurbano\/","https:\/\/www.youtube.com\/channel\/UCXhagIfszH8KxFiOok79zbA?view_as=subscriber"]},{"@type":"Person","@id":"https:\/\/experienciadevida.com.ar\/portalurbano\/#\/schema\/person\/02dd326b1c4b056e9cc972486934a3a7","name":"admpu17wp","image":{"@type":"ImageObject","inLanguage":"es","@id":"https:\/\/experienciadevida.com.ar\/portalurbano\/#\/schema\/person\/image\/","url":"https:\/\/secure.gravatar.com\/avatar\/830d4c57adaae6630765e449a6908047?s=96&d=mm&r=g","contentUrl":"https:\/\/secure.gravatar.com\/avatar\/830d4c57adaae6630765e449a6908047?s=96&d=mm&r=g","caption":"admpu17wp"}}]}},"featured_image_urls":{"full":["https:\/\/experienciadevida.com.ar\/portalurbano\/wp-content\/uploads\/2021\/05\/Se-realizo-la-licitacion-para.jpg",1024,614,false],"thumbnail":["https:\/\/experienciadevida.com.ar\/portalurbano\/wp-content\/uploads\/2021\/05\/Se-realizo-la-licitacion-para-150x150.jpg",150,150,true],"medium":["https:\/\/experienciadevida.com.ar\/portalurbano\/wp-content\/uploads\/2021\/05\/Se-realizo-la-licitacion-para-300x180.jpg",300,180,true],"medium_large":["https:\/\/experienciadevida.com.ar\/portalurbano\/wp-content\/uploads\/2021\/05\/Se-realizo-la-licitacion-para-768x461.jpg",640,384,true],"large":["https:\/\/experienciadevida.com.ar\/portalurbano\/wp-content\/uploads\/2021\/05\/Se-realizo-la-licitacion-para.jpg",640,384,false],"ug_big":["https:\/\/experienciadevida.com.ar\/portalurbano\/wp-content\/uploads\/2021\/05\/Se-realizo-la-licitacion-para-768x461.jpg",768,461,true],"1536x1536":["https:\/\/experienciadevida.com.ar\/portalurbano\/wp-content\/uploads\/2021\/05\/Se-realizo-la-licitacion-para.jpg",1024,614,false],"2048x2048":["https:\/\/experienciadevida.com.ar\/portalurbano\/wp-content\/uploads\/2021\/05\/Se-realizo-la-licitacion-para.jpg",1024,614,false],"newsever-slider-full":["https:\/\/experienciadevida.com.ar\/portalurbano\/wp-content\/uploads\/2021\/05\/Se-realizo-la-licitacion-para.jpg",1024,614,false],"newsever-featured":["https:\/\/experienciadevida.com.ar\/portalurbano\/wp-content\/uploads\/2021\/05\/Se-realizo-la-licitacion-para.jpg",1024,614,false],"newsever-medium":["https:\/\/experienciadevida.com.ar\/portalurbano\/wp-content\/uploads\/2021\/05\/Se-realizo-la-licitacion-para.jpg",720,432,false],"web-stories-poster-portrait":["https:\/\/experienciadevida.com.ar\/portalurbano\/wp-content\/uploads\/2021\/05\/Se-realizo-la-licitacion-para.jpg",640,384,false],"web-stories-publisher-logo":["https:\/\/experienciadevida.com.ar\/portalurbano\/wp-content\/uploads\/2021\/05\/Se-realizo-la-licitacion-para.jpg",96,58,false],"web-stories-thumbnail":["https:\/\/experienciadevida.com.ar\/portalurbano\/wp-content\/uploads\/2021\/05\/Se-realizo-la-licitacion-para.jpg",150,90,false]},"author_info":{"display_name":"admpu17wp","author_link":"https:\/\/experienciadevida.com.ar\/portalurbano\/author\/admpu17wp\/"},"category_info":"<a href=\"https:\/\/experienciadevida.com.ar\/portalurbano\/category\/ciudad\/\" rel=\"category tag\">Ciudad<\/a> <a href=\"https:\/\/experienciadevida.com.ar\/portalurbano\/category\/destacadas-2\/\" rel=\"category tag\">Destacadas 2<\/a>","tag_info":"Destacadas 2","comment_count":"0","amp_enabled":true,"_links":{"self":[{"href":"https:\/\/experienciadevida.com.ar\/portalurbano\/wp-json\/wp\/v2\/posts\/142896"}],"collection":[{"href":"https:\/\/experienciadevida.com.ar\/portalurbano\/wp-json\/wp\/v2\/posts"}],"about":[{"href":"https:\/\/experienciadevida.com.ar\/portalurbano\/wp-json\/wp\/v2\/types\/post"}],"author":[{"embeddable":true,"href":"https:\/\/experienciadevida.com.ar\/portalurbano\/wp-json\/wp\/v2\/users\/1"}],"replies":[{"embeddable":true,"href":"https:\/\/experienciadevida.com.ar\/portalurbano\/wp-json\/wp\/v2\/comments?post=142896"}],"version-history":[{"count":3,"href":"https:\/\/experienciadevida.com.ar\/portalurbano\/wp-json\/wp\/v2\/posts\/142896\/revisions"}],"predecessor-version":[{"id":142900,"href":"https:\/\/experienciadevida.com.ar\/portalurbano\/wp-json\/wp\/v2\/posts\/142896\/revisions\/142900"}],"wp:featuredmedia":[{"embeddable":true,"href":"https:\/\/experienciadevida.com.ar\/portalurbano\/wp-json\/wp\/v2\/media\/142897"}],"wp:attachment":[{"href":"https:\/\/experienciadevida.com.ar\/portalurbano\/wp-json\/wp\/v2\/media?parent=142896"}],"wp:term":[{"taxonomy":"category","embeddable":true,"href":"https:\/\/experienciadevida.com.ar\/portalurbano\/wp-json\/wp\/v2\/categories?post=142896"},{"taxonomy":"post_tag","embeddable":true,"href":"https:\/\/experienciadevida.com.ar\/portalurbano\/wp-json\/wp\/v2\/tags?post=142896"}],"curies":[{"name":"wp","href":"https:\/\/api.w.org\/{rel}","templated":true}]}}