{"id":142878,"date":"2021-05-14T19:22:17","date_gmt":"2021-05-14T22:22:17","guid":{"rendered":"https:\/\/experienciadevida.com.ar\/portalurbano\/?p=142878"},"modified":"2021-05-14T19:22:48","modified_gmt":"2021-05-14T22:22:48","slug":"hubo-601-muertes-y-27-363-casos-reportados-en-las-ultimas-24-horas-en-argentina","status":"publish","type":"post","link":"https:\/\/experienciadevida.com.ar\/portalurbano\/hubo-601-muertes-y-27-363-casos-reportados-en-las-ultimas-24-horas-en-argentina\/","title":{"rendered":"Hubo 601 muertes y 27.363 casos reportados en las \u00faltimas 24 horas en Argentina"},"content":{"rendered":"<p>Hubo 601 muertes y 27.363 casos reportados en las \u00faltimas 24 horas en Argentina, el pa\u00eds ya sufri\u00f3 casi 70 mil muertes. La positividad sigue siendo alta: 33,08%.<\/p>\n<p>El Ministerio de Salud de la Naci\u00f3n inform\u00f3 hoy que, en las \u00faltimas 24 horas, se registraron 601 muertes y 27.363 nuevos contagios de coronavirus. Con estos datos, el total de infectados asciende a 3.269.466 y las v\u00edctimas fatales son 69.853.<\/p>\n<p>Por otra parte, en el mismo lapso fueron realizados 82.695 testeos, con una positividad del 33,08%, desde el inicio del brote, se llevaron a cabo 12.224.943 pruebas diagn\u00f3sticas para esta enfermedad. A la fecha, se registran 286.469 casos positivos activos en todo el pa\u00eds y 2.913.144 recuperados.<\/p>\n<p>Hubo 601 muertes y 27.363 casos reportados, del total de muertes, 357 son hombres (235 son de la provincia de Buenos Aires, 21 de la ciudad de Buenos Aires, tres de Catamarca, cinco de Chaco, uno de Chubut, seis de Corrientes, cinco de C\u00f3rdoba, cinco de Entre R\u00edos, 16 de Formosa, dos de La Pampa, cuatro de La Rioja, 19 de Mendoza, uno de Misiones, dos de Neuqu\u00e9n, dos de R\u00edo Negro, dos de Salta, tres de San Juan, 12 de San Luis, dos de Santa Cruz, 10 de Santa Fe y uno de Santiago del Estero) y 238 son mujeres (152 de la provincia de Buenos Aires, 16 de la ciudad de Buenos Aires, tres de Catamarca, una de Chaco, una de Corrientes, cinco de C\u00f3rdoba, una de Entre R\u00edos, ocho de Formosa, tres de La Rioja, 12 de Mendoza, dos de Neuqu\u00e9n, tres de R\u00edo Negro, tres de Salta, dos de San Juan, siete de Santa Cruz, 17 de Santa Fe y dos de Santiago del Estero).<\/p>\n<p>De acuerdo al parte epidemiol\u00f3gico, de momento en Argentina hay 5.457 personas con coronavirus internadas en terapia intensiva. El porcentaje de ocupaci\u00f3n de camas a nivel nacional es del 69.5% y en el \u00c1rea Metropolitana de Buenos Aires (AMBA) del 76,1%.<\/p>\n<p>De los 27.363 nuevos casos, 11.294 son de la provincia de Buenos Aires, 2.774 de la ciudad de Buenos Aires, 195 de Catamarca, 487 de Chaco, 245 de Chubut, 327 de Corrientes, 2.885 de C\u00f3rdoba, 925 de Entre R\u00edos, 49 de Formosa, 97 de Jujuy, 650 de La Pampa, 79 de La Rioja, 1.060 de Mendoza, 133 de Misiones, 457 de Neuqu\u00e9n, 393 de R\u00edo Negro, 382 de Salta, 624 de San Juan, 641 de San Luis, 271 de Santa Cruz, 2.193 de Santa Fe, 454 de Santiago del Estero, 71 de Tierra del Fuego y 677 de Tucum\u00e1n.<\/p>\n<p>El ministro de Salud de la provincia de Buenos Aires, Daniel Gollan, se\u00f1al\u00f3 hoy que \u201cviene una etapa de mayor aceleraci\u00f3n de la vacunaci\u00f3n\u201d contra el coronavirus y se mostr\u00f3 esperanzado en que a fin de a\u00f1o los argentinos \u201cpodamos volver a una vida mucho m\u00e1s normal\u201d.<\/p>\n<p>Hubo 601 muertes y 27.363 casos reportados &#8220;este a\u00f1o no va a ser igual al del a\u00f1o pasado en la medida en que en el pr\u00f3ximo mes y medio, dos meses, tengamos pr\u00e1cticamente protegida la mayor cantidad de gente que tiene vulnerabilidades o que son poblaciones de riesgo\u201d, expres\u00f3 el ministro bonaerense.<\/p>\n<p>Luego se\u00f1al\u00f3 que \u201cobviamente que la vacunaci\u00f3n va a hacer la soluci\u00f3n m\u00e1s definitiva, no definitiva y total este a\u00f1o, vamos a tener que seguir con algunos cuidados pero es muy probable que durante este a\u00f1o ya podamos volver hacia fines de este a\u00f1o a una vida mucho m\u00e1s normal y entretanto ir con estos indicadores que se hemos establecido\u201d.<\/p>\n<p>Fern\u00e1n Quir\u00f3s, ministro de Salud porte\u00f1o, se refiri\u00f3 al gran evento deportivo que ocurrir\u00e1 el pr\u00f3ximo domingo cuando Boca y River se enfrenten en La Bombonera. \u201cNo es momento de ver un partido de f\u00fatbol entre personas que no conviven\u201d, aconsej\u00f3 Quir\u00f3s.<\/p>\n<p>\u201cLa mayor\u00eda de los contagios ocurren el lugares cerrados, mal ventilados, con gente que no convive y que se sacan los barbijos\u201d, remarc\u00f3.<\/p>\n<p>\u201cM\u00e1s del 70% de los nuevos contagios ocurren por encuentros sociales, laborales y familiares en lugares cerrados, donde no se usan barbijos y sin ventilaci\u00f3n\u201d, complet\u00f3 el funcionario.<\/p>\n<p>Fuente: DIB<\/p>\n","protected":false},"excerpt":{"rendered":"<p>Hubo 601 muertes y 27.363 casos reportados en las \u00faltimas 24 horas en Argentina, el&#8230;<\/p>\n","protected":false},"author":1,"featured_media":142879,"comment_status":"closed","ping_status":"closed","sticky":false,"template":"","format":"standard","meta":{"content-type":""},"categories":[71,39],"tags":[],"nelio_content":{"isAutoShareEnabled":false,"autoShareEndMode":"default","automationSources":{"useContentSentences":true,"useSocialTemplates":true,"useCustomSentences":false,"customSentences":[]},"followers":[1],"suggestedReferences":[],"includedReferences":[],"efiUrl":"","efiAlt":"","highlights":[]},"yoast_head":"<!-- This site is optimized with the Yoast SEO plugin v20.7 - https:\/\/yoast.com\/wordpress\/plugins\/seo\/ -->\n<title>Hubo 601 muertes y 27.363 casos reportados en las \u00faltimas 24hs<\/title>\n<meta name=\"description\" content=\"Hubo 601 muertes y 27.363 casos reportados en las \u00faltimas 24 horas en Argentina, el pa\u00eds ya sufri\u00f3 casi 70 mil muertes, positividad alta\" \/>\n<meta name=\"robots\" content=\"index, follow, max-snippet:-1, max-image-preview:large, max-video-preview:-1\" \/>\n<link rel=\"canonical\" href=\"https:\/\/experienciadevida.com.ar\/portalurbano\/hubo-601-muertes-y-27-363-casos-reportados-en-las-ultimas-24-horas-en-argentina\/\" \/>\n<meta property=\"og:locale\" content=\"es_ES\" \/>\n<meta property=\"og:type\" content=\"article\" \/>\n<meta property=\"og:title\" content=\"Hubo 601 muertes y 27.363 casos reportados en las \u00faltimas 24hs\" \/>\n<meta property=\"og:description\" content=\"Hubo 601 muertes y 27.363 casos reportados en las \u00faltimas 24 horas en Argentina, el pa\u00eds ya sufri\u00f3 casi 70 mil muertes, positividad alta\" \/>\n<meta property=\"og:url\" content=\"https:\/\/experienciadevida.com.ar\/portalurbano\/hubo-601-muertes-y-27-363-casos-reportados-en-las-ultimas-24-horas-en-argentina\/\" \/>\n<meta property=\"article:publisher\" content=\"https:\/\/www.facebook.com\/Portal-Urbano-171542830093757\/\" \/>\n<meta property=\"article:published_time\" content=\"2021-05-14T22:22:17+00:00\" \/>\n<meta property=\"article:modified_time\" content=\"2021-05-14T22:22:48+00:00\" \/>\n<meta property=\"og:image\" content=\"https:\/\/experienciadevida.com.ar\/portalurbano\/wp-content\/uploads\/2021\/05\/Hubo-601-muertes.jpg\" \/>\n\t<meta property=\"og:image:width\" content=\"1068\" \/>\n\t<meta property=\"og:image:height\" content=\"711\" \/>\n\t<meta property=\"og:image:type\" content=\"image\/jpeg\" \/>\n<meta name=\"author\" content=\"admpu17wp\" \/>\n<meta name=\"twitter:card\" content=\"summary_large_image\" \/>\n<meta name=\"twitter:creator\" content=\"@portalurbanook\" \/>\n<meta name=\"twitter:site\" content=\"@portalurbanook\" \/>\n<meta name=\"twitter:label1\" content=\"Escrito por\" \/>\n\t<meta name=\"twitter:data1\" content=\"admpu17wp\" \/>\n\t<meta name=\"twitter:label2\" content=\"Tiempo de lectura\" \/>\n\t<meta name=\"twitter:data2\" content=\"3 minutos\" \/>\n<script type=\"application\/ld+json\" class=\"yoast-schema-graph\">{\"@context\":\"https:\/\/schema.org\",\"@graph\":[{\"@type\":\"Article\",\"@id\":\"https:\/\/experienciadevida.com.ar\/portalurbano\/hubo-601-muertes-y-27-363-casos-reportados-en-las-ultimas-24-horas-en-argentina\/#article\",\"isPartOf\":{\"@id\":\"https:\/\/experienciadevida.com.ar\/portalurbano\/hubo-601-muertes-y-27-363-casos-reportados-en-las-ultimas-24-horas-en-argentina\/\"},\"author\":{\"name\":\"admpu17wp\",\"@id\":\"https:\/\/experienciadevida.com.ar\/portalurbano\/#\/schema\/person\/02dd326b1c4b056e9cc972486934a3a7\"},\"headline\":\"Hubo 601 muertes y 27.363 casos reportados en las \u00faltimas 24 horas en Argentina\",\"datePublished\":\"2021-05-14T22:22:17+00:00\",\"dateModified\":\"2021-05-14T22:22:48+00:00\",\"mainEntityOfPage\":{\"@id\":\"https:\/\/experienciadevida.com.ar\/portalurbano\/hubo-601-muertes-y-27-363-casos-reportados-en-las-ultimas-24-horas-en-argentina\/\"},\"wordCount\":676,\"publisher\":{\"@id\":\"https:\/\/experienciadevida.com.ar\/portalurbano\/#organization\"},\"articleSection\":[\"Coronavirus\",\"Naci\u00f3n\"],\"inLanguage\":\"es\"},{\"@type\":\"WebPage\",\"@id\":\"https:\/\/experienciadevida.com.ar\/portalurbano\/hubo-601-muertes-y-27-363-casos-reportados-en-las-ultimas-24-horas-en-argentina\/\",\"url\":\"https:\/\/experienciadevida.com.ar\/portalurbano\/hubo-601-muertes-y-27-363-casos-reportados-en-las-ultimas-24-horas-en-argentina\/\",\"name\":\"Hubo 601 muertes y 27.363 casos reportados en las \u00faltimas 24hs\",\"isPartOf\":{\"@id\":\"https:\/\/experienciadevida.com.ar\/portalurbano\/#website\"},\"datePublished\":\"2021-05-14T22:22:17+00:00\",\"dateModified\":\"2021-05-14T22:22:48+00:00\",\"description\":\"Hubo 601 muertes y 27.363 casos reportados en las \u00faltimas 24 horas en Argentina, el pa\u00eds ya sufri\u00f3 casi 70 mil muertes, positividad alta\",\"breadcrumb\":{\"@id\":\"https:\/\/experienciadevida.com.ar\/portalurbano\/hubo-601-muertes-y-27-363-casos-reportados-en-las-ultimas-24-horas-en-argentina\/#breadcrumb\"},\"inLanguage\":\"es\",\"potentialAction\":[{\"@type\":\"ReadAction\",\"target\":[\"https:\/\/experienciadevida.com.ar\/portalurbano\/hubo-601-muertes-y-27-363-casos-reportados-en-las-ultimas-24-horas-en-argentina\/\"]}]},{\"@type\":\"BreadcrumbList\",\"@id\":\"https:\/\/experienciadevida.com.ar\/portalurbano\/hubo-601-muertes-y-27-363-casos-reportados-en-las-ultimas-24-horas-en-argentina\/#breadcrumb\",\"itemListElement\":[{\"@type\":\"ListItem\",\"position\":1,\"name\":\"Portada\",\"item\":\"https:\/\/experienciadevida.com.ar\/portalurbano\/\"},{\"@type\":\"ListItem\",\"position\":2,\"name\":\"Hubo 601 muertes y 27.363 casos reportados en las \u00faltimas 24 horas en Argentina\"}]},{\"@type\":\"WebSite\",\"@id\":\"https:\/\/experienciadevida.com.ar\/portalurbano\/#website\",\"url\":\"https:\/\/experienciadevida.com.ar\/portalurbano\/\",\"name\":\"\",\"description\":\"\",\"publisher\":{\"@id\":\"https:\/\/experienciadevida.com.ar\/portalurbano\/#organization\"},\"potentialAction\":[{\"@type\":\"SearchAction\",\"target\":{\"@type\":\"EntryPoint\",\"urlTemplate\":\"https:\/\/experienciadevida.com.ar\/portalurbano\/?s={search_term_string}\"},\"query-input\":\"required name=search_term_string\"}],\"inLanguage\":\"es\"},{\"@type\":\"Organization\",\"@id\":\"https:\/\/experienciadevida.com.ar\/portalurbano\/#organization\",\"name\":\"Portal Urbano\",\"url\":\"https:\/\/experienciadevida.com.ar\/portalurbano\/\",\"logo\":{\"@type\":\"ImageObject\",\"inLanguage\":\"es\",\"@id\":\"https:\/\/experienciadevida.com.ar\/portalurbano\/#\/schema\/logo\/image\/\",\"url\":\"https:\/\/experienciadevida.com.ar\/portalurbano\/wp-content\/uploads\/2019\/09\/Logo-Original.png\",\"contentUrl\":\"https:\/\/experienciadevida.com.ar\/portalurbano\/wp-content\/uploads\/2019\/09\/Logo-Original.png\",\"width\":2236,\"height\":1216,\"caption\":\"Portal Urbano\"},\"image\":{\"@id\":\"https:\/\/experienciadevida.com.ar\/portalurbano\/#\/schema\/logo\/image\/\"},\"sameAs\":[\"https:\/\/www.facebook.com\/Portal-Urbano-171542830093757\/\",\"https:\/\/twitter.com\/portalurbanook\",\"https:\/\/www.instagram.com\/_portalurbano\/\",\"https:\/\/www.youtube.com\/channel\/UCXhagIfszH8KxFiOok79zbA?view_as=subscriber\"]},{\"@type\":\"Person\",\"@id\":\"https:\/\/experienciadevida.com.ar\/portalurbano\/#\/schema\/person\/02dd326b1c4b056e9cc972486934a3a7\",\"name\":\"admpu17wp\",\"image\":{\"@type\":\"ImageObject\",\"inLanguage\":\"es\",\"@id\":\"https:\/\/experienciadevida.com.ar\/portalurbano\/#\/schema\/person\/image\/\",\"url\":\"https:\/\/secure.gravatar.com\/avatar\/830d4c57adaae6630765e449a6908047?s=96&d=mm&r=g\",\"contentUrl\":\"https:\/\/secure.gravatar.com\/avatar\/830d4c57adaae6630765e449a6908047?s=96&d=mm&r=g\",\"caption\":\"admpu17wp\"}}]}<\/script>\n<!-- \/ Yoast SEO plugin. -->","yoast_head_json":{"title":"Hubo 601 muertes y 27.363 casos reportados en las \u00faltimas 24hs","description":"Hubo 601 muertes y 27.363 casos reportados en las \u00faltimas 24 horas en Argentina, el pa\u00eds ya sufri\u00f3 casi 70 mil muertes, positividad alta","robots":{"index":"index","follow":"follow","max-snippet":"max-snippet:-1","max-image-preview":"max-image-preview:large","max-video-preview":"max-video-preview:-1"},"canonical":"https:\/\/experienciadevida.com.ar\/portalurbano\/hubo-601-muertes-y-27-363-casos-reportados-en-las-ultimas-24-horas-en-argentina\/","og_locale":"es_ES","og_type":"article","og_title":"Hubo 601 muertes y 27.363 casos reportados en las \u00faltimas 24hs","og_description":"Hubo 601 muertes y 27.363 casos reportados en las \u00faltimas 24 horas en Argentina, el pa\u00eds ya sufri\u00f3 casi 70 mil muertes, positividad alta","og_url":"https:\/\/experienciadevida.com.ar\/portalurbano\/hubo-601-muertes-y-27-363-casos-reportados-en-las-ultimas-24-horas-en-argentina\/","article_publisher":"https:\/\/www.facebook.com\/Portal-Urbano-171542830093757\/","article_published_time":"2021-05-14T22:22:17+00:00","article_modified_time":"2021-05-14T22:22:48+00:00","og_image":[{"width":1068,"height":711,"url":"https:\/\/experienciadevida.com.ar\/portalurbano\/wp-content\/uploads\/2021\/05\/Hubo-601-muertes.jpg","type":"image\/jpeg"}],"author":"admpu17wp","twitter_card":"summary_large_image","twitter_creator":"@portalurbanook","twitter_site":"@portalurbanook","twitter_misc":{"Escrito por":"admpu17wp","Tiempo de lectura":"3 minutos"},"schema":{"@context":"https:\/\/schema.org","@graph":[{"@type":"Article","@id":"https:\/\/experienciadevida.com.ar\/portalurbano\/hubo-601-muertes-y-27-363-casos-reportados-en-las-ultimas-24-horas-en-argentina\/#article","isPartOf":{"@id":"https:\/\/experienciadevida.com.ar\/portalurbano\/hubo-601-muertes-y-27-363-casos-reportados-en-las-ultimas-24-horas-en-argentina\/"},"author":{"name":"admpu17wp","@id":"https:\/\/experienciadevida.com.ar\/portalurbano\/#\/schema\/person\/02dd326b1c4b056e9cc972486934a3a7"},"headline":"Hubo 601 muertes y 27.363 casos reportados en las \u00faltimas 24 horas en Argentina","datePublished":"2021-05-14T22:22:17+00:00","dateModified":"2021-05-14T22:22:48+00:00","mainEntityOfPage":{"@id":"https:\/\/experienciadevida.com.ar\/portalurbano\/hubo-601-muertes-y-27-363-casos-reportados-en-las-ultimas-24-horas-en-argentina\/"},"wordCount":676,"publisher":{"@id":"https:\/\/experienciadevida.com.ar\/portalurbano\/#organization"},"articleSection":["Coronavirus","Naci\u00f3n"],"inLanguage":"es"},{"@type":"WebPage","@id":"https:\/\/experienciadevida.com.ar\/portalurbano\/hubo-601-muertes-y-27-363-casos-reportados-en-las-ultimas-24-horas-en-argentina\/","url":"https:\/\/experienciadevida.com.ar\/portalurbano\/hubo-601-muertes-y-27-363-casos-reportados-en-las-ultimas-24-horas-en-argentina\/","name":"Hubo 601 muertes y 27.363 casos reportados en las \u00faltimas 24hs","isPartOf":{"@id":"https:\/\/experienciadevida.com.ar\/portalurbano\/#website"},"datePublished":"2021-05-14T22:22:17+00:00","dateModified":"2021-05-14T22:22:48+00:00","description":"Hubo 601 muertes y 27.363 casos reportados en las \u00faltimas 24 horas en Argentina, el pa\u00eds ya sufri\u00f3 casi 70 mil muertes, positividad alta","breadcrumb":{"@id":"https:\/\/experienciadevida.com.ar\/portalurbano\/hubo-601-muertes-y-27-363-casos-reportados-en-las-ultimas-24-horas-en-argentina\/#breadcrumb"},"inLanguage":"es","potentialAction":[{"@type":"ReadAction","target":["https:\/\/experienciadevida.com.ar\/portalurbano\/hubo-601-muertes-y-27-363-casos-reportados-en-las-ultimas-24-horas-en-argentina\/"]}]},{"@type":"BreadcrumbList","@id":"https:\/\/experienciadevida.com.ar\/portalurbano\/hubo-601-muertes-y-27-363-casos-reportados-en-las-ultimas-24-horas-en-argentina\/#breadcrumb","itemListElement":[{"@type":"ListItem","position":1,"name":"Portada","item":"https:\/\/experienciadevida.com.ar\/portalurbano\/"},{"@type":"ListItem","position":2,"name":"Hubo 601 muertes y 27.363 casos reportados en las \u00faltimas 24 horas en Argentina"}]},{"@type":"WebSite","@id":"https:\/\/experienciadevida.com.ar\/portalurbano\/#website","url":"https:\/\/experienciadevida.com.ar\/portalurbano\/","name":"","description":"","publisher":{"@id":"https:\/\/experienciadevida.com.ar\/portalurbano\/#organization"},"potentialAction":[{"@type":"SearchAction","target":{"@type":"EntryPoint","urlTemplate":"https:\/\/experienciadevida.com.ar\/portalurbano\/?s={search_term_string}"},"query-input":"required name=search_term_string"}],"inLanguage":"es"},{"@type":"Organization","@id":"https:\/\/experienciadevida.com.ar\/portalurbano\/#organization","name":"Portal Urbano","url":"https:\/\/experienciadevida.com.ar\/portalurbano\/","logo":{"@type":"ImageObject","inLanguage":"es","@id":"https:\/\/experienciadevida.com.ar\/portalurbano\/#\/schema\/logo\/image\/","url":"https:\/\/experienciadevida.com.ar\/portalurbano\/wp-content\/uploads\/2019\/09\/Logo-Original.png","contentUrl":"https:\/\/experienciadevida.com.ar\/portalurbano\/wp-content\/uploads\/2019\/09\/Logo-Original.png","width":2236,"height":1216,"caption":"Portal Urbano"},"image":{"@id":"https:\/\/experienciadevida.com.ar\/portalurbano\/#\/schema\/logo\/image\/"},"sameAs":["https:\/\/www.facebook.com\/Portal-Urbano-171542830093757\/","https:\/\/twitter.com\/portalurbanook","https:\/\/www.instagram.com\/_portalurbano\/","https:\/\/www.youtube.com\/channel\/UCXhagIfszH8KxFiOok79zbA?view_as=subscriber"]},{"@type":"Person","@id":"https:\/\/experienciadevida.com.ar\/portalurbano\/#\/schema\/person\/02dd326b1c4b056e9cc972486934a3a7","name":"admpu17wp","image":{"@type":"ImageObject","inLanguage":"es","@id":"https:\/\/experienciadevida.com.ar\/portalurbano\/#\/schema\/person\/image\/","url":"https:\/\/secure.gravatar.com\/avatar\/830d4c57adaae6630765e449a6908047?s=96&d=mm&r=g","contentUrl":"https:\/\/secure.gravatar.com\/avatar\/830d4c57adaae6630765e449a6908047?s=96&d=mm&r=g","caption":"admpu17wp"}}]}},"featured_image_urls":{"full":["https:\/\/experienciadevida.com.ar\/portalurbano\/wp-content\/uploads\/2021\/05\/Hubo-601-muertes.jpg",1068,711,false],"thumbnail":["https:\/\/experienciadevida.com.ar\/portalurbano\/wp-content\/uploads\/2021\/05\/Hubo-601-muertes-150x150.jpg",150,150,true],"medium":["https:\/\/experienciadevida.com.ar\/portalurbano\/wp-content\/uploads\/2021\/05\/Hubo-601-muertes-300x200.jpg",300,200,true],"medium_large":["https:\/\/experienciadevida.com.ar\/portalurbano\/wp-content\/uploads\/2021\/05\/Hubo-601-muertes-768x511.jpg",640,426,true],"large":["https:\/\/experienciadevida.com.ar\/portalurbano\/wp-content\/uploads\/2021\/05\/Hubo-601-muertes-1024x682.jpg",640,426,true],"ug_big":["https:\/\/experienciadevida.com.ar\/portalurbano\/wp-content\/uploads\/2021\/05\/Hubo-601-muertes-768x511.jpg",768,511,true],"1536x1536":["https:\/\/experienciadevida.com.ar\/portalurbano\/wp-content\/uploads\/2021\/05\/Hubo-601-muertes.jpg",1068,711,false],"2048x2048":["https:\/\/experienciadevida.com.ar\/portalurbano\/wp-content\/uploads\/2021\/05\/Hubo-601-muertes.jpg",1068,711,false],"newsever-slider-full":["https:\/\/experienciadevida.com.ar\/portalurbano\/wp-content\/uploads\/2021\/05\/Hubo-601-muertes.jpg",1068,711,false],"newsever-featured":["https:\/\/experienciadevida.com.ar\/portalurbano\/wp-content\/uploads\/2021\/05\/Hubo-601-muertes.jpg",1024,682,false],"newsever-medium":["https:\/\/experienciadevida.com.ar\/portalurbano\/wp-content\/uploads\/2021\/05\/Hubo-601-muertes.jpg",714,475,false],"web-stories-poster-portrait":["https:\/\/experienciadevida.com.ar\/portalurbano\/wp-content\/uploads\/2021\/05\/Hubo-601-muertes.jpg",640,426,false],"web-stories-publisher-logo":["https:\/\/experienciadevida.com.ar\/portalurbano\/wp-content\/uploads\/2021\/05\/Hubo-601-muertes.jpg",96,64,false],"web-stories-thumbnail":["https:\/\/experienciadevida.com.ar\/portalurbano\/wp-content\/uploads\/2021\/05\/Hubo-601-muertes.jpg",150,100,false]},"author_info":{"display_name":"admpu17wp","author_link":"https:\/\/experienciadevida.com.ar\/portalurbano\/author\/admpu17wp\/"},"category_info":"<a href=\"https:\/\/experienciadevida.com.ar\/portalurbano\/category\/nacion\/coronavirus\/\" rel=\"category tag\">Coronavirus<\/a> <a href=\"https:\/\/experienciadevida.com.ar\/portalurbano\/category\/nacion\/\" rel=\"category tag\">Naci\u00f3n<\/a>","tag_info":"Naci\u00f3n","comment_count":"0","amp_enabled":true,"_links":{"self":[{"href":"https:\/\/experienciadevida.com.ar\/portalurbano\/wp-json\/wp\/v2\/posts\/142878"}],"collection":[{"href":"https:\/\/experienciadevida.com.ar\/portalurbano\/wp-json\/wp\/v2\/posts"}],"about":[{"href":"https:\/\/experienciadevida.com.ar\/portalurbano\/wp-json\/wp\/v2\/types\/post"}],"author":[{"embeddable":true,"href":"https:\/\/experienciadevida.com.ar\/portalurbano\/wp-json\/wp\/v2\/users\/1"}],"replies":[{"embeddable":true,"href":"https:\/\/experienciadevida.com.ar\/portalurbano\/wp-json\/wp\/v2\/comments?post=142878"}],"version-history":[{"count":1,"href":"https:\/\/experienciadevida.com.ar\/portalurbano\/wp-json\/wp\/v2\/posts\/142878\/revisions"}],"predecessor-version":[{"id":142880,"href":"https:\/\/experienciadevida.com.ar\/portalurbano\/wp-json\/wp\/v2\/posts\/142878\/revisions\/142880"}],"wp:featuredmedia":[{"embeddable":true,"href":"https:\/\/experienciadevida.com.ar\/portalurbano\/wp-json\/wp\/v2\/media\/142879"}],"wp:attachment":[{"href":"https:\/\/experienciadevida.com.ar\/portalurbano\/wp-json\/wp\/v2\/media?parent=142878"}],"wp:term":[{"taxonomy":"category","embeddable":true,"href":"https:\/\/experienciadevida.com.ar\/portalurbano\/wp-json\/wp\/v2\/categories?post=142878"},{"taxonomy":"post_tag","embeddable":true,"href":"https:\/\/experienciadevida.com.ar\/portalurbano\/wp-json\/wp\/v2\/tags?post=142878"}],"curies":[{"name":"wp","href":"https:\/\/api.w.org\/{rel}","templated":true}]}}