{"id":142831,"date":"2021-05-14T12:02:43","date_gmt":"2021-05-14T15:02:43","guid":{"rendered":"https:\/\/experienciadevida.com.ar\/portalurbano\/?p=142831"},"modified":"2021-05-14T12:03:12","modified_gmt":"2021-05-14T15:03:12","slug":"se-licito-la-primera-etapa-de-repavimentacion-de-la-avenida-alberdi","status":"publish","type":"post","link":"https:\/\/experienciadevida.com.ar\/portalurbano\/se-licito-la-primera-etapa-de-repavimentacion-de-la-avenida-alberdi\/","title":{"rendered":"Se licit\u00f3 la primera etapa de repavimentaci\u00f3n de la Avenida Alberdi"},"content":{"rendered":"<p>Se licit\u00f3 la primera etapa de repavimentaci\u00f3n de la Avenida Alberdi, fue en la ma\u00f1ana de este viernes el secretario de Mantenimiento y Obras P\u00fablicas Julio Ferraro y la Directora de Licitaciones Pilar Ciardelli encabezaron la apertura de sobres del acto licitatorio para la pavimentaci\u00f3n de Av. Alberdi, entre Av. Sarmiento y Av. Col\u00f3n.<\/p>\n<p>En este caso, se cotiz\u00f3 la primera etapa de la obra, ya que la segunda contempla la pavimentaci\u00f3n \u2013tambi\u00e9n de Av. Alberdi\u2013 entre Av. Col\u00f3n y San Mart\u00edn, cuya licitaci\u00f3n se llevar\u00e1 a cabo el pr\u00f3ximo martes 18 de mayo a las 11 horas.<\/p>\n<p>En este sentido, del acto formaron parte -adem\u00e1s- representantes de las firmas proponentes:<\/p>\n<p>Proponente N\u00ba1: Atak SRL cotiz\u00f3 la suma de 32.083.300.<\/p>\n<p>Proponente N\u00ba2: Burgart N\u00e9stor Miguel cotiz\u00f3 la suma de 28.004.500.<\/p>\n<p>Como se mencionara, est\u00e1 previsto que la obra se lleve a cabo en dos etapas y alcanza un total de 12 cuadras: desde Avenida Sarmiento hasta San Mart\u00edn.<\/p>\n<p>Se realizar\u00e1 un pavimento de H\u00baS\u00ba tipo H30 de 0.18 metros de espesor asentado sobre un paquete estructural comprendido por una subrasante existente recompactada y una base de tosca. La soluci\u00f3n hidr\u00e1ulica est\u00e1 comprendida por la reconstrucci\u00f3n de los sumideros, llevados todos a tipo S4 con nueva conexi\u00f3n a desag\u00fce pluvial existente en la Avenida. Los cordones cunetas se reparar\u00e1n en los sectores desnivelados.<\/p>\n<p>Por otra parte, la Avenida tendr\u00e1 dos manos de 6.50 metros libres para el tr\u00e1nsito, con un separador central rellenado con tierra vegetal libre de elementos calc\u00e1reos. Se construir\u00e1n mesetas reguladoras de la velocidad del tr\u00e1nsito, en las inmediaciones de los establecimientos educativos aleda\u00f1os.<\/p>\n<p>&nbsp;<\/p>\n","protected":false},"excerpt":{"rendered":"<p>Se licit\u00f3 la primera etapa de repavimentaci\u00f3n de la Avenida Alberdi, fue en la ma\u00f1ana&#8230;<\/p>\n","protected":false},"author":1,"featured_media":142832,"comment_status":"closed","ping_status":"closed","sticky":false,"template":"","format":"standard","meta":{"content-type":""},"categories":[27,64],"tags":[],"nelio_content":{"isAutoShareEnabled":false,"autoShareEndMode":"default","automationSources":{"useContentSentences":true,"useSocialTemplates":true,"useCustomSentences":false,"customSentences":[]},"followers":[1],"suggestedReferences":[],"includedReferences":[],"efiUrl":"","efiAlt":"","highlights":[]},"yoast_head":"<!-- This site is optimized with the Yoast SEO plugin v20.7 - https:\/\/yoast.com\/wordpress\/plugins\/seo\/ -->\n<title>Se licit\u00f3 la primera etapa de repavimentaci\u00f3n de la Avenida Alberdi -<\/title>\n<meta name=\"robots\" content=\"index, follow, max-snippet:-1, max-image-preview:large, max-video-preview:-1\" \/>\n<link rel=\"canonical\" href=\"https:\/\/experienciadevida.com.ar\/portalurbano\/se-licito-la-primera-etapa-de-repavimentacion-de-la-avenida-alberdi\/\" \/>\n<meta property=\"og:locale\" content=\"es_ES\" \/>\n<meta property=\"og:type\" content=\"article\" \/>\n<meta property=\"og:title\" content=\"Se licit\u00f3 la primera etapa de repavimentaci\u00f3n de la Avenida Alberdi -\" \/>\n<meta property=\"og:description\" content=\"Se licit\u00f3 la primera etapa de repavimentaci\u00f3n de la Avenida Alberdi, fue en la ma\u00f1ana...\" \/>\n<meta property=\"og:url\" content=\"https:\/\/experienciadevida.com.ar\/portalurbano\/se-licito-la-primera-etapa-de-repavimentacion-de-la-avenida-alberdi\/\" \/>\n<meta property=\"article:publisher\" content=\"https:\/\/www.facebook.com\/Portal-Urbano-171542830093757\/\" \/>\n<meta property=\"article:published_time\" content=\"2021-05-14T15:02:43+00:00\" \/>\n<meta property=\"article:modified_time\" content=\"2021-05-14T15:03:12+00:00\" \/>\n<meta property=\"og:image\" content=\"https:\/\/experienciadevida.com.ar\/portalurbano\/wp-content\/uploads\/2021\/05\/Se-licito-la-primera-etapa.jpg\" \/>\n\t<meta property=\"og:image:width\" content=\"1024\" \/>\n\t<meta property=\"og:image:height\" content=\"685\" \/>\n\t<meta property=\"og:image:type\" content=\"image\/jpeg\" \/>\n<meta name=\"author\" content=\"admpu17wp\" \/>\n<meta name=\"twitter:card\" content=\"summary_large_image\" \/>\n<meta name=\"twitter:creator\" content=\"@portalurbanook\" \/>\n<meta name=\"twitter:site\" content=\"@portalurbanook\" \/>\n<meta name=\"twitter:label1\" content=\"Escrito por\" \/>\n\t<meta name=\"twitter:data1\" content=\"admpu17wp\" \/>\n\t<meta name=\"twitter:label2\" content=\"Tiempo de lectura\" \/>\n\t<meta name=\"twitter:data2\" content=\"2 minutos\" \/>\n<script type=\"application\/ld+json\" class=\"yoast-schema-graph\">{\"@context\":\"https:\/\/schema.org\",\"@graph\":[{\"@type\":\"Article\",\"@id\":\"https:\/\/experienciadevida.com.ar\/portalurbano\/se-licito-la-primera-etapa-de-repavimentacion-de-la-avenida-alberdi\/#article\",\"isPartOf\":{\"@id\":\"https:\/\/experienciadevida.com.ar\/portalurbano\/se-licito-la-primera-etapa-de-repavimentacion-de-la-avenida-alberdi\/\"},\"author\":{\"name\":\"admpu17wp\",\"@id\":\"https:\/\/experienciadevida.com.ar\/portalurbano\/#\/schema\/person\/02dd326b1c4b056e9cc972486934a3a7\"},\"headline\":\"Se licit\u00f3 la primera etapa de repavimentaci\u00f3n de la Avenida Alberdi\",\"datePublished\":\"2021-05-14T15:02:43+00:00\",\"dateModified\":\"2021-05-14T15:03:12+00:00\",\"mainEntityOfPage\":{\"@id\":\"https:\/\/experienciadevida.com.ar\/portalurbano\/se-licito-la-primera-etapa-de-repavimentacion-de-la-avenida-alberdi\/\"},\"wordCount\":298,\"publisher\":{\"@id\":\"https:\/\/experienciadevida.com.ar\/portalurbano\/#organization\"},\"articleSection\":[\"Ciudad\",\"Destacadas 2\"],\"inLanguage\":\"es\"},{\"@type\":\"WebPage\",\"@id\":\"https:\/\/experienciadevida.com.ar\/portalurbano\/se-licito-la-primera-etapa-de-repavimentacion-de-la-avenida-alberdi\/\",\"url\":\"https:\/\/experienciadevida.com.ar\/portalurbano\/se-licito-la-primera-etapa-de-repavimentacion-de-la-avenida-alberdi\/\",\"name\":\"Se licit\u00f3 la primera etapa de repavimentaci\u00f3n de la Avenida Alberdi -\",\"isPartOf\":{\"@id\":\"https:\/\/experienciadevida.com.ar\/portalurbano\/#website\"},\"datePublished\":\"2021-05-14T15:02:43+00:00\",\"dateModified\":\"2021-05-14T15:03:12+00:00\",\"breadcrumb\":{\"@id\":\"https:\/\/experienciadevida.com.ar\/portalurbano\/se-licito-la-primera-etapa-de-repavimentacion-de-la-avenida-alberdi\/#breadcrumb\"},\"inLanguage\":\"es\",\"potentialAction\":[{\"@type\":\"ReadAction\",\"target\":[\"https:\/\/experienciadevida.com.ar\/portalurbano\/se-licito-la-primera-etapa-de-repavimentacion-de-la-avenida-alberdi\/\"]}]},{\"@type\":\"BreadcrumbList\",\"@id\":\"https:\/\/experienciadevida.com.ar\/portalurbano\/se-licito-la-primera-etapa-de-repavimentacion-de-la-avenida-alberdi\/#breadcrumb\",\"itemListElement\":[{\"@type\":\"ListItem\",\"position\":1,\"name\":\"Portada\",\"item\":\"https:\/\/experienciadevida.com.ar\/portalurbano\/\"},{\"@type\":\"ListItem\",\"position\":2,\"name\":\"Se licit\u00f3 la primera etapa de repavimentaci\u00f3n de la Avenida Alberdi\"}]},{\"@type\":\"WebSite\",\"@id\":\"https:\/\/experienciadevida.com.ar\/portalurbano\/#website\",\"url\":\"https:\/\/experienciadevida.com.ar\/portalurbano\/\",\"name\":\"\",\"description\":\"\",\"publisher\":{\"@id\":\"https:\/\/experienciadevida.com.ar\/portalurbano\/#organization\"},\"potentialAction\":[{\"@type\":\"SearchAction\",\"target\":{\"@type\":\"EntryPoint\",\"urlTemplate\":\"https:\/\/experienciadevida.com.ar\/portalurbano\/?s={search_term_string}\"},\"query-input\":\"required name=search_term_string\"}],\"inLanguage\":\"es\"},{\"@type\":\"Organization\",\"@id\":\"https:\/\/experienciadevida.com.ar\/portalurbano\/#organization\",\"name\":\"Portal Urbano\",\"url\":\"https:\/\/experienciadevida.com.ar\/portalurbano\/\",\"logo\":{\"@type\":\"ImageObject\",\"inLanguage\":\"es\",\"@id\":\"https:\/\/experienciadevida.com.ar\/portalurbano\/#\/schema\/logo\/image\/\",\"url\":\"https:\/\/experienciadevida.com.ar\/portalurbano\/wp-content\/uploads\/2019\/09\/Logo-Original.png\",\"contentUrl\":\"https:\/\/experienciadevida.com.ar\/portalurbano\/wp-content\/uploads\/2019\/09\/Logo-Original.png\",\"width\":2236,\"height\":1216,\"caption\":\"Portal Urbano\"},\"image\":{\"@id\":\"https:\/\/experienciadevida.com.ar\/portalurbano\/#\/schema\/logo\/image\/\"},\"sameAs\":[\"https:\/\/www.facebook.com\/Portal-Urbano-171542830093757\/\",\"https:\/\/twitter.com\/portalurbanook\",\"https:\/\/www.instagram.com\/_portalurbano\/\",\"https:\/\/www.youtube.com\/channel\/UCXhagIfszH8KxFiOok79zbA?view_as=subscriber\"]},{\"@type\":\"Person\",\"@id\":\"https:\/\/experienciadevida.com.ar\/portalurbano\/#\/schema\/person\/02dd326b1c4b056e9cc972486934a3a7\",\"name\":\"admpu17wp\",\"image\":{\"@type\":\"ImageObject\",\"inLanguage\":\"es\",\"@id\":\"https:\/\/experienciadevida.com.ar\/portalurbano\/#\/schema\/person\/image\/\",\"url\":\"https:\/\/secure.gravatar.com\/avatar\/830d4c57adaae6630765e449a6908047?s=96&d=mm&r=g\",\"contentUrl\":\"https:\/\/secure.gravatar.com\/avatar\/830d4c57adaae6630765e449a6908047?s=96&d=mm&r=g\",\"caption\":\"admpu17wp\"}}]}<\/script>\n<!-- \/ Yoast SEO plugin. -->","yoast_head_json":{"title":"Se licit\u00f3 la primera etapa de repavimentaci\u00f3n de la Avenida Alberdi -","robots":{"index":"index","follow":"follow","max-snippet":"max-snippet:-1","max-image-preview":"max-image-preview:large","max-video-preview":"max-video-preview:-1"},"canonical":"https:\/\/experienciadevida.com.ar\/portalurbano\/se-licito-la-primera-etapa-de-repavimentacion-de-la-avenida-alberdi\/","og_locale":"es_ES","og_type":"article","og_title":"Se licit\u00f3 la primera etapa de repavimentaci\u00f3n de la Avenida Alberdi -","og_description":"Se licit\u00f3 la primera etapa de repavimentaci\u00f3n de la Avenida Alberdi, fue en la ma\u00f1ana...","og_url":"https:\/\/experienciadevida.com.ar\/portalurbano\/se-licito-la-primera-etapa-de-repavimentacion-de-la-avenida-alberdi\/","article_publisher":"https:\/\/www.facebook.com\/Portal-Urbano-171542830093757\/","article_published_time":"2021-05-14T15:02:43+00:00","article_modified_time":"2021-05-14T15:03:12+00:00","og_image":[{"width":1024,"height":685,"url":"https:\/\/experienciadevida.com.ar\/portalurbano\/wp-content\/uploads\/2021\/05\/Se-licito-la-primera-etapa.jpg","type":"image\/jpeg"}],"author":"admpu17wp","twitter_card":"summary_large_image","twitter_creator":"@portalurbanook","twitter_site":"@portalurbanook","twitter_misc":{"Escrito por":"admpu17wp","Tiempo de lectura":"2 minutos"},"schema":{"@context":"https:\/\/schema.org","@graph":[{"@type":"Article","@id":"https:\/\/experienciadevida.com.ar\/portalurbano\/se-licito-la-primera-etapa-de-repavimentacion-de-la-avenida-alberdi\/#article","isPartOf":{"@id":"https:\/\/experienciadevida.com.ar\/portalurbano\/se-licito-la-primera-etapa-de-repavimentacion-de-la-avenida-alberdi\/"},"author":{"name":"admpu17wp","@id":"https:\/\/experienciadevida.com.ar\/portalurbano\/#\/schema\/person\/02dd326b1c4b056e9cc972486934a3a7"},"headline":"Se licit\u00f3 la primera etapa de repavimentaci\u00f3n de la Avenida Alberdi","datePublished":"2021-05-14T15:02:43+00:00","dateModified":"2021-05-14T15:03:12+00:00","mainEntityOfPage":{"@id":"https:\/\/experienciadevida.com.ar\/portalurbano\/se-licito-la-primera-etapa-de-repavimentacion-de-la-avenida-alberdi\/"},"wordCount":298,"publisher":{"@id":"https:\/\/experienciadevida.com.ar\/portalurbano\/#organization"},"articleSection":["Ciudad","Destacadas 2"],"inLanguage":"es"},{"@type":"WebPage","@id":"https:\/\/experienciadevida.com.ar\/portalurbano\/se-licito-la-primera-etapa-de-repavimentacion-de-la-avenida-alberdi\/","url":"https:\/\/experienciadevida.com.ar\/portalurbano\/se-licito-la-primera-etapa-de-repavimentacion-de-la-avenida-alberdi\/","name":"Se licit\u00f3 la primera etapa de repavimentaci\u00f3n de la Avenida Alberdi -","isPartOf":{"@id":"https:\/\/experienciadevida.com.ar\/portalurbano\/#website"},"datePublished":"2021-05-14T15:02:43+00:00","dateModified":"2021-05-14T15:03:12+00:00","breadcrumb":{"@id":"https:\/\/experienciadevida.com.ar\/portalurbano\/se-licito-la-primera-etapa-de-repavimentacion-de-la-avenida-alberdi\/#breadcrumb"},"inLanguage":"es","potentialAction":[{"@type":"ReadAction","target":["https:\/\/experienciadevida.com.ar\/portalurbano\/se-licito-la-primera-etapa-de-repavimentacion-de-la-avenida-alberdi\/"]}]},{"@type":"BreadcrumbList","@id":"https:\/\/experienciadevida.com.ar\/portalurbano\/se-licito-la-primera-etapa-de-repavimentacion-de-la-avenida-alberdi\/#breadcrumb","itemListElement":[{"@type":"ListItem","position":1,"name":"Portada","item":"https:\/\/experienciadevida.com.ar\/portalurbano\/"},{"@type":"ListItem","position":2,"name":"Se licit\u00f3 la primera etapa de repavimentaci\u00f3n de la Avenida Alberdi"}]},{"@type":"WebSite","@id":"https:\/\/experienciadevida.com.ar\/portalurbano\/#website","url":"https:\/\/experienciadevida.com.ar\/portalurbano\/","name":"","description":"","publisher":{"@id":"https:\/\/experienciadevida.com.ar\/portalurbano\/#organization"},"potentialAction":[{"@type":"SearchAction","target":{"@type":"EntryPoint","urlTemplate":"https:\/\/experienciadevida.com.ar\/portalurbano\/?s={search_term_string}"},"query-input":"required name=search_term_string"}],"inLanguage":"es"},{"@type":"Organization","@id":"https:\/\/experienciadevida.com.ar\/portalurbano\/#organization","name":"Portal Urbano","url":"https:\/\/experienciadevida.com.ar\/portalurbano\/","logo":{"@type":"ImageObject","inLanguage":"es","@id":"https:\/\/experienciadevida.com.ar\/portalurbano\/#\/schema\/logo\/image\/","url":"https:\/\/experienciadevida.com.ar\/portalurbano\/wp-content\/uploads\/2019\/09\/Logo-Original.png","contentUrl":"https:\/\/experienciadevida.com.ar\/portalurbano\/wp-content\/uploads\/2019\/09\/Logo-Original.png","width":2236,"height":1216,"caption":"Portal Urbano"},"image":{"@id":"https:\/\/experienciadevida.com.ar\/portalurbano\/#\/schema\/logo\/image\/"},"sameAs":["https:\/\/www.facebook.com\/Portal-Urbano-171542830093757\/","https:\/\/twitter.com\/portalurbanook","https:\/\/www.instagram.com\/_portalurbano\/","https:\/\/www.youtube.com\/channel\/UCXhagIfszH8KxFiOok79zbA?view_as=subscriber"]},{"@type":"Person","@id":"https:\/\/experienciadevida.com.ar\/portalurbano\/#\/schema\/person\/02dd326b1c4b056e9cc972486934a3a7","name":"admpu17wp","image":{"@type":"ImageObject","inLanguage":"es","@id":"https:\/\/experienciadevida.com.ar\/portalurbano\/#\/schema\/person\/image\/","url":"https:\/\/secure.gravatar.com\/avatar\/830d4c57adaae6630765e449a6908047?s=96&d=mm&r=g","contentUrl":"https:\/\/secure.gravatar.com\/avatar\/830d4c57adaae6630765e449a6908047?s=96&d=mm&r=g","caption":"admpu17wp"}}]}},"featured_image_urls":{"full":["https:\/\/experienciadevida.com.ar\/portalurbano\/wp-content\/uploads\/2021\/05\/Se-licito-la-primera-etapa.jpg",1024,685,false],"thumbnail":["https:\/\/experienciadevida.com.ar\/portalurbano\/wp-content\/uploads\/2021\/05\/Se-licito-la-primera-etapa-150x150.jpg",150,150,true],"medium":["https:\/\/experienciadevida.com.ar\/portalurbano\/wp-content\/uploads\/2021\/05\/Se-licito-la-primera-etapa-300x201.jpg",300,201,true],"medium_large":["https:\/\/experienciadevida.com.ar\/portalurbano\/wp-content\/uploads\/2021\/05\/Se-licito-la-primera-etapa-768x514.jpg",640,428,true],"large":["https:\/\/experienciadevida.com.ar\/portalurbano\/wp-content\/uploads\/2021\/05\/Se-licito-la-primera-etapa.jpg",640,428,false],"ug_big":["https:\/\/experienciadevida.com.ar\/portalurbano\/wp-content\/uploads\/2021\/05\/Se-licito-la-primera-etapa-768x514.jpg",768,514,true],"1536x1536":["https:\/\/experienciadevida.com.ar\/portalurbano\/wp-content\/uploads\/2021\/05\/Se-licito-la-primera-etapa.jpg",1024,685,false],"2048x2048":["https:\/\/experienciadevida.com.ar\/portalurbano\/wp-content\/uploads\/2021\/05\/Se-licito-la-primera-etapa.jpg",1024,685,false],"newsever-slider-full":["https:\/\/experienciadevida.com.ar\/portalurbano\/wp-content\/uploads\/2021\/05\/Se-licito-la-primera-etapa.jpg",1024,685,false],"newsever-featured":["https:\/\/experienciadevida.com.ar\/portalurbano\/wp-content\/uploads\/2021\/05\/Se-licito-la-primera-etapa.jpg",1024,685,false],"newsever-medium":["https:\/\/experienciadevida.com.ar\/portalurbano\/wp-content\/uploads\/2021\/05\/Se-licito-la-primera-etapa.jpg",710,475,false],"web-stories-poster-portrait":["https:\/\/experienciadevida.com.ar\/portalurbano\/wp-content\/uploads\/2021\/05\/Se-licito-la-primera-etapa.jpg",640,428,false],"web-stories-publisher-logo":["https:\/\/experienciadevida.com.ar\/portalurbano\/wp-content\/uploads\/2021\/05\/Se-licito-la-primera-etapa.jpg",96,64,false],"web-stories-thumbnail":["https:\/\/experienciadevida.com.ar\/portalurbano\/wp-content\/uploads\/2021\/05\/Se-licito-la-primera-etapa.jpg",150,100,false]},"author_info":{"display_name":"admpu17wp","author_link":"https:\/\/experienciadevida.com.ar\/portalurbano\/author\/admpu17wp\/"},"category_info":"<a href=\"https:\/\/experienciadevida.com.ar\/portalurbano\/category\/ciudad\/\" rel=\"category tag\">Ciudad<\/a> <a href=\"https:\/\/experienciadevida.com.ar\/portalurbano\/category\/destacadas-2\/\" rel=\"category tag\">Destacadas 2<\/a>","tag_info":"Destacadas 2","comment_count":"0","amp_enabled":true,"_links":{"self":[{"href":"https:\/\/experienciadevida.com.ar\/portalurbano\/wp-json\/wp\/v2\/posts\/142831"}],"collection":[{"href":"https:\/\/experienciadevida.com.ar\/portalurbano\/wp-json\/wp\/v2\/posts"}],"about":[{"href":"https:\/\/experienciadevida.com.ar\/portalurbano\/wp-json\/wp\/v2\/types\/post"}],"author":[{"embeddable":true,"href":"https:\/\/experienciadevida.com.ar\/portalurbano\/wp-json\/wp\/v2\/users\/1"}],"replies":[{"embeddable":true,"href":"https:\/\/experienciadevida.com.ar\/portalurbano\/wp-json\/wp\/v2\/comments?post=142831"}],"version-history":[{"count":2,"href":"https:\/\/experienciadevida.com.ar\/portalurbano\/wp-json\/wp\/v2\/posts\/142831\/revisions"}],"predecessor-version":[{"id":142835,"href":"https:\/\/experienciadevida.com.ar\/portalurbano\/wp-json\/wp\/v2\/posts\/142831\/revisions\/142835"}],"wp:featuredmedia":[{"embeddable":true,"href":"https:\/\/experienciadevida.com.ar\/portalurbano\/wp-json\/wp\/v2\/media\/142832"}],"wp:attachment":[{"href":"https:\/\/experienciadevida.com.ar\/portalurbano\/wp-json\/wp\/v2\/media?parent=142831"}],"wp:term":[{"taxonomy":"category","embeddable":true,"href":"https:\/\/experienciadevida.com.ar\/portalurbano\/wp-json\/wp\/v2\/categories?post=142831"},{"taxonomy":"post_tag","embeddable":true,"href":"https:\/\/experienciadevida.com.ar\/portalurbano\/wp-json\/wp\/v2\/tags?post=142831"}],"curies":[{"name":"wp","href":"https:\/\/api.w.org\/{rel}","templated":true}]}}