{"id":142789,"date":"2021-05-14T09:46:27","date_gmt":"2021-05-14T12:46:27","guid":{"rendered":"https:\/\/experienciadevida.com.ar\/portalurbano\/?p=142789"},"modified":"2021-05-14T10:11:15","modified_gmt":"2021-05-14T13:11:15","slug":"avanza-iniciativa-para-que-bonaerenses-usen-cada-vez-mas-energias-renovables","status":"publish","type":"post","link":"https:\/\/experienciadevida.com.ar\/portalurbano\/avanza-iniciativa-para-que-bonaerenses-usen-cada-vez-mas-energias-renovables\/","title":{"rendered":"Avanza iniciativa para que bonaerenses usen cada vez m\u00e1s energ\u00edas renovables"},"content":{"rendered":"<p>Avanza iniciativa para que bonaerenses usen cada vez m\u00e1s energ\u00edas renovables, el proyecto busca que \u201clos vecinos puedan generar su propia energ\u00eda y vendan aparte el excedente que no utilicen para abastecer la red, ganando ellos por la venta\u201d, seg\u00fan explic\u00f3 la diputada Fernanda Bevilacqua.<\/p>\n<p>Un proyecto de ley de Generaci\u00f3n Distribuida (GD), que tiene como objetivo promocionar la generaci\u00f3n de energ\u00eda el\u00e9ctrica de origen renovable por parte de usuarios particulares ya sea para el autoconsumo como para la venta del excedente, fue aprobado anoche por la C\u00e1mara de Diputados bonaerense.<\/p>\n<p>\u201cEs un gran avance en materia energ\u00e9tica y cuidado del ambiente para la provincia de Buenos Aires. Es una oportunidad para que aquellos vecinos que puedan generar su propia energ\u00eda y puedan aparte vender el excedente que no utilicen para abastecer la red, ganando ellos por la venta\u201d, expres\u00f3 la diputada del Frente de Todos y presidenta de la Comisi\u00f3n de Energ\u00eda y Combustibles, Fernanda Bevilacqua.<\/p>\n<p>Avanza iniciativa para que bonaerenses usen cada vez m\u00e1s energ\u00edas renovables, el proyecto indic\u00f3 la legisladora, busca \u201cgenerar incentivos y garant\u00edas para que los vecinos y vecinas de la provincia puedan acceder a l\u00edneas de financiamiento y as\u00ed a equipamientos para la generaci\u00f3n de energ\u00eda renovable\u201d.<\/p>\n<p>\u201cLa idea es brindar la mayor cantidad de herramientas en pos de promover un consumo responsable de energ\u00eda renovable y limpia\u201d, explic\u00f3 Bevilacqua.<\/p>\n<p>Desarrollo sustentable:<\/p>\n<p>\u201cEste proyecto estimula la creaci\u00f3n de energ\u00edas renovables de acuerdo con los Objetivos de Desarrollo Sostenible (ODS) que promueven las Naciones Unidas impulsando a la provincia y al pa\u00eds a los est\u00e1ndares energ\u00e9ticos mundiales, al mismo tiempo que genera empleo local cuidando el ambiente\u201d, asegur\u00f3.<\/p>\n<p>Agreg\u00f3 que la pandemia \u201ces una tragedia\u201d ya que, adem\u00e1s de perder \u201ca amigos, familiares, seres queridos, vemos c\u00f3mo la econom\u00eda se siente profundamente afectada\u201d. \u201cTodo esto tiene que hacernos replantear nuestra forma de vida y de consumo. Las crisis tienen una luz de oportunidad. En ese sentido creo que podemos hacer un mundo mejor, una Argentina m\u00e1s sostenible\u201d, consider\u00f3 Bevilacqua.<\/p>\n<p>Avanza iniciativa para que bonaerenses usen cada vez m\u00e1s energ\u00edas renovables, finaliz\u00f3 Sabemos que no hay desarrollo, industria, trabajo posible sin energ\u00eda, por eso hoy tenemos que pensar qu\u00e9 tipo de energ\u00edas queremos. El mundo va en una direcci\u00f3n: las energ\u00edas renovables. No quiero que la Argentina y mi Provincia se vuelvan a quedar atr\u00e1s. Tenemos todo para liderar ese sector, generando a su vez empleo local directo e indirecto\u201d.<\/p>\n<p>Por su parte, la diputada Rosio Antinori explic\u00f3 que \u201cesta es una Ley que permite que tengamos usuarios-generadores activos e independientes para la Provincia de Buenos Aires\u201d. Y finaliz\u00f3: \u201cEra una deuda que ten\u00edamos con much\u00edsimos bonaerenses que la ven\u00edan esperando y finalmente hoy podemos decir que estamos un paso m\u00e1s cerca de que GD sea una realidad en la Provincia\u201d.<\/p>\n<p>Fuente:\u00a0 DIB<\/p>\n","protected":false},"excerpt":{"rendered":"<p>Avanza iniciativa para que bonaerenses usen cada vez m\u00e1s energ\u00edas renovables, el proyecto busca que&#8230;<\/p>\n","protected":false},"author":1,"featured_media":142790,"comment_status":"closed","ping_status":"closed","sticky":false,"template":"","format":"standard","meta":{"content-type":""},"categories":[64,44],"tags":[],"nelio_content":{"isAutoShareEnabled":false,"autoShareEndMode":"default","automationSources":{"useContentSentences":true,"useSocialTemplates":true,"useCustomSentences":false,"customSentences":[]},"followers":[1],"suggestedReferences":[],"includedReferences":[],"efiUrl":"","efiAlt":"","highlights":[]},"yoast_head":"<!-- This site is optimized with the Yoast SEO plugin v20.7 - https:\/\/yoast.com\/wordpress\/plugins\/seo\/ -->\n<title>Avanza iniciativa para que bonaerenses usen energ\u00edas renovables<\/title>\n<meta name=\"description\" content=\"Avanza iniciativa para que bonaerenses usen cada vez m\u00e1s energ\u00edas renovables, el proyecto busca que \u201clos vecinos puedan generarla\" \/>\n<meta name=\"robots\" content=\"index, follow, max-snippet:-1, max-image-preview:large, max-video-preview:-1\" \/>\n<link rel=\"canonical\" href=\"https:\/\/experienciadevida.com.ar\/portalurbano\/avanza-iniciativa-para-que-bonaerenses-usen-cada-vez-mas-energias-renovables\/\" \/>\n<meta property=\"og:locale\" content=\"es_ES\" \/>\n<meta property=\"og:type\" content=\"article\" \/>\n<meta property=\"og:title\" content=\"Avanza iniciativa para que bonaerenses usen energ\u00edas renovables\" \/>\n<meta property=\"og:description\" content=\"Avanza iniciativa para que bonaerenses usen cada vez m\u00e1s energ\u00edas renovables, el proyecto busca que \u201clos vecinos puedan generarla\" \/>\n<meta property=\"og:url\" content=\"https:\/\/experienciadevida.com.ar\/portalurbano\/avanza-iniciativa-para-que-bonaerenses-usen-cada-vez-mas-energias-renovables\/\" \/>\n<meta property=\"article:publisher\" content=\"https:\/\/www.facebook.com\/Portal-Urbano-171542830093757\/\" \/>\n<meta property=\"article:published_time\" content=\"2021-05-14T12:46:27+00:00\" \/>\n<meta property=\"article:modified_time\" content=\"2021-05-14T13:11:15+00:00\" \/>\n<meta property=\"og:image\" content=\"https:\/\/experienciadevida.com.ar\/portalurbano\/wp-content\/uploads\/2021\/05\/Avanza-iniciativa-para-que-bonaerenses.jpg\" \/>\n\t<meta property=\"og:image:width\" content=\"696\" \/>\n\t<meta property=\"og:image:height\" content=\"353\" \/>\n\t<meta property=\"og:image:type\" content=\"image\/jpeg\" \/>\n<meta name=\"author\" content=\"admpu17wp\" \/>\n<meta name=\"twitter:card\" content=\"summary_large_image\" \/>\n<meta name=\"twitter:creator\" content=\"@portalurbanook\" \/>\n<meta name=\"twitter:site\" content=\"@portalurbanook\" \/>\n<meta name=\"twitter:label1\" content=\"Escrito por\" \/>\n\t<meta name=\"twitter:data1\" content=\"admpu17wp\" \/>\n\t<meta name=\"twitter:label2\" content=\"Tiempo de lectura\" \/>\n\t<meta name=\"twitter:data2\" content=\"3 minutos\" \/>\n<script type=\"application\/ld+json\" class=\"yoast-schema-graph\">{\"@context\":\"https:\/\/schema.org\",\"@graph\":[{\"@type\":\"Article\",\"@id\":\"https:\/\/experienciadevida.com.ar\/portalurbano\/avanza-iniciativa-para-que-bonaerenses-usen-cada-vez-mas-energias-renovables\/#article\",\"isPartOf\":{\"@id\":\"https:\/\/experienciadevida.com.ar\/portalurbano\/avanza-iniciativa-para-que-bonaerenses-usen-cada-vez-mas-energias-renovables\/\"},\"author\":{\"name\":\"admpu17wp\",\"@id\":\"https:\/\/experienciadevida.com.ar\/portalurbano\/#\/schema\/person\/02dd326b1c4b056e9cc972486934a3a7\"},\"headline\":\"Avanza iniciativa para que bonaerenses usen cada vez m\u00e1s energ\u00edas renovables\",\"datePublished\":\"2021-05-14T12:46:27+00:00\",\"dateModified\":\"2021-05-14T13:11:15+00:00\",\"mainEntityOfPage\":{\"@id\":\"https:\/\/experienciadevida.com.ar\/portalurbano\/avanza-iniciativa-para-que-bonaerenses-usen-cada-vez-mas-energias-renovables\/\"},\"wordCount\":520,\"publisher\":{\"@id\":\"https:\/\/experienciadevida.com.ar\/portalurbano\/#organization\"},\"articleSection\":[\"Destacadas 2\",\"Provincia\"],\"inLanguage\":\"es\"},{\"@type\":\"WebPage\",\"@id\":\"https:\/\/experienciadevida.com.ar\/portalurbano\/avanza-iniciativa-para-que-bonaerenses-usen-cada-vez-mas-energias-renovables\/\",\"url\":\"https:\/\/experienciadevida.com.ar\/portalurbano\/avanza-iniciativa-para-que-bonaerenses-usen-cada-vez-mas-energias-renovables\/\",\"name\":\"Avanza iniciativa para que bonaerenses usen energ\u00edas renovables\",\"isPartOf\":{\"@id\":\"https:\/\/experienciadevida.com.ar\/portalurbano\/#website\"},\"datePublished\":\"2021-05-14T12:46:27+00:00\",\"dateModified\":\"2021-05-14T13:11:15+00:00\",\"description\":\"Avanza iniciativa para que bonaerenses usen cada vez m\u00e1s energ\u00edas renovables, el proyecto busca que \u201clos vecinos puedan generarla\",\"breadcrumb\":{\"@id\":\"https:\/\/experienciadevida.com.ar\/portalurbano\/avanza-iniciativa-para-que-bonaerenses-usen-cada-vez-mas-energias-renovables\/#breadcrumb\"},\"inLanguage\":\"es\",\"potentialAction\":[{\"@type\":\"ReadAction\",\"target\":[\"https:\/\/experienciadevida.com.ar\/portalurbano\/avanza-iniciativa-para-que-bonaerenses-usen-cada-vez-mas-energias-renovables\/\"]}]},{\"@type\":\"BreadcrumbList\",\"@id\":\"https:\/\/experienciadevida.com.ar\/portalurbano\/avanza-iniciativa-para-que-bonaerenses-usen-cada-vez-mas-energias-renovables\/#breadcrumb\",\"itemListElement\":[{\"@type\":\"ListItem\",\"position\":1,\"name\":\"Portada\",\"item\":\"https:\/\/experienciadevida.com.ar\/portalurbano\/\"},{\"@type\":\"ListItem\",\"position\":2,\"name\":\"Avanza iniciativa para que bonaerenses usen cada vez m\u00e1s energ\u00edas renovables\"}]},{\"@type\":\"WebSite\",\"@id\":\"https:\/\/experienciadevida.com.ar\/portalurbano\/#website\",\"url\":\"https:\/\/experienciadevida.com.ar\/portalurbano\/\",\"name\":\"\",\"description\":\"\",\"publisher\":{\"@id\":\"https:\/\/experienciadevida.com.ar\/portalurbano\/#organization\"},\"potentialAction\":[{\"@type\":\"SearchAction\",\"target\":{\"@type\":\"EntryPoint\",\"urlTemplate\":\"https:\/\/experienciadevida.com.ar\/portalurbano\/?s={search_term_string}\"},\"query-input\":\"required name=search_term_string\"}],\"inLanguage\":\"es\"},{\"@type\":\"Organization\",\"@id\":\"https:\/\/experienciadevida.com.ar\/portalurbano\/#organization\",\"name\":\"Portal Urbano\",\"url\":\"https:\/\/experienciadevida.com.ar\/portalurbano\/\",\"logo\":{\"@type\":\"ImageObject\",\"inLanguage\":\"es\",\"@id\":\"https:\/\/experienciadevida.com.ar\/portalurbano\/#\/schema\/logo\/image\/\",\"url\":\"https:\/\/experienciadevida.com.ar\/portalurbano\/wp-content\/uploads\/2019\/09\/Logo-Original.png\",\"contentUrl\":\"https:\/\/experienciadevida.com.ar\/portalurbano\/wp-content\/uploads\/2019\/09\/Logo-Original.png\",\"width\":2236,\"height\":1216,\"caption\":\"Portal Urbano\"},\"image\":{\"@id\":\"https:\/\/experienciadevida.com.ar\/portalurbano\/#\/schema\/logo\/image\/\"},\"sameAs\":[\"https:\/\/www.facebook.com\/Portal-Urbano-171542830093757\/\",\"https:\/\/twitter.com\/portalurbanook\",\"https:\/\/www.instagram.com\/_portalurbano\/\",\"https:\/\/www.youtube.com\/channel\/UCXhagIfszH8KxFiOok79zbA?view_as=subscriber\"]},{\"@type\":\"Person\",\"@id\":\"https:\/\/experienciadevida.com.ar\/portalurbano\/#\/schema\/person\/02dd326b1c4b056e9cc972486934a3a7\",\"name\":\"admpu17wp\",\"image\":{\"@type\":\"ImageObject\",\"inLanguage\":\"es\",\"@id\":\"https:\/\/experienciadevida.com.ar\/portalurbano\/#\/schema\/person\/image\/\",\"url\":\"https:\/\/secure.gravatar.com\/avatar\/830d4c57adaae6630765e449a6908047?s=96&d=mm&r=g\",\"contentUrl\":\"https:\/\/secure.gravatar.com\/avatar\/830d4c57adaae6630765e449a6908047?s=96&d=mm&r=g\",\"caption\":\"admpu17wp\"}}]}<\/script>\n<!-- \/ Yoast SEO plugin. -->","yoast_head_json":{"title":"Avanza iniciativa para que bonaerenses usen energ\u00edas renovables","description":"Avanza iniciativa para que bonaerenses usen cada vez m\u00e1s energ\u00edas renovables, el proyecto busca que \u201clos vecinos puedan generarla","robots":{"index":"index","follow":"follow","max-snippet":"max-snippet:-1","max-image-preview":"max-image-preview:large","max-video-preview":"max-video-preview:-1"},"canonical":"https:\/\/experienciadevida.com.ar\/portalurbano\/avanza-iniciativa-para-que-bonaerenses-usen-cada-vez-mas-energias-renovables\/","og_locale":"es_ES","og_type":"article","og_title":"Avanza iniciativa para que bonaerenses usen energ\u00edas renovables","og_description":"Avanza iniciativa para que bonaerenses usen cada vez m\u00e1s energ\u00edas renovables, el proyecto busca que \u201clos vecinos puedan generarla","og_url":"https:\/\/experienciadevida.com.ar\/portalurbano\/avanza-iniciativa-para-que-bonaerenses-usen-cada-vez-mas-energias-renovables\/","article_publisher":"https:\/\/www.facebook.com\/Portal-Urbano-171542830093757\/","article_published_time":"2021-05-14T12:46:27+00:00","article_modified_time":"2021-05-14T13:11:15+00:00","og_image":[{"width":696,"height":353,"url":"https:\/\/experienciadevida.com.ar\/portalurbano\/wp-content\/uploads\/2021\/05\/Avanza-iniciativa-para-que-bonaerenses.jpg","type":"image\/jpeg"}],"author":"admpu17wp","twitter_card":"summary_large_image","twitter_creator":"@portalurbanook","twitter_site":"@portalurbanook","twitter_misc":{"Escrito por":"admpu17wp","Tiempo de lectura":"3 minutos"},"schema":{"@context":"https:\/\/schema.org","@graph":[{"@type":"Article","@id":"https:\/\/experienciadevida.com.ar\/portalurbano\/avanza-iniciativa-para-que-bonaerenses-usen-cada-vez-mas-energias-renovables\/#article","isPartOf":{"@id":"https:\/\/experienciadevida.com.ar\/portalurbano\/avanza-iniciativa-para-que-bonaerenses-usen-cada-vez-mas-energias-renovables\/"},"author":{"name":"admpu17wp","@id":"https:\/\/experienciadevida.com.ar\/portalurbano\/#\/schema\/person\/02dd326b1c4b056e9cc972486934a3a7"},"headline":"Avanza iniciativa para que bonaerenses usen cada vez m\u00e1s energ\u00edas renovables","datePublished":"2021-05-14T12:46:27+00:00","dateModified":"2021-05-14T13:11:15+00:00","mainEntityOfPage":{"@id":"https:\/\/experienciadevida.com.ar\/portalurbano\/avanza-iniciativa-para-que-bonaerenses-usen-cada-vez-mas-energias-renovables\/"},"wordCount":520,"publisher":{"@id":"https:\/\/experienciadevida.com.ar\/portalurbano\/#organization"},"articleSection":["Destacadas 2","Provincia"],"inLanguage":"es"},{"@type":"WebPage","@id":"https:\/\/experienciadevida.com.ar\/portalurbano\/avanza-iniciativa-para-que-bonaerenses-usen-cada-vez-mas-energias-renovables\/","url":"https:\/\/experienciadevida.com.ar\/portalurbano\/avanza-iniciativa-para-que-bonaerenses-usen-cada-vez-mas-energias-renovables\/","name":"Avanza iniciativa para que bonaerenses usen energ\u00edas renovables","isPartOf":{"@id":"https:\/\/experienciadevida.com.ar\/portalurbano\/#website"},"datePublished":"2021-05-14T12:46:27+00:00","dateModified":"2021-05-14T13:11:15+00:00","description":"Avanza iniciativa para que bonaerenses usen cada vez m\u00e1s energ\u00edas renovables, el proyecto busca que \u201clos vecinos puedan generarla","breadcrumb":{"@id":"https:\/\/experienciadevida.com.ar\/portalurbano\/avanza-iniciativa-para-que-bonaerenses-usen-cada-vez-mas-energias-renovables\/#breadcrumb"},"inLanguage":"es","potentialAction":[{"@type":"ReadAction","target":["https:\/\/experienciadevida.com.ar\/portalurbano\/avanza-iniciativa-para-que-bonaerenses-usen-cada-vez-mas-energias-renovables\/"]}]},{"@type":"BreadcrumbList","@id":"https:\/\/experienciadevida.com.ar\/portalurbano\/avanza-iniciativa-para-que-bonaerenses-usen-cada-vez-mas-energias-renovables\/#breadcrumb","itemListElement":[{"@type":"ListItem","position":1,"name":"Portada","item":"https:\/\/experienciadevida.com.ar\/portalurbano\/"},{"@type":"ListItem","position":2,"name":"Avanza iniciativa para que bonaerenses usen cada vez m\u00e1s energ\u00edas renovables"}]},{"@type":"WebSite","@id":"https:\/\/experienciadevida.com.ar\/portalurbano\/#website","url":"https:\/\/experienciadevida.com.ar\/portalurbano\/","name":"","description":"","publisher":{"@id":"https:\/\/experienciadevida.com.ar\/portalurbano\/#organization"},"potentialAction":[{"@type":"SearchAction","target":{"@type":"EntryPoint","urlTemplate":"https:\/\/experienciadevida.com.ar\/portalurbano\/?s={search_term_string}"},"query-input":"required name=search_term_string"}],"inLanguage":"es"},{"@type":"Organization","@id":"https:\/\/experienciadevida.com.ar\/portalurbano\/#organization","name":"Portal Urbano","url":"https:\/\/experienciadevida.com.ar\/portalurbano\/","logo":{"@type":"ImageObject","inLanguage":"es","@id":"https:\/\/experienciadevida.com.ar\/portalurbano\/#\/schema\/logo\/image\/","url":"https:\/\/experienciadevida.com.ar\/portalurbano\/wp-content\/uploads\/2019\/09\/Logo-Original.png","contentUrl":"https:\/\/experienciadevida.com.ar\/portalurbano\/wp-content\/uploads\/2019\/09\/Logo-Original.png","width":2236,"height":1216,"caption":"Portal Urbano"},"image":{"@id":"https:\/\/experienciadevida.com.ar\/portalurbano\/#\/schema\/logo\/image\/"},"sameAs":["https:\/\/www.facebook.com\/Portal-Urbano-171542830093757\/","https:\/\/twitter.com\/portalurbanook","https:\/\/www.instagram.com\/_portalurbano\/","https:\/\/www.youtube.com\/channel\/UCXhagIfszH8KxFiOok79zbA?view_as=subscriber"]},{"@type":"Person","@id":"https:\/\/experienciadevida.com.ar\/portalurbano\/#\/schema\/person\/02dd326b1c4b056e9cc972486934a3a7","name":"admpu17wp","image":{"@type":"ImageObject","inLanguage":"es","@id":"https:\/\/experienciadevida.com.ar\/portalurbano\/#\/schema\/person\/image\/","url":"https:\/\/secure.gravatar.com\/avatar\/830d4c57adaae6630765e449a6908047?s=96&d=mm&r=g","contentUrl":"https:\/\/secure.gravatar.com\/avatar\/830d4c57adaae6630765e449a6908047?s=96&d=mm&r=g","caption":"admpu17wp"}}]}},"featured_image_urls":{"full":["https:\/\/experienciadevida.com.ar\/portalurbano\/wp-content\/uploads\/2021\/05\/Avanza-iniciativa-para-que-bonaerenses.jpg",696,353,false],"thumbnail":["https:\/\/experienciadevida.com.ar\/portalurbano\/wp-content\/uploads\/2021\/05\/Avanza-iniciativa-para-que-bonaerenses-150x150.jpg",150,150,true],"medium":["https:\/\/experienciadevida.com.ar\/portalurbano\/wp-content\/uploads\/2021\/05\/Avanza-iniciativa-para-que-bonaerenses-300x152.jpg",300,152,true],"medium_large":["https:\/\/experienciadevida.com.ar\/portalurbano\/wp-content\/uploads\/2021\/05\/Avanza-iniciativa-para-que-bonaerenses.jpg",640,325,false],"large":["https:\/\/experienciadevida.com.ar\/portalurbano\/wp-content\/uploads\/2021\/05\/Avanza-iniciativa-para-que-bonaerenses.jpg",640,325,false],"ug_big":["https:\/\/experienciadevida.com.ar\/portalurbano\/wp-content\/uploads\/2021\/05\/Avanza-iniciativa-para-que-bonaerenses.jpg",696,353,false],"1536x1536":["https:\/\/experienciadevida.com.ar\/portalurbano\/wp-content\/uploads\/2021\/05\/Avanza-iniciativa-para-que-bonaerenses.jpg",696,353,false],"2048x2048":["https:\/\/experienciadevida.com.ar\/portalurbano\/wp-content\/uploads\/2021\/05\/Avanza-iniciativa-para-que-bonaerenses.jpg",696,353,false],"newsever-slider-full":["https:\/\/experienciadevida.com.ar\/portalurbano\/wp-content\/uploads\/2021\/05\/Avanza-iniciativa-para-que-bonaerenses.jpg",696,353,false],"newsever-featured":["https:\/\/experienciadevida.com.ar\/portalurbano\/wp-content\/uploads\/2021\/05\/Avanza-iniciativa-para-que-bonaerenses.jpg",696,353,false],"newsever-medium":["https:\/\/experienciadevida.com.ar\/portalurbano\/wp-content\/uploads\/2021\/05\/Avanza-iniciativa-para-que-bonaerenses.jpg",696,353,false],"web-stories-poster-portrait":["https:\/\/experienciadevida.com.ar\/portalurbano\/wp-content\/uploads\/2021\/05\/Avanza-iniciativa-para-que-bonaerenses.jpg",640,325,false],"web-stories-publisher-logo":["https:\/\/experienciadevida.com.ar\/portalurbano\/wp-content\/uploads\/2021\/05\/Avanza-iniciativa-para-que-bonaerenses.jpg",96,49,false],"web-stories-thumbnail":["https:\/\/experienciadevida.com.ar\/portalurbano\/wp-content\/uploads\/2021\/05\/Avanza-iniciativa-para-que-bonaerenses.jpg",150,76,false]},"author_info":{"display_name":"admpu17wp","author_link":"https:\/\/experienciadevida.com.ar\/portalurbano\/author\/admpu17wp\/"},"category_info":"<a href=\"https:\/\/experienciadevida.com.ar\/portalurbano\/category\/destacadas-2\/\" rel=\"category tag\">Destacadas 2<\/a> <a href=\"https:\/\/experienciadevida.com.ar\/portalurbano\/category\/provincia\/\" rel=\"category tag\">Provincia<\/a>","tag_info":"Provincia","comment_count":"0","amp_enabled":true,"_links":{"self":[{"href":"https:\/\/experienciadevida.com.ar\/portalurbano\/wp-json\/wp\/v2\/posts\/142789"}],"collection":[{"href":"https:\/\/experienciadevida.com.ar\/portalurbano\/wp-json\/wp\/v2\/posts"}],"about":[{"href":"https:\/\/experienciadevida.com.ar\/portalurbano\/wp-json\/wp\/v2\/types\/post"}],"author":[{"embeddable":true,"href":"https:\/\/experienciadevida.com.ar\/portalurbano\/wp-json\/wp\/v2\/users\/1"}],"replies":[{"embeddable":true,"href":"https:\/\/experienciadevida.com.ar\/portalurbano\/wp-json\/wp\/v2\/comments?post=142789"}],"version-history":[{"count":1,"href":"https:\/\/experienciadevida.com.ar\/portalurbano\/wp-json\/wp\/v2\/posts\/142789\/revisions"}],"predecessor-version":[{"id":142791,"href":"https:\/\/experienciadevida.com.ar\/portalurbano\/wp-json\/wp\/v2\/posts\/142789\/revisions\/142791"}],"wp:featuredmedia":[{"embeddable":true,"href":"https:\/\/experienciadevida.com.ar\/portalurbano\/wp-json\/wp\/v2\/media\/142790"}],"wp:attachment":[{"href":"https:\/\/experienciadevida.com.ar\/portalurbano\/wp-json\/wp\/v2\/media?parent=142789"}],"wp:term":[{"taxonomy":"category","embeddable":true,"href":"https:\/\/experienciadevida.com.ar\/portalurbano\/wp-json\/wp\/v2\/categories?post=142789"},{"taxonomy":"post_tag","embeddable":true,"href":"https:\/\/experienciadevida.com.ar\/portalurbano\/wp-json\/wp\/v2\/tags?post=142789"}],"curies":[{"name":"wp","href":"https:\/\/api.w.org\/{rel}","templated":true}]}}