{"id":142617,"date":"2021-05-12T10:12:52","date_gmt":"2021-05-12T13:12:52","guid":{"rendered":"https:\/\/experienciadevida.com.ar\/portalurbano\/?p=142617"},"modified":"2021-05-12T10:13:23","modified_gmt":"2021-05-12T13:13:23","slug":"el-centro-de-mediacion-comunitaria-visitara-las-localidades","status":"publish","type":"post","link":"https:\/\/experienciadevida.com.ar\/portalurbano\/el-centro-de-mediacion-comunitaria-visitara-las-localidades\/","title":{"rendered":"El Centro de Mediaci\u00f3n Comunitaria visitar\u00e1 las localidades"},"content":{"rendered":"<p>El Centro de Mediaci\u00f3n Comunitaria visitar\u00e1 las localidades, dependiente de la Direcci\u00f3n de Defensa al Consumidor, inform\u00f3 que la semana pr\u00f3xima visitar\u00e1 localidades del Partido de Olavarr\u00eda.<\/p>\n<p>En este sentido, la Directora de Defensa al Consumidor Andrea Imbrogno explic\u00f3 que el lunes 17 de mayo estar\u00e1n en Hinojo (Sara \u00c1lvarez N\u00ba 1769), el mi\u00e9rcoles 19 visitar\u00e1n Sierra Chica (Pablo Sbardolini N\u00ba 1105) y el viernes 21 llegar\u00e1n a Sierras Bayas (San Mart\u00edn N\u00ba 1696). En todos los casos la atenci\u00f3n comenzar\u00e1 a las 9 horas.<\/p>\n<p>Al respecto, la funcionaria municipal indic\u00f3 que \u201cya hemos hecho visitas a las localidades en otras oportunidades y creemos que es clave acercarle a los vecinos de todo el Partido una herramienta tan importante como la mediaci\u00f3n comunitaria para resolver distintos tipo de conflictos\u201d.<\/p>\n<p>Adem\u00e1s, la propia Imbrogno inform\u00f3 que \u201cen principio vamos a ir Hinojo, Sierra Chica y Sierras Bayas pero la idea es visitar todas las localidades del Partido para que todos los vecinos tengan las mismas oportunidades\u201d<\/p>\n<p>Mediaci\u00f3n Comunitaria<\/p>\n<p>Entre los servicios y atenci\u00f3n que se brinda desde el \u00e1rea se encuentra la mediaci\u00f3n comunitaria, un procedimiento voluntario, gratuito, confidencial y participativo por medio del cual el mediador, colabora para que las partes (vecinos, sociedades de fomento, clubes, asociaciones, etc.) que tienen un conflicto puedan con su ayuda construir un acuerdo satisfactorio para ellas. Por medio de la mediaci\u00f3n comunitaria se facilita el di\u00e1logo entre los vecinos, para que mejoren sus relaciones, contribuyendo de esta manera a una convivencia m\u00e1s pac\u00edfica.<\/p>\n<p>Se abordan cuestiones derivadas de: ruidos molestos (m\u00fasica alta, ladridos de perros, trabajos ruidosos en horarios de descanso, etc.) animales sueltos, medianer\u00eda, humedad, rajaduras, etc, \u00e1rboles y\/o plantas que causan da\u00f1os y\/o invaden propiedades vecinas, basura acumulada, presencia de roedores, problemas de convivencia entre vecinos y\/o familiares, incumplimientos por trabajos de alba\u00f1iler\u00eda, plomer\u00eda, pintura, etc., problemas con alquileres, desalojos, deudas, etc., copropiedad y en condominios, estacionamiento de veh\u00edculos en lugares que no corresponden.<\/p>\n<p>&nbsp;<\/p>\n","protected":false},"excerpt":{"rendered":"<p>El Centro de Mediaci\u00f3n Comunitaria visitar\u00e1 las localidades, dependiente de la Direcci\u00f3n de Defensa al&#8230;<\/p>\n","protected":false},"author":1,"featured_media":142618,"comment_status":"closed","ping_status":"closed","sticky":false,"template":"","format":"standard","meta":{"content-type":""},"categories":[27,64],"tags":[],"nelio_content":{"isAutoShareEnabled":false,"autoShareEndMode":"default","automationSources":{"useContentSentences":true,"useSocialTemplates":true,"useCustomSentences":false,"customSentences":[]},"followers":[1],"suggestedReferences":[],"includedReferences":[],"efiUrl":"","efiAlt":"","highlights":[]},"yoast_head":"<!-- This site is optimized with the Yoast SEO plugin v20.7 - https:\/\/yoast.com\/wordpress\/plugins\/seo\/ -->\n<title>El Centro de Mediaci\u00f3n Comunitaria visitar\u00e1 las localidades -<\/title>\n<meta name=\"robots\" content=\"index, follow, max-snippet:-1, max-image-preview:large, max-video-preview:-1\" \/>\n<link rel=\"canonical\" href=\"https:\/\/experienciadevida.com.ar\/portalurbano\/el-centro-de-mediacion-comunitaria-visitara-las-localidades\/\" \/>\n<meta property=\"og:locale\" content=\"es_ES\" \/>\n<meta property=\"og:type\" content=\"article\" \/>\n<meta property=\"og:title\" content=\"El Centro de Mediaci\u00f3n Comunitaria visitar\u00e1 las localidades -\" \/>\n<meta property=\"og:description\" content=\"El Centro de Mediaci\u00f3n Comunitaria visitar\u00e1 las localidades, dependiente de la Direcci\u00f3n de Defensa al...\" \/>\n<meta property=\"og:url\" content=\"https:\/\/experienciadevida.com.ar\/portalurbano\/el-centro-de-mediacion-comunitaria-visitara-las-localidades\/\" \/>\n<meta property=\"article:publisher\" content=\"https:\/\/www.facebook.com\/Portal-Urbano-171542830093757\/\" \/>\n<meta property=\"article:published_time\" content=\"2021-05-12T13:12:52+00:00\" \/>\n<meta property=\"article:modified_time\" content=\"2021-05-12T13:13:23+00:00\" \/>\n<meta property=\"og:image\" content=\"https:\/\/experienciadevida.com.ar\/portalurbano\/wp-content\/uploads\/2021\/05\/El-Centro-de-Mediacion-Comunitaria.jpg\" \/>\n\t<meta property=\"og:image:width\" content=\"1024\" \/>\n\t<meta property=\"og:image:height\" content=\"682\" \/>\n\t<meta property=\"og:image:type\" content=\"image\/jpeg\" \/>\n<meta name=\"author\" content=\"admpu17wp\" \/>\n<meta name=\"twitter:card\" content=\"summary_large_image\" \/>\n<meta name=\"twitter:creator\" content=\"@portalurbanook\" \/>\n<meta name=\"twitter:site\" content=\"@portalurbanook\" \/>\n<meta name=\"twitter:label1\" content=\"Escrito por\" \/>\n\t<meta name=\"twitter:data1\" content=\"admpu17wp\" \/>\n\t<meta name=\"twitter:label2\" content=\"Tiempo de lectura\" \/>\n\t<meta name=\"twitter:data2\" content=\"2 minutos\" \/>\n<script type=\"application\/ld+json\" class=\"yoast-schema-graph\">{\"@context\":\"https:\/\/schema.org\",\"@graph\":[{\"@type\":\"Article\",\"@id\":\"https:\/\/experienciadevida.com.ar\/portalurbano\/el-centro-de-mediacion-comunitaria-visitara-las-localidades\/#article\",\"isPartOf\":{\"@id\":\"https:\/\/experienciadevida.com.ar\/portalurbano\/el-centro-de-mediacion-comunitaria-visitara-las-localidades\/\"},\"author\":{\"name\":\"admpu17wp\",\"@id\":\"https:\/\/experienciadevida.com.ar\/portalurbano\/#\/schema\/person\/02dd326b1c4b056e9cc972486934a3a7\"},\"headline\":\"El Centro de Mediaci\u00f3n Comunitaria visitar\u00e1 las localidades\",\"datePublished\":\"2021-05-12T13:12:52+00:00\",\"dateModified\":\"2021-05-12T13:13:23+00:00\",\"mainEntityOfPage\":{\"@id\":\"https:\/\/experienciadevida.com.ar\/portalurbano\/el-centro-de-mediacion-comunitaria-visitara-las-localidades\/\"},\"wordCount\":354,\"publisher\":{\"@id\":\"https:\/\/experienciadevida.com.ar\/portalurbano\/#organization\"},\"articleSection\":[\"Ciudad\",\"Destacadas 2\"],\"inLanguage\":\"es\"},{\"@type\":\"WebPage\",\"@id\":\"https:\/\/experienciadevida.com.ar\/portalurbano\/el-centro-de-mediacion-comunitaria-visitara-las-localidades\/\",\"url\":\"https:\/\/experienciadevida.com.ar\/portalurbano\/el-centro-de-mediacion-comunitaria-visitara-las-localidades\/\",\"name\":\"El Centro de Mediaci\u00f3n Comunitaria visitar\u00e1 las localidades -\",\"isPartOf\":{\"@id\":\"https:\/\/experienciadevida.com.ar\/portalurbano\/#website\"},\"datePublished\":\"2021-05-12T13:12:52+00:00\",\"dateModified\":\"2021-05-12T13:13:23+00:00\",\"breadcrumb\":{\"@id\":\"https:\/\/experienciadevida.com.ar\/portalurbano\/el-centro-de-mediacion-comunitaria-visitara-las-localidades\/#breadcrumb\"},\"inLanguage\":\"es\",\"potentialAction\":[{\"@type\":\"ReadAction\",\"target\":[\"https:\/\/experienciadevida.com.ar\/portalurbano\/el-centro-de-mediacion-comunitaria-visitara-las-localidades\/\"]}]},{\"@type\":\"BreadcrumbList\",\"@id\":\"https:\/\/experienciadevida.com.ar\/portalurbano\/el-centro-de-mediacion-comunitaria-visitara-las-localidades\/#breadcrumb\",\"itemListElement\":[{\"@type\":\"ListItem\",\"position\":1,\"name\":\"Portada\",\"item\":\"https:\/\/experienciadevida.com.ar\/portalurbano\/\"},{\"@type\":\"ListItem\",\"position\":2,\"name\":\"El Centro de Mediaci\u00f3n Comunitaria visitar\u00e1 las localidades\"}]},{\"@type\":\"WebSite\",\"@id\":\"https:\/\/experienciadevida.com.ar\/portalurbano\/#website\",\"url\":\"https:\/\/experienciadevida.com.ar\/portalurbano\/\",\"name\":\"\",\"description\":\"\",\"publisher\":{\"@id\":\"https:\/\/experienciadevida.com.ar\/portalurbano\/#organization\"},\"potentialAction\":[{\"@type\":\"SearchAction\",\"target\":{\"@type\":\"EntryPoint\",\"urlTemplate\":\"https:\/\/experienciadevida.com.ar\/portalurbano\/?s={search_term_string}\"},\"query-input\":\"required name=search_term_string\"}],\"inLanguage\":\"es\"},{\"@type\":\"Organization\",\"@id\":\"https:\/\/experienciadevida.com.ar\/portalurbano\/#organization\",\"name\":\"Portal Urbano\",\"url\":\"https:\/\/experienciadevida.com.ar\/portalurbano\/\",\"logo\":{\"@type\":\"ImageObject\",\"inLanguage\":\"es\",\"@id\":\"https:\/\/experienciadevida.com.ar\/portalurbano\/#\/schema\/logo\/image\/\",\"url\":\"https:\/\/experienciadevida.com.ar\/portalurbano\/wp-content\/uploads\/2019\/09\/Logo-Original.png\",\"contentUrl\":\"https:\/\/experienciadevida.com.ar\/portalurbano\/wp-content\/uploads\/2019\/09\/Logo-Original.png\",\"width\":2236,\"height\":1216,\"caption\":\"Portal Urbano\"},\"image\":{\"@id\":\"https:\/\/experienciadevida.com.ar\/portalurbano\/#\/schema\/logo\/image\/\"},\"sameAs\":[\"https:\/\/www.facebook.com\/Portal-Urbano-171542830093757\/\",\"https:\/\/twitter.com\/portalurbanook\",\"https:\/\/www.instagram.com\/_portalurbano\/\",\"https:\/\/www.youtube.com\/channel\/UCXhagIfszH8KxFiOok79zbA?view_as=subscriber\"]},{\"@type\":\"Person\",\"@id\":\"https:\/\/experienciadevida.com.ar\/portalurbano\/#\/schema\/person\/02dd326b1c4b056e9cc972486934a3a7\",\"name\":\"admpu17wp\",\"image\":{\"@type\":\"ImageObject\",\"inLanguage\":\"es\",\"@id\":\"https:\/\/experienciadevida.com.ar\/portalurbano\/#\/schema\/person\/image\/\",\"url\":\"https:\/\/secure.gravatar.com\/avatar\/830d4c57adaae6630765e449a6908047?s=96&d=mm&r=g\",\"contentUrl\":\"https:\/\/secure.gravatar.com\/avatar\/830d4c57adaae6630765e449a6908047?s=96&d=mm&r=g\",\"caption\":\"admpu17wp\"}}]}<\/script>\n<!-- \/ Yoast SEO plugin. -->","yoast_head_json":{"title":"El Centro de Mediaci\u00f3n Comunitaria visitar\u00e1 las localidades -","robots":{"index":"index","follow":"follow","max-snippet":"max-snippet:-1","max-image-preview":"max-image-preview:large","max-video-preview":"max-video-preview:-1"},"canonical":"https:\/\/experienciadevida.com.ar\/portalurbano\/el-centro-de-mediacion-comunitaria-visitara-las-localidades\/","og_locale":"es_ES","og_type":"article","og_title":"El Centro de Mediaci\u00f3n Comunitaria visitar\u00e1 las localidades -","og_description":"El Centro de Mediaci\u00f3n Comunitaria visitar\u00e1 las localidades, dependiente de la Direcci\u00f3n de Defensa al...","og_url":"https:\/\/experienciadevida.com.ar\/portalurbano\/el-centro-de-mediacion-comunitaria-visitara-las-localidades\/","article_publisher":"https:\/\/www.facebook.com\/Portal-Urbano-171542830093757\/","article_published_time":"2021-05-12T13:12:52+00:00","article_modified_time":"2021-05-12T13:13:23+00:00","og_image":[{"width":1024,"height":682,"url":"https:\/\/experienciadevida.com.ar\/portalurbano\/wp-content\/uploads\/2021\/05\/El-Centro-de-Mediacion-Comunitaria.jpg","type":"image\/jpeg"}],"author":"admpu17wp","twitter_card":"summary_large_image","twitter_creator":"@portalurbanook","twitter_site":"@portalurbanook","twitter_misc":{"Escrito por":"admpu17wp","Tiempo de lectura":"2 minutos"},"schema":{"@context":"https:\/\/schema.org","@graph":[{"@type":"Article","@id":"https:\/\/experienciadevida.com.ar\/portalurbano\/el-centro-de-mediacion-comunitaria-visitara-las-localidades\/#article","isPartOf":{"@id":"https:\/\/experienciadevida.com.ar\/portalurbano\/el-centro-de-mediacion-comunitaria-visitara-las-localidades\/"},"author":{"name":"admpu17wp","@id":"https:\/\/experienciadevida.com.ar\/portalurbano\/#\/schema\/person\/02dd326b1c4b056e9cc972486934a3a7"},"headline":"El Centro de Mediaci\u00f3n Comunitaria visitar\u00e1 las localidades","datePublished":"2021-05-12T13:12:52+00:00","dateModified":"2021-05-12T13:13:23+00:00","mainEntityOfPage":{"@id":"https:\/\/experienciadevida.com.ar\/portalurbano\/el-centro-de-mediacion-comunitaria-visitara-las-localidades\/"},"wordCount":354,"publisher":{"@id":"https:\/\/experienciadevida.com.ar\/portalurbano\/#organization"},"articleSection":["Ciudad","Destacadas 2"],"inLanguage":"es"},{"@type":"WebPage","@id":"https:\/\/experienciadevida.com.ar\/portalurbano\/el-centro-de-mediacion-comunitaria-visitara-las-localidades\/","url":"https:\/\/experienciadevida.com.ar\/portalurbano\/el-centro-de-mediacion-comunitaria-visitara-las-localidades\/","name":"El Centro de Mediaci\u00f3n Comunitaria visitar\u00e1 las localidades -","isPartOf":{"@id":"https:\/\/experienciadevida.com.ar\/portalurbano\/#website"},"datePublished":"2021-05-12T13:12:52+00:00","dateModified":"2021-05-12T13:13:23+00:00","breadcrumb":{"@id":"https:\/\/experienciadevida.com.ar\/portalurbano\/el-centro-de-mediacion-comunitaria-visitara-las-localidades\/#breadcrumb"},"inLanguage":"es","potentialAction":[{"@type":"ReadAction","target":["https:\/\/experienciadevida.com.ar\/portalurbano\/el-centro-de-mediacion-comunitaria-visitara-las-localidades\/"]}]},{"@type":"BreadcrumbList","@id":"https:\/\/experienciadevida.com.ar\/portalurbano\/el-centro-de-mediacion-comunitaria-visitara-las-localidades\/#breadcrumb","itemListElement":[{"@type":"ListItem","position":1,"name":"Portada","item":"https:\/\/experienciadevida.com.ar\/portalurbano\/"},{"@type":"ListItem","position":2,"name":"El Centro de Mediaci\u00f3n Comunitaria visitar\u00e1 las localidades"}]},{"@type":"WebSite","@id":"https:\/\/experienciadevida.com.ar\/portalurbano\/#website","url":"https:\/\/experienciadevida.com.ar\/portalurbano\/","name":"","description":"","publisher":{"@id":"https:\/\/experienciadevida.com.ar\/portalurbano\/#organization"},"potentialAction":[{"@type":"SearchAction","target":{"@type":"EntryPoint","urlTemplate":"https:\/\/experienciadevida.com.ar\/portalurbano\/?s={search_term_string}"},"query-input":"required name=search_term_string"}],"inLanguage":"es"},{"@type":"Organization","@id":"https:\/\/experienciadevida.com.ar\/portalurbano\/#organization","name":"Portal Urbano","url":"https:\/\/experienciadevida.com.ar\/portalurbano\/","logo":{"@type":"ImageObject","inLanguage":"es","@id":"https:\/\/experienciadevida.com.ar\/portalurbano\/#\/schema\/logo\/image\/","url":"https:\/\/experienciadevida.com.ar\/portalurbano\/wp-content\/uploads\/2019\/09\/Logo-Original.png","contentUrl":"https:\/\/experienciadevida.com.ar\/portalurbano\/wp-content\/uploads\/2019\/09\/Logo-Original.png","width":2236,"height":1216,"caption":"Portal Urbano"},"image":{"@id":"https:\/\/experienciadevida.com.ar\/portalurbano\/#\/schema\/logo\/image\/"},"sameAs":["https:\/\/www.facebook.com\/Portal-Urbano-171542830093757\/","https:\/\/twitter.com\/portalurbanook","https:\/\/www.instagram.com\/_portalurbano\/","https:\/\/www.youtube.com\/channel\/UCXhagIfszH8KxFiOok79zbA?view_as=subscriber"]},{"@type":"Person","@id":"https:\/\/experienciadevida.com.ar\/portalurbano\/#\/schema\/person\/02dd326b1c4b056e9cc972486934a3a7","name":"admpu17wp","image":{"@type":"ImageObject","inLanguage":"es","@id":"https:\/\/experienciadevida.com.ar\/portalurbano\/#\/schema\/person\/image\/","url":"https:\/\/secure.gravatar.com\/avatar\/830d4c57adaae6630765e449a6908047?s=96&d=mm&r=g","contentUrl":"https:\/\/secure.gravatar.com\/avatar\/830d4c57adaae6630765e449a6908047?s=96&d=mm&r=g","caption":"admpu17wp"}}]}},"featured_image_urls":{"full":["https:\/\/experienciadevida.com.ar\/portalurbano\/wp-content\/uploads\/2021\/05\/El-Centro-de-Mediacion-Comunitaria.jpg",1024,682,false],"thumbnail":["https:\/\/experienciadevida.com.ar\/portalurbano\/wp-content\/uploads\/2021\/05\/El-Centro-de-Mediacion-Comunitaria-150x150.jpg",150,150,true],"medium":["https:\/\/experienciadevida.com.ar\/portalurbano\/wp-content\/uploads\/2021\/05\/El-Centro-de-Mediacion-Comunitaria-300x200.jpg",300,200,true],"medium_large":["https:\/\/experienciadevida.com.ar\/portalurbano\/wp-content\/uploads\/2021\/05\/El-Centro-de-Mediacion-Comunitaria-768x512.jpg",640,427,true],"large":["https:\/\/experienciadevida.com.ar\/portalurbano\/wp-content\/uploads\/2021\/05\/El-Centro-de-Mediacion-Comunitaria.jpg",640,426,false],"ug_big":["https:\/\/experienciadevida.com.ar\/portalurbano\/wp-content\/uploads\/2021\/05\/El-Centro-de-Mediacion-Comunitaria-768x512.jpg",768,512,true],"1536x1536":["https:\/\/experienciadevida.com.ar\/portalurbano\/wp-content\/uploads\/2021\/05\/El-Centro-de-Mediacion-Comunitaria.jpg",1024,682,false],"2048x2048":["https:\/\/experienciadevida.com.ar\/portalurbano\/wp-content\/uploads\/2021\/05\/El-Centro-de-Mediacion-Comunitaria.jpg",1024,682,false],"newsever-slider-full":["https:\/\/experienciadevida.com.ar\/portalurbano\/wp-content\/uploads\/2021\/05\/El-Centro-de-Mediacion-Comunitaria.jpg",1024,682,false],"newsever-featured":["https:\/\/experienciadevida.com.ar\/portalurbano\/wp-content\/uploads\/2021\/05\/El-Centro-de-Mediacion-Comunitaria.jpg",1024,682,false],"newsever-medium":["https:\/\/experienciadevida.com.ar\/portalurbano\/wp-content\/uploads\/2021\/05\/El-Centro-de-Mediacion-Comunitaria.jpg",713,475,false],"web-stories-poster-portrait":["https:\/\/experienciadevida.com.ar\/portalurbano\/wp-content\/uploads\/2021\/05\/El-Centro-de-Mediacion-Comunitaria.jpg",640,426,false],"web-stories-publisher-logo":["https:\/\/experienciadevida.com.ar\/portalurbano\/wp-content\/uploads\/2021\/05\/El-Centro-de-Mediacion-Comunitaria.jpg",96,64,false],"web-stories-thumbnail":["https:\/\/experienciadevida.com.ar\/portalurbano\/wp-content\/uploads\/2021\/05\/El-Centro-de-Mediacion-Comunitaria.jpg",150,100,false]},"author_info":{"display_name":"admpu17wp","author_link":"https:\/\/experienciadevida.com.ar\/portalurbano\/author\/admpu17wp\/"},"category_info":"<a href=\"https:\/\/experienciadevida.com.ar\/portalurbano\/category\/ciudad\/\" rel=\"category tag\">Ciudad<\/a> <a href=\"https:\/\/experienciadevida.com.ar\/portalurbano\/category\/destacadas-2\/\" rel=\"category tag\">Destacadas 2<\/a>","tag_info":"Destacadas 2","comment_count":"0","amp_enabled":true,"_links":{"self":[{"href":"https:\/\/experienciadevida.com.ar\/portalurbano\/wp-json\/wp\/v2\/posts\/142617"}],"collection":[{"href":"https:\/\/experienciadevida.com.ar\/portalurbano\/wp-json\/wp\/v2\/posts"}],"about":[{"href":"https:\/\/experienciadevida.com.ar\/portalurbano\/wp-json\/wp\/v2\/types\/post"}],"author":[{"embeddable":true,"href":"https:\/\/experienciadevida.com.ar\/portalurbano\/wp-json\/wp\/v2\/users\/1"}],"replies":[{"embeddable":true,"href":"https:\/\/experienciadevida.com.ar\/portalurbano\/wp-json\/wp\/v2\/comments?post=142617"}],"version-history":[{"count":1,"href":"https:\/\/experienciadevida.com.ar\/portalurbano\/wp-json\/wp\/v2\/posts\/142617\/revisions"}],"predecessor-version":[{"id":142619,"href":"https:\/\/experienciadevida.com.ar\/portalurbano\/wp-json\/wp\/v2\/posts\/142617\/revisions\/142619"}],"wp:featuredmedia":[{"embeddable":true,"href":"https:\/\/experienciadevida.com.ar\/portalurbano\/wp-json\/wp\/v2\/media\/142618"}],"wp:attachment":[{"href":"https:\/\/experienciadevida.com.ar\/portalurbano\/wp-json\/wp\/v2\/media?parent=142617"}],"wp:term":[{"taxonomy":"category","embeddable":true,"href":"https:\/\/experienciadevida.com.ar\/portalurbano\/wp-json\/wp\/v2\/categories?post=142617"},{"taxonomy":"post_tag","embeddable":true,"href":"https:\/\/experienciadevida.com.ar\/portalurbano\/wp-json\/wp\/v2\/tags?post=142617"}],"curies":[{"name":"wp","href":"https:\/\/api.w.org\/{rel}","templated":true}]}}