{"id":142487,"date":"2021-05-10T17:23:37","date_gmt":"2021-05-10T20:23:37","guid":{"rendered":"https:\/\/experienciadevida.com.ar\/portalurbano\/?p=142487"},"modified":"2021-05-10T17:27:18","modified_gmt":"2021-05-10T20:27:18","slug":"el-renaper-realizara-durante-tres-dias-un-operativo-de-documentacion-en-distintos-puntos-de-olavarria-y-loma-negra","status":"publish","type":"post","link":"https:\/\/experienciadevida.com.ar\/portalurbano\/el-renaper-realizara-durante-tres-dias-un-operativo-de-documentacion-en-distintos-puntos-de-olavarria-y-loma-negra\/","title":{"rendered":"El RENAPER realizar\u00e1 durante tres d\u00edas un operativo de documentaci\u00f3n en distintos puntos de Olavarr\u00eda y Loma Negra"},"content":{"rendered":"<p>El RENAPER realizar\u00e1 durante tres d\u00edas un operativo de documentaci\u00f3n en distintos puntos de Olavarr\u00eda y Loma Negra.<\/p>\n<p>El Registro Nacional de las personas atender\u00e1 el mi\u00e9rcoles en la sede de AOMA ubicada en Loma Negra, el jueves en la Escuela Industrial y el viernes en la Sociedad de Fomento Mariano Moreno. Se podr\u00e1n Tramitar DNIs, pasaportes y certificados de pre-identificaci\u00f3n.<\/p>\n<p>Por disposici\u00f3n del Ministerio del Interior, el Registro Nacional de las Personas desarrollar\u00e1 un operativo de documentaci\u00f3n en nuestro distrito. En el mismo se podr\u00e1n tramitar DNIs, pasaportes y certificados de pre-identificaci\u00f3n.<\/p>\n<p>El RENAPER realizar\u00e1 durante tres d\u00edas un operativos Los mismos atender\u00e1n de 9 a 17 horas, los puestos del RENAPER funcionar\u00e1n el mi\u00e9rcoles 12 en la localidad de Loma Negra, en el sindicato de AOMA (\u00c1lvaro Barros 1317), el jueves 13 en la Escuela industrial (Del Valle 5202) y el viernes 14 en la Sociedad de Fomento Mariano Moreno (Sarmiento 3093).<\/p>\n<p>El costo del tr\u00e1mite del DNI es de 300 pesos y ser\u00e1 gratuito para las personas que certifiquen situaci\u00f3n de vulnerabilidad, bajos ingresos y para quienes est\u00e9n cursando cualquier nivel de educaci\u00f3n formal. La tramitaci\u00f3n del pasaporte tiene un costo de 1500 pesos. La atenci\u00f3n ser\u00e1 por orden de llegada y se emitir\u00e1n 200 turnos m\u00e1ximo por d\u00eda.<\/p>\n<p><a href=\"https:\/\/experienciadevida.com.ar\/portalurbano\/el-renaper-realizara-durante-tres-dias-un-operativo-de-documentacion-en-distintos-puntos-de-olavarria-y-loma-negra\/el-renaper\/\" rel=\"attachment wp-att-142491\"><img decoding=\"async\" class=\"alignnone size-large wp-image-142491\" src=\"https:\/\/experienciadevida.com.ar\/portalurbano\/wp-content\/uploads\/2021\/05\/El-RENAPER-1024x590.jpg\" alt=\"El RENAPER\" width=\"900\" height=\"519\" srcset=\"https:\/\/experienciadevida.com.ar\/portalurbano\/wp-content\/uploads\/2021\/05\/El-RENAPER-1024x590.jpg 1024w, https:\/\/experienciadevida.com.ar\/portalurbano\/wp-content\/uploads\/2021\/05\/El-RENAPER-300x173.jpg 300w, https:\/\/experienciadevida.com.ar\/portalurbano\/wp-content\/uploads\/2021\/05\/El-RENAPER-768x443.jpg 768w, https:\/\/experienciadevida.com.ar\/portalurbano\/wp-content\/uploads\/2021\/05\/El-RENAPER.jpg 1280w\" sizes=\"(max-width: 900px) 100vw, 900px\" \/><\/a><\/p>\n","protected":false},"excerpt":{"rendered":"<p>El RENAPER realizar\u00e1 durante tres d\u00edas un operativo de documentaci\u00f3n en distintos puntos de Olavarr\u00eda&#8230;<\/p>\n","protected":false},"author":1,"featured_media":142488,"comment_status":"closed","ping_status":"closed","sticky":false,"template":"","format":"standard","meta":{"content-type":""},"categories":[27,64],"tags":[],"nelio_content":{"isAutoShareEnabled":false,"autoShareEndMode":"default","automationSources":{"useContentSentences":true,"useSocialTemplates":true,"useCustomSentences":false,"customSentences":[]},"followers":[1],"suggestedReferences":[],"includedReferences":[],"efiUrl":"","efiAlt":"","highlights":[]},"yoast_head":"<!-- This site is optimized with the Yoast SEO plugin v20.7 - https:\/\/yoast.com\/wordpress\/plugins\/seo\/ -->\n<title>El RENAPER realizar\u00e1 durante tres d\u00edas un operativo de documentaci\u00f3n<\/title>\n<meta name=\"description\" content=\"El RENAPER realizar\u00e1 durante tres d\u00edas un operativo de documentaci\u00f3n en distintos puntos de Olavarr\u00eda y Loma Negra y otros puntos.\" \/>\n<meta name=\"robots\" content=\"index, follow, max-snippet:-1, max-image-preview:large, max-video-preview:-1\" \/>\n<link rel=\"canonical\" href=\"https:\/\/experienciadevida.com.ar\/portalurbano\/el-renaper-realizara-durante-tres-dias-un-operativo-de-documentacion-en-distintos-puntos-de-olavarria-y-loma-negra\/\" \/>\n<meta property=\"og:locale\" content=\"es_ES\" \/>\n<meta property=\"og:type\" content=\"article\" \/>\n<meta property=\"og:title\" content=\"El RENAPER realizar\u00e1 durante tres d\u00edas un operativo de documentaci\u00f3n\" \/>\n<meta property=\"og:description\" content=\"El RENAPER realizar\u00e1 durante tres d\u00edas un operativo de documentaci\u00f3n en distintos puntos de Olavarr\u00eda y Loma Negra y otros puntos.\" \/>\n<meta property=\"og:url\" content=\"https:\/\/experienciadevida.com.ar\/portalurbano\/el-renaper-realizara-durante-tres-dias-un-operativo-de-documentacion-en-distintos-puntos-de-olavarria-y-loma-negra\/\" \/>\n<meta property=\"article:publisher\" content=\"https:\/\/www.facebook.com\/Portal-Urbano-171542830093757\/\" \/>\n<meta property=\"article:published_time\" content=\"2021-05-10T20:23:37+00:00\" \/>\n<meta property=\"article:modified_time\" content=\"2021-05-10T20:27:18+00:00\" \/>\n<meta property=\"og:image\" content=\"https:\/\/experienciadevida.com.ar\/portalurbano\/wp-content\/uploads\/2021\/05\/El-RENAPER-realizara-durante-tres.jpg\" \/>\n\t<meta property=\"og:image:width\" content=\"1280\" \/>\n\t<meta property=\"og:image:height\" content=\"960\" \/>\n\t<meta property=\"og:image:type\" content=\"image\/jpeg\" \/>\n<meta name=\"author\" content=\"admpu17wp\" \/>\n<meta name=\"twitter:card\" content=\"summary_large_image\" \/>\n<meta name=\"twitter:creator\" content=\"@portalurbanook\" \/>\n<meta name=\"twitter:site\" content=\"@portalurbanook\" \/>\n<meta name=\"twitter:label1\" content=\"Escrito por\" \/>\n\t<meta name=\"twitter:data1\" content=\"admpu17wp\" \/>\n\t<meta name=\"twitter:label2\" content=\"Tiempo de lectura\" \/>\n\t<meta name=\"twitter:data2\" content=\"2 minutos\" \/>\n<script type=\"application\/ld+json\" class=\"yoast-schema-graph\">{\"@context\":\"https:\/\/schema.org\",\"@graph\":[{\"@type\":\"Article\",\"@id\":\"https:\/\/experienciadevida.com.ar\/portalurbano\/el-renaper-realizara-durante-tres-dias-un-operativo-de-documentacion-en-distintos-puntos-de-olavarria-y-loma-negra\/#article\",\"isPartOf\":{\"@id\":\"https:\/\/experienciadevida.com.ar\/portalurbano\/el-renaper-realizara-durante-tres-dias-un-operativo-de-documentacion-en-distintos-puntos-de-olavarria-y-loma-negra\/\"},\"author\":{\"name\":\"admpu17wp\",\"@id\":\"https:\/\/experienciadevida.com.ar\/portalurbano\/#\/schema\/person\/02dd326b1c4b056e9cc972486934a3a7\"},\"headline\":\"El RENAPER realizar\u00e1 durante tres d\u00edas un operativo de documentaci\u00f3n en distintos puntos de Olavarr\u00eda y Loma Negra\",\"datePublished\":\"2021-05-10T20:23:37+00:00\",\"dateModified\":\"2021-05-10T20:27:18+00:00\",\"mainEntityOfPage\":{\"@id\":\"https:\/\/experienciadevida.com.ar\/portalurbano\/el-renaper-realizara-durante-tres-dias-un-operativo-de-documentacion-en-distintos-puntos-de-olavarria-y-loma-negra\/\"},\"wordCount\":245,\"publisher\":{\"@id\":\"https:\/\/experienciadevida.com.ar\/portalurbano\/#organization\"},\"articleSection\":[\"Ciudad\",\"Destacadas 2\"],\"inLanguage\":\"es\"},{\"@type\":\"WebPage\",\"@id\":\"https:\/\/experienciadevida.com.ar\/portalurbano\/el-renaper-realizara-durante-tres-dias-un-operativo-de-documentacion-en-distintos-puntos-de-olavarria-y-loma-negra\/\",\"url\":\"https:\/\/experienciadevida.com.ar\/portalurbano\/el-renaper-realizara-durante-tres-dias-un-operativo-de-documentacion-en-distintos-puntos-de-olavarria-y-loma-negra\/\",\"name\":\"El RENAPER realizar\u00e1 durante tres d\u00edas un operativo de documentaci\u00f3n\",\"isPartOf\":{\"@id\":\"https:\/\/experienciadevida.com.ar\/portalurbano\/#website\"},\"datePublished\":\"2021-05-10T20:23:37+00:00\",\"dateModified\":\"2021-05-10T20:27:18+00:00\",\"description\":\"El RENAPER realizar\u00e1 durante tres d\u00edas un operativo de documentaci\u00f3n en distintos puntos de Olavarr\u00eda y Loma Negra y otros puntos.\",\"breadcrumb\":{\"@id\":\"https:\/\/experienciadevida.com.ar\/portalurbano\/el-renaper-realizara-durante-tres-dias-un-operativo-de-documentacion-en-distintos-puntos-de-olavarria-y-loma-negra\/#breadcrumb\"},\"inLanguage\":\"es\",\"potentialAction\":[{\"@type\":\"ReadAction\",\"target\":[\"https:\/\/experienciadevida.com.ar\/portalurbano\/el-renaper-realizara-durante-tres-dias-un-operativo-de-documentacion-en-distintos-puntos-de-olavarria-y-loma-negra\/\"]}]},{\"@type\":\"BreadcrumbList\",\"@id\":\"https:\/\/experienciadevida.com.ar\/portalurbano\/el-renaper-realizara-durante-tres-dias-un-operativo-de-documentacion-en-distintos-puntos-de-olavarria-y-loma-negra\/#breadcrumb\",\"itemListElement\":[{\"@type\":\"ListItem\",\"position\":1,\"name\":\"Portada\",\"item\":\"https:\/\/experienciadevida.com.ar\/portalurbano\/\"},{\"@type\":\"ListItem\",\"position\":2,\"name\":\"El RENAPER realizar\u00e1 durante tres d\u00edas un operativo de documentaci\u00f3n en distintos puntos de Olavarr\u00eda y Loma Negra\"}]},{\"@type\":\"WebSite\",\"@id\":\"https:\/\/experienciadevida.com.ar\/portalurbano\/#website\",\"url\":\"https:\/\/experienciadevida.com.ar\/portalurbano\/\",\"name\":\"\",\"description\":\"\",\"publisher\":{\"@id\":\"https:\/\/experienciadevida.com.ar\/portalurbano\/#organization\"},\"potentialAction\":[{\"@type\":\"SearchAction\",\"target\":{\"@type\":\"EntryPoint\",\"urlTemplate\":\"https:\/\/experienciadevida.com.ar\/portalurbano\/?s={search_term_string}\"},\"query-input\":\"required name=search_term_string\"}],\"inLanguage\":\"es\"},{\"@type\":\"Organization\",\"@id\":\"https:\/\/experienciadevida.com.ar\/portalurbano\/#organization\",\"name\":\"Portal Urbano\",\"url\":\"https:\/\/experienciadevida.com.ar\/portalurbano\/\",\"logo\":{\"@type\":\"ImageObject\",\"inLanguage\":\"es\",\"@id\":\"https:\/\/experienciadevida.com.ar\/portalurbano\/#\/schema\/logo\/image\/\",\"url\":\"https:\/\/experienciadevida.com.ar\/portalurbano\/wp-content\/uploads\/2019\/09\/Logo-Original.png\",\"contentUrl\":\"https:\/\/experienciadevida.com.ar\/portalurbano\/wp-content\/uploads\/2019\/09\/Logo-Original.png\",\"width\":2236,\"height\":1216,\"caption\":\"Portal Urbano\"},\"image\":{\"@id\":\"https:\/\/experienciadevida.com.ar\/portalurbano\/#\/schema\/logo\/image\/\"},\"sameAs\":[\"https:\/\/www.facebook.com\/Portal-Urbano-171542830093757\/\",\"https:\/\/twitter.com\/portalurbanook\",\"https:\/\/www.instagram.com\/_portalurbano\/\",\"https:\/\/www.youtube.com\/channel\/UCXhagIfszH8KxFiOok79zbA?view_as=subscriber\"]},{\"@type\":\"Person\",\"@id\":\"https:\/\/experienciadevida.com.ar\/portalurbano\/#\/schema\/person\/02dd326b1c4b056e9cc972486934a3a7\",\"name\":\"admpu17wp\",\"image\":{\"@type\":\"ImageObject\",\"inLanguage\":\"es\",\"@id\":\"https:\/\/experienciadevida.com.ar\/portalurbano\/#\/schema\/person\/image\/\",\"url\":\"https:\/\/secure.gravatar.com\/avatar\/830d4c57adaae6630765e449a6908047?s=96&d=mm&r=g\",\"contentUrl\":\"https:\/\/secure.gravatar.com\/avatar\/830d4c57adaae6630765e449a6908047?s=96&d=mm&r=g\",\"caption\":\"admpu17wp\"}}]}<\/script>\n<!-- \/ Yoast SEO plugin. -->","yoast_head_json":{"title":"El RENAPER realizar\u00e1 durante tres d\u00edas un operativo de documentaci\u00f3n","description":"El RENAPER realizar\u00e1 durante tres d\u00edas un operativo de documentaci\u00f3n en distintos puntos de Olavarr\u00eda y Loma Negra y otros puntos.","robots":{"index":"index","follow":"follow","max-snippet":"max-snippet:-1","max-image-preview":"max-image-preview:large","max-video-preview":"max-video-preview:-1"},"canonical":"https:\/\/experienciadevida.com.ar\/portalurbano\/el-renaper-realizara-durante-tres-dias-un-operativo-de-documentacion-en-distintos-puntos-de-olavarria-y-loma-negra\/","og_locale":"es_ES","og_type":"article","og_title":"El RENAPER realizar\u00e1 durante tres d\u00edas un operativo de documentaci\u00f3n","og_description":"El RENAPER realizar\u00e1 durante tres d\u00edas un operativo de documentaci\u00f3n en distintos puntos de Olavarr\u00eda y Loma Negra y otros puntos.","og_url":"https:\/\/experienciadevida.com.ar\/portalurbano\/el-renaper-realizara-durante-tres-dias-un-operativo-de-documentacion-en-distintos-puntos-de-olavarria-y-loma-negra\/","article_publisher":"https:\/\/www.facebook.com\/Portal-Urbano-171542830093757\/","article_published_time":"2021-05-10T20:23:37+00:00","article_modified_time":"2021-05-10T20:27:18+00:00","og_image":[{"width":1280,"height":960,"url":"https:\/\/experienciadevida.com.ar\/portalurbano\/wp-content\/uploads\/2021\/05\/El-RENAPER-realizara-durante-tres.jpg","type":"image\/jpeg"}],"author":"admpu17wp","twitter_card":"summary_large_image","twitter_creator":"@portalurbanook","twitter_site":"@portalurbanook","twitter_misc":{"Escrito por":"admpu17wp","Tiempo de lectura":"2 minutos"},"schema":{"@context":"https:\/\/schema.org","@graph":[{"@type":"Article","@id":"https:\/\/experienciadevida.com.ar\/portalurbano\/el-renaper-realizara-durante-tres-dias-un-operativo-de-documentacion-en-distintos-puntos-de-olavarria-y-loma-negra\/#article","isPartOf":{"@id":"https:\/\/experienciadevida.com.ar\/portalurbano\/el-renaper-realizara-durante-tres-dias-un-operativo-de-documentacion-en-distintos-puntos-de-olavarria-y-loma-negra\/"},"author":{"name":"admpu17wp","@id":"https:\/\/experienciadevida.com.ar\/portalurbano\/#\/schema\/person\/02dd326b1c4b056e9cc972486934a3a7"},"headline":"El RENAPER realizar\u00e1 durante tres d\u00edas un operativo de documentaci\u00f3n en distintos puntos de Olavarr\u00eda y Loma Negra","datePublished":"2021-05-10T20:23:37+00:00","dateModified":"2021-05-10T20:27:18+00:00","mainEntityOfPage":{"@id":"https:\/\/experienciadevida.com.ar\/portalurbano\/el-renaper-realizara-durante-tres-dias-un-operativo-de-documentacion-en-distintos-puntos-de-olavarria-y-loma-negra\/"},"wordCount":245,"publisher":{"@id":"https:\/\/experienciadevida.com.ar\/portalurbano\/#organization"},"articleSection":["Ciudad","Destacadas 2"],"inLanguage":"es"},{"@type":"WebPage","@id":"https:\/\/experienciadevida.com.ar\/portalurbano\/el-renaper-realizara-durante-tres-dias-un-operativo-de-documentacion-en-distintos-puntos-de-olavarria-y-loma-negra\/","url":"https:\/\/experienciadevida.com.ar\/portalurbano\/el-renaper-realizara-durante-tres-dias-un-operativo-de-documentacion-en-distintos-puntos-de-olavarria-y-loma-negra\/","name":"El RENAPER realizar\u00e1 durante tres d\u00edas un operativo de documentaci\u00f3n","isPartOf":{"@id":"https:\/\/experienciadevida.com.ar\/portalurbano\/#website"},"datePublished":"2021-05-10T20:23:37+00:00","dateModified":"2021-05-10T20:27:18+00:00","description":"El RENAPER realizar\u00e1 durante tres d\u00edas un operativo de documentaci\u00f3n en distintos puntos de Olavarr\u00eda y Loma Negra y otros puntos.","breadcrumb":{"@id":"https:\/\/experienciadevida.com.ar\/portalurbano\/el-renaper-realizara-durante-tres-dias-un-operativo-de-documentacion-en-distintos-puntos-de-olavarria-y-loma-negra\/#breadcrumb"},"inLanguage":"es","potentialAction":[{"@type":"ReadAction","target":["https:\/\/experienciadevida.com.ar\/portalurbano\/el-renaper-realizara-durante-tres-dias-un-operativo-de-documentacion-en-distintos-puntos-de-olavarria-y-loma-negra\/"]}]},{"@type":"BreadcrumbList","@id":"https:\/\/experienciadevida.com.ar\/portalurbano\/el-renaper-realizara-durante-tres-dias-un-operativo-de-documentacion-en-distintos-puntos-de-olavarria-y-loma-negra\/#breadcrumb","itemListElement":[{"@type":"ListItem","position":1,"name":"Portada","item":"https:\/\/experienciadevida.com.ar\/portalurbano\/"},{"@type":"ListItem","position":2,"name":"El RENAPER realizar\u00e1 durante tres d\u00edas un operativo de documentaci\u00f3n en distintos puntos de Olavarr\u00eda y Loma Negra"}]},{"@type":"WebSite","@id":"https:\/\/experienciadevida.com.ar\/portalurbano\/#website","url":"https:\/\/experienciadevida.com.ar\/portalurbano\/","name":"","description":"","publisher":{"@id":"https:\/\/experienciadevida.com.ar\/portalurbano\/#organization"},"potentialAction":[{"@type":"SearchAction","target":{"@type":"EntryPoint","urlTemplate":"https:\/\/experienciadevida.com.ar\/portalurbano\/?s={search_term_string}"},"query-input":"required name=search_term_string"}],"inLanguage":"es"},{"@type":"Organization","@id":"https:\/\/experienciadevida.com.ar\/portalurbano\/#organization","name":"Portal Urbano","url":"https:\/\/experienciadevida.com.ar\/portalurbano\/","logo":{"@type":"ImageObject","inLanguage":"es","@id":"https:\/\/experienciadevida.com.ar\/portalurbano\/#\/schema\/logo\/image\/","url":"https:\/\/experienciadevida.com.ar\/portalurbano\/wp-content\/uploads\/2019\/09\/Logo-Original.png","contentUrl":"https:\/\/experienciadevida.com.ar\/portalurbano\/wp-content\/uploads\/2019\/09\/Logo-Original.png","width":2236,"height":1216,"caption":"Portal Urbano"},"image":{"@id":"https:\/\/experienciadevida.com.ar\/portalurbano\/#\/schema\/logo\/image\/"},"sameAs":["https:\/\/www.facebook.com\/Portal-Urbano-171542830093757\/","https:\/\/twitter.com\/portalurbanook","https:\/\/www.instagram.com\/_portalurbano\/","https:\/\/www.youtube.com\/channel\/UCXhagIfszH8KxFiOok79zbA?view_as=subscriber"]},{"@type":"Person","@id":"https:\/\/experienciadevida.com.ar\/portalurbano\/#\/schema\/person\/02dd326b1c4b056e9cc972486934a3a7","name":"admpu17wp","image":{"@type":"ImageObject","inLanguage":"es","@id":"https:\/\/experienciadevida.com.ar\/portalurbano\/#\/schema\/person\/image\/","url":"https:\/\/secure.gravatar.com\/avatar\/830d4c57adaae6630765e449a6908047?s=96&d=mm&r=g","contentUrl":"https:\/\/secure.gravatar.com\/avatar\/830d4c57adaae6630765e449a6908047?s=96&d=mm&r=g","caption":"admpu17wp"}}]}},"featured_image_urls":{"full":["https:\/\/experienciadevida.com.ar\/portalurbano\/wp-content\/uploads\/2021\/05\/El-RENAPER-realizara-durante-tres.jpg",1280,960,false],"thumbnail":["https:\/\/experienciadevida.com.ar\/portalurbano\/wp-content\/uploads\/2021\/05\/El-RENAPER-realizara-durante-tres-150x150.jpg",150,150,true],"medium":["https:\/\/experienciadevida.com.ar\/portalurbano\/wp-content\/uploads\/2021\/05\/El-RENAPER-realizara-durante-tres-300x225.jpg",300,225,true],"medium_large":["https:\/\/experienciadevida.com.ar\/portalurbano\/wp-content\/uploads\/2021\/05\/El-RENAPER-realizara-durante-tres-768x576.jpg",640,480,true],"large":["https:\/\/experienciadevida.com.ar\/portalurbano\/wp-content\/uploads\/2021\/05\/El-RENAPER-realizara-durante-tres-1024x768.jpg",640,480,true],"ug_big":["https:\/\/experienciadevida.com.ar\/portalurbano\/wp-content\/uploads\/2021\/05\/El-RENAPER-realizara-durante-tres-768x576.jpg",768,576,true],"1536x1536":["https:\/\/experienciadevida.com.ar\/portalurbano\/wp-content\/uploads\/2021\/05\/El-RENAPER-realizara-durante-tres.jpg",1280,960,false],"2048x2048":["https:\/\/experienciadevida.com.ar\/portalurbano\/wp-content\/uploads\/2021\/05\/El-RENAPER-realizara-durante-tres.jpg",1280,960,false],"newsever-slider-full":["https:\/\/experienciadevida.com.ar\/portalurbano\/wp-content\/uploads\/2021\/05\/El-RENAPER-realizara-durante-tres.jpg",1127,845,false],"newsever-featured":["https:\/\/experienciadevida.com.ar\/portalurbano\/wp-content\/uploads\/2021\/05\/El-RENAPER-realizara-durante-tres.jpg",1024,768,false],"newsever-medium":["https:\/\/experienciadevida.com.ar\/portalurbano\/wp-content\/uploads\/2021\/05\/El-RENAPER-realizara-durante-tres.jpg",633,475,false],"web-stories-poster-portrait":["https:\/\/experienciadevida.com.ar\/portalurbano\/wp-content\/uploads\/2021\/05\/El-RENAPER-realizara-durante-tres.jpg",640,480,false],"web-stories-publisher-logo":["https:\/\/experienciadevida.com.ar\/portalurbano\/wp-content\/uploads\/2021\/05\/El-RENAPER-realizara-durante-tres.jpg",96,72,false],"web-stories-thumbnail":["https:\/\/experienciadevida.com.ar\/portalurbano\/wp-content\/uploads\/2021\/05\/El-RENAPER-realizara-durante-tres.jpg",150,113,false]},"author_info":{"display_name":"admpu17wp","author_link":"https:\/\/experienciadevida.com.ar\/portalurbano\/author\/admpu17wp\/"},"category_info":"<a href=\"https:\/\/experienciadevida.com.ar\/portalurbano\/category\/ciudad\/\" rel=\"category tag\">Ciudad<\/a> <a href=\"https:\/\/experienciadevida.com.ar\/portalurbano\/category\/destacadas-2\/\" rel=\"category tag\">Destacadas 2<\/a>","tag_info":"Destacadas 2","comment_count":"0","amp_enabled":true,"_links":{"self":[{"href":"https:\/\/experienciadevida.com.ar\/portalurbano\/wp-json\/wp\/v2\/posts\/142487"}],"collection":[{"href":"https:\/\/experienciadevida.com.ar\/portalurbano\/wp-json\/wp\/v2\/posts"}],"about":[{"href":"https:\/\/experienciadevida.com.ar\/portalurbano\/wp-json\/wp\/v2\/types\/post"}],"author":[{"embeddable":true,"href":"https:\/\/experienciadevida.com.ar\/portalurbano\/wp-json\/wp\/v2\/users\/1"}],"replies":[{"embeddable":true,"href":"https:\/\/experienciadevida.com.ar\/portalurbano\/wp-json\/wp\/v2\/comments?post=142487"}],"version-history":[{"count":3,"href":"https:\/\/experienciadevida.com.ar\/portalurbano\/wp-json\/wp\/v2\/posts\/142487\/revisions"}],"predecessor-version":[{"id":142492,"href":"https:\/\/experienciadevida.com.ar\/portalurbano\/wp-json\/wp\/v2\/posts\/142487\/revisions\/142492"}],"wp:featuredmedia":[{"embeddable":true,"href":"https:\/\/experienciadevida.com.ar\/portalurbano\/wp-json\/wp\/v2\/media\/142488"}],"wp:attachment":[{"href":"https:\/\/experienciadevida.com.ar\/portalurbano\/wp-json\/wp\/v2\/media?parent=142487"}],"wp:term":[{"taxonomy":"category","embeddable":true,"href":"https:\/\/experienciadevida.com.ar\/portalurbano\/wp-json\/wp\/v2\/categories?post=142487"},{"taxonomy":"post_tag","embeddable":true,"href":"https:\/\/experienciadevida.com.ar\/portalurbano\/wp-json\/wp\/v2\/tags?post=142487"}],"curies":[{"name":"wp","href":"https:\/\/api.w.org\/{rel}","templated":true}]}}