{"id":142402,"date":"2021-05-10T10:11:14","date_gmt":"2021-05-10T13:11:14","guid":{"rendered":"https:\/\/experienciadevida.com.ar\/portalurbano\/?p=142402"},"modified":"2021-05-10T10:12:19","modified_gmt":"2021-05-10T13:12:19","slug":"detuvieron-a-un-joven-tras-chocar-contra-un-cantero-y-querer-pegarle-a-la-policia","status":"publish","type":"post","link":"https:\/\/experienciadevida.com.ar\/portalurbano\/detuvieron-a-un-joven-tras-chocar-contra-un-cantero-y-querer-pegarle-a-la-policia\/","title":{"rendered":"Detuvieron a un joven tras chocar contra un cantero y querer pegarle a la polic\u00eda"},"content":{"rendered":"<p>El personal del comando de patrullas junto con comisar\u00eda segunda se dirigieron hacia la Avenida Urquiza al 3200 donde una camioneta se hab\u00eda subido arriba de la vereda impactando contra un cantero.<\/p>\n<p>Al llegar al lugar constatan la veracidad de los hechos pudiendo observar que una camioneta marca Toyota hab\u00eda provocado el da\u00f1o total de un cantero. Al solicitarle la documentaci\u00f3n correspondiente al conductor del veh\u00edculo, \u00e9ste comienza a querer pegarle al personal actuante sin llegar a lesionar alguno.<\/p>\n<p>Motivo por el cual se procedi\u00f3 a la aprehensi\u00f3n del joven de 29 a\u00f1os y se efectu\u00f3 al recogimiento de la camioneta chocada.<\/p>\n<p>En el hecho intervino la UFI n\u00b010 a cargo del Dr. Miguel Pi\u00f1ero.<\/p>\n<p><a href=\"https:\/\/experienciadevida.com.ar\/portalurbano\/detuvieron-a-un-joven-tras-chocar-contra-un-cantero-y-querer-pegarle-a-la-policia\/6a83e2d3-63cb-4caf-829b-a97b0f66679e\/\" rel=\"attachment wp-att-142406\"><img decoding=\"async\" class=\"alignnone size-large wp-image-142406\" src=\"https:\/\/experienciadevida.com.ar\/portalurbano\/wp-content\/uploads\/2021\/05\/6a83e2d3-63cb-4caf-829b-a97b0f66679e-1024x768.jpg\" alt=\"\" width=\"900\" height=\"675\" srcset=\"https:\/\/experienciadevida.com.ar\/portalurbano\/wp-content\/uploads\/2021\/05\/6a83e2d3-63cb-4caf-829b-a97b0f66679e-1024x768.jpg 1024w, https:\/\/experienciadevida.com.ar\/portalurbano\/wp-content\/uploads\/2021\/05\/6a83e2d3-63cb-4caf-829b-a97b0f66679e-300x225.jpg 300w, https:\/\/experienciadevida.com.ar\/portalurbano\/wp-content\/uploads\/2021\/05\/6a83e2d3-63cb-4caf-829b-a97b0f66679e-768x576.jpg 768w, https:\/\/experienciadevida.com.ar\/portalurbano\/wp-content\/uploads\/2021\/05\/6a83e2d3-63cb-4caf-829b-a97b0f66679e.jpg 1280w\" sizes=\"(max-width: 900px) 100vw, 900px\" \/><\/a><\/p>\n","protected":false},"excerpt":{"rendered":"<p>El personal del comando de patrullas junto con comisar\u00eda segunda se dirigieron hacia la Avenida&#8230;<\/p>\n","protected":false},"author":1,"featured_media":142403,"comment_status":"closed","ping_status":"closed","sticky":false,"template":"","format":"standard","meta":{"content-type":""},"categories":[64,40],"tags":[],"nelio_content":{"isAutoShareEnabled":false,"autoShareEndMode":"default","automationSources":{"useContentSentences":true,"useSocialTemplates":true,"useCustomSentences":false,"customSentences":[]},"followers":[1],"suggestedReferences":[],"includedReferences":[],"efiUrl":"","efiAlt":"","highlights":[]},"yoast_head":"<!-- This site is optimized with the Yoast SEO plugin v20.7 - https:\/\/yoast.com\/wordpress\/plugins\/seo\/ -->\n<title>Detuvieron a un joven tras chocar contra un cantero y querer pegarle a la polic\u00eda -<\/title>\n<meta name=\"robots\" content=\"index, follow, max-snippet:-1, max-image-preview:large, max-video-preview:-1\" \/>\n<link rel=\"canonical\" href=\"https:\/\/experienciadevida.com.ar\/portalurbano\/detuvieron-a-un-joven-tras-chocar-contra-un-cantero-y-querer-pegarle-a-la-policia\/\" \/>\n<meta property=\"og:locale\" content=\"es_ES\" \/>\n<meta property=\"og:type\" content=\"article\" \/>\n<meta property=\"og:title\" content=\"Detuvieron a un joven tras chocar contra un cantero y querer pegarle a la polic\u00eda -\" \/>\n<meta property=\"og:description\" content=\"El personal del comando de patrullas junto con comisar\u00eda segunda se dirigieron hacia la Avenida...\" \/>\n<meta property=\"og:url\" content=\"https:\/\/experienciadevida.com.ar\/portalurbano\/detuvieron-a-un-joven-tras-chocar-contra-un-cantero-y-querer-pegarle-a-la-policia\/\" \/>\n<meta property=\"article:publisher\" content=\"https:\/\/www.facebook.com\/Portal-Urbano-171542830093757\/\" \/>\n<meta property=\"article:published_time\" content=\"2021-05-10T13:11:14+00:00\" \/>\n<meta property=\"article:modified_time\" content=\"2021-05-10T13:12:19+00:00\" \/>\n<meta property=\"og:image\" content=\"https:\/\/experienciadevida.com.ar\/portalurbano\/wp-content\/uploads\/2021\/05\/781395f4-41ea-4b0f-bdd5-4db7f7242f28.jpg\" \/>\n\t<meta property=\"og:image:width\" content=\"960\" \/>\n\t<meta property=\"og:image:height\" content=\"640\" \/>\n\t<meta property=\"og:image:type\" content=\"image\/jpeg\" \/>\n<meta name=\"author\" content=\"admpu17wp\" \/>\n<meta name=\"twitter:card\" content=\"summary_large_image\" \/>\n<meta name=\"twitter:creator\" content=\"@portalurbanook\" \/>\n<meta name=\"twitter:site\" content=\"@portalurbanook\" \/>\n<meta name=\"twitter:label1\" content=\"Escrito por\" \/>\n\t<meta name=\"twitter:data1\" content=\"admpu17wp\" \/>\n\t<meta name=\"twitter:label2\" content=\"Tiempo de lectura\" \/>\n\t<meta name=\"twitter:data2\" content=\"1 minuto\" \/>\n<script type=\"application\/ld+json\" class=\"yoast-schema-graph\">{\"@context\":\"https:\/\/schema.org\",\"@graph\":[{\"@type\":\"Article\",\"@id\":\"https:\/\/experienciadevida.com.ar\/portalurbano\/detuvieron-a-un-joven-tras-chocar-contra-un-cantero-y-querer-pegarle-a-la-policia\/#article\",\"isPartOf\":{\"@id\":\"https:\/\/experienciadevida.com.ar\/portalurbano\/detuvieron-a-un-joven-tras-chocar-contra-un-cantero-y-querer-pegarle-a-la-policia\/\"},\"author\":{\"name\":\"admpu17wp\",\"@id\":\"https:\/\/experienciadevida.com.ar\/portalurbano\/#\/schema\/person\/02dd326b1c4b056e9cc972486934a3a7\"},\"headline\":\"Detuvieron a un joven tras chocar contra un cantero y querer pegarle a la polic\u00eda\",\"datePublished\":\"2021-05-10T13:11:14+00:00\",\"dateModified\":\"2021-05-10T13:12:19+00:00\",\"mainEntityOfPage\":{\"@id\":\"https:\/\/experienciadevida.com.ar\/portalurbano\/detuvieron-a-un-joven-tras-chocar-contra-un-cantero-y-querer-pegarle-a-la-policia\/\"},\"wordCount\":138,\"publisher\":{\"@id\":\"https:\/\/experienciadevida.com.ar\/portalurbano\/#organization\"},\"articleSection\":[\"Destacadas 2\",\"Policiales\"],\"inLanguage\":\"es\"},{\"@type\":\"WebPage\",\"@id\":\"https:\/\/experienciadevida.com.ar\/portalurbano\/detuvieron-a-un-joven-tras-chocar-contra-un-cantero-y-querer-pegarle-a-la-policia\/\",\"url\":\"https:\/\/experienciadevida.com.ar\/portalurbano\/detuvieron-a-un-joven-tras-chocar-contra-un-cantero-y-querer-pegarle-a-la-policia\/\",\"name\":\"Detuvieron a un joven tras chocar contra un cantero y querer pegarle a la polic\u00eda -\",\"isPartOf\":{\"@id\":\"https:\/\/experienciadevida.com.ar\/portalurbano\/#website\"},\"datePublished\":\"2021-05-10T13:11:14+00:00\",\"dateModified\":\"2021-05-10T13:12:19+00:00\",\"breadcrumb\":{\"@id\":\"https:\/\/experienciadevida.com.ar\/portalurbano\/detuvieron-a-un-joven-tras-chocar-contra-un-cantero-y-querer-pegarle-a-la-policia\/#breadcrumb\"},\"inLanguage\":\"es\",\"potentialAction\":[{\"@type\":\"ReadAction\",\"target\":[\"https:\/\/experienciadevida.com.ar\/portalurbano\/detuvieron-a-un-joven-tras-chocar-contra-un-cantero-y-querer-pegarle-a-la-policia\/\"]}]},{\"@type\":\"BreadcrumbList\",\"@id\":\"https:\/\/experienciadevida.com.ar\/portalurbano\/detuvieron-a-un-joven-tras-chocar-contra-un-cantero-y-querer-pegarle-a-la-policia\/#breadcrumb\",\"itemListElement\":[{\"@type\":\"ListItem\",\"position\":1,\"name\":\"Portada\",\"item\":\"https:\/\/experienciadevida.com.ar\/portalurbano\/\"},{\"@type\":\"ListItem\",\"position\":2,\"name\":\"Detuvieron a un joven tras chocar contra un cantero y querer pegarle a la polic\u00eda\"}]},{\"@type\":\"WebSite\",\"@id\":\"https:\/\/experienciadevida.com.ar\/portalurbano\/#website\",\"url\":\"https:\/\/experienciadevida.com.ar\/portalurbano\/\",\"name\":\"\",\"description\":\"\",\"publisher\":{\"@id\":\"https:\/\/experienciadevida.com.ar\/portalurbano\/#organization\"},\"potentialAction\":[{\"@type\":\"SearchAction\",\"target\":{\"@type\":\"EntryPoint\",\"urlTemplate\":\"https:\/\/experienciadevida.com.ar\/portalurbano\/?s={search_term_string}\"},\"query-input\":\"required name=search_term_string\"}],\"inLanguage\":\"es\"},{\"@type\":\"Organization\",\"@id\":\"https:\/\/experienciadevida.com.ar\/portalurbano\/#organization\",\"name\":\"Portal Urbano\",\"url\":\"https:\/\/experienciadevida.com.ar\/portalurbano\/\",\"logo\":{\"@type\":\"ImageObject\",\"inLanguage\":\"es\",\"@id\":\"https:\/\/experienciadevida.com.ar\/portalurbano\/#\/schema\/logo\/image\/\",\"url\":\"https:\/\/experienciadevida.com.ar\/portalurbano\/wp-content\/uploads\/2019\/09\/Logo-Original.png\",\"contentUrl\":\"https:\/\/experienciadevida.com.ar\/portalurbano\/wp-content\/uploads\/2019\/09\/Logo-Original.png\",\"width\":2236,\"height\":1216,\"caption\":\"Portal Urbano\"},\"image\":{\"@id\":\"https:\/\/experienciadevida.com.ar\/portalurbano\/#\/schema\/logo\/image\/\"},\"sameAs\":[\"https:\/\/www.facebook.com\/Portal-Urbano-171542830093757\/\",\"https:\/\/twitter.com\/portalurbanook\",\"https:\/\/www.instagram.com\/_portalurbano\/\",\"https:\/\/www.youtube.com\/channel\/UCXhagIfszH8KxFiOok79zbA?view_as=subscriber\"]},{\"@type\":\"Person\",\"@id\":\"https:\/\/experienciadevida.com.ar\/portalurbano\/#\/schema\/person\/02dd326b1c4b056e9cc972486934a3a7\",\"name\":\"admpu17wp\",\"image\":{\"@type\":\"ImageObject\",\"inLanguage\":\"es\",\"@id\":\"https:\/\/experienciadevida.com.ar\/portalurbano\/#\/schema\/person\/image\/\",\"url\":\"https:\/\/secure.gravatar.com\/avatar\/830d4c57adaae6630765e449a6908047?s=96&d=mm&r=g\",\"contentUrl\":\"https:\/\/secure.gravatar.com\/avatar\/830d4c57adaae6630765e449a6908047?s=96&d=mm&r=g\",\"caption\":\"admpu17wp\"}}]}<\/script>\n<!-- \/ Yoast SEO plugin. -->","yoast_head_json":{"title":"Detuvieron a un joven tras chocar contra un cantero y querer pegarle a la polic\u00eda -","robots":{"index":"index","follow":"follow","max-snippet":"max-snippet:-1","max-image-preview":"max-image-preview:large","max-video-preview":"max-video-preview:-1"},"canonical":"https:\/\/experienciadevida.com.ar\/portalurbano\/detuvieron-a-un-joven-tras-chocar-contra-un-cantero-y-querer-pegarle-a-la-policia\/","og_locale":"es_ES","og_type":"article","og_title":"Detuvieron a un joven tras chocar contra un cantero y querer pegarle a la polic\u00eda -","og_description":"El personal del comando de patrullas junto con comisar\u00eda segunda se dirigieron hacia la Avenida...","og_url":"https:\/\/experienciadevida.com.ar\/portalurbano\/detuvieron-a-un-joven-tras-chocar-contra-un-cantero-y-querer-pegarle-a-la-policia\/","article_publisher":"https:\/\/www.facebook.com\/Portal-Urbano-171542830093757\/","article_published_time":"2021-05-10T13:11:14+00:00","article_modified_time":"2021-05-10T13:12:19+00:00","og_image":[{"width":960,"height":640,"url":"https:\/\/experienciadevida.com.ar\/portalurbano\/wp-content\/uploads\/2021\/05\/781395f4-41ea-4b0f-bdd5-4db7f7242f28.jpg","type":"image\/jpeg"}],"author":"admpu17wp","twitter_card":"summary_large_image","twitter_creator":"@portalurbanook","twitter_site":"@portalurbanook","twitter_misc":{"Escrito por":"admpu17wp","Tiempo de lectura":"1 minuto"},"schema":{"@context":"https:\/\/schema.org","@graph":[{"@type":"Article","@id":"https:\/\/experienciadevida.com.ar\/portalurbano\/detuvieron-a-un-joven-tras-chocar-contra-un-cantero-y-querer-pegarle-a-la-policia\/#article","isPartOf":{"@id":"https:\/\/experienciadevida.com.ar\/portalurbano\/detuvieron-a-un-joven-tras-chocar-contra-un-cantero-y-querer-pegarle-a-la-policia\/"},"author":{"name":"admpu17wp","@id":"https:\/\/experienciadevida.com.ar\/portalurbano\/#\/schema\/person\/02dd326b1c4b056e9cc972486934a3a7"},"headline":"Detuvieron a un joven tras chocar contra un cantero y querer pegarle a la polic\u00eda","datePublished":"2021-05-10T13:11:14+00:00","dateModified":"2021-05-10T13:12:19+00:00","mainEntityOfPage":{"@id":"https:\/\/experienciadevida.com.ar\/portalurbano\/detuvieron-a-un-joven-tras-chocar-contra-un-cantero-y-querer-pegarle-a-la-policia\/"},"wordCount":138,"publisher":{"@id":"https:\/\/experienciadevida.com.ar\/portalurbano\/#organization"},"articleSection":["Destacadas 2","Policiales"],"inLanguage":"es"},{"@type":"WebPage","@id":"https:\/\/experienciadevida.com.ar\/portalurbano\/detuvieron-a-un-joven-tras-chocar-contra-un-cantero-y-querer-pegarle-a-la-policia\/","url":"https:\/\/experienciadevida.com.ar\/portalurbano\/detuvieron-a-un-joven-tras-chocar-contra-un-cantero-y-querer-pegarle-a-la-policia\/","name":"Detuvieron a un joven tras chocar contra un cantero y querer pegarle a la polic\u00eda -","isPartOf":{"@id":"https:\/\/experienciadevida.com.ar\/portalurbano\/#website"},"datePublished":"2021-05-10T13:11:14+00:00","dateModified":"2021-05-10T13:12:19+00:00","breadcrumb":{"@id":"https:\/\/experienciadevida.com.ar\/portalurbano\/detuvieron-a-un-joven-tras-chocar-contra-un-cantero-y-querer-pegarle-a-la-policia\/#breadcrumb"},"inLanguage":"es","potentialAction":[{"@type":"ReadAction","target":["https:\/\/experienciadevida.com.ar\/portalurbano\/detuvieron-a-un-joven-tras-chocar-contra-un-cantero-y-querer-pegarle-a-la-policia\/"]}]},{"@type":"BreadcrumbList","@id":"https:\/\/experienciadevida.com.ar\/portalurbano\/detuvieron-a-un-joven-tras-chocar-contra-un-cantero-y-querer-pegarle-a-la-policia\/#breadcrumb","itemListElement":[{"@type":"ListItem","position":1,"name":"Portada","item":"https:\/\/experienciadevida.com.ar\/portalurbano\/"},{"@type":"ListItem","position":2,"name":"Detuvieron a un joven tras chocar contra un cantero y querer pegarle a la polic\u00eda"}]},{"@type":"WebSite","@id":"https:\/\/experienciadevida.com.ar\/portalurbano\/#website","url":"https:\/\/experienciadevida.com.ar\/portalurbano\/","name":"","description":"","publisher":{"@id":"https:\/\/experienciadevida.com.ar\/portalurbano\/#organization"},"potentialAction":[{"@type":"SearchAction","target":{"@type":"EntryPoint","urlTemplate":"https:\/\/experienciadevida.com.ar\/portalurbano\/?s={search_term_string}"},"query-input":"required name=search_term_string"}],"inLanguage":"es"},{"@type":"Organization","@id":"https:\/\/experienciadevida.com.ar\/portalurbano\/#organization","name":"Portal Urbano","url":"https:\/\/experienciadevida.com.ar\/portalurbano\/","logo":{"@type":"ImageObject","inLanguage":"es","@id":"https:\/\/experienciadevida.com.ar\/portalurbano\/#\/schema\/logo\/image\/","url":"https:\/\/experienciadevida.com.ar\/portalurbano\/wp-content\/uploads\/2019\/09\/Logo-Original.png","contentUrl":"https:\/\/experienciadevida.com.ar\/portalurbano\/wp-content\/uploads\/2019\/09\/Logo-Original.png","width":2236,"height":1216,"caption":"Portal Urbano"},"image":{"@id":"https:\/\/experienciadevida.com.ar\/portalurbano\/#\/schema\/logo\/image\/"},"sameAs":["https:\/\/www.facebook.com\/Portal-Urbano-171542830093757\/","https:\/\/twitter.com\/portalurbanook","https:\/\/www.instagram.com\/_portalurbano\/","https:\/\/www.youtube.com\/channel\/UCXhagIfszH8KxFiOok79zbA?view_as=subscriber"]},{"@type":"Person","@id":"https:\/\/experienciadevida.com.ar\/portalurbano\/#\/schema\/person\/02dd326b1c4b056e9cc972486934a3a7","name":"admpu17wp","image":{"@type":"ImageObject","inLanguage":"es","@id":"https:\/\/experienciadevida.com.ar\/portalurbano\/#\/schema\/person\/image\/","url":"https:\/\/secure.gravatar.com\/avatar\/830d4c57adaae6630765e449a6908047?s=96&d=mm&r=g","contentUrl":"https:\/\/secure.gravatar.com\/avatar\/830d4c57adaae6630765e449a6908047?s=96&d=mm&r=g","caption":"admpu17wp"}}]}},"featured_image_urls":{"full":["https:\/\/experienciadevida.com.ar\/portalurbano\/wp-content\/uploads\/2021\/05\/781395f4-41ea-4b0f-bdd5-4db7f7242f28.jpg",960,640,false],"thumbnail":["https:\/\/experienciadevida.com.ar\/portalurbano\/wp-content\/uploads\/2021\/05\/781395f4-41ea-4b0f-bdd5-4db7f7242f28-150x150.jpg",150,150,true],"medium":["https:\/\/experienciadevida.com.ar\/portalurbano\/wp-content\/uploads\/2021\/05\/781395f4-41ea-4b0f-bdd5-4db7f7242f28-300x200.jpg",300,200,true],"medium_large":["https:\/\/experienciadevida.com.ar\/portalurbano\/wp-content\/uploads\/2021\/05\/781395f4-41ea-4b0f-bdd5-4db7f7242f28-768x512.jpg",640,427,true],"large":["https:\/\/experienciadevida.com.ar\/portalurbano\/wp-content\/uploads\/2021\/05\/781395f4-41ea-4b0f-bdd5-4db7f7242f28.jpg",640,427,false],"ug_big":["https:\/\/experienciadevida.com.ar\/portalurbano\/wp-content\/uploads\/2021\/05\/781395f4-41ea-4b0f-bdd5-4db7f7242f28-768x512.jpg",768,512,true],"1536x1536":["https:\/\/experienciadevida.com.ar\/portalurbano\/wp-content\/uploads\/2021\/05\/781395f4-41ea-4b0f-bdd5-4db7f7242f28.jpg",960,640,false],"2048x2048":["https:\/\/experienciadevida.com.ar\/portalurbano\/wp-content\/uploads\/2021\/05\/781395f4-41ea-4b0f-bdd5-4db7f7242f28.jpg",960,640,false],"newsever-slider-full":["https:\/\/experienciadevida.com.ar\/portalurbano\/wp-content\/uploads\/2021\/05\/781395f4-41ea-4b0f-bdd5-4db7f7242f28.jpg",960,640,false],"newsever-featured":["https:\/\/experienciadevida.com.ar\/portalurbano\/wp-content\/uploads\/2021\/05\/781395f4-41ea-4b0f-bdd5-4db7f7242f28.jpg",960,640,false],"newsever-medium":["https:\/\/experienciadevida.com.ar\/portalurbano\/wp-content\/uploads\/2021\/05\/781395f4-41ea-4b0f-bdd5-4db7f7242f28.jpg",713,475,false],"web-stories-poster-portrait":["https:\/\/experienciadevida.com.ar\/portalurbano\/wp-content\/uploads\/2021\/05\/781395f4-41ea-4b0f-bdd5-4db7f7242f28.jpg",640,427,false],"web-stories-publisher-logo":["https:\/\/experienciadevida.com.ar\/portalurbano\/wp-content\/uploads\/2021\/05\/781395f4-41ea-4b0f-bdd5-4db7f7242f28.jpg",96,64,false],"web-stories-thumbnail":["https:\/\/experienciadevida.com.ar\/portalurbano\/wp-content\/uploads\/2021\/05\/781395f4-41ea-4b0f-bdd5-4db7f7242f28.jpg",150,100,false]},"author_info":{"display_name":"admpu17wp","author_link":"https:\/\/experienciadevida.com.ar\/portalurbano\/author\/admpu17wp\/"},"category_info":"<a href=\"https:\/\/experienciadevida.com.ar\/portalurbano\/category\/destacadas-2\/\" rel=\"category tag\">Destacadas 2<\/a> <a href=\"https:\/\/experienciadevida.com.ar\/portalurbano\/category\/policiales\/\" rel=\"category tag\">Policiales<\/a>","tag_info":"Policiales","comment_count":"0","amp_enabled":true,"_links":{"self":[{"href":"https:\/\/experienciadevida.com.ar\/portalurbano\/wp-json\/wp\/v2\/posts\/142402"}],"collection":[{"href":"https:\/\/experienciadevida.com.ar\/portalurbano\/wp-json\/wp\/v2\/posts"}],"about":[{"href":"https:\/\/experienciadevida.com.ar\/portalurbano\/wp-json\/wp\/v2\/types\/post"}],"author":[{"embeddable":true,"href":"https:\/\/experienciadevida.com.ar\/portalurbano\/wp-json\/wp\/v2\/users\/1"}],"replies":[{"embeddable":true,"href":"https:\/\/experienciadevida.com.ar\/portalurbano\/wp-json\/wp\/v2\/comments?post=142402"}],"version-history":[{"count":3,"href":"https:\/\/experienciadevida.com.ar\/portalurbano\/wp-json\/wp\/v2\/posts\/142402\/revisions"}],"predecessor-version":[{"id":142407,"href":"https:\/\/experienciadevida.com.ar\/portalurbano\/wp-json\/wp\/v2\/posts\/142402\/revisions\/142407"}],"wp:featuredmedia":[{"embeddable":true,"href":"https:\/\/experienciadevida.com.ar\/portalurbano\/wp-json\/wp\/v2\/media\/142403"}],"wp:attachment":[{"href":"https:\/\/experienciadevida.com.ar\/portalurbano\/wp-json\/wp\/v2\/media?parent=142402"}],"wp:term":[{"taxonomy":"category","embeddable":true,"href":"https:\/\/experienciadevida.com.ar\/portalurbano\/wp-json\/wp\/v2\/categories?post=142402"},{"taxonomy":"post_tag","embeddable":true,"href":"https:\/\/experienciadevida.com.ar\/portalurbano\/wp-json\/wp\/v2\/tags?post=142402"}],"curies":[{"name":"wp","href":"https:\/\/api.w.org\/{rel}","templated":true}]}}