{"id":142374,"date":"2021-05-09T11:09:20","date_gmt":"2021-05-09T14:09:20","guid":{"rendered":"https:\/\/experienciadevida.com.ar\/portalurbano\/?p=142374"},"modified":"2021-05-09T11:10:32","modified_gmt":"2021-05-09T14:10:32","slug":"no-nos-vamos-de-los-terrenos-hasta-tener-una-respuesta-a-nuestra-demanda-habitacional","status":"publish","type":"post","link":"https:\/\/experienciadevida.com.ar\/portalurbano\/no-nos-vamos-de-los-terrenos-hasta-tener-una-respuesta-a-nuestra-demanda-habitacional\/","title":{"rendered":"&#8220;No nos vamos de los terrenos hasta tener una respuesta a nuestra demanda habitacional&#8221;"},"content":{"rendered":"<p>&#8220;No nos vamos de los terrenos hasta tener una respuesta a nuestra demanda habitacional&#8221;, luego de la reuni\u00f3n del jueves con el gobierno municipal, provincial y el fiscal hemos realizado varias reuniones entre las y los vecinos donde planteamos que no estamos de acuerdo con el acta que se firm\u00f3.<\/p>\n<p><em>&#8220;Desmentimos que se hayan solucionado los problemas que las distintas familias atravesamos. No se dio ninguna soluci\u00f3n concreta a nuestra necesidad de acceder a un terreno para poder construir viviendas dignas. La gran mayor\u00eda ya estamos incluidos en el \u201cregistro de demanda habitacional\u201d, incluso desde hace a\u00f1os, pero el figurar en ese listado no nos ha solucionado nada&#8221;.<\/em><\/p>\n<p>Por otro lado &#8220;<em>Desde hace m\u00e1s de un mes que estamos luchando por la tierra y creemos que irnos de ac\u00e1 sin ninguna soluci\u00f3n concreta significa volver a girar por oficinas sin respuestas o ser visitados por trabajadoras sociales que ya conocen la realidad en la que vivimos y por la que nada se ha hecho hasta el momento. Por eso acordamos que no nos vamos a mover de los terrenos hasta no tener una respuesta real a nuestro pedido: tierra para vivir a todas las familias de la toma, as\u00ed figuremos en el censo o no&#8221;.<\/em><\/p>\n<p><em>&#8220;No nos vamos de los terrenos hasta tener una respuesta a nuestra demanda habitacional, Insistimos en el proyecto que hemos presentado en un primer momento como una posible soluci\u00f3n a nuestra situaci\u00f3n, en el que propusimos la entrega de los terrenos, la urbanizaci\u00f3n y autoconstrucci\u00f3n en las 9 manzanas que ocupamos. No hemos recibido ninguna respuesta a nuestro proyecto desde el gobierno municipal as\u00ed como tampoco del Concejo Deliberante. Hasta nuestra llegada, estos terrenos eran utilizados como vertedero de desechos y escombros, creando un basural a cielo abierto que al gobierno no le interesaba solucionar&#8221;.<\/em><\/p>\n<p>A su vez <em>&#8220;Denunciamos que desde el municipio, a trav\u00e9s de Mariano Ciancio y Diego Robbiani, se han realizado distintas maniobras para desarticular y dividir a los vecinos y vecinas desde un primer momento. Presionando, mintiendo y jugando con nuestras necesidades. La reuni\u00f3n del pasado jueves fue parte de estas maniobras, convocada sin previo aviso teni\u00e9ndonos que enterar por los diarios en la misma ma\u00f1ana que nos estaban citando a dialogar. Al momento de ingresar a la reuni\u00f3n, no se permiti\u00f3 que participaran todos nuestros representantes y se firm\u00f3 el acta sin consulta al conjunto de los vecinos. Ese acta no contiene soluciones reales, sino meras promesas que dudamos si se cumplir\u00e1n.&#8221;.<\/em><\/p>\n<p>Para finalizar remarcaron que &#8220;Es por esto que insistimos en permanecer en la toma y pedimos una nueva reuni\u00f3n con autoridades municipales, provinciales y de la justicia. Queremos que sea sin condicionamientos, pautada con anterioridad y en la que requerimos la presencia del Intendente <a href=\"https:\/\/www.facebook.com\/galliezequiel\">Ezequiel Galli<\/a>, quien no nos ha recibido en persona en todo este tiempo. Si realmente le interesa dar una soluci\u00f3n a este conflicto, debe escuchar a las y los vecinos para acordar, por escrito, la adjudicaci\u00f3n de las tierras a quienes las venimos reclamando&#8221;.<\/p>\n","protected":false},"excerpt":{"rendered":"<p>&#8220;No nos vamos de los terrenos hasta tener una respuesta a nuestra demanda habitacional&#8221;, luego&#8230;<\/p>\n","protected":false},"author":1,"featured_media":139507,"comment_status":"closed","ping_status":"closed","sticky":false,"template":"","format":"standard","meta":{"content-type":""},"categories":[27,64],"tags":[],"nelio_content":{"isAutoShareEnabled":false,"autoShareEndMode":"default","automationSources":{"useContentSentences":true,"useSocialTemplates":true,"useCustomSentences":false,"customSentences":[]},"followers":[1],"suggestedReferences":[],"includedReferences":[],"efiUrl":"","efiAlt":"","highlights":[]},"yoast_head":"<!-- This site is optimized with the Yoast SEO plugin v20.7 - https:\/\/yoast.com\/wordpress\/plugins\/seo\/ -->\n<title>&quot;No nos vamos de los terrenos hasta tener una respuesta a la demanda&quot;<\/title>\n<meta name=\"description\" content=\"&quot;No nos vamos de los terrenos hasta tener una respuesta a nuestra demanda habitacional&quot;, luego de la reuni\u00f3n del jueves con el gobierno .\" \/>\n<meta name=\"robots\" content=\"index, follow, max-snippet:-1, max-image-preview:large, max-video-preview:-1\" \/>\n<link rel=\"canonical\" href=\"https:\/\/experienciadevida.com.ar\/portalurbano\/no-nos-vamos-de-los-terrenos-hasta-tener-una-respuesta-a-nuestra-demanda-habitacional\/\" \/>\n<meta property=\"og:locale\" content=\"es_ES\" \/>\n<meta property=\"og:type\" content=\"article\" \/>\n<meta property=\"og:title\" content=\"&quot;No nos vamos de los terrenos hasta tener una respuesta a la demanda&quot;\" \/>\n<meta property=\"og:description\" content=\"&quot;No nos vamos de los terrenos hasta tener una respuesta a nuestra demanda habitacional&quot;, luego de la reuni\u00f3n del jueves con el gobierno .\" \/>\n<meta property=\"og:url\" content=\"https:\/\/experienciadevida.com.ar\/portalurbano\/no-nos-vamos-de-los-terrenos-hasta-tener-una-respuesta-a-nuestra-demanda-habitacional\/\" \/>\n<meta property=\"article:publisher\" content=\"https:\/\/www.facebook.com\/Portal-Urbano-171542830093757\/\" \/>\n<meta property=\"article:published_time\" content=\"2021-05-09T14:09:20+00:00\" \/>\n<meta property=\"article:modified_time\" content=\"2021-05-09T14:10:32+00:00\" \/>\n<meta property=\"og:image\" content=\"https:\/\/experienciadevida.com.ar\/portalurbano\/wp-content\/uploads\/2021\/04\/Tierra4.jpg\" \/>\n\t<meta property=\"og:image:width\" content=\"765\" \/>\n\t<meta property=\"og:image:height\" content=\"510\" \/>\n\t<meta property=\"og:image:type\" content=\"image\/jpeg\" \/>\n<meta name=\"author\" content=\"admpu17wp\" \/>\n<meta name=\"twitter:card\" content=\"summary_large_image\" \/>\n<meta name=\"twitter:creator\" content=\"@portalurbanook\" \/>\n<meta name=\"twitter:site\" content=\"@portalurbanook\" \/>\n<meta name=\"twitter:label1\" content=\"Escrito por\" \/>\n\t<meta name=\"twitter:data1\" content=\"admpu17wp\" \/>\n\t<meta name=\"twitter:label2\" content=\"Tiempo de lectura\" \/>\n\t<meta name=\"twitter:data2\" content=\"3 minutos\" \/>\n<script type=\"application\/ld+json\" class=\"yoast-schema-graph\">{\"@context\":\"https:\/\/schema.org\",\"@graph\":[{\"@type\":\"Article\",\"@id\":\"https:\/\/experienciadevida.com.ar\/portalurbano\/no-nos-vamos-de-los-terrenos-hasta-tener-una-respuesta-a-nuestra-demanda-habitacional\/#article\",\"isPartOf\":{\"@id\":\"https:\/\/experienciadevida.com.ar\/portalurbano\/no-nos-vamos-de-los-terrenos-hasta-tener-una-respuesta-a-nuestra-demanda-habitacional\/\"},\"author\":{\"name\":\"admpu17wp\",\"@id\":\"https:\/\/experienciadevida.com.ar\/portalurbano\/#\/schema\/person\/02dd326b1c4b056e9cc972486934a3a7\"},\"headline\":\"&#8220;No nos vamos de los terrenos hasta tener una respuesta a nuestra demanda habitacional&#8221;\",\"datePublished\":\"2021-05-09T14:09:20+00:00\",\"dateModified\":\"2021-05-09T14:10:32+00:00\",\"mainEntityOfPage\":{\"@id\":\"https:\/\/experienciadevida.com.ar\/portalurbano\/no-nos-vamos-de-los-terrenos-hasta-tener-una-respuesta-a-nuestra-demanda-habitacional\/\"},\"wordCount\":532,\"publisher\":{\"@id\":\"https:\/\/experienciadevida.com.ar\/portalurbano\/#organization\"},\"articleSection\":[\"Ciudad\",\"Destacadas 2\"],\"inLanguage\":\"es\"},{\"@type\":\"WebPage\",\"@id\":\"https:\/\/experienciadevida.com.ar\/portalurbano\/no-nos-vamos-de-los-terrenos-hasta-tener-una-respuesta-a-nuestra-demanda-habitacional\/\",\"url\":\"https:\/\/experienciadevida.com.ar\/portalurbano\/no-nos-vamos-de-los-terrenos-hasta-tener-una-respuesta-a-nuestra-demanda-habitacional\/\",\"name\":\"\\\"No nos vamos de los terrenos hasta tener una respuesta a la demanda\\\"\",\"isPartOf\":{\"@id\":\"https:\/\/experienciadevida.com.ar\/portalurbano\/#website\"},\"datePublished\":\"2021-05-09T14:09:20+00:00\",\"dateModified\":\"2021-05-09T14:10:32+00:00\",\"description\":\"\\\"No nos vamos de los terrenos hasta tener una respuesta a nuestra demanda habitacional\\\", luego de la reuni\u00f3n del jueves con el gobierno .\",\"breadcrumb\":{\"@id\":\"https:\/\/experienciadevida.com.ar\/portalurbano\/no-nos-vamos-de-los-terrenos-hasta-tener-una-respuesta-a-nuestra-demanda-habitacional\/#breadcrumb\"},\"inLanguage\":\"es\",\"potentialAction\":[{\"@type\":\"ReadAction\",\"target\":[\"https:\/\/experienciadevida.com.ar\/portalurbano\/no-nos-vamos-de-los-terrenos-hasta-tener-una-respuesta-a-nuestra-demanda-habitacional\/\"]}]},{\"@type\":\"BreadcrumbList\",\"@id\":\"https:\/\/experienciadevida.com.ar\/portalurbano\/no-nos-vamos-de-los-terrenos-hasta-tener-una-respuesta-a-nuestra-demanda-habitacional\/#breadcrumb\",\"itemListElement\":[{\"@type\":\"ListItem\",\"position\":1,\"name\":\"Portada\",\"item\":\"https:\/\/experienciadevida.com.ar\/portalurbano\/\"},{\"@type\":\"ListItem\",\"position\":2,\"name\":\"\u00abNo nos vamos de los terrenos hasta tener una respuesta a nuestra demanda habitacional\u00bb\"}]},{\"@type\":\"WebSite\",\"@id\":\"https:\/\/experienciadevida.com.ar\/portalurbano\/#website\",\"url\":\"https:\/\/experienciadevida.com.ar\/portalurbano\/\",\"name\":\"\",\"description\":\"\",\"publisher\":{\"@id\":\"https:\/\/experienciadevida.com.ar\/portalurbano\/#organization\"},\"potentialAction\":[{\"@type\":\"SearchAction\",\"target\":{\"@type\":\"EntryPoint\",\"urlTemplate\":\"https:\/\/experienciadevida.com.ar\/portalurbano\/?s={search_term_string}\"},\"query-input\":\"required name=search_term_string\"}],\"inLanguage\":\"es\"},{\"@type\":\"Organization\",\"@id\":\"https:\/\/experienciadevida.com.ar\/portalurbano\/#organization\",\"name\":\"Portal Urbano\",\"url\":\"https:\/\/experienciadevida.com.ar\/portalurbano\/\",\"logo\":{\"@type\":\"ImageObject\",\"inLanguage\":\"es\",\"@id\":\"https:\/\/experienciadevida.com.ar\/portalurbano\/#\/schema\/logo\/image\/\",\"url\":\"https:\/\/experienciadevida.com.ar\/portalurbano\/wp-content\/uploads\/2019\/09\/Logo-Original.png\",\"contentUrl\":\"https:\/\/experienciadevida.com.ar\/portalurbano\/wp-content\/uploads\/2019\/09\/Logo-Original.png\",\"width\":2236,\"height\":1216,\"caption\":\"Portal Urbano\"},\"image\":{\"@id\":\"https:\/\/experienciadevida.com.ar\/portalurbano\/#\/schema\/logo\/image\/\"},\"sameAs\":[\"https:\/\/www.facebook.com\/Portal-Urbano-171542830093757\/\",\"https:\/\/twitter.com\/portalurbanook\",\"https:\/\/www.instagram.com\/_portalurbano\/\",\"https:\/\/www.youtube.com\/channel\/UCXhagIfszH8KxFiOok79zbA?view_as=subscriber\"]},{\"@type\":\"Person\",\"@id\":\"https:\/\/experienciadevida.com.ar\/portalurbano\/#\/schema\/person\/02dd326b1c4b056e9cc972486934a3a7\",\"name\":\"admpu17wp\",\"image\":{\"@type\":\"ImageObject\",\"inLanguage\":\"es\",\"@id\":\"https:\/\/experienciadevida.com.ar\/portalurbano\/#\/schema\/person\/image\/\",\"url\":\"https:\/\/secure.gravatar.com\/avatar\/830d4c57adaae6630765e449a6908047?s=96&d=mm&r=g\",\"contentUrl\":\"https:\/\/secure.gravatar.com\/avatar\/830d4c57adaae6630765e449a6908047?s=96&d=mm&r=g\",\"caption\":\"admpu17wp\"}}]}<\/script>\n<!-- \/ Yoast SEO plugin. -->","yoast_head_json":{"title":"\"No nos vamos de los terrenos hasta tener una respuesta a la demanda\"","description":"\"No nos vamos de los terrenos hasta tener una respuesta a nuestra demanda habitacional\", luego de la reuni\u00f3n del jueves con el gobierno .","robots":{"index":"index","follow":"follow","max-snippet":"max-snippet:-1","max-image-preview":"max-image-preview:large","max-video-preview":"max-video-preview:-1"},"canonical":"https:\/\/experienciadevida.com.ar\/portalurbano\/no-nos-vamos-de-los-terrenos-hasta-tener-una-respuesta-a-nuestra-demanda-habitacional\/","og_locale":"es_ES","og_type":"article","og_title":"\"No nos vamos de los terrenos hasta tener una respuesta a la demanda\"","og_description":"\"No nos vamos de los terrenos hasta tener una respuesta a nuestra demanda habitacional\", luego de la reuni\u00f3n del jueves con el gobierno .","og_url":"https:\/\/experienciadevida.com.ar\/portalurbano\/no-nos-vamos-de-los-terrenos-hasta-tener-una-respuesta-a-nuestra-demanda-habitacional\/","article_publisher":"https:\/\/www.facebook.com\/Portal-Urbano-171542830093757\/","article_published_time":"2021-05-09T14:09:20+00:00","article_modified_time":"2021-05-09T14:10:32+00:00","og_image":[{"width":765,"height":510,"url":"https:\/\/experienciadevida.com.ar\/portalurbano\/wp-content\/uploads\/2021\/04\/Tierra4.jpg","type":"image\/jpeg"}],"author":"admpu17wp","twitter_card":"summary_large_image","twitter_creator":"@portalurbanook","twitter_site":"@portalurbanook","twitter_misc":{"Escrito por":"admpu17wp","Tiempo de lectura":"3 minutos"},"schema":{"@context":"https:\/\/schema.org","@graph":[{"@type":"Article","@id":"https:\/\/experienciadevida.com.ar\/portalurbano\/no-nos-vamos-de-los-terrenos-hasta-tener-una-respuesta-a-nuestra-demanda-habitacional\/#article","isPartOf":{"@id":"https:\/\/experienciadevida.com.ar\/portalurbano\/no-nos-vamos-de-los-terrenos-hasta-tener-una-respuesta-a-nuestra-demanda-habitacional\/"},"author":{"name":"admpu17wp","@id":"https:\/\/experienciadevida.com.ar\/portalurbano\/#\/schema\/person\/02dd326b1c4b056e9cc972486934a3a7"},"headline":"&#8220;No nos vamos de los terrenos hasta tener una respuesta a nuestra demanda habitacional&#8221;","datePublished":"2021-05-09T14:09:20+00:00","dateModified":"2021-05-09T14:10:32+00:00","mainEntityOfPage":{"@id":"https:\/\/experienciadevida.com.ar\/portalurbano\/no-nos-vamos-de-los-terrenos-hasta-tener-una-respuesta-a-nuestra-demanda-habitacional\/"},"wordCount":532,"publisher":{"@id":"https:\/\/experienciadevida.com.ar\/portalurbano\/#organization"},"articleSection":["Ciudad","Destacadas 2"],"inLanguage":"es"},{"@type":"WebPage","@id":"https:\/\/experienciadevida.com.ar\/portalurbano\/no-nos-vamos-de-los-terrenos-hasta-tener-una-respuesta-a-nuestra-demanda-habitacional\/","url":"https:\/\/experienciadevida.com.ar\/portalurbano\/no-nos-vamos-de-los-terrenos-hasta-tener-una-respuesta-a-nuestra-demanda-habitacional\/","name":"\"No nos vamos de los terrenos hasta tener una respuesta a la demanda\"","isPartOf":{"@id":"https:\/\/experienciadevida.com.ar\/portalurbano\/#website"},"datePublished":"2021-05-09T14:09:20+00:00","dateModified":"2021-05-09T14:10:32+00:00","description":"\"No nos vamos de los terrenos hasta tener una respuesta a nuestra demanda habitacional\", luego de la reuni\u00f3n del jueves con el gobierno .","breadcrumb":{"@id":"https:\/\/experienciadevida.com.ar\/portalurbano\/no-nos-vamos-de-los-terrenos-hasta-tener-una-respuesta-a-nuestra-demanda-habitacional\/#breadcrumb"},"inLanguage":"es","potentialAction":[{"@type":"ReadAction","target":["https:\/\/experienciadevida.com.ar\/portalurbano\/no-nos-vamos-de-los-terrenos-hasta-tener-una-respuesta-a-nuestra-demanda-habitacional\/"]}]},{"@type":"BreadcrumbList","@id":"https:\/\/experienciadevida.com.ar\/portalurbano\/no-nos-vamos-de-los-terrenos-hasta-tener-una-respuesta-a-nuestra-demanda-habitacional\/#breadcrumb","itemListElement":[{"@type":"ListItem","position":1,"name":"Portada","item":"https:\/\/experienciadevida.com.ar\/portalurbano\/"},{"@type":"ListItem","position":2,"name":"\u00abNo nos vamos de los terrenos hasta tener una respuesta a nuestra demanda habitacional\u00bb"}]},{"@type":"WebSite","@id":"https:\/\/experienciadevida.com.ar\/portalurbano\/#website","url":"https:\/\/experienciadevida.com.ar\/portalurbano\/","name":"","description":"","publisher":{"@id":"https:\/\/experienciadevida.com.ar\/portalurbano\/#organization"},"potentialAction":[{"@type":"SearchAction","target":{"@type":"EntryPoint","urlTemplate":"https:\/\/experienciadevida.com.ar\/portalurbano\/?s={search_term_string}"},"query-input":"required name=search_term_string"}],"inLanguage":"es"},{"@type":"Organization","@id":"https:\/\/experienciadevida.com.ar\/portalurbano\/#organization","name":"Portal Urbano","url":"https:\/\/experienciadevida.com.ar\/portalurbano\/","logo":{"@type":"ImageObject","inLanguage":"es","@id":"https:\/\/experienciadevida.com.ar\/portalurbano\/#\/schema\/logo\/image\/","url":"https:\/\/experienciadevida.com.ar\/portalurbano\/wp-content\/uploads\/2019\/09\/Logo-Original.png","contentUrl":"https:\/\/experienciadevida.com.ar\/portalurbano\/wp-content\/uploads\/2019\/09\/Logo-Original.png","width":2236,"height":1216,"caption":"Portal Urbano"},"image":{"@id":"https:\/\/experienciadevida.com.ar\/portalurbano\/#\/schema\/logo\/image\/"},"sameAs":["https:\/\/www.facebook.com\/Portal-Urbano-171542830093757\/","https:\/\/twitter.com\/portalurbanook","https:\/\/www.instagram.com\/_portalurbano\/","https:\/\/www.youtube.com\/channel\/UCXhagIfszH8KxFiOok79zbA?view_as=subscriber"]},{"@type":"Person","@id":"https:\/\/experienciadevida.com.ar\/portalurbano\/#\/schema\/person\/02dd326b1c4b056e9cc972486934a3a7","name":"admpu17wp","image":{"@type":"ImageObject","inLanguage":"es","@id":"https:\/\/experienciadevida.com.ar\/portalurbano\/#\/schema\/person\/image\/","url":"https:\/\/secure.gravatar.com\/avatar\/830d4c57adaae6630765e449a6908047?s=96&d=mm&r=g","contentUrl":"https:\/\/secure.gravatar.com\/avatar\/830d4c57adaae6630765e449a6908047?s=96&d=mm&r=g","caption":"admpu17wp"}}]}},"featured_image_urls":{"full":["https:\/\/experienciadevida.com.ar\/portalurbano\/wp-content\/uploads\/2021\/04\/Tierra4.jpg",765,510,false],"thumbnail":["https:\/\/experienciadevida.com.ar\/portalurbano\/wp-content\/uploads\/2021\/04\/Tierra4-150x150.jpg",150,150,true],"medium":["https:\/\/experienciadevida.com.ar\/portalurbano\/wp-content\/uploads\/2021\/04\/Tierra4-300x200.jpg",300,200,true],"medium_large":["https:\/\/experienciadevida.com.ar\/portalurbano\/wp-content\/uploads\/2021\/04\/Tierra4.jpg",640,427,false],"large":["https:\/\/experienciadevida.com.ar\/portalurbano\/wp-content\/uploads\/2021\/04\/Tierra4.jpg",640,427,false],"ug_big":["https:\/\/experienciadevida.com.ar\/portalurbano\/wp-content\/uploads\/2021\/04\/Tierra4.jpg",765,510,false],"1536x1536":["https:\/\/experienciadevida.com.ar\/portalurbano\/wp-content\/uploads\/2021\/04\/Tierra4.jpg",765,510,false],"2048x2048":["https:\/\/experienciadevida.com.ar\/portalurbano\/wp-content\/uploads\/2021\/04\/Tierra4.jpg",765,510,false],"newsever-slider-full":["https:\/\/experienciadevida.com.ar\/portalurbano\/wp-content\/uploads\/2021\/04\/Tierra4.jpg",765,510,false],"newsever-featured":["https:\/\/experienciadevida.com.ar\/portalurbano\/wp-content\/uploads\/2021\/04\/Tierra4.jpg",765,510,false],"newsever-medium":["https:\/\/experienciadevida.com.ar\/portalurbano\/wp-content\/uploads\/2021\/04\/Tierra4.jpg",713,475,false],"web-stories-poster-portrait":["https:\/\/experienciadevida.com.ar\/portalurbano\/wp-content\/uploads\/2021\/04\/Tierra4.jpg",640,427,false],"web-stories-publisher-logo":["https:\/\/experienciadevida.com.ar\/portalurbano\/wp-content\/uploads\/2021\/04\/Tierra4.jpg",96,64,false],"web-stories-thumbnail":["https:\/\/experienciadevida.com.ar\/portalurbano\/wp-content\/uploads\/2021\/04\/Tierra4.jpg",150,100,false]},"author_info":{"display_name":"admpu17wp","author_link":"https:\/\/experienciadevida.com.ar\/portalurbano\/author\/admpu17wp\/"},"category_info":"<a href=\"https:\/\/experienciadevida.com.ar\/portalurbano\/category\/ciudad\/\" rel=\"category tag\">Ciudad<\/a> <a href=\"https:\/\/experienciadevida.com.ar\/portalurbano\/category\/destacadas-2\/\" rel=\"category tag\">Destacadas 2<\/a>","tag_info":"Destacadas 2","comment_count":"0","amp_enabled":true,"_links":{"self":[{"href":"https:\/\/experienciadevida.com.ar\/portalurbano\/wp-json\/wp\/v2\/posts\/142374"}],"collection":[{"href":"https:\/\/experienciadevida.com.ar\/portalurbano\/wp-json\/wp\/v2\/posts"}],"about":[{"href":"https:\/\/experienciadevida.com.ar\/portalurbano\/wp-json\/wp\/v2\/types\/post"}],"author":[{"embeddable":true,"href":"https:\/\/experienciadevida.com.ar\/portalurbano\/wp-json\/wp\/v2\/users\/1"}],"replies":[{"embeddable":true,"href":"https:\/\/experienciadevida.com.ar\/portalurbano\/wp-json\/wp\/v2\/comments?post=142374"}],"version-history":[{"count":1,"href":"https:\/\/experienciadevida.com.ar\/portalurbano\/wp-json\/wp\/v2\/posts\/142374\/revisions"}],"predecessor-version":[{"id":142375,"href":"https:\/\/experienciadevida.com.ar\/portalurbano\/wp-json\/wp\/v2\/posts\/142374\/revisions\/142375"}],"wp:featuredmedia":[{"embeddable":true,"href":"https:\/\/experienciadevida.com.ar\/portalurbano\/wp-json\/wp\/v2\/media\/139507"}],"wp:attachment":[{"href":"https:\/\/experienciadevida.com.ar\/portalurbano\/wp-json\/wp\/v2\/media?parent=142374"}],"wp:term":[{"taxonomy":"category","embeddable":true,"href":"https:\/\/experienciadevida.com.ar\/portalurbano\/wp-json\/wp\/v2\/categories?post=142374"},{"taxonomy":"post_tag","embeddable":true,"href":"https:\/\/experienciadevida.com.ar\/portalurbano\/wp-json\/wp\/v2\/tags?post=142374"}],"curies":[{"name":"wp","href":"https:\/\/api.w.org\/{rel}","templated":true}]}}