{"id":142255,"date":"2021-05-07T14:58:19","date_gmt":"2021-05-07T17:58:19","guid":{"rendered":"https:\/\/experienciadevida.com.ar\/portalurbano\/?p=142255"},"modified":"2021-05-07T15:01:13","modified_gmt":"2021-05-07T18:01:13","slug":"se-realizaron-trabajos-de-limpieza-desde-ruta-nacional-no-226-y-m-lebensohn","status":"publish","type":"post","link":"https:\/\/experienciadevida.com.ar\/portalurbano\/se-realizaron-trabajos-de-limpieza-desde-ruta-nacional-no-226-y-m-lebensohn\/","title":{"rendered":"Se realizaron trabajos de limpieza desde Ruta Nacional N\u00ba 226 y M. Lebensohn"},"content":{"rendered":"<p>Se realizaron trabajos de limpieza desde Ruta Nacional N\u00ba 226 y M. Lebensohn, desde la secretar\u00eda de mantenimiento y obras p\u00fablicas inform\u00f3 que con recursos propios se llevaron a cabo los trabajos.<\/p>\n<p>Seg\u00fan se indic\u00f3 desde la Direcci\u00f3n de Hidra\u00falica las tareas que se desarrollaron en una extensi\u00f3n de 500 metros, permitir\u00e1n beneficiar a los vecinos de los barrios UOCRA I y II, CECO II, H. Yrigoyen y Luj\u00e1n.<\/p>\n<p>Dicha limpieza \u2013que fue ejecutada con una retroexcavadora y camiones- aumentar\u00e1 la capacidad del cauce y facilitar\u00e1 la evacuaci\u00f3n del agua, especialmente en el per\u00edodo estival de lluvias.<\/p>\n<p>Se realizaron trabajos de limpieza desde ruta nacional n\u00b0226 y M. Lebensohon, Por \u00faltimo, se solicit\u00f3 a la comunidad evitar arrojar residuos en el sector, con la finalidad de colaborar con las tareas de mantenimiento y limpieza de dicho canal, que es fundamental teniendo en cuenta que recibe el agua de diferentes sectores de la ciudad.<\/p>\n<p><a href=\"https:\/\/experienciadevida.com.ar\/portalurbano\/se-realizaron-trabajos-de-limpieza-desde-ruta-nacional-no-226-y-m-lebensohn\/se-realizaron-trabajos\/\" rel=\"attachment wp-att-142260\"><img decoding=\"async\" class=\"alignnone size-full wp-image-142260\" src=\"https:\/\/experienciadevida.com.ar\/portalurbano\/wp-content\/uploads\/2021\/05\/Se-realizaron-trabajos.jpeg\" alt=\"Se realizaron trabajos \" width=\"1181\" height=\"787\" srcset=\"https:\/\/experienciadevida.com.ar\/portalurbano\/wp-content\/uploads\/2021\/05\/Se-realizaron-trabajos.jpeg 1181w, https:\/\/experienciadevida.com.ar\/portalurbano\/wp-content\/uploads\/2021\/05\/Se-realizaron-trabajos-300x200.jpeg 300w, https:\/\/experienciadevida.com.ar\/portalurbano\/wp-content\/uploads\/2021\/05\/Se-realizaron-trabajos-1024x682.jpeg 1024w, https:\/\/experienciadevida.com.ar\/portalurbano\/wp-content\/uploads\/2021\/05\/Se-realizaron-trabajos-768x512.jpeg 768w\" sizes=\"(max-width: 1181px) 100vw, 1181px\" \/><\/a><\/p>\n<p><a href=\"https:\/\/experienciadevida.com.ar\/portalurbano\/se-realizaron-trabajos-de-limpieza-desde-ruta-nacional-no-226-y-m-lebensohn\/trabajos-6\/\" rel=\"attachment wp-att-142261\"><img decoding=\"async\" class=\"alignnone size-full wp-image-142261\" src=\"https:\/\/experienciadevida.com.ar\/portalurbano\/wp-content\/uploads\/2021\/05\/trabajos.jpeg\" alt=\"trabajos \" width=\"1181\" height=\"787\" srcset=\"https:\/\/experienciadevida.com.ar\/portalurbano\/wp-content\/uploads\/2021\/05\/trabajos.jpeg 1181w, https:\/\/experienciadevida.com.ar\/portalurbano\/wp-content\/uploads\/2021\/05\/trabajos-300x200.jpeg 300w, https:\/\/experienciadevida.com.ar\/portalurbano\/wp-content\/uploads\/2021\/05\/trabajos-1024x682.jpeg 1024w, https:\/\/experienciadevida.com.ar\/portalurbano\/wp-content\/uploads\/2021\/05\/trabajos-768x512.jpeg 768w\" sizes=\"(max-width: 1181px) 100vw, 1181px\" \/><\/a><\/p>\n","protected":false},"excerpt":{"rendered":"<p>Se realizaron trabajos de limpieza desde Ruta Nacional N\u00ba 226 y M. Lebensohn, desde la&#8230;<\/p>\n","protected":false},"author":1,"featured_media":142256,"comment_status":"closed","ping_status":"closed","sticky":false,"template":"","format":"standard","meta":{"content-type":""},"categories":[27,64],"tags":[],"nelio_content":{"isAutoShareEnabled":false,"autoShareEndMode":"default","automationSources":{"useContentSentences":true,"useSocialTemplates":true,"useCustomSentences":false,"customSentences":[]},"followers":[1],"suggestedReferences":[],"includedReferences":[],"efiUrl":"","efiAlt":"","highlights":[]},"yoast_head":"<!-- This site is optimized with the Yoast SEO plugin v20.7 - https:\/\/yoast.com\/wordpress\/plugins\/seo\/ -->\n<title>Se realizaron trabajos de limpieza desde Ruta 226 y M. Lebensohn<\/title>\n<meta name=\"description\" content=\"Se realizaron trabajos de limpieza desde Ruta Nacional N\u00ba 226 y M. Lebensohn, desde la secretar\u00eda de mantenimiento y obras p\u00fablicas.\" \/>\n<meta name=\"robots\" content=\"index, follow, max-snippet:-1, max-image-preview:large, max-video-preview:-1\" \/>\n<link rel=\"canonical\" href=\"https:\/\/experienciadevida.com.ar\/portalurbano\/se-realizaron-trabajos-de-limpieza-desde-ruta-nacional-no-226-y-m-lebensohn\/\" \/>\n<meta property=\"og:locale\" content=\"es_ES\" \/>\n<meta property=\"og:type\" content=\"article\" \/>\n<meta property=\"og:title\" content=\"Se realizaron trabajos de limpieza desde Ruta 226 y M. Lebensohn\" \/>\n<meta property=\"og:description\" content=\"Se realizaron trabajos de limpieza desde Ruta Nacional N\u00ba 226 y M. Lebensohn, desde la secretar\u00eda de mantenimiento y obras p\u00fablicas.\" \/>\n<meta property=\"og:url\" content=\"https:\/\/experienciadevida.com.ar\/portalurbano\/se-realizaron-trabajos-de-limpieza-desde-ruta-nacional-no-226-y-m-lebensohn\/\" \/>\n<meta property=\"article:publisher\" content=\"https:\/\/www.facebook.com\/Portal-Urbano-171542830093757\/\" \/>\n<meta property=\"article:published_time\" content=\"2021-05-07T17:58:19+00:00\" \/>\n<meta property=\"article:modified_time\" content=\"2021-05-07T18:01:13+00:00\" \/>\n<meta property=\"og:image\" content=\"https:\/\/experienciadevida.com.ar\/portalurbano\/wp-content\/uploads\/2021\/05\/Se-realizaron-trabajos-de-limpieza.jpeg\" \/>\n\t<meta property=\"og:image:width\" content=\"1181\" \/>\n\t<meta property=\"og:image:height\" content=\"787\" \/>\n\t<meta property=\"og:image:type\" content=\"image\/jpeg\" \/>\n<meta name=\"author\" content=\"admpu17wp\" \/>\n<meta name=\"twitter:card\" content=\"summary_large_image\" \/>\n<meta name=\"twitter:creator\" content=\"@portalurbanook\" \/>\n<meta name=\"twitter:site\" content=\"@portalurbanook\" \/>\n<meta name=\"twitter:label1\" content=\"Escrito por\" \/>\n\t<meta name=\"twitter:data1\" content=\"admpu17wp\" \/>\n\t<meta name=\"twitter:label2\" content=\"Tiempo de lectura\" \/>\n\t<meta name=\"twitter:data2\" content=\"2 minutos\" \/>\n<script type=\"application\/ld+json\" class=\"yoast-schema-graph\">{\"@context\":\"https:\/\/schema.org\",\"@graph\":[{\"@type\":\"Article\",\"@id\":\"https:\/\/experienciadevida.com.ar\/portalurbano\/se-realizaron-trabajos-de-limpieza-desde-ruta-nacional-no-226-y-m-lebensohn\/#article\",\"isPartOf\":{\"@id\":\"https:\/\/experienciadevida.com.ar\/portalurbano\/se-realizaron-trabajos-de-limpieza-desde-ruta-nacional-no-226-y-m-lebensohn\/\"},\"author\":{\"name\":\"admpu17wp\",\"@id\":\"https:\/\/experienciadevida.com.ar\/portalurbano\/#\/schema\/person\/02dd326b1c4b056e9cc972486934a3a7\"},\"headline\":\"Se realizaron trabajos de limpieza desde Ruta Nacional N\u00ba 226 y M. Lebensohn\",\"datePublished\":\"2021-05-07T17:58:19+00:00\",\"dateModified\":\"2021-05-07T18:01:13+00:00\",\"mainEntityOfPage\":{\"@id\":\"https:\/\/experienciadevida.com.ar\/portalurbano\/se-realizaron-trabajos-de-limpieza-desde-ruta-nacional-no-226-y-m-lebensohn\/\"},\"wordCount\":173,\"publisher\":{\"@id\":\"https:\/\/experienciadevida.com.ar\/portalurbano\/#organization\"},\"articleSection\":[\"Ciudad\",\"Destacadas 2\"],\"inLanguage\":\"es\"},{\"@type\":\"WebPage\",\"@id\":\"https:\/\/experienciadevida.com.ar\/portalurbano\/se-realizaron-trabajos-de-limpieza-desde-ruta-nacional-no-226-y-m-lebensohn\/\",\"url\":\"https:\/\/experienciadevida.com.ar\/portalurbano\/se-realizaron-trabajos-de-limpieza-desde-ruta-nacional-no-226-y-m-lebensohn\/\",\"name\":\"Se realizaron trabajos de limpieza desde Ruta 226 y M. Lebensohn\",\"isPartOf\":{\"@id\":\"https:\/\/experienciadevida.com.ar\/portalurbano\/#website\"},\"datePublished\":\"2021-05-07T17:58:19+00:00\",\"dateModified\":\"2021-05-07T18:01:13+00:00\",\"description\":\"Se realizaron trabajos de limpieza desde Ruta Nacional N\u00ba 226 y M. Lebensohn, desde la secretar\u00eda de mantenimiento y obras p\u00fablicas.\",\"breadcrumb\":{\"@id\":\"https:\/\/experienciadevida.com.ar\/portalurbano\/se-realizaron-trabajos-de-limpieza-desde-ruta-nacional-no-226-y-m-lebensohn\/#breadcrumb\"},\"inLanguage\":\"es\",\"potentialAction\":[{\"@type\":\"ReadAction\",\"target\":[\"https:\/\/experienciadevida.com.ar\/portalurbano\/se-realizaron-trabajos-de-limpieza-desde-ruta-nacional-no-226-y-m-lebensohn\/\"]}]},{\"@type\":\"BreadcrumbList\",\"@id\":\"https:\/\/experienciadevida.com.ar\/portalurbano\/se-realizaron-trabajos-de-limpieza-desde-ruta-nacional-no-226-y-m-lebensohn\/#breadcrumb\",\"itemListElement\":[{\"@type\":\"ListItem\",\"position\":1,\"name\":\"Portada\",\"item\":\"https:\/\/experienciadevida.com.ar\/portalurbano\/\"},{\"@type\":\"ListItem\",\"position\":2,\"name\":\"Se realizaron trabajos de limpieza desde Ruta Nacional N\u00ba 226 y M. Lebensohn\"}]},{\"@type\":\"WebSite\",\"@id\":\"https:\/\/experienciadevida.com.ar\/portalurbano\/#website\",\"url\":\"https:\/\/experienciadevida.com.ar\/portalurbano\/\",\"name\":\"\",\"description\":\"\",\"publisher\":{\"@id\":\"https:\/\/experienciadevida.com.ar\/portalurbano\/#organization\"},\"potentialAction\":[{\"@type\":\"SearchAction\",\"target\":{\"@type\":\"EntryPoint\",\"urlTemplate\":\"https:\/\/experienciadevida.com.ar\/portalurbano\/?s={search_term_string}\"},\"query-input\":\"required name=search_term_string\"}],\"inLanguage\":\"es\"},{\"@type\":\"Organization\",\"@id\":\"https:\/\/experienciadevida.com.ar\/portalurbano\/#organization\",\"name\":\"Portal Urbano\",\"url\":\"https:\/\/experienciadevida.com.ar\/portalurbano\/\",\"logo\":{\"@type\":\"ImageObject\",\"inLanguage\":\"es\",\"@id\":\"https:\/\/experienciadevida.com.ar\/portalurbano\/#\/schema\/logo\/image\/\",\"url\":\"https:\/\/experienciadevida.com.ar\/portalurbano\/wp-content\/uploads\/2019\/09\/Logo-Original.png\",\"contentUrl\":\"https:\/\/experienciadevida.com.ar\/portalurbano\/wp-content\/uploads\/2019\/09\/Logo-Original.png\",\"width\":2236,\"height\":1216,\"caption\":\"Portal Urbano\"},\"image\":{\"@id\":\"https:\/\/experienciadevida.com.ar\/portalurbano\/#\/schema\/logo\/image\/\"},\"sameAs\":[\"https:\/\/www.facebook.com\/Portal-Urbano-171542830093757\/\",\"https:\/\/twitter.com\/portalurbanook\",\"https:\/\/www.instagram.com\/_portalurbano\/\",\"https:\/\/www.youtube.com\/channel\/UCXhagIfszH8KxFiOok79zbA?view_as=subscriber\"]},{\"@type\":\"Person\",\"@id\":\"https:\/\/experienciadevida.com.ar\/portalurbano\/#\/schema\/person\/02dd326b1c4b056e9cc972486934a3a7\",\"name\":\"admpu17wp\",\"image\":{\"@type\":\"ImageObject\",\"inLanguage\":\"es\",\"@id\":\"https:\/\/experienciadevida.com.ar\/portalurbano\/#\/schema\/person\/image\/\",\"url\":\"https:\/\/secure.gravatar.com\/avatar\/830d4c57adaae6630765e449a6908047?s=96&d=mm&r=g\",\"contentUrl\":\"https:\/\/secure.gravatar.com\/avatar\/830d4c57adaae6630765e449a6908047?s=96&d=mm&r=g\",\"caption\":\"admpu17wp\"}}]}<\/script>\n<!-- \/ Yoast SEO plugin. -->","yoast_head_json":{"title":"Se realizaron trabajos de limpieza desde Ruta 226 y M. Lebensohn","description":"Se realizaron trabajos de limpieza desde Ruta Nacional N\u00ba 226 y M. Lebensohn, desde la secretar\u00eda de mantenimiento y obras p\u00fablicas.","robots":{"index":"index","follow":"follow","max-snippet":"max-snippet:-1","max-image-preview":"max-image-preview:large","max-video-preview":"max-video-preview:-1"},"canonical":"https:\/\/experienciadevida.com.ar\/portalurbano\/se-realizaron-trabajos-de-limpieza-desde-ruta-nacional-no-226-y-m-lebensohn\/","og_locale":"es_ES","og_type":"article","og_title":"Se realizaron trabajos de limpieza desde Ruta 226 y M. Lebensohn","og_description":"Se realizaron trabajos de limpieza desde Ruta Nacional N\u00ba 226 y M. Lebensohn, desde la secretar\u00eda de mantenimiento y obras p\u00fablicas.","og_url":"https:\/\/experienciadevida.com.ar\/portalurbano\/se-realizaron-trabajos-de-limpieza-desde-ruta-nacional-no-226-y-m-lebensohn\/","article_publisher":"https:\/\/www.facebook.com\/Portal-Urbano-171542830093757\/","article_published_time":"2021-05-07T17:58:19+00:00","article_modified_time":"2021-05-07T18:01:13+00:00","og_image":[{"width":1181,"height":787,"url":"https:\/\/experienciadevida.com.ar\/portalurbano\/wp-content\/uploads\/2021\/05\/Se-realizaron-trabajos-de-limpieza.jpeg","type":"image\/jpeg"}],"author":"admpu17wp","twitter_card":"summary_large_image","twitter_creator":"@portalurbanook","twitter_site":"@portalurbanook","twitter_misc":{"Escrito por":"admpu17wp","Tiempo de lectura":"2 minutos"},"schema":{"@context":"https:\/\/schema.org","@graph":[{"@type":"Article","@id":"https:\/\/experienciadevida.com.ar\/portalurbano\/se-realizaron-trabajos-de-limpieza-desde-ruta-nacional-no-226-y-m-lebensohn\/#article","isPartOf":{"@id":"https:\/\/experienciadevida.com.ar\/portalurbano\/se-realizaron-trabajos-de-limpieza-desde-ruta-nacional-no-226-y-m-lebensohn\/"},"author":{"name":"admpu17wp","@id":"https:\/\/experienciadevida.com.ar\/portalurbano\/#\/schema\/person\/02dd326b1c4b056e9cc972486934a3a7"},"headline":"Se realizaron trabajos de limpieza desde Ruta Nacional N\u00ba 226 y M. Lebensohn","datePublished":"2021-05-07T17:58:19+00:00","dateModified":"2021-05-07T18:01:13+00:00","mainEntityOfPage":{"@id":"https:\/\/experienciadevida.com.ar\/portalurbano\/se-realizaron-trabajos-de-limpieza-desde-ruta-nacional-no-226-y-m-lebensohn\/"},"wordCount":173,"publisher":{"@id":"https:\/\/experienciadevida.com.ar\/portalurbano\/#organization"},"articleSection":["Ciudad","Destacadas 2"],"inLanguage":"es"},{"@type":"WebPage","@id":"https:\/\/experienciadevida.com.ar\/portalurbano\/se-realizaron-trabajos-de-limpieza-desde-ruta-nacional-no-226-y-m-lebensohn\/","url":"https:\/\/experienciadevida.com.ar\/portalurbano\/se-realizaron-trabajos-de-limpieza-desde-ruta-nacional-no-226-y-m-lebensohn\/","name":"Se realizaron trabajos de limpieza desde Ruta 226 y M. Lebensohn","isPartOf":{"@id":"https:\/\/experienciadevida.com.ar\/portalurbano\/#website"},"datePublished":"2021-05-07T17:58:19+00:00","dateModified":"2021-05-07T18:01:13+00:00","description":"Se realizaron trabajos de limpieza desde Ruta Nacional N\u00ba 226 y M. Lebensohn, desde la secretar\u00eda de mantenimiento y obras p\u00fablicas.","breadcrumb":{"@id":"https:\/\/experienciadevida.com.ar\/portalurbano\/se-realizaron-trabajos-de-limpieza-desde-ruta-nacional-no-226-y-m-lebensohn\/#breadcrumb"},"inLanguage":"es","potentialAction":[{"@type":"ReadAction","target":["https:\/\/experienciadevida.com.ar\/portalurbano\/se-realizaron-trabajos-de-limpieza-desde-ruta-nacional-no-226-y-m-lebensohn\/"]}]},{"@type":"BreadcrumbList","@id":"https:\/\/experienciadevida.com.ar\/portalurbano\/se-realizaron-trabajos-de-limpieza-desde-ruta-nacional-no-226-y-m-lebensohn\/#breadcrumb","itemListElement":[{"@type":"ListItem","position":1,"name":"Portada","item":"https:\/\/experienciadevida.com.ar\/portalurbano\/"},{"@type":"ListItem","position":2,"name":"Se realizaron trabajos de limpieza desde Ruta Nacional N\u00ba 226 y M. Lebensohn"}]},{"@type":"WebSite","@id":"https:\/\/experienciadevida.com.ar\/portalurbano\/#website","url":"https:\/\/experienciadevida.com.ar\/portalurbano\/","name":"","description":"","publisher":{"@id":"https:\/\/experienciadevida.com.ar\/portalurbano\/#organization"},"potentialAction":[{"@type":"SearchAction","target":{"@type":"EntryPoint","urlTemplate":"https:\/\/experienciadevida.com.ar\/portalurbano\/?s={search_term_string}"},"query-input":"required name=search_term_string"}],"inLanguage":"es"},{"@type":"Organization","@id":"https:\/\/experienciadevida.com.ar\/portalurbano\/#organization","name":"Portal Urbano","url":"https:\/\/experienciadevida.com.ar\/portalurbano\/","logo":{"@type":"ImageObject","inLanguage":"es","@id":"https:\/\/experienciadevida.com.ar\/portalurbano\/#\/schema\/logo\/image\/","url":"https:\/\/experienciadevida.com.ar\/portalurbano\/wp-content\/uploads\/2019\/09\/Logo-Original.png","contentUrl":"https:\/\/experienciadevida.com.ar\/portalurbano\/wp-content\/uploads\/2019\/09\/Logo-Original.png","width":2236,"height":1216,"caption":"Portal Urbano"},"image":{"@id":"https:\/\/experienciadevida.com.ar\/portalurbano\/#\/schema\/logo\/image\/"},"sameAs":["https:\/\/www.facebook.com\/Portal-Urbano-171542830093757\/","https:\/\/twitter.com\/portalurbanook","https:\/\/www.instagram.com\/_portalurbano\/","https:\/\/www.youtube.com\/channel\/UCXhagIfszH8KxFiOok79zbA?view_as=subscriber"]},{"@type":"Person","@id":"https:\/\/experienciadevida.com.ar\/portalurbano\/#\/schema\/person\/02dd326b1c4b056e9cc972486934a3a7","name":"admpu17wp","image":{"@type":"ImageObject","inLanguage":"es","@id":"https:\/\/experienciadevida.com.ar\/portalurbano\/#\/schema\/person\/image\/","url":"https:\/\/secure.gravatar.com\/avatar\/830d4c57adaae6630765e449a6908047?s=96&d=mm&r=g","contentUrl":"https:\/\/secure.gravatar.com\/avatar\/830d4c57adaae6630765e449a6908047?s=96&d=mm&r=g","caption":"admpu17wp"}}]}},"featured_image_urls":{"full":["https:\/\/experienciadevida.com.ar\/portalurbano\/wp-content\/uploads\/2021\/05\/Se-realizaron-trabajos-de-limpieza.jpeg",1181,787,false],"thumbnail":["https:\/\/experienciadevida.com.ar\/portalurbano\/wp-content\/uploads\/2021\/05\/Se-realizaron-trabajos-de-limpieza-150x150.jpeg",150,150,true],"medium":["https:\/\/experienciadevida.com.ar\/portalurbano\/wp-content\/uploads\/2021\/05\/Se-realizaron-trabajos-de-limpieza-300x200.jpeg",300,200,true],"medium_large":["https:\/\/experienciadevida.com.ar\/portalurbano\/wp-content\/uploads\/2021\/05\/Se-realizaron-trabajos-de-limpieza-768x512.jpeg",640,427,true],"large":["https:\/\/experienciadevida.com.ar\/portalurbano\/wp-content\/uploads\/2021\/05\/Se-realizaron-trabajos-de-limpieza-1024x682.jpeg",640,426,true],"ug_big":["https:\/\/experienciadevida.com.ar\/portalurbano\/wp-content\/uploads\/2021\/05\/Se-realizaron-trabajos-de-limpieza-768x512.jpeg",768,512,true],"1536x1536":["https:\/\/experienciadevida.com.ar\/portalurbano\/wp-content\/uploads\/2021\/05\/Se-realizaron-trabajos-de-limpieza.jpeg",1181,787,false],"2048x2048":["https:\/\/experienciadevida.com.ar\/portalurbano\/wp-content\/uploads\/2021\/05\/Se-realizaron-trabajos-de-limpieza.jpeg",1181,787,false],"newsever-slider-full":["https:\/\/experienciadevida.com.ar\/portalurbano\/wp-content\/uploads\/2021\/05\/Se-realizaron-trabajos-de-limpieza.jpeg",1181,787,false],"newsever-featured":["https:\/\/experienciadevida.com.ar\/portalurbano\/wp-content\/uploads\/2021\/05\/Se-realizaron-trabajos-de-limpieza.jpeg",1024,682,false],"newsever-medium":["https:\/\/experienciadevida.com.ar\/portalurbano\/wp-content\/uploads\/2021\/05\/Se-realizaron-trabajos-de-limpieza.jpeg",713,475,false],"web-stories-poster-portrait":["https:\/\/experienciadevida.com.ar\/portalurbano\/wp-content\/uploads\/2021\/05\/Se-realizaron-trabajos-de-limpieza.jpeg",640,426,false],"web-stories-publisher-logo":["https:\/\/experienciadevida.com.ar\/portalurbano\/wp-content\/uploads\/2021\/05\/Se-realizaron-trabajos-de-limpieza.jpeg",96,64,false],"web-stories-thumbnail":["https:\/\/experienciadevida.com.ar\/portalurbano\/wp-content\/uploads\/2021\/05\/Se-realizaron-trabajos-de-limpieza.jpeg",150,100,false]},"author_info":{"display_name":"admpu17wp","author_link":"https:\/\/experienciadevida.com.ar\/portalurbano\/author\/admpu17wp\/"},"category_info":"<a href=\"https:\/\/experienciadevida.com.ar\/portalurbano\/category\/ciudad\/\" rel=\"category tag\">Ciudad<\/a> <a href=\"https:\/\/experienciadevida.com.ar\/portalurbano\/category\/destacadas-2\/\" rel=\"category tag\">Destacadas 2<\/a>","tag_info":"Destacadas 2","comment_count":"0","amp_enabled":true,"_links":{"self":[{"href":"https:\/\/experienciadevida.com.ar\/portalurbano\/wp-json\/wp\/v2\/posts\/142255"}],"collection":[{"href":"https:\/\/experienciadevida.com.ar\/portalurbano\/wp-json\/wp\/v2\/posts"}],"about":[{"href":"https:\/\/experienciadevida.com.ar\/portalurbano\/wp-json\/wp\/v2\/types\/post"}],"author":[{"embeddable":true,"href":"https:\/\/experienciadevida.com.ar\/portalurbano\/wp-json\/wp\/v2\/users\/1"}],"replies":[{"embeddable":true,"href":"https:\/\/experienciadevida.com.ar\/portalurbano\/wp-json\/wp\/v2\/comments?post=142255"}],"version-history":[{"count":4,"href":"https:\/\/experienciadevida.com.ar\/portalurbano\/wp-json\/wp\/v2\/posts\/142255\/revisions"}],"predecessor-version":[{"id":142262,"href":"https:\/\/experienciadevida.com.ar\/portalurbano\/wp-json\/wp\/v2\/posts\/142255\/revisions\/142262"}],"wp:featuredmedia":[{"embeddable":true,"href":"https:\/\/experienciadevida.com.ar\/portalurbano\/wp-json\/wp\/v2\/media\/142256"}],"wp:attachment":[{"href":"https:\/\/experienciadevida.com.ar\/portalurbano\/wp-json\/wp\/v2\/media?parent=142255"}],"wp:term":[{"taxonomy":"category","embeddable":true,"href":"https:\/\/experienciadevida.com.ar\/portalurbano\/wp-json\/wp\/v2\/categories?post=142255"},{"taxonomy":"post_tag","embeddable":true,"href":"https:\/\/experienciadevida.com.ar\/portalurbano\/wp-json\/wp\/v2\/tags?post=142255"}],"curies":[{"name":"wp","href":"https:\/\/api.w.org\/{rel}","templated":true}]}}