{"id":142225,"date":"2021-05-07T11:26:10","date_gmt":"2021-05-07T14:26:10","guid":{"rendered":"https:\/\/experienciadevida.com.ar\/portalurbano\/?p=142225"},"modified":"2021-05-07T11:26:38","modified_gmt":"2021-05-07T14:26:38","slug":"ocupacion-de-terrenos-en-barrio-lourdes-se-acordo-un-desalojo-pacifico-sin-que-intervenga-la-justicia","status":"publish","type":"post","link":"https:\/\/experienciadevida.com.ar\/portalurbano\/ocupacion-de-terrenos-en-barrio-lourdes-se-acordo-un-desalojo-pacifico-sin-que-intervenga-la-justicia\/","title":{"rendered":"Ocupaci\u00f3n de terrenos en Barrio Lourdes: &#8220;Se acord\u00f3 un desalojo pac\u00edfico sin que intervenga la justicia&#8221;"},"content":{"rendered":"<p>Ocupaci\u00f3n de terrenos en Barrio Lourdes: &#8220;Se acord\u00f3 un desalojo pac\u00edfico sin que intervenga la justicia&#8221;, as\u00ed lo dijo el Secretario de Desarrollo Humano y\u00a0 Calidad de Vida Diego Robbiani, inform\u00f3 que este jueves hubo una reuni\u00f3n con Fiscal\u00eda, Defensor\u00eda de la provincia de Buenos Aries, Defensor\u00eda de Justicia y 4 vecinos que estaban en la toma.<\/p>\n<p>Entre los temas conversados, est\u00e1 la importancia de la inscripci\u00f3n en el Registro de Demanda Habitacional para hallar soluciones en consenso con la provincia . Si bien se est\u00e1 trabajando, hay 2600 casos, algunos de familias con vulnerabilidad y otros sin vulnerabilidad La causa por la denuncia que hab\u00eda presentado el Intendente Galli, pasar\u00eda a archivo si los vecinos se retiran.<\/p>\n<p>Ocupaci\u00f3n de terrenos en barrio Lourdes&#8221;Tuvimos una reuni\u00f3n con la fiscal\u00eda con defensor\u00eda del pueblo de la provincia de Buenos Aires de h\u00e1bitat\u00a0 y defensor\u00eda oficial del Ministerio de justicia de la provincia y con vecinos, en este caso participaron de la reuni\u00f3n cuatro vecinos que estaban en la toma, se hizo un an\u00e1lisis se convers\u00f3 sobre aquellas familias que realmente estaban en estado de necesidad en el lugar, se habl\u00f3 sobre todos los temas y uno muy importante que es el registro de demanda habitacional que posee el Municipio donde es el \u00e1mbito donde deben inscribirse los que tienen necesidad de una demanda habitacional y se consensu\u00f3 trabajo en conjunto para quienes est\u00e1n inscriptos en ese registro solucionar en conjunto entre el Municipio y provincia esta situaci\u00f3n&#8221;.<\/p>\n<p>Por otro lado dijo &#8220;con ello se acord\u00f3 el desalojo pac\u00edfico por parte de los vecinos sin necesidad de que intervenga la justicia y de alguna manera volver a la normalidad con el compromiso de trabajar con las familias que se encuentren inscriptas y que se haga una evaluaci\u00f3n entre el desarrollo social del Municipio y provincia para ver con qu\u00e9 podemos acompa\u00f1ar&#8221;.<\/p>\n<p>&#8220;La fiscal\u00eda hizo un ofrecimiento que si ellos aceptaban retirarse del predio iban a archivar la causa para que no haya imputados por el delito entonces se acord\u00f3 de hacerlo de esa forma para que desde el Estado podamos colaborar con quienes corresponde que colaboremos y los vecinos se puedan retirar sin ning\u00fan problema judicial&#8221;.<\/p>\n<p>Al finalizar remarc\u00f3 &#8220;estamos trabajando con los casos lo que pasa es que hay 2600 familias en ese registro con vulnerabilidad social y sin vulnerabilidad social el trabajo es paulatino queremos dar un mensaje claro que hay gente que est\u00e1 a la espera de que se le de la oportunidad de tener un terreno y si le damos privilegio a los que no est\u00e1n en el registro de demanda habitacional ser\u00edamos injustos. Nuestra primera tarea como Estado es darle las herramientas a los vecinos y est\u00e1&#8221;.<\/p>\n<p>&#8220;Vamos a empezar a trabajar con las familias que est\u00e1n en contacto con la gente de desarrollo social y con la gente de vivienda\u00a0 y ahi vamos a comenzar a dar una se\u00f1al y soluci\u00f3n. Siempre respetando a los vecinos que cumple, espera&#8221;.<\/p>\n<p>Fuente: Radio Olavarria<\/p>\n","protected":false},"excerpt":{"rendered":"<p>Ocupaci\u00f3n de terrenos en Barrio Lourdes: &#8220;Se acord\u00f3 un desalojo pac\u00edfico sin que intervenga la&#8230;<\/p>\n","protected":false},"author":1,"featured_media":139509,"comment_status":"closed","ping_status":"closed","sticky":false,"template":"","format":"standard","meta":{"content-type":""},"categories":[27,64],"tags":[],"nelio_content":{"isAutoShareEnabled":false,"autoShareEndMode":"default","automationSources":{"useContentSentences":true,"useSocialTemplates":true,"useCustomSentences":false,"customSentences":[]},"followers":[1],"suggestedReferences":[],"includedReferences":[],"efiUrl":"","efiAlt":"","highlights":[]},"yoast_head":"<!-- This site is optimized with the Yoast SEO plugin v20.7 - https:\/\/yoast.com\/wordpress\/plugins\/seo\/ -->\n<title>Ocupaci\u00f3n de terrenos en Barrio Lourdes: &quot;Se acord\u00f3 desalojo pac\u00edfico&quot;<\/title>\n<meta name=\"description\" content=\"Ocupaci\u00f3n de terrenos en Barrio Lourdes: &quot;Se acord\u00f3 un desalojo pac\u00edfico sin que intervenga la justicia&quot;, as\u00ed lo dijo el Secretario Robbiani\" \/>\n<meta name=\"robots\" content=\"index, follow, max-snippet:-1, max-image-preview:large, max-video-preview:-1\" \/>\n<link rel=\"canonical\" href=\"https:\/\/experienciadevida.com.ar\/portalurbano\/ocupacion-de-terrenos-en-barrio-lourdes-se-acordo-un-desalojo-pacifico-sin-que-intervenga-la-justicia\/\" \/>\n<meta property=\"og:locale\" content=\"es_ES\" \/>\n<meta property=\"og:type\" content=\"article\" \/>\n<meta property=\"og:title\" content=\"Ocupaci\u00f3n de terrenos en Barrio Lourdes: &quot;Se acord\u00f3 desalojo pac\u00edfico&quot;\" \/>\n<meta property=\"og:description\" content=\"Ocupaci\u00f3n de terrenos en Barrio Lourdes: &quot;Se acord\u00f3 un desalojo pac\u00edfico sin que intervenga la justicia&quot;, as\u00ed lo dijo el Secretario Robbiani\" \/>\n<meta property=\"og:url\" content=\"https:\/\/experienciadevida.com.ar\/portalurbano\/ocupacion-de-terrenos-en-barrio-lourdes-se-acordo-un-desalojo-pacifico-sin-que-intervenga-la-justicia\/\" \/>\n<meta property=\"article:publisher\" content=\"https:\/\/www.facebook.com\/Portal-Urbano-171542830093757\/\" \/>\n<meta property=\"article:published_time\" content=\"2021-05-07T14:26:10+00:00\" \/>\n<meta property=\"article:modified_time\" content=\"2021-05-07T14:26:38+00:00\" \/>\n<meta property=\"og:image\" content=\"https:\/\/experienciadevida.com.ar\/portalurbano\/wp-content\/uploads\/2021\/04\/Tierra6.jpg\" \/>\n\t<meta property=\"og:image:width\" content=\"765\" \/>\n\t<meta property=\"og:image:height\" content=\"510\" \/>\n\t<meta property=\"og:image:type\" content=\"image\/jpeg\" \/>\n<meta name=\"author\" content=\"admpu17wp\" \/>\n<meta name=\"twitter:card\" content=\"summary_large_image\" \/>\n<meta name=\"twitter:creator\" content=\"@portalurbanook\" \/>\n<meta name=\"twitter:site\" content=\"@portalurbanook\" \/>\n<meta name=\"twitter:label1\" content=\"Escrito por\" \/>\n\t<meta name=\"twitter:data1\" content=\"admpu17wp\" \/>\n\t<meta name=\"twitter:label2\" content=\"Tiempo de lectura\" \/>\n\t<meta name=\"twitter:data2\" content=\"3 minutos\" \/>\n<script type=\"application\/ld+json\" class=\"yoast-schema-graph\">{\"@context\":\"https:\/\/schema.org\",\"@graph\":[{\"@type\":\"Article\",\"@id\":\"https:\/\/experienciadevida.com.ar\/portalurbano\/ocupacion-de-terrenos-en-barrio-lourdes-se-acordo-un-desalojo-pacifico-sin-que-intervenga-la-justicia\/#article\",\"isPartOf\":{\"@id\":\"https:\/\/experienciadevida.com.ar\/portalurbano\/ocupacion-de-terrenos-en-barrio-lourdes-se-acordo-un-desalojo-pacifico-sin-que-intervenga-la-justicia\/\"},\"author\":{\"name\":\"admpu17wp\",\"@id\":\"https:\/\/experienciadevida.com.ar\/portalurbano\/#\/schema\/person\/02dd326b1c4b056e9cc972486934a3a7\"},\"headline\":\"Ocupaci\u00f3n de terrenos en Barrio Lourdes: &#8220;Se acord\u00f3 un desalojo pac\u00edfico sin que intervenga la justicia&#8221;\",\"datePublished\":\"2021-05-07T14:26:10+00:00\",\"dateModified\":\"2021-05-07T14:26:38+00:00\",\"mainEntityOfPage\":{\"@id\":\"https:\/\/experienciadevida.com.ar\/portalurbano\/ocupacion-de-terrenos-en-barrio-lourdes-se-acordo-un-desalojo-pacifico-sin-que-intervenga-la-justicia\/\"},\"wordCount\":540,\"publisher\":{\"@id\":\"https:\/\/experienciadevida.com.ar\/portalurbano\/#organization\"},\"articleSection\":[\"Ciudad\",\"Destacadas 2\"],\"inLanguage\":\"es\"},{\"@type\":\"WebPage\",\"@id\":\"https:\/\/experienciadevida.com.ar\/portalurbano\/ocupacion-de-terrenos-en-barrio-lourdes-se-acordo-un-desalojo-pacifico-sin-que-intervenga-la-justicia\/\",\"url\":\"https:\/\/experienciadevida.com.ar\/portalurbano\/ocupacion-de-terrenos-en-barrio-lourdes-se-acordo-un-desalojo-pacifico-sin-que-intervenga-la-justicia\/\",\"name\":\"Ocupaci\u00f3n de terrenos en Barrio Lourdes: \\\"Se acord\u00f3 desalojo pac\u00edfico\\\"\",\"isPartOf\":{\"@id\":\"https:\/\/experienciadevida.com.ar\/portalurbano\/#website\"},\"datePublished\":\"2021-05-07T14:26:10+00:00\",\"dateModified\":\"2021-05-07T14:26:38+00:00\",\"description\":\"Ocupaci\u00f3n de terrenos en Barrio Lourdes: \\\"Se acord\u00f3 un desalojo pac\u00edfico sin que intervenga la justicia\\\", as\u00ed lo dijo el Secretario Robbiani\",\"breadcrumb\":{\"@id\":\"https:\/\/experienciadevida.com.ar\/portalurbano\/ocupacion-de-terrenos-en-barrio-lourdes-se-acordo-un-desalojo-pacifico-sin-que-intervenga-la-justicia\/#breadcrumb\"},\"inLanguage\":\"es\",\"potentialAction\":[{\"@type\":\"ReadAction\",\"target\":[\"https:\/\/experienciadevida.com.ar\/portalurbano\/ocupacion-de-terrenos-en-barrio-lourdes-se-acordo-un-desalojo-pacifico-sin-que-intervenga-la-justicia\/\"]}]},{\"@type\":\"BreadcrumbList\",\"@id\":\"https:\/\/experienciadevida.com.ar\/portalurbano\/ocupacion-de-terrenos-en-barrio-lourdes-se-acordo-un-desalojo-pacifico-sin-que-intervenga-la-justicia\/#breadcrumb\",\"itemListElement\":[{\"@type\":\"ListItem\",\"position\":1,\"name\":\"Portada\",\"item\":\"https:\/\/experienciadevida.com.ar\/portalurbano\/\"},{\"@type\":\"ListItem\",\"position\":2,\"name\":\"Ocupaci\u00f3n de terrenos en Barrio Lourdes: \u00abSe acord\u00f3 un desalojo pac\u00edfico sin que intervenga la justicia\u00bb\"}]},{\"@type\":\"WebSite\",\"@id\":\"https:\/\/experienciadevida.com.ar\/portalurbano\/#website\",\"url\":\"https:\/\/experienciadevida.com.ar\/portalurbano\/\",\"name\":\"\",\"description\":\"\",\"publisher\":{\"@id\":\"https:\/\/experienciadevida.com.ar\/portalurbano\/#organization\"},\"potentialAction\":[{\"@type\":\"SearchAction\",\"target\":{\"@type\":\"EntryPoint\",\"urlTemplate\":\"https:\/\/experienciadevida.com.ar\/portalurbano\/?s={search_term_string}\"},\"query-input\":\"required name=search_term_string\"}],\"inLanguage\":\"es\"},{\"@type\":\"Organization\",\"@id\":\"https:\/\/experienciadevida.com.ar\/portalurbano\/#organization\",\"name\":\"Portal Urbano\",\"url\":\"https:\/\/experienciadevida.com.ar\/portalurbano\/\",\"logo\":{\"@type\":\"ImageObject\",\"inLanguage\":\"es\",\"@id\":\"https:\/\/experienciadevida.com.ar\/portalurbano\/#\/schema\/logo\/image\/\",\"url\":\"https:\/\/experienciadevida.com.ar\/portalurbano\/wp-content\/uploads\/2019\/09\/Logo-Original.png\",\"contentUrl\":\"https:\/\/experienciadevida.com.ar\/portalurbano\/wp-content\/uploads\/2019\/09\/Logo-Original.png\",\"width\":2236,\"height\":1216,\"caption\":\"Portal Urbano\"},\"image\":{\"@id\":\"https:\/\/experienciadevida.com.ar\/portalurbano\/#\/schema\/logo\/image\/\"},\"sameAs\":[\"https:\/\/www.facebook.com\/Portal-Urbano-171542830093757\/\",\"https:\/\/twitter.com\/portalurbanook\",\"https:\/\/www.instagram.com\/_portalurbano\/\",\"https:\/\/www.youtube.com\/channel\/UCXhagIfszH8KxFiOok79zbA?view_as=subscriber\"]},{\"@type\":\"Person\",\"@id\":\"https:\/\/experienciadevida.com.ar\/portalurbano\/#\/schema\/person\/02dd326b1c4b056e9cc972486934a3a7\",\"name\":\"admpu17wp\",\"image\":{\"@type\":\"ImageObject\",\"inLanguage\":\"es\",\"@id\":\"https:\/\/experienciadevida.com.ar\/portalurbano\/#\/schema\/person\/image\/\",\"url\":\"https:\/\/secure.gravatar.com\/avatar\/830d4c57adaae6630765e449a6908047?s=96&d=mm&r=g\",\"contentUrl\":\"https:\/\/secure.gravatar.com\/avatar\/830d4c57adaae6630765e449a6908047?s=96&d=mm&r=g\",\"caption\":\"admpu17wp\"}}]}<\/script>\n<!-- \/ Yoast SEO plugin. -->","yoast_head_json":{"title":"Ocupaci\u00f3n de terrenos en Barrio Lourdes: \"Se acord\u00f3 desalojo pac\u00edfico\"","description":"Ocupaci\u00f3n de terrenos en Barrio Lourdes: \"Se acord\u00f3 un desalojo pac\u00edfico sin que intervenga la justicia\", as\u00ed lo dijo el Secretario Robbiani","robots":{"index":"index","follow":"follow","max-snippet":"max-snippet:-1","max-image-preview":"max-image-preview:large","max-video-preview":"max-video-preview:-1"},"canonical":"https:\/\/experienciadevida.com.ar\/portalurbano\/ocupacion-de-terrenos-en-barrio-lourdes-se-acordo-un-desalojo-pacifico-sin-que-intervenga-la-justicia\/","og_locale":"es_ES","og_type":"article","og_title":"Ocupaci\u00f3n de terrenos en Barrio Lourdes: \"Se acord\u00f3 desalojo pac\u00edfico\"","og_description":"Ocupaci\u00f3n de terrenos en Barrio Lourdes: \"Se acord\u00f3 un desalojo pac\u00edfico sin que intervenga la justicia\", as\u00ed lo dijo el Secretario Robbiani","og_url":"https:\/\/experienciadevida.com.ar\/portalurbano\/ocupacion-de-terrenos-en-barrio-lourdes-se-acordo-un-desalojo-pacifico-sin-que-intervenga-la-justicia\/","article_publisher":"https:\/\/www.facebook.com\/Portal-Urbano-171542830093757\/","article_published_time":"2021-05-07T14:26:10+00:00","article_modified_time":"2021-05-07T14:26:38+00:00","og_image":[{"width":765,"height":510,"url":"https:\/\/experienciadevida.com.ar\/portalurbano\/wp-content\/uploads\/2021\/04\/Tierra6.jpg","type":"image\/jpeg"}],"author":"admpu17wp","twitter_card":"summary_large_image","twitter_creator":"@portalurbanook","twitter_site":"@portalurbanook","twitter_misc":{"Escrito por":"admpu17wp","Tiempo de lectura":"3 minutos"},"schema":{"@context":"https:\/\/schema.org","@graph":[{"@type":"Article","@id":"https:\/\/experienciadevida.com.ar\/portalurbano\/ocupacion-de-terrenos-en-barrio-lourdes-se-acordo-un-desalojo-pacifico-sin-que-intervenga-la-justicia\/#article","isPartOf":{"@id":"https:\/\/experienciadevida.com.ar\/portalurbano\/ocupacion-de-terrenos-en-barrio-lourdes-se-acordo-un-desalojo-pacifico-sin-que-intervenga-la-justicia\/"},"author":{"name":"admpu17wp","@id":"https:\/\/experienciadevida.com.ar\/portalurbano\/#\/schema\/person\/02dd326b1c4b056e9cc972486934a3a7"},"headline":"Ocupaci\u00f3n de terrenos en Barrio Lourdes: &#8220;Se acord\u00f3 un desalojo pac\u00edfico sin que intervenga la justicia&#8221;","datePublished":"2021-05-07T14:26:10+00:00","dateModified":"2021-05-07T14:26:38+00:00","mainEntityOfPage":{"@id":"https:\/\/experienciadevida.com.ar\/portalurbano\/ocupacion-de-terrenos-en-barrio-lourdes-se-acordo-un-desalojo-pacifico-sin-que-intervenga-la-justicia\/"},"wordCount":540,"publisher":{"@id":"https:\/\/experienciadevida.com.ar\/portalurbano\/#organization"},"articleSection":["Ciudad","Destacadas 2"],"inLanguage":"es"},{"@type":"WebPage","@id":"https:\/\/experienciadevida.com.ar\/portalurbano\/ocupacion-de-terrenos-en-barrio-lourdes-se-acordo-un-desalojo-pacifico-sin-que-intervenga-la-justicia\/","url":"https:\/\/experienciadevida.com.ar\/portalurbano\/ocupacion-de-terrenos-en-barrio-lourdes-se-acordo-un-desalojo-pacifico-sin-que-intervenga-la-justicia\/","name":"Ocupaci\u00f3n de terrenos en Barrio Lourdes: \"Se acord\u00f3 desalojo pac\u00edfico\"","isPartOf":{"@id":"https:\/\/experienciadevida.com.ar\/portalurbano\/#website"},"datePublished":"2021-05-07T14:26:10+00:00","dateModified":"2021-05-07T14:26:38+00:00","description":"Ocupaci\u00f3n de terrenos en Barrio Lourdes: \"Se acord\u00f3 un desalojo pac\u00edfico sin que intervenga la justicia\", as\u00ed lo dijo el Secretario Robbiani","breadcrumb":{"@id":"https:\/\/experienciadevida.com.ar\/portalurbano\/ocupacion-de-terrenos-en-barrio-lourdes-se-acordo-un-desalojo-pacifico-sin-que-intervenga-la-justicia\/#breadcrumb"},"inLanguage":"es","potentialAction":[{"@type":"ReadAction","target":["https:\/\/experienciadevida.com.ar\/portalurbano\/ocupacion-de-terrenos-en-barrio-lourdes-se-acordo-un-desalojo-pacifico-sin-que-intervenga-la-justicia\/"]}]},{"@type":"BreadcrumbList","@id":"https:\/\/experienciadevida.com.ar\/portalurbano\/ocupacion-de-terrenos-en-barrio-lourdes-se-acordo-un-desalojo-pacifico-sin-que-intervenga-la-justicia\/#breadcrumb","itemListElement":[{"@type":"ListItem","position":1,"name":"Portada","item":"https:\/\/experienciadevida.com.ar\/portalurbano\/"},{"@type":"ListItem","position":2,"name":"Ocupaci\u00f3n de terrenos en Barrio Lourdes: \u00abSe acord\u00f3 un desalojo pac\u00edfico sin que intervenga la justicia\u00bb"}]},{"@type":"WebSite","@id":"https:\/\/experienciadevida.com.ar\/portalurbano\/#website","url":"https:\/\/experienciadevida.com.ar\/portalurbano\/","name":"","description":"","publisher":{"@id":"https:\/\/experienciadevida.com.ar\/portalurbano\/#organization"},"potentialAction":[{"@type":"SearchAction","target":{"@type":"EntryPoint","urlTemplate":"https:\/\/experienciadevida.com.ar\/portalurbano\/?s={search_term_string}"},"query-input":"required name=search_term_string"}],"inLanguage":"es"},{"@type":"Organization","@id":"https:\/\/experienciadevida.com.ar\/portalurbano\/#organization","name":"Portal Urbano","url":"https:\/\/experienciadevida.com.ar\/portalurbano\/","logo":{"@type":"ImageObject","inLanguage":"es","@id":"https:\/\/experienciadevida.com.ar\/portalurbano\/#\/schema\/logo\/image\/","url":"https:\/\/experienciadevida.com.ar\/portalurbano\/wp-content\/uploads\/2019\/09\/Logo-Original.png","contentUrl":"https:\/\/experienciadevida.com.ar\/portalurbano\/wp-content\/uploads\/2019\/09\/Logo-Original.png","width":2236,"height":1216,"caption":"Portal Urbano"},"image":{"@id":"https:\/\/experienciadevida.com.ar\/portalurbano\/#\/schema\/logo\/image\/"},"sameAs":["https:\/\/www.facebook.com\/Portal-Urbano-171542830093757\/","https:\/\/twitter.com\/portalurbanook","https:\/\/www.instagram.com\/_portalurbano\/","https:\/\/www.youtube.com\/channel\/UCXhagIfszH8KxFiOok79zbA?view_as=subscriber"]},{"@type":"Person","@id":"https:\/\/experienciadevida.com.ar\/portalurbano\/#\/schema\/person\/02dd326b1c4b056e9cc972486934a3a7","name":"admpu17wp","image":{"@type":"ImageObject","inLanguage":"es","@id":"https:\/\/experienciadevida.com.ar\/portalurbano\/#\/schema\/person\/image\/","url":"https:\/\/secure.gravatar.com\/avatar\/830d4c57adaae6630765e449a6908047?s=96&d=mm&r=g","contentUrl":"https:\/\/secure.gravatar.com\/avatar\/830d4c57adaae6630765e449a6908047?s=96&d=mm&r=g","caption":"admpu17wp"}}]}},"featured_image_urls":{"full":["https:\/\/experienciadevida.com.ar\/portalurbano\/wp-content\/uploads\/2021\/04\/Tierra6.jpg",765,510,false],"thumbnail":["https:\/\/experienciadevida.com.ar\/portalurbano\/wp-content\/uploads\/2021\/04\/Tierra6-150x150.jpg",150,150,true],"medium":["https:\/\/experienciadevida.com.ar\/portalurbano\/wp-content\/uploads\/2021\/04\/Tierra6-300x200.jpg",300,200,true],"medium_large":["https:\/\/experienciadevida.com.ar\/portalurbano\/wp-content\/uploads\/2021\/04\/Tierra6.jpg",640,427,false],"large":["https:\/\/experienciadevida.com.ar\/portalurbano\/wp-content\/uploads\/2021\/04\/Tierra6.jpg",640,427,false],"ug_big":["https:\/\/experienciadevida.com.ar\/portalurbano\/wp-content\/uploads\/2021\/04\/Tierra6.jpg",765,510,false],"1536x1536":["https:\/\/experienciadevida.com.ar\/portalurbano\/wp-content\/uploads\/2021\/04\/Tierra6.jpg",765,510,false],"2048x2048":["https:\/\/experienciadevida.com.ar\/portalurbano\/wp-content\/uploads\/2021\/04\/Tierra6.jpg",765,510,false],"newsever-slider-full":["https:\/\/experienciadevida.com.ar\/portalurbano\/wp-content\/uploads\/2021\/04\/Tierra6.jpg",765,510,false],"newsever-featured":["https:\/\/experienciadevida.com.ar\/portalurbano\/wp-content\/uploads\/2021\/04\/Tierra6.jpg",765,510,false],"newsever-medium":["https:\/\/experienciadevida.com.ar\/portalurbano\/wp-content\/uploads\/2021\/04\/Tierra6.jpg",713,475,false],"web-stories-poster-portrait":["https:\/\/experienciadevida.com.ar\/portalurbano\/wp-content\/uploads\/2021\/04\/Tierra6.jpg",640,427,false],"web-stories-publisher-logo":["https:\/\/experienciadevida.com.ar\/portalurbano\/wp-content\/uploads\/2021\/04\/Tierra6.jpg",96,64,false],"web-stories-thumbnail":["https:\/\/experienciadevida.com.ar\/portalurbano\/wp-content\/uploads\/2021\/04\/Tierra6.jpg",150,100,false]},"author_info":{"display_name":"admpu17wp","author_link":"https:\/\/experienciadevida.com.ar\/portalurbano\/author\/admpu17wp\/"},"category_info":"<a href=\"https:\/\/experienciadevida.com.ar\/portalurbano\/category\/ciudad\/\" rel=\"category tag\">Ciudad<\/a> <a href=\"https:\/\/experienciadevida.com.ar\/portalurbano\/category\/destacadas-2\/\" rel=\"category tag\">Destacadas 2<\/a>","tag_info":"Destacadas 2","comment_count":"0","amp_enabled":true,"_links":{"self":[{"href":"https:\/\/experienciadevida.com.ar\/portalurbano\/wp-json\/wp\/v2\/posts\/142225"}],"collection":[{"href":"https:\/\/experienciadevida.com.ar\/portalurbano\/wp-json\/wp\/v2\/posts"}],"about":[{"href":"https:\/\/experienciadevida.com.ar\/portalurbano\/wp-json\/wp\/v2\/types\/post"}],"author":[{"embeddable":true,"href":"https:\/\/experienciadevida.com.ar\/portalurbano\/wp-json\/wp\/v2\/users\/1"}],"replies":[{"embeddable":true,"href":"https:\/\/experienciadevida.com.ar\/portalurbano\/wp-json\/wp\/v2\/comments?post=142225"}],"version-history":[{"count":2,"href":"https:\/\/experienciadevida.com.ar\/portalurbano\/wp-json\/wp\/v2\/posts\/142225\/revisions"}],"predecessor-version":[{"id":142241,"href":"https:\/\/experienciadevida.com.ar\/portalurbano\/wp-json\/wp\/v2\/posts\/142225\/revisions\/142241"}],"wp:featuredmedia":[{"embeddable":true,"href":"https:\/\/experienciadevida.com.ar\/portalurbano\/wp-json\/wp\/v2\/media\/139509"}],"wp:attachment":[{"href":"https:\/\/experienciadevida.com.ar\/portalurbano\/wp-json\/wp\/v2\/media?parent=142225"}],"wp:term":[{"taxonomy":"category","embeddable":true,"href":"https:\/\/experienciadevida.com.ar\/portalurbano\/wp-json\/wp\/v2\/categories?post=142225"},{"taxonomy":"post_tag","embeddable":true,"href":"https:\/\/experienciadevida.com.ar\/portalurbano\/wp-json\/wp\/v2\/tags?post=142225"}],"curies":[{"name":"wp","href":"https:\/\/api.w.org\/{rel}","templated":true}]}}