{"id":142066,"date":"2021-05-05T15:04:56","date_gmt":"2021-05-05T18:04:56","guid":{"rendered":"https:\/\/experienciadevida.com.ar\/portalurbano\/?p=142066"},"modified":"2021-05-05T15:05:25","modified_gmt":"2021-05-05T18:05:25","slug":"eventos-somos-un-sector-totalmente-olvidado","status":"publish","type":"post","link":"https:\/\/experienciadevida.com.ar\/portalurbano\/eventos-somos-un-sector-totalmente-olvidado\/","title":{"rendered":"Eventos: &#8220;Somos un sector totalmente olvidado&#8221;"},"content":{"rendered":"<p>Eventos: &#8220;somos un sector totalmente olvidados&#8221;, as\u00ed lo mencion\u00f3 <a href=\"https:\/\/www.facebook.com\/monicahvr\">M\u00f3nica Hernando<\/a> en una entrevista con este medio. Habl\u00f3 sobre las nuevas restricciones impuestas por el Municipio\u00a0 y sobre las del 23 de marzo que afect\u00f3 directamente sobre el sector,\u00a0 adem\u00e1s se solidariz\u00f3 con los gimnasios otro rubro que fue afectado por las restricciones actuales.<\/p>\n<p><em>&#8220;Las medidas anteriores nos afect\u00f3, no estas \u00faltimas con \u00e9stas nosotros ya est\u00e1bamos cerrados totalmente del todo, en el decreto anterior no nos dejaron volver a trabajar. Trabajamos un mes y nos volvieron a cerrar por completo, no podemos hacer ni eventos al aire libre ni en espacios cerrados con un aforo del 30%&#8221;.<\/em><\/p>\n<p>M\u00f3nica continu\u00f3 &#8220;<em>luego de la movilizaci\u00f3n y el env\u00edo del petitorio que realizamos al Municipio antes de las restricciones del 23 de marzo tuvimos una respuesta\u00a0 y una reuni\u00f3n, en ese momento nos mejoraron las condiciones pero a los pocos d\u00edas cuando los casos en Olavarr\u00eda subieron lo primero que hicieron fue otra vez volver a cerrar todo&#8221;.<\/em><\/p>\n<p><em>&#8220;Con lo econ\u00f3mico no nos dieron ning\u00fan tipo de respuesta, somos un sector que est\u00e1 totalmente olvidado a nivel nacional, provincial y municipal no nos tienen en cuenta absolutamente para nada&#8221;.<\/em><\/p>\n<p>Por otro lado dijo <em>&#8220;lo que va a pasar cuando la poblaci\u00f3n de Olavarr\u00eda salga a hacer eventos no va a tener d\u00f3nde hacerlos, porque ya est\u00e1n todos los salones cerrados hasta van vendiendo sus cosas, la gente se dedic\u00f3 a otro rubro. Es imposible estar un a\u00f1o y medio sin ning\u00fan tipo de soluci\u00f3n ni saber\u00a0 cu\u00e1ndo vamos a poder abrir sin recibir ning\u00fan tipo de ayuda&#8221;.<\/em><\/p>\n<p><em>&#8220;Gran parte\u00a0 de los que trabajan en este rubro han cerrado, lograron lo que quer\u00edan que bajemos los brazos, porque mientras a nosotros nos prohib\u00edan las fiestas clandestinas continuaban, ni siquiera bajaron los impuestos de los salones que todav\u00eda est\u00e1n abiertos, mil pesos para el Municipio no es nada pero para el due\u00f1o del sal\u00f3n s\u00ed es diferencia&#8221;, remarc\u00f3.<\/em><\/p>\n<p>Para finalizar dijo &#8220;<em>es como si fuera un Tsunami, cuando vuelvan las condiciones como eran antes vamos a ver quien qued\u00f3, porque hoy es imposible saber qui\u00e9n est\u00e1 de pie&#8221;.<\/em><\/p>\n<p><em>&#8220;Tambi\u00e9n acaban de cerrar los gimnasios que no es un lugar donde haya contagios masivos, nos solidarizamos con ellos&#8221;.<\/em><\/p>\n<p>Adem\u00e1s <em>&#8220;sentimos desesperanza, no salimos m\u00e1s a luchar ni pedir m\u00e1s nada y tampoco sabemos si en alg\u00fan momento vamos a poder volver&#8221;.<\/em><\/p>\n<p>Foto: internet<\/p>\n","protected":false},"excerpt":{"rendered":"<p>Eventos: &#8220;somos un sector totalmente olvidados&#8221;, as\u00ed lo mencion\u00f3 M\u00f3nica Hernando en una entrevista con&#8230;<\/p>\n","protected":false},"author":1,"featured_media":116749,"comment_status":"closed","ping_status":"closed","sticky":false,"template":"","format":"standard","meta":{"content-type":""},"categories":[27,64],"tags":[],"nelio_content":{"isAutoShareEnabled":false,"autoShareEndMode":"default","automationSources":{"useContentSentences":true,"useSocialTemplates":true,"useCustomSentences":false,"customSentences":[]},"followers":[1],"suggestedReferences":[],"includedReferences":[],"efiUrl":"","efiAlt":"","highlights":[]},"yoast_head":"<!-- This site is optimized with the Yoast SEO plugin v20.7 - https:\/\/yoast.com\/wordpress\/plugins\/seo\/ -->\n<title>Eventos &quot;somos un sector totalmente olvidado en todos los niveles&quot;<\/title>\n<meta name=\"description\" content=\"Eventos: &quot;somos un sector totalmente olvidados&quot;, as\u00ed lo mencion\u00f3 M\u00f3nica Hernando en una entrevista con este medio de comunicaci\u00f3n.\" \/>\n<meta name=\"robots\" content=\"index, follow, max-snippet:-1, max-image-preview:large, max-video-preview:-1\" \/>\n<link rel=\"canonical\" href=\"https:\/\/experienciadevida.com.ar\/portalurbano\/eventos-somos-un-sector-totalmente-olvidado\/\" \/>\n<meta property=\"og:locale\" content=\"es_ES\" \/>\n<meta property=\"og:type\" content=\"article\" \/>\n<meta property=\"og:title\" content=\"Eventos &quot;somos un sector totalmente olvidado en todos los niveles&quot;\" \/>\n<meta property=\"og:description\" content=\"Eventos: &quot;somos un sector totalmente olvidados&quot;, as\u00ed lo mencion\u00f3 M\u00f3nica Hernando en una entrevista con este medio de comunicaci\u00f3n.\" \/>\n<meta property=\"og:url\" content=\"https:\/\/experienciadevida.com.ar\/portalurbano\/eventos-somos-un-sector-totalmente-olvidado\/\" \/>\n<meta property=\"article:publisher\" content=\"https:\/\/www.facebook.com\/Portal-Urbano-171542830093757\/\" \/>\n<meta property=\"article:published_time\" content=\"2021-05-05T18:04:56+00:00\" \/>\n<meta property=\"article:modified_time\" content=\"2021-05-05T18:05:25+00:00\" \/>\n<meta property=\"og:image\" content=\"https:\/\/experienciadevida.com.ar\/portalurbano\/wp-content\/uploads\/2020\/08\/REUNIONES.jpg\" \/>\n\t<meta property=\"og:image:width\" content=\"1004\" \/>\n\t<meta property=\"og:image:height\" content=\"565\" \/>\n\t<meta property=\"og:image:type\" content=\"image\/jpeg\" \/>\n<meta name=\"author\" content=\"admpu17wp\" \/>\n<meta name=\"twitter:card\" content=\"summary_large_image\" \/>\n<meta name=\"twitter:creator\" content=\"@portalurbanook\" \/>\n<meta name=\"twitter:site\" content=\"@portalurbanook\" \/>\n<meta name=\"twitter:label1\" content=\"Escrito por\" \/>\n\t<meta name=\"twitter:data1\" content=\"admpu17wp\" \/>\n\t<meta name=\"twitter:label2\" content=\"Tiempo de lectura\" \/>\n\t<meta name=\"twitter:data2\" content=\"2 minutos\" \/>\n<script type=\"application\/ld+json\" class=\"yoast-schema-graph\">{\"@context\":\"https:\/\/schema.org\",\"@graph\":[{\"@type\":\"Article\",\"@id\":\"https:\/\/experienciadevida.com.ar\/portalurbano\/eventos-somos-un-sector-totalmente-olvidado\/#article\",\"isPartOf\":{\"@id\":\"https:\/\/experienciadevida.com.ar\/portalurbano\/eventos-somos-un-sector-totalmente-olvidado\/\"},\"author\":{\"name\":\"admpu17wp\",\"@id\":\"https:\/\/experienciadevida.com.ar\/portalurbano\/#\/schema\/person\/02dd326b1c4b056e9cc972486934a3a7\"},\"headline\":\"Eventos: &#8220;Somos un sector totalmente olvidado&#8221;\",\"datePublished\":\"2021-05-05T18:04:56+00:00\",\"dateModified\":\"2021-05-05T18:05:25+00:00\",\"mainEntityOfPage\":{\"@id\":\"https:\/\/experienciadevida.com.ar\/portalurbano\/eventos-somos-un-sector-totalmente-olvidado\/\"},\"wordCount\":433,\"publisher\":{\"@id\":\"https:\/\/experienciadevida.com.ar\/portalurbano\/#organization\"},\"articleSection\":[\"Ciudad\",\"Destacadas 2\"],\"inLanguage\":\"es\"},{\"@type\":\"WebPage\",\"@id\":\"https:\/\/experienciadevida.com.ar\/portalurbano\/eventos-somos-un-sector-totalmente-olvidado\/\",\"url\":\"https:\/\/experienciadevida.com.ar\/portalurbano\/eventos-somos-un-sector-totalmente-olvidado\/\",\"name\":\"Eventos \\\"somos un sector totalmente olvidado en todos los niveles\\\"\",\"isPartOf\":{\"@id\":\"https:\/\/experienciadevida.com.ar\/portalurbano\/#website\"},\"datePublished\":\"2021-05-05T18:04:56+00:00\",\"dateModified\":\"2021-05-05T18:05:25+00:00\",\"description\":\"Eventos: \\\"somos un sector totalmente olvidados\\\", as\u00ed lo mencion\u00f3 M\u00f3nica Hernando en una entrevista con este medio de comunicaci\u00f3n.\",\"breadcrumb\":{\"@id\":\"https:\/\/experienciadevida.com.ar\/portalurbano\/eventos-somos-un-sector-totalmente-olvidado\/#breadcrumb\"},\"inLanguage\":\"es\",\"potentialAction\":[{\"@type\":\"ReadAction\",\"target\":[\"https:\/\/experienciadevida.com.ar\/portalurbano\/eventos-somos-un-sector-totalmente-olvidado\/\"]}]},{\"@type\":\"BreadcrumbList\",\"@id\":\"https:\/\/experienciadevida.com.ar\/portalurbano\/eventos-somos-un-sector-totalmente-olvidado\/#breadcrumb\",\"itemListElement\":[{\"@type\":\"ListItem\",\"position\":1,\"name\":\"Portada\",\"item\":\"https:\/\/experienciadevida.com.ar\/portalurbano\/\"},{\"@type\":\"ListItem\",\"position\":2,\"name\":\"Eventos: \u00abSomos un sector totalmente olvidado\u00bb\"}]},{\"@type\":\"WebSite\",\"@id\":\"https:\/\/experienciadevida.com.ar\/portalurbano\/#website\",\"url\":\"https:\/\/experienciadevida.com.ar\/portalurbano\/\",\"name\":\"\",\"description\":\"\",\"publisher\":{\"@id\":\"https:\/\/experienciadevida.com.ar\/portalurbano\/#organization\"},\"potentialAction\":[{\"@type\":\"SearchAction\",\"target\":{\"@type\":\"EntryPoint\",\"urlTemplate\":\"https:\/\/experienciadevida.com.ar\/portalurbano\/?s={search_term_string}\"},\"query-input\":\"required name=search_term_string\"}],\"inLanguage\":\"es\"},{\"@type\":\"Organization\",\"@id\":\"https:\/\/experienciadevida.com.ar\/portalurbano\/#organization\",\"name\":\"Portal Urbano\",\"url\":\"https:\/\/experienciadevida.com.ar\/portalurbano\/\",\"logo\":{\"@type\":\"ImageObject\",\"inLanguage\":\"es\",\"@id\":\"https:\/\/experienciadevida.com.ar\/portalurbano\/#\/schema\/logo\/image\/\",\"url\":\"https:\/\/experienciadevida.com.ar\/portalurbano\/wp-content\/uploads\/2019\/09\/Logo-Original.png\",\"contentUrl\":\"https:\/\/experienciadevida.com.ar\/portalurbano\/wp-content\/uploads\/2019\/09\/Logo-Original.png\",\"width\":2236,\"height\":1216,\"caption\":\"Portal Urbano\"},\"image\":{\"@id\":\"https:\/\/experienciadevida.com.ar\/portalurbano\/#\/schema\/logo\/image\/\"},\"sameAs\":[\"https:\/\/www.facebook.com\/Portal-Urbano-171542830093757\/\",\"https:\/\/twitter.com\/portalurbanook\",\"https:\/\/www.instagram.com\/_portalurbano\/\",\"https:\/\/www.youtube.com\/channel\/UCXhagIfszH8KxFiOok79zbA?view_as=subscriber\"]},{\"@type\":\"Person\",\"@id\":\"https:\/\/experienciadevida.com.ar\/portalurbano\/#\/schema\/person\/02dd326b1c4b056e9cc972486934a3a7\",\"name\":\"admpu17wp\",\"image\":{\"@type\":\"ImageObject\",\"inLanguage\":\"es\",\"@id\":\"https:\/\/experienciadevida.com.ar\/portalurbano\/#\/schema\/person\/image\/\",\"url\":\"https:\/\/secure.gravatar.com\/avatar\/830d4c57adaae6630765e449a6908047?s=96&d=mm&r=g\",\"contentUrl\":\"https:\/\/secure.gravatar.com\/avatar\/830d4c57adaae6630765e449a6908047?s=96&d=mm&r=g\",\"caption\":\"admpu17wp\"}}]}<\/script>\n<!-- \/ Yoast SEO plugin. -->","yoast_head_json":{"title":"Eventos \"somos un sector totalmente olvidado en todos los niveles\"","description":"Eventos: \"somos un sector totalmente olvidados\", as\u00ed lo mencion\u00f3 M\u00f3nica Hernando en una entrevista con este medio de comunicaci\u00f3n.","robots":{"index":"index","follow":"follow","max-snippet":"max-snippet:-1","max-image-preview":"max-image-preview:large","max-video-preview":"max-video-preview:-1"},"canonical":"https:\/\/experienciadevida.com.ar\/portalurbano\/eventos-somos-un-sector-totalmente-olvidado\/","og_locale":"es_ES","og_type":"article","og_title":"Eventos \"somos un sector totalmente olvidado en todos los niveles\"","og_description":"Eventos: \"somos un sector totalmente olvidados\", as\u00ed lo mencion\u00f3 M\u00f3nica Hernando en una entrevista con este medio de comunicaci\u00f3n.","og_url":"https:\/\/experienciadevida.com.ar\/portalurbano\/eventos-somos-un-sector-totalmente-olvidado\/","article_publisher":"https:\/\/www.facebook.com\/Portal-Urbano-171542830093757\/","article_published_time":"2021-05-05T18:04:56+00:00","article_modified_time":"2021-05-05T18:05:25+00:00","og_image":[{"width":1004,"height":565,"url":"https:\/\/experienciadevida.com.ar\/portalurbano\/wp-content\/uploads\/2020\/08\/REUNIONES.jpg","type":"image\/jpeg"}],"author":"admpu17wp","twitter_card":"summary_large_image","twitter_creator":"@portalurbanook","twitter_site":"@portalurbanook","twitter_misc":{"Escrito por":"admpu17wp","Tiempo de lectura":"2 minutos"},"schema":{"@context":"https:\/\/schema.org","@graph":[{"@type":"Article","@id":"https:\/\/experienciadevida.com.ar\/portalurbano\/eventos-somos-un-sector-totalmente-olvidado\/#article","isPartOf":{"@id":"https:\/\/experienciadevida.com.ar\/portalurbano\/eventos-somos-un-sector-totalmente-olvidado\/"},"author":{"name":"admpu17wp","@id":"https:\/\/experienciadevida.com.ar\/portalurbano\/#\/schema\/person\/02dd326b1c4b056e9cc972486934a3a7"},"headline":"Eventos: &#8220;Somos un sector totalmente olvidado&#8221;","datePublished":"2021-05-05T18:04:56+00:00","dateModified":"2021-05-05T18:05:25+00:00","mainEntityOfPage":{"@id":"https:\/\/experienciadevida.com.ar\/portalurbano\/eventos-somos-un-sector-totalmente-olvidado\/"},"wordCount":433,"publisher":{"@id":"https:\/\/experienciadevida.com.ar\/portalurbano\/#organization"},"articleSection":["Ciudad","Destacadas 2"],"inLanguage":"es"},{"@type":"WebPage","@id":"https:\/\/experienciadevida.com.ar\/portalurbano\/eventos-somos-un-sector-totalmente-olvidado\/","url":"https:\/\/experienciadevida.com.ar\/portalurbano\/eventos-somos-un-sector-totalmente-olvidado\/","name":"Eventos \"somos un sector totalmente olvidado en todos los niveles\"","isPartOf":{"@id":"https:\/\/experienciadevida.com.ar\/portalurbano\/#website"},"datePublished":"2021-05-05T18:04:56+00:00","dateModified":"2021-05-05T18:05:25+00:00","description":"Eventos: \"somos un sector totalmente olvidados\", as\u00ed lo mencion\u00f3 M\u00f3nica Hernando en una entrevista con este medio de comunicaci\u00f3n.","breadcrumb":{"@id":"https:\/\/experienciadevida.com.ar\/portalurbano\/eventos-somos-un-sector-totalmente-olvidado\/#breadcrumb"},"inLanguage":"es","potentialAction":[{"@type":"ReadAction","target":["https:\/\/experienciadevida.com.ar\/portalurbano\/eventos-somos-un-sector-totalmente-olvidado\/"]}]},{"@type":"BreadcrumbList","@id":"https:\/\/experienciadevida.com.ar\/portalurbano\/eventos-somos-un-sector-totalmente-olvidado\/#breadcrumb","itemListElement":[{"@type":"ListItem","position":1,"name":"Portada","item":"https:\/\/experienciadevida.com.ar\/portalurbano\/"},{"@type":"ListItem","position":2,"name":"Eventos: \u00abSomos un sector totalmente olvidado\u00bb"}]},{"@type":"WebSite","@id":"https:\/\/experienciadevida.com.ar\/portalurbano\/#website","url":"https:\/\/experienciadevida.com.ar\/portalurbano\/","name":"","description":"","publisher":{"@id":"https:\/\/experienciadevida.com.ar\/portalurbano\/#organization"},"potentialAction":[{"@type":"SearchAction","target":{"@type":"EntryPoint","urlTemplate":"https:\/\/experienciadevida.com.ar\/portalurbano\/?s={search_term_string}"},"query-input":"required name=search_term_string"}],"inLanguage":"es"},{"@type":"Organization","@id":"https:\/\/experienciadevida.com.ar\/portalurbano\/#organization","name":"Portal Urbano","url":"https:\/\/experienciadevida.com.ar\/portalurbano\/","logo":{"@type":"ImageObject","inLanguage":"es","@id":"https:\/\/experienciadevida.com.ar\/portalurbano\/#\/schema\/logo\/image\/","url":"https:\/\/experienciadevida.com.ar\/portalurbano\/wp-content\/uploads\/2019\/09\/Logo-Original.png","contentUrl":"https:\/\/experienciadevida.com.ar\/portalurbano\/wp-content\/uploads\/2019\/09\/Logo-Original.png","width":2236,"height":1216,"caption":"Portal Urbano"},"image":{"@id":"https:\/\/experienciadevida.com.ar\/portalurbano\/#\/schema\/logo\/image\/"},"sameAs":["https:\/\/www.facebook.com\/Portal-Urbano-171542830093757\/","https:\/\/twitter.com\/portalurbanook","https:\/\/www.instagram.com\/_portalurbano\/","https:\/\/www.youtube.com\/channel\/UCXhagIfszH8KxFiOok79zbA?view_as=subscriber"]},{"@type":"Person","@id":"https:\/\/experienciadevida.com.ar\/portalurbano\/#\/schema\/person\/02dd326b1c4b056e9cc972486934a3a7","name":"admpu17wp","image":{"@type":"ImageObject","inLanguage":"es","@id":"https:\/\/experienciadevida.com.ar\/portalurbano\/#\/schema\/person\/image\/","url":"https:\/\/secure.gravatar.com\/avatar\/830d4c57adaae6630765e449a6908047?s=96&d=mm&r=g","contentUrl":"https:\/\/secure.gravatar.com\/avatar\/830d4c57adaae6630765e449a6908047?s=96&d=mm&r=g","caption":"admpu17wp"}}]}},"featured_image_urls":{"full":["https:\/\/experienciadevida.com.ar\/portalurbano\/wp-content\/uploads\/2020\/08\/REUNIONES.jpg",1004,565,false],"thumbnail":["https:\/\/experienciadevida.com.ar\/portalurbano\/wp-content\/uploads\/2020\/08\/REUNIONES-150x150.jpg",150,150,true],"medium":["https:\/\/experienciadevida.com.ar\/portalurbano\/wp-content\/uploads\/2020\/08\/REUNIONES-300x169.jpg",300,169,true],"medium_large":["https:\/\/experienciadevida.com.ar\/portalurbano\/wp-content\/uploads\/2020\/08\/REUNIONES-768x432.jpg",640,360,true],"large":["https:\/\/experienciadevida.com.ar\/portalurbano\/wp-content\/uploads\/2020\/08\/REUNIONES.jpg",640,360,false],"ug_big":["https:\/\/experienciadevida.com.ar\/portalurbano\/wp-content\/uploads\/2020\/08\/REUNIONES-768x432.jpg",768,432,true],"1536x1536":["https:\/\/experienciadevida.com.ar\/portalurbano\/wp-content\/uploads\/2020\/08\/REUNIONES.jpg",1004,565,false],"2048x2048":["https:\/\/experienciadevida.com.ar\/portalurbano\/wp-content\/uploads\/2020\/08\/REUNIONES.jpg",1004,565,false],"newsever-slider-full":["https:\/\/experienciadevida.com.ar\/portalurbano\/wp-content\/uploads\/2020\/08\/REUNIONES.jpg",1004,565,false],"newsever-featured":["https:\/\/experienciadevida.com.ar\/portalurbano\/wp-content\/uploads\/2020\/08\/REUNIONES.jpg",1004,565,false],"newsever-medium":["https:\/\/experienciadevida.com.ar\/portalurbano\/wp-content\/uploads\/2020\/08\/REUNIONES.jpg",720,405,false],"web-stories-poster-portrait":["https:\/\/experienciadevida.com.ar\/portalurbano\/wp-content\/uploads\/2020\/08\/REUNIONES.jpg",640,360,false],"web-stories-publisher-logo":["https:\/\/experienciadevida.com.ar\/portalurbano\/wp-content\/uploads\/2020\/08\/REUNIONES.jpg",96,54,false],"web-stories-thumbnail":["https:\/\/experienciadevida.com.ar\/portalurbano\/wp-content\/uploads\/2020\/08\/REUNIONES.jpg",150,84,false]},"author_info":{"display_name":"admpu17wp","author_link":"https:\/\/experienciadevida.com.ar\/portalurbano\/author\/admpu17wp\/"},"category_info":"<a href=\"https:\/\/experienciadevida.com.ar\/portalurbano\/category\/ciudad\/\" rel=\"category tag\">Ciudad<\/a> <a href=\"https:\/\/experienciadevida.com.ar\/portalurbano\/category\/destacadas-2\/\" rel=\"category tag\">Destacadas 2<\/a>","tag_info":"Destacadas 2","comment_count":"0","amp_enabled":true,"_links":{"self":[{"href":"https:\/\/experienciadevida.com.ar\/portalurbano\/wp-json\/wp\/v2\/posts\/142066"}],"collection":[{"href":"https:\/\/experienciadevida.com.ar\/portalurbano\/wp-json\/wp\/v2\/posts"}],"about":[{"href":"https:\/\/experienciadevida.com.ar\/portalurbano\/wp-json\/wp\/v2\/types\/post"}],"author":[{"embeddable":true,"href":"https:\/\/experienciadevida.com.ar\/portalurbano\/wp-json\/wp\/v2\/users\/1"}],"replies":[{"embeddable":true,"href":"https:\/\/experienciadevida.com.ar\/portalurbano\/wp-json\/wp\/v2\/comments?post=142066"}],"version-history":[{"count":4,"href":"https:\/\/experienciadevida.com.ar\/portalurbano\/wp-json\/wp\/v2\/posts\/142066\/revisions"}],"predecessor-version":[{"id":142069,"href":"https:\/\/experienciadevida.com.ar\/portalurbano\/wp-json\/wp\/v2\/posts\/142066\/revisions\/142069"}],"wp:featuredmedia":[{"embeddable":true,"href":"https:\/\/experienciadevida.com.ar\/portalurbano\/wp-json\/wp\/v2\/media\/116749"}],"wp:attachment":[{"href":"https:\/\/experienciadevida.com.ar\/portalurbano\/wp-json\/wp\/v2\/media?parent=142066"}],"wp:term":[{"taxonomy":"category","embeddable":true,"href":"https:\/\/experienciadevida.com.ar\/portalurbano\/wp-json\/wp\/v2\/categories?post=142066"},{"taxonomy":"post_tag","embeddable":true,"href":"https:\/\/experienciadevida.com.ar\/portalurbano\/wp-json\/wp\/v2\/tags?post=142066"}],"curies":[{"name":"wp","href":"https:\/\/api.w.org\/{rel}","templated":true}]}}