{"id":142038,"date":"2021-05-05T11:26:45","date_gmt":"2021-05-05T14:26:45","guid":{"rendered":"https:\/\/experienciadevida.com.ar\/portalurbano\/?p=142038"},"modified":"2021-05-05T11:27:24","modified_gmt":"2021-05-05T14:27:24","slug":"raul-ferreira-cualquier-contagio-masivo-puede-dejar-el-cuartel-al-limite-de-su-operatividad","status":"publish","type":"post","link":"https:\/\/experienciadevida.com.ar\/portalurbano\/raul-ferreira-cualquier-contagio-masivo-puede-dejar-el-cuartel-al-limite-de-su-operatividad\/","title":{"rendered":"Ra\u00fal Ferreira: \u201cCualquier contagio masivo puede dejar el cuartel al l\u00edmite de su operatividad\u201d"},"content":{"rendered":"<p>Ra\u00fal Ferreira: \u201cCualquier contagio masivo puede dejar el cuartel al l\u00edmite de su operatividad\u201d, el Jefe del Cuartel Central de Bomberos de Olavarr\u00eda, Comandante General Ra\u00fal Ferreira se sum\u00f3 al reclamo del Sistema Nacional de Bomberos Voluntarios y pidi\u00f3 vacunas contra de Covid para los voluntarios.<\/p>\n<p>En Olavarr\u00eda solo est\u00e1 inoculado el 30% del cuerpo activo.<\/p>\n<p>En las \u00faltimas horas el Sistema Nacional de Bomberos Voluntarios de la Rep\u00fablica Argentina se declar\u00f3 en estado de Alerta y Movilizaci\u00f3n ante la falta de vacunas contra el COVID-19 para los m\u00e1s 43 mil integrantes de Cuerpos Activos y Consejos Directivos de las Asociaciones de Bomberos Voluntarios de todo el pa\u00eds.<\/p>\n<p>Tambi\u00e9n se conoci\u00f3 que en esta l\u00ednea se convoc\u00f3 a a una reuni\u00f3n Honorable Comisi\u00f3n Directiva del Sistema Nacional para este mi\u00e9rcoles 05 de mayo, donde se van definir las medidas de acci\u00f3n concretas.<\/p>\n<p>El Jefe del Cuerpo Activo de Bomberos Voluntarios de Olavarr\u00eda, Comandante General Ra\u00fal Ferreira habl\u00f3 con la periodista Claudia Bilbao en el programa \u201cDesayuno con Noticias\u201d (Radio M) y demand\u00f3 a a las autoridades la aplicaci\u00f3n de vacunas contra el Covid para los voluntarios.<\/p>\n<p>En primera instancia explic\u00f3 que en Olavarr\u00eda s\u00f3lo el 30% de los Bomberos Voluntarios recibieron la primera dosis de la vacuna un n\u00famero que para Ferreira es \u201cmuy bajo\u201d. Al mismo sostuvo \u201cel riesgo que se corre es muy alto, porque cualquier contagio masivo puede dejar el cuartel al l\u00edmite de su operatividad\u201d.<\/p>\n<p>Reconoci\u00f3 que reclamaron la vacunaci\u00f3n a las autoridades sanitarias del Municipio y de la Provincia quienes respondieron que \u201chab\u00eda falta de vacunas\u201d.<\/p>\n<p>Ferreira sostuvo que debe haber \u201cuna vacunaci\u00f3n lo m\u00e1s r\u00e1pida e inmediata posible\u201d y justific\u00f3 \u201cel Servicio de Bomberos voluntarios es esencial e irremplazable porque hoy nuestros Bomberos tienen entrenamiento, a\u00f1os de experiencia y no es f\u00e1cil de reemplazar si se contagia un cuartel entero\u201d.<\/p>\n","protected":false},"excerpt":{"rendered":"<p>Ra\u00fal Ferreira: \u201cCualquier contagio masivo puede dejar el cuartel al l\u00edmite de su operatividad\u201d, el&#8230;<\/p>\n","protected":false},"author":1,"featured_media":142039,"comment_status":"closed","ping_status":"closed","sticky":false,"template":"","format":"standard","meta":{"content-type":""},"categories":[27,64],"tags":[],"nelio_content":{"isAutoShareEnabled":false,"autoShareEndMode":"default","automationSources":{"useContentSentences":true,"useSocialTemplates":true,"useCustomSentences":false,"customSentences":[]},"followers":[1],"suggestedReferences":[],"includedReferences":[],"efiUrl":"","efiAlt":"","highlights":[]},"yoast_head":"<!-- This site is optimized with the Yoast SEO plugin v20.7 - https:\/\/yoast.com\/wordpress\/plugins\/seo\/ -->\n<title>Ra\u00fal Ferreira: &quot;Cualquier contagio puede dejar el cuartel al l\u00edmite&quot;<\/title>\n<meta name=\"description\" content=\"Ra\u00fal Ferreira: \u201cCualquier contagio masivo puede dejar el cuartel al l\u00edmite de su operatividad\u201d, y pidi\u00f3 vacunas contra de Covid.\" \/>\n<meta name=\"robots\" content=\"index, follow, max-snippet:-1, max-image-preview:large, max-video-preview:-1\" \/>\n<link rel=\"canonical\" href=\"https:\/\/experienciadevida.com.ar\/portalurbano\/raul-ferreira-cualquier-contagio-masivo-puede-dejar-el-cuartel-al-limite-de-su-operatividad\/\" \/>\n<meta property=\"og:locale\" content=\"es_ES\" \/>\n<meta property=\"og:type\" content=\"article\" \/>\n<meta property=\"og:title\" content=\"Ra\u00fal Ferreira: &quot;Cualquier contagio puede dejar el cuartel al l\u00edmite&quot;\" \/>\n<meta property=\"og:description\" content=\"Ra\u00fal Ferreira: \u201cCualquier contagio masivo puede dejar el cuartel al l\u00edmite de su operatividad\u201d, y pidi\u00f3 vacunas contra de Covid.\" \/>\n<meta property=\"og:url\" content=\"https:\/\/experienciadevida.com.ar\/portalurbano\/raul-ferreira-cualquier-contagio-masivo-puede-dejar-el-cuartel-al-limite-de-su-operatividad\/\" \/>\n<meta property=\"article:publisher\" content=\"https:\/\/www.facebook.com\/Portal-Urbano-171542830093757\/\" \/>\n<meta property=\"article:published_time\" content=\"2021-05-05T14:26:45+00:00\" \/>\n<meta property=\"article:modified_time\" content=\"2021-05-05T14:27:24+00:00\" \/>\n<meta property=\"og:image\" content=\"https:\/\/experienciadevida.com.ar\/portalurbano\/wp-content\/uploads\/2021\/05\/Raul-Ferreira.jpg\" \/>\n\t<meta property=\"og:image:width\" content=\"750\" \/>\n\t<meta property=\"og:image:height\" content=\"500\" \/>\n\t<meta property=\"og:image:type\" content=\"image\/jpeg\" \/>\n<meta name=\"author\" content=\"admpu17wp\" \/>\n<meta name=\"twitter:card\" content=\"summary_large_image\" \/>\n<meta name=\"twitter:creator\" content=\"@portalurbanook\" \/>\n<meta name=\"twitter:site\" content=\"@portalurbanook\" \/>\n<meta name=\"twitter:label1\" content=\"Escrito por\" \/>\n\t<meta name=\"twitter:data1\" content=\"admpu17wp\" \/>\n\t<meta name=\"twitter:label2\" content=\"Tiempo de lectura\" \/>\n\t<meta name=\"twitter:data2\" content=\"2 minutos\" \/>\n<script type=\"application\/ld+json\" class=\"yoast-schema-graph\">{\"@context\":\"https:\/\/schema.org\",\"@graph\":[{\"@type\":\"Article\",\"@id\":\"https:\/\/experienciadevida.com.ar\/portalurbano\/raul-ferreira-cualquier-contagio-masivo-puede-dejar-el-cuartel-al-limite-de-su-operatividad\/#article\",\"isPartOf\":{\"@id\":\"https:\/\/experienciadevida.com.ar\/portalurbano\/raul-ferreira-cualquier-contagio-masivo-puede-dejar-el-cuartel-al-limite-de-su-operatividad\/\"},\"author\":{\"name\":\"admpu17wp\",\"@id\":\"https:\/\/experienciadevida.com.ar\/portalurbano\/#\/schema\/person\/02dd326b1c4b056e9cc972486934a3a7\"},\"headline\":\"Ra\u00fal Ferreira: \u201cCualquier contagio masivo puede dejar el cuartel al l\u00edmite de su operatividad\u201d\",\"datePublished\":\"2021-05-05T14:26:45+00:00\",\"dateModified\":\"2021-05-05T14:27:24+00:00\",\"mainEntityOfPage\":{\"@id\":\"https:\/\/experienciadevida.com.ar\/portalurbano\/raul-ferreira-cualquier-contagio-masivo-puede-dejar-el-cuartel-al-limite-de-su-operatividad\/\"},\"wordCount\":347,\"publisher\":{\"@id\":\"https:\/\/experienciadevida.com.ar\/portalurbano\/#organization\"},\"articleSection\":[\"Ciudad\",\"Destacadas 2\"],\"inLanguage\":\"es\"},{\"@type\":\"WebPage\",\"@id\":\"https:\/\/experienciadevida.com.ar\/portalurbano\/raul-ferreira-cualquier-contagio-masivo-puede-dejar-el-cuartel-al-limite-de-su-operatividad\/\",\"url\":\"https:\/\/experienciadevida.com.ar\/portalurbano\/raul-ferreira-cualquier-contagio-masivo-puede-dejar-el-cuartel-al-limite-de-su-operatividad\/\",\"name\":\"Ra\u00fal Ferreira: \\\"Cualquier contagio puede dejar el cuartel al l\u00edmite\\\"\",\"isPartOf\":{\"@id\":\"https:\/\/experienciadevida.com.ar\/portalurbano\/#website\"},\"datePublished\":\"2021-05-05T14:26:45+00:00\",\"dateModified\":\"2021-05-05T14:27:24+00:00\",\"description\":\"Ra\u00fal Ferreira: \u201cCualquier contagio masivo puede dejar el cuartel al l\u00edmite de su operatividad\u201d, y pidi\u00f3 vacunas contra de Covid.\",\"breadcrumb\":{\"@id\":\"https:\/\/experienciadevida.com.ar\/portalurbano\/raul-ferreira-cualquier-contagio-masivo-puede-dejar-el-cuartel-al-limite-de-su-operatividad\/#breadcrumb\"},\"inLanguage\":\"es\",\"potentialAction\":[{\"@type\":\"ReadAction\",\"target\":[\"https:\/\/experienciadevida.com.ar\/portalurbano\/raul-ferreira-cualquier-contagio-masivo-puede-dejar-el-cuartel-al-limite-de-su-operatividad\/\"]}]},{\"@type\":\"BreadcrumbList\",\"@id\":\"https:\/\/experienciadevida.com.ar\/portalurbano\/raul-ferreira-cualquier-contagio-masivo-puede-dejar-el-cuartel-al-limite-de-su-operatividad\/#breadcrumb\",\"itemListElement\":[{\"@type\":\"ListItem\",\"position\":1,\"name\":\"Portada\",\"item\":\"https:\/\/experienciadevida.com.ar\/portalurbano\/\"},{\"@type\":\"ListItem\",\"position\":2,\"name\":\"Ra\u00fal Ferreira: \u201cCualquier contagio masivo puede dejar el cuartel al l\u00edmite de su operatividad\u201d\"}]},{\"@type\":\"WebSite\",\"@id\":\"https:\/\/experienciadevida.com.ar\/portalurbano\/#website\",\"url\":\"https:\/\/experienciadevida.com.ar\/portalurbano\/\",\"name\":\"\",\"description\":\"\",\"publisher\":{\"@id\":\"https:\/\/experienciadevida.com.ar\/portalurbano\/#organization\"},\"potentialAction\":[{\"@type\":\"SearchAction\",\"target\":{\"@type\":\"EntryPoint\",\"urlTemplate\":\"https:\/\/experienciadevida.com.ar\/portalurbano\/?s={search_term_string}\"},\"query-input\":\"required name=search_term_string\"}],\"inLanguage\":\"es\"},{\"@type\":\"Organization\",\"@id\":\"https:\/\/experienciadevida.com.ar\/portalurbano\/#organization\",\"name\":\"Portal Urbano\",\"url\":\"https:\/\/experienciadevida.com.ar\/portalurbano\/\",\"logo\":{\"@type\":\"ImageObject\",\"inLanguage\":\"es\",\"@id\":\"https:\/\/experienciadevida.com.ar\/portalurbano\/#\/schema\/logo\/image\/\",\"url\":\"https:\/\/experienciadevida.com.ar\/portalurbano\/wp-content\/uploads\/2019\/09\/Logo-Original.png\",\"contentUrl\":\"https:\/\/experienciadevida.com.ar\/portalurbano\/wp-content\/uploads\/2019\/09\/Logo-Original.png\",\"width\":2236,\"height\":1216,\"caption\":\"Portal Urbano\"},\"image\":{\"@id\":\"https:\/\/experienciadevida.com.ar\/portalurbano\/#\/schema\/logo\/image\/\"},\"sameAs\":[\"https:\/\/www.facebook.com\/Portal-Urbano-171542830093757\/\",\"https:\/\/twitter.com\/portalurbanook\",\"https:\/\/www.instagram.com\/_portalurbano\/\",\"https:\/\/www.youtube.com\/channel\/UCXhagIfszH8KxFiOok79zbA?view_as=subscriber\"]},{\"@type\":\"Person\",\"@id\":\"https:\/\/experienciadevida.com.ar\/portalurbano\/#\/schema\/person\/02dd326b1c4b056e9cc972486934a3a7\",\"name\":\"admpu17wp\",\"image\":{\"@type\":\"ImageObject\",\"inLanguage\":\"es\",\"@id\":\"https:\/\/experienciadevida.com.ar\/portalurbano\/#\/schema\/person\/image\/\",\"url\":\"https:\/\/secure.gravatar.com\/avatar\/830d4c57adaae6630765e449a6908047?s=96&d=mm&r=g\",\"contentUrl\":\"https:\/\/secure.gravatar.com\/avatar\/830d4c57adaae6630765e449a6908047?s=96&d=mm&r=g\",\"caption\":\"admpu17wp\"}}]}<\/script>\n<!-- \/ Yoast SEO plugin. -->","yoast_head_json":{"title":"Ra\u00fal Ferreira: \"Cualquier contagio puede dejar el cuartel al l\u00edmite\"","description":"Ra\u00fal Ferreira: \u201cCualquier contagio masivo puede dejar el cuartel al l\u00edmite de su operatividad\u201d, y pidi\u00f3 vacunas contra de Covid.","robots":{"index":"index","follow":"follow","max-snippet":"max-snippet:-1","max-image-preview":"max-image-preview:large","max-video-preview":"max-video-preview:-1"},"canonical":"https:\/\/experienciadevida.com.ar\/portalurbano\/raul-ferreira-cualquier-contagio-masivo-puede-dejar-el-cuartel-al-limite-de-su-operatividad\/","og_locale":"es_ES","og_type":"article","og_title":"Ra\u00fal Ferreira: \"Cualquier contagio puede dejar el cuartel al l\u00edmite\"","og_description":"Ra\u00fal Ferreira: \u201cCualquier contagio masivo puede dejar el cuartel al l\u00edmite de su operatividad\u201d, y pidi\u00f3 vacunas contra de Covid.","og_url":"https:\/\/experienciadevida.com.ar\/portalurbano\/raul-ferreira-cualquier-contagio-masivo-puede-dejar-el-cuartel-al-limite-de-su-operatividad\/","article_publisher":"https:\/\/www.facebook.com\/Portal-Urbano-171542830093757\/","article_published_time":"2021-05-05T14:26:45+00:00","article_modified_time":"2021-05-05T14:27:24+00:00","og_image":[{"width":750,"height":500,"url":"https:\/\/experienciadevida.com.ar\/portalurbano\/wp-content\/uploads\/2021\/05\/Raul-Ferreira.jpg","type":"image\/jpeg"}],"author":"admpu17wp","twitter_card":"summary_large_image","twitter_creator":"@portalurbanook","twitter_site":"@portalurbanook","twitter_misc":{"Escrito por":"admpu17wp","Tiempo de lectura":"2 minutos"},"schema":{"@context":"https:\/\/schema.org","@graph":[{"@type":"Article","@id":"https:\/\/experienciadevida.com.ar\/portalurbano\/raul-ferreira-cualquier-contagio-masivo-puede-dejar-el-cuartel-al-limite-de-su-operatividad\/#article","isPartOf":{"@id":"https:\/\/experienciadevida.com.ar\/portalurbano\/raul-ferreira-cualquier-contagio-masivo-puede-dejar-el-cuartel-al-limite-de-su-operatividad\/"},"author":{"name":"admpu17wp","@id":"https:\/\/experienciadevida.com.ar\/portalurbano\/#\/schema\/person\/02dd326b1c4b056e9cc972486934a3a7"},"headline":"Ra\u00fal Ferreira: \u201cCualquier contagio masivo puede dejar el cuartel al l\u00edmite de su operatividad\u201d","datePublished":"2021-05-05T14:26:45+00:00","dateModified":"2021-05-05T14:27:24+00:00","mainEntityOfPage":{"@id":"https:\/\/experienciadevida.com.ar\/portalurbano\/raul-ferreira-cualquier-contagio-masivo-puede-dejar-el-cuartel-al-limite-de-su-operatividad\/"},"wordCount":347,"publisher":{"@id":"https:\/\/experienciadevida.com.ar\/portalurbano\/#organization"},"articleSection":["Ciudad","Destacadas 2"],"inLanguage":"es"},{"@type":"WebPage","@id":"https:\/\/experienciadevida.com.ar\/portalurbano\/raul-ferreira-cualquier-contagio-masivo-puede-dejar-el-cuartel-al-limite-de-su-operatividad\/","url":"https:\/\/experienciadevida.com.ar\/portalurbano\/raul-ferreira-cualquier-contagio-masivo-puede-dejar-el-cuartel-al-limite-de-su-operatividad\/","name":"Ra\u00fal Ferreira: \"Cualquier contagio puede dejar el cuartel al l\u00edmite\"","isPartOf":{"@id":"https:\/\/experienciadevida.com.ar\/portalurbano\/#website"},"datePublished":"2021-05-05T14:26:45+00:00","dateModified":"2021-05-05T14:27:24+00:00","description":"Ra\u00fal Ferreira: \u201cCualquier contagio masivo puede dejar el cuartel al l\u00edmite de su operatividad\u201d, y pidi\u00f3 vacunas contra de Covid.","breadcrumb":{"@id":"https:\/\/experienciadevida.com.ar\/portalurbano\/raul-ferreira-cualquier-contagio-masivo-puede-dejar-el-cuartel-al-limite-de-su-operatividad\/#breadcrumb"},"inLanguage":"es","potentialAction":[{"@type":"ReadAction","target":["https:\/\/experienciadevida.com.ar\/portalurbano\/raul-ferreira-cualquier-contagio-masivo-puede-dejar-el-cuartel-al-limite-de-su-operatividad\/"]}]},{"@type":"BreadcrumbList","@id":"https:\/\/experienciadevida.com.ar\/portalurbano\/raul-ferreira-cualquier-contagio-masivo-puede-dejar-el-cuartel-al-limite-de-su-operatividad\/#breadcrumb","itemListElement":[{"@type":"ListItem","position":1,"name":"Portada","item":"https:\/\/experienciadevida.com.ar\/portalurbano\/"},{"@type":"ListItem","position":2,"name":"Ra\u00fal Ferreira: \u201cCualquier contagio masivo puede dejar el cuartel al l\u00edmite de su operatividad\u201d"}]},{"@type":"WebSite","@id":"https:\/\/experienciadevida.com.ar\/portalurbano\/#website","url":"https:\/\/experienciadevida.com.ar\/portalurbano\/","name":"","description":"","publisher":{"@id":"https:\/\/experienciadevida.com.ar\/portalurbano\/#organization"},"potentialAction":[{"@type":"SearchAction","target":{"@type":"EntryPoint","urlTemplate":"https:\/\/experienciadevida.com.ar\/portalurbano\/?s={search_term_string}"},"query-input":"required name=search_term_string"}],"inLanguage":"es"},{"@type":"Organization","@id":"https:\/\/experienciadevida.com.ar\/portalurbano\/#organization","name":"Portal Urbano","url":"https:\/\/experienciadevida.com.ar\/portalurbano\/","logo":{"@type":"ImageObject","inLanguage":"es","@id":"https:\/\/experienciadevida.com.ar\/portalurbano\/#\/schema\/logo\/image\/","url":"https:\/\/experienciadevida.com.ar\/portalurbano\/wp-content\/uploads\/2019\/09\/Logo-Original.png","contentUrl":"https:\/\/experienciadevida.com.ar\/portalurbano\/wp-content\/uploads\/2019\/09\/Logo-Original.png","width":2236,"height":1216,"caption":"Portal Urbano"},"image":{"@id":"https:\/\/experienciadevida.com.ar\/portalurbano\/#\/schema\/logo\/image\/"},"sameAs":["https:\/\/www.facebook.com\/Portal-Urbano-171542830093757\/","https:\/\/twitter.com\/portalurbanook","https:\/\/www.instagram.com\/_portalurbano\/","https:\/\/www.youtube.com\/channel\/UCXhagIfszH8KxFiOok79zbA?view_as=subscriber"]},{"@type":"Person","@id":"https:\/\/experienciadevida.com.ar\/portalurbano\/#\/schema\/person\/02dd326b1c4b056e9cc972486934a3a7","name":"admpu17wp","image":{"@type":"ImageObject","inLanguage":"es","@id":"https:\/\/experienciadevida.com.ar\/portalurbano\/#\/schema\/person\/image\/","url":"https:\/\/secure.gravatar.com\/avatar\/830d4c57adaae6630765e449a6908047?s=96&d=mm&r=g","contentUrl":"https:\/\/secure.gravatar.com\/avatar\/830d4c57adaae6630765e449a6908047?s=96&d=mm&r=g","caption":"admpu17wp"}}]}},"featured_image_urls":{"full":["https:\/\/experienciadevida.com.ar\/portalurbano\/wp-content\/uploads\/2021\/05\/Raul-Ferreira.jpg",750,500,false],"thumbnail":["https:\/\/experienciadevida.com.ar\/portalurbano\/wp-content\/uploads\/2021\/05\/Raul-Ferreira-150x150.jpg",150,150,true],"medium":["https:\/\/experienciadevida.com.ar\/portalurbano\/wp-content\/uploads\/2021\/05\/Raul-Ferreira-300x200.jpg",300,200,true],"medium_large":["https:\/\/experienciadevida.com.ar\/portalurbano\/wp-content\/uploads\/2021\/05\/Raul-Ferreira.jpg",640,427,false],"large":["https:\/\/experienciadevida.com.ar\/portalurbano\/wp-content\/uploads\/2021\/05\/Raul-Ferreira.jpg",640,427,false],"ug_big":["https:\/\/experienciadevida.com.ar\/portalurbano\/wp-content\/uploads\/2021\/05\/Raul-Ferreira.jpg",750,500,false],"1536x1536":["https:\/\/experienciadevida.com.ar\/portalurbano\/wp-content\/uploads\/2021\/05\/Raul-Ferreira.jpg",750,500,false],"2048x2048":["https:\/\/experienciadevida.com.ar\/portalurbano\/wp-content\/uploads\/2021\/05\/Raul-Ferreira.jpg",750,500,false],"newsever-slider-full":["https:\/\/experienciadevida.com.ar\/portalurbano\/wp-content\/uploads\/2021\/05\/Raul-Ferreira.jpg",750,500,false],"newsever-featured":["https:\/\/experienciadevida.com.ar\/portalurbano\/wp-content\/uploads\/2021\/05\/Raul-Ferreira.jpg",750,500,false],"newsever-medium":["https:\/\/experienciadevida.com.ar\/portalurbano\/wp-content\/uploads\/2021\/05\/Raul-Ferreira.jpg",713,475,false],"web-stories-poster-portrait":["https:\/\/experienciadevida.com.ar\/portalurbano\/wp-content\/uploads\/2021\/05\/Raul-Ferreira.jpg",640,427,false],"web-stories-publisher-logo":["https:\/\/experienciadevida.com.ar\/portalurbano\/wp-content\/uploads\/2021\/05\/Raul-Ferreira.jpg",96,64,false],"web-stories-thumbnail":["https:\/\/experienciadevida.com.ar\/portalurbano\/wp-content\/uploads\/2021\/05\/Raul-Ferreira.jpg",150,100,false]},"author_info":{"display_name":"admpu17wp","author_link":"https:\/\/experienciadevida.com.ar\/portalurbano\/author\/admpu17wp\/"},"category_info":"<a href=\"https:\/\/experienciadevida.com.ar\/portalurbano\/category\/ciudad\/\" rel=\"category tag\">Ciudad<\/a> <a href=\"https:\/\/experienciadevida.com.ar\/portalurbano\/category\/destacadas-2\/\" rel=\"category tag\">Destacadas 2<\/a>","tag_info":"Destacadas 2","comment_count":"0","amp_enabled":true,"_links":{"self":[{"href":"https:\/\/experienciadevida.com.ar\/portalurbano\/wp-json\/wp\/v2\/posts\/142038"}],"collection":[{"href":"https:\/\/experienciadevida.com.ar\/portalurbano\/wp-json\/wp\/v2\/posts"}],"about":[{"href":"https:\/\/experienciadevida.com.ar\/portalurbano\/wp-json\/wp\/v2\/types\/post"}],"author":[{"embeddable":true,"href":"https:\/\/experienciadevida.com.ar\/portalurbano\/wp-json\/wp\/v2\/users\/1"}],"replies":[{"embeddable":true,"href":"https:\/\/experienciadevida.com.ar\/portalurbano\/wp-json\/wp\/v2\/comments?post=142038"}],"version-history":[{"count":1,"href":"https:\/\/experienciadevida.com.ar\/portalurbano\/wp-json\/wp\/v2\/posts\/142038\/revisions"}],"predecessor-version":[{"id":142040,"href":"https:\/\/experienciadevida.com.ar\/portalurbano\/wp-json\/wp\/v2\/posts\/142038\/revisions\/142040"}],"wp:featuredmedia":[{"embeddable":true,"href":"https:\/\/experienciadevida.com.ar\/portalurbano\/wp-json\/wp\/v2\/media\/142039"}],"wp:attachment":[{"href":"https:\/\/experienciadevida.com.ar\/portalurbano\/wp-json\/wp\/v2\/media?parent=142038"}],"wp:term":[{"taxonomy":"category","embeddable":true,"href":"https:\/\/experienciadevida.com.ar\/portalurbano\/wp-json\/wp\/v2\/categories?post=142038"},{"taxonomy":"post_tag","embeddable":true,"href":"https:\/\/experienciadevida.com.ar\/portalurbano\/wp-json\/wp\/v2\/tags?post=142038"}],"curies":[{"name":"wp","href":"https:\/\/api.w.org\/{rel}","templated":true}]}}