{"id":142002,"date":"2021-05-04T17:22:18","date_gmt":"2021-05-04T20:22:18","guid":{"rendered":"https:\/\/experienciadevida.com.ar\/portalurbano\/?p=142002"},"modified":"2021-05-04T17:29:16","modified_gmt":"2021-05-04T20:29:16","slug":"coopelectric-brindo-una-capacitacion-tecnica-de-grupos-electrogenos-ante-la-habilitacion-del-nuevo-centro-de-vacunacion","status":"publish","type":"post","link":"https:\/\/experienciadevida.com.ar\/portalurbano\/coopelectric-brindo-una-capacitacion-tecnica-de-grupos-electrogenos-ante-la-habilitacion-del-nuevo-centro-de-vacunacion\/","title":{"rendered":"Coopelectric brind\u00f3 una capacitaci\u00f3n t\u00e9cnica de grupos electr\u00f3genos ante la habilitaci\u00f3n del nuevo centro de vacunaci\u00f3n"},"content":{"rendered":"<p>Coopelectric brind\u00f3 una capacitaci\u00f3n t\u00e9cnica de grupos electr\u00f3genos ante la habilitaci\u00f3n del nuevo centro de vacunaci\u00f3n, ante la habilitaci\u00f3n del nuevo centro de vacunaci\u00f3n contra el COVID-19 que comenz\u00f3 a funcionar en las instalaciones de la Facultad de Ciencias de la Salud de la UNICEN, Coopelectric brind\u00f3 una capacitaci\u00f3n t\u00e9cnica vinculada al uso y manipulaci\u00f3n de grupos electr\u00f3genos.<\/p>\n<p>La misma se realiz\u00f3 durante la jornada de ayer en el Sal\u00f3n de Usos M\u00faltiples (SUM) de la Facultad y fue dictada por el Ing. Jes\u00fas Figueroa del \u00e1rea de Mantenimiento de Coopelectric. Estuvieron presentes la coordinadora a cargo de la posta de vacunaci\u00f3n Natalia Guti\u00e9rrez y los operadores que se encargar\u00e1n de llevar adelante las tareas necesarias en caso de requerirse la puesta en marcha del equipo.<\/p>\n<p>El grupo electr\u00f3geno que ya se encuentra instalado en la instituci\u00f3n educativa, fue provisto por Coopelectric para ser utilizado como respaldo ante eventualidades clim\u00e1ticas o situaciones que afecten la normal prestaci\u00f3n del Servicio El\u00e9ctrico, garantizando el suministro de electricidad a los freezers que conservan las vacunas. En tal sentido, el<br \/>\nIng. Figueroa brind\u00f3 informaci\u00f3n sobre las caracter\u00edsticas t\u00e9cnicas del grupo electr\u00f3geno y las instrucciones necesarias para su puesta en funcionamiento.<\/p>\n<p>Sobre ello, el presidente del Consejo de Administraci\u00f3n Dr. Ignacio Aramburu manifest\u00f3, \u201cdestacamos el trabajo articulado entre las diferentes entidades y profesionales que participan de este importante plan de vacunaci\u00f3n con las distribuidoras el\u00e9ctricas. Desde Coopelectric estamos a total disposici\u00f3n para colaborar, acompa\u00f1ar y asesorar en todo lo que sea necesario, as\u00ed como ya lo hemos hecho en otros dos centros de vacunaci\u00f3n en los que tambi\u00e9n colocamos grupos\u201d y a continuaci\u00f3n agreg\u00f3 \u201cpara nosotros es primordial poder garantizar la prestaci\u00f3n de este servicio que resulta fundamental en el proceso de vacunaci\u00f3n\u201d.<\/p>\n<p>Cabe mencionar que d\u00edas atr\u00e1s, el personal t\u00e9cnico de la Cooperativa trabaj\u00f3 sobre la instalaci\u00f3n el\u00e9ctrica interna del SUM de la Facultad, adapt\u00e1ndola para poder recibir energ\u00eda desde el grupo electr\u00f3geno que se instal\u00f3 en el lugar.<\/p>\n","protected":false},"excerpt":{"rendered":"<p>Coopelectric brind\u00f3 una capacitaci\u00f3n t\u00e9cnica de grupos electr\u00f3genos ante la habilitaci\u00f3n del nuevo centro de&#8230;<\/p>\n","protected":false},"author":1,"featured_media":142003,"comment_status":"closed","ping_status":"closed","sticky":false,"template":"","format":"standard","meta":{"content-type":""},"categories":[27,64],"tags":[],"nelio_content":{"isAutoShareEnabled":false,"autoShareEndMode":"default","automationSources":{"useContentSentences":true,"useSocialTemplates":true,"useCustomSentences":false,"customSentences":[]},"followers":[1],"suggestedReferences":[],"includedReferences":[],"efiUrl":"","efiAlt":"","highlights":[]},"yoast_head":"<!-- This site is optimized with the Yoast SEO plugin v20.7 - https:\/\/yoast.com\/wordpress\/plugins\/seo\/ -->\n<title>Coopelectric brind\u00f3 una capacitaci\u00f3n t\u00e9cnica de grupos electr\u00f3genos<\/title>\n<meta name=\"description\" content=\"Coopelectric brind\u00f3 una capacitaci\u00f3n t\u00e9cnica de grupos electr\u00f3genos ante la habilitaci\u00f3n del nuevo centro de vacunaci\u00f3n contra el covid.\" \/>\n<meta name=\"robots\" content=\"index, follow, max-snippet:-1, max-image-preview:large, max-video-preview:-1\" \/>\n<link rel=\"canonical\" href=\"https:\/\/experienciadevida.com.ar\/portalurbano\/coopelectric-brindo-una-capacitacion-tecnica-de-grupos-electrogenos-ante-la-habilitacion-del-nuevo-centro-de-vacunacion\/\" \/>\n<meta property=\"og:locale\" content=\"es_ES\" \/>\n<meta property=\"og:type\" content=\"article\" \/>\n<meta property=\"og:title\" content=\"Coopelectric brind\u00f3 una capacitaci\u00f3n t\u00e9cnica de grupos electr\u00f3genos\" \/>\n<meta property=\"og:description\" content=\"Coopelectric brind\u00f3 una capacitaci\u00f3n t\u00e9cnica de grupos electr\u00f3genos ante la habilitaci\u00f3n del nuevo centro de vacunaci\u00f3n contra el covid.\" \/>\n<meta property=\"og:url\" content=\"https:\/\/experienciadevida.com.ar\/portalurbano\/coopelectric-brindo-una-capacitacion-tecnica-de-grupos-electrogenos-ante-la-habilitacion-del-nuevo-centro-de-vacunacion\/\" \/>\n<meta property=\"article:publisher\" content=\"https:\/\/www.facebook.com\/Portal-Urbano-171542830093757\/\" \/>\n<meta property=\"article:published_time\" content=\"2021-05-04T20:22:18+00:00\" \/>\n<meta property=\"article:modified_time\" content=\"2021-05-04T20:29:16+00:00\" \/>\n<meta property=\"og:image\" content=\"https:\/\/experienciadevida.com.ar\/portalurbano\/wp-content\/uploads\/2021\/05\/01-Capacitacion-Facultad-Salud.jpg\" \/>\n\t<meta property=\"og:image:width\" content=\"1000\" \/>\n\t<meta property=\"og:image:height\" content=\"750\" \/>\n\t<meta property=\"og:image:type\" content=\"image\/jpeg\" \/>\n<meta name=\"author\" content=\"admpu17wp\" \/>\n<meta name=\"twitter:card\" content=\"summary_large_image\" \/>\n<meta name=\"twitter:creator\" content=\"@portalurbanook\" \/>\n<meta name=\"twitter:site\" content=\"@portalurbanook\" \/>\n<meta name=\"twitter:label1\" content=\"Escrito por\" \/>\n\t<meta name=\"twitter:data1\" content=\"admpu17wp\" \/>\n\t<meta name=\"twitter:label2\" content=\"Tiempo de lectura\" \/>\n\t<meta name=\"twitter:data2\" content=\"2 minutos\" \/>\n<script type=\"application\/ld+json\" class=\"yoast-schema-graph\">{\"@context\":\"https:\/\/schema.org\",\"@graph\":[{\"@type\":\"Article\",\"@id\":\"https:\/\/experienciadevida.com.ar\/portalurbano\/coopelectric-brindo-una-capacitacion-tecnica-de-grupos-electrogenos-ante-la-habilitacion-del-nuevo-centro-de-vacunacion\/#article\",\"isPartOf\":{\"@id\":\"https:\/\/experienciadevida.com.ar\/portalurbano\/coopelectric-brindo-una-capacitacion-tecnica-de-grupos-electrogenos-ante-la-habilitacion-del-nuevo-centro-de-vacunacion\/\"},\"author\":{\"name\":\"admpu17wp\",\"@id\":\"https:\/\/experienciadevida.com.ar\/portalurbano\/#\/schema\/person\/02dd326b1c4b056e9cc972486934a3a7\"},\"headline\":\"Coopelectric brind\u00f3 una capacitaci\u00f3n t\u00e9cnica de grupos electr\u00f3genos ante la habilitaci\u00f3n del nuevo centro de vacunaci\u00f3n\",\"datePublished\":\"2021-05-04T20:22:18+00:00\",\"dateModified\":\"2021-05-04T20:29:16+00:00\",\"mainEntityOfPage\":{\"@id\":\"https:\/\/experienciadevida.com.ar\/portalurbano\/coopelectric-brindo-una-capacitacion-tecnica-de-grupos-electrogenos-ante-la-habilitacion-del-nuevo-centro-de-vacunacion\/\"},\"wordCount\":390,\"publisher\":{\"@id\":\"https:\/\/experienciadevida.com.ar\/portalurbano\/#organization\"},\"articleSection\":[\"Ciudad\",\"Destacadas 2\"],\"inLanguage\":\"es\"},{\"@type\":\"WebPage\",\"@id\":\"https:\/\/experienciadevida.com.ar\/portalurbano\/coopelectric-brindo-una-capacitacion-tecnica-de-grupos-electrogenos-ante-la-habilitacion-del-nuevo-centro-de-vacunacion\/\",\"url\":\"https:\/\/experienciadevida.com.ar\/portalurbano\/coopelectric-brindo-una-capacitacion-tecnica-de-grupos-electrogenos-ante-la-habilitacion-del-nuevo-centro-de-vacunacion\/\",\"name\":\"Coopelectric brind\u00f3 una capacitaci\u00f3n t\u00e9cnica de grupos electr\u00f3genos\",\"isPartOf\":{\"@id\":\"https:\/\/experienciadevida.com.ar\/portalurbano\/#website\"},\"datePublished\":\"2021-05-04T20:22:18+00:00\",\"dateModified\":\"2021-05-04T20:29:16+00:00\",\"description\":\"Coopelectric brind\u00f3 una capacitaci\u00f3n t\u00e9cnica de grupos electr\u00f3genos ante la habilitaci\u00f3n del nuevo centro de vacunaci\u00f3n contra el covid.\",\"breadcrumb\":{\"@id\":\"https:\/\/experienciadevida.com.ar\/portalurbano\/coopelectric-brindo-una-capacitacion-tecnica-de-grupos-electrogenos-ante-la-habilitacion-del-nuevo-centro-de-vacunacion\/#breadcrumb\"},\"inLanguage\":\"es\",\"potentialAction\":[{\"@type\":\"ReadAction\",\"target\":[\"https:\/\/experienciadevida.com.ar\/portalurbano\/coopelectric-brindo-una-capacitacion-tecnica-de-grupos-electrogenos-ante-la-habilitacion-del-nuevo-centro-de-vacunacion\/\"]}]},{\"@type\":\"BreadcrumbList\",\"@id\":\"https:\/\/experienciadevida.com.ar\/portalurbano\/coopelectric-brindo-una-capacitacion-tecnica-de-grupos-electrogenos-ante-la-habilitacion-del-nuevo-centro-de-vacunacion\/#breadcrumb\",\"itemListElement\":[{\"@type\":\"ListItem\",\"position\":1,\"name\":\"Portada\",\"item\":\"https:\/\/experienciadevida.com.ar\/portalurbano\/\"},{\"@type\":\"ListItem\",\"position\":2,\"name\":\"Coopelectric brind\u00f3 una capacitaci\u00f3n t\u00e9cnica de grupos electr\u00f3genos ante la habilitaci\u00f3n del nuevo centro de vacunaci\u00f3n\"}]},{\"@type\":\"WebSite\",\"@id\":\"https:\/\/experienciadevida.com.ar\/portalurbano\/#website\",\"url\":\"https:\/\/experienciadevida.com.ar\/portalurbano\/\",\"name\":\"\",\"description\":\"\",\"publisher\":{\"@id\":\"https:\/\/experienciadevida.com.ar\/portalurbano\/#organization\"},\"potentialAction\":[{\"@type\":\"SearchAction\",\"target\":{\"@type\":\"EntryPoint\",\"urlTemplate\":\"https:\/\/experienciadevida.com.ar\/portalurbano\/?s={search_term_string}\"},\"query-input\":\"required name=search_term_string\"}],\"inLanguage\":\"es\"},{\"@type\":\"Organization\",\"@id\":\"https:\/\/experienciadevida.com.ar\/portalurbano\/#organization\",\"name\":\"Portal Urbano\",\"url\":\"https:\/\/experienciadevida.com.ar\/portalurbano\/\",\"logo\":{\"@type\":\"ImageObject\",\"inLanguage\":\"es\",\"@id\":\"https:\/\/experienciadevida.com.ar\/portalurbano\/#\/schema\/logo\/image\/\",\"url\":\"https:\/\/experienciadevida.com.ar\/portalurbano\/wp-content\/uploads\/2019\/09\/Logo-Original.png\",\"contentUrl\":\"https:\/\/experienciadevida.com.ar\/portalurbano\/wp-content\/uploads\/2019\/09\/Logo-Original.png\",\"width\":2236,\"height\":1216,\"caption\":\"Portal Urbano\"},\"image\":{\"@id\":\"https:\/\/experienciadevida.com.ar\/portalurbano\/#\/schema\/logo\/image\/\"},\"sameAs\":[\"https:\/\/www.facebook.com\/Portal-Urbano-171542830093757\/\",\"https:\/\/twitter.com\/portalurbanook\",\"https:\/\/www.instagram.com\/_portalurbano\/\",\"https:\/\/www.youtube.com\/channel\/UCXhagIfszH8KxFiOok79zbA?view_as=subscriber\"]},{\"@type\":\"Person\",\"@id\":\"https:\/\/experienciadevida.com.ar\/portalurbano\/#\/schema\/person\/02dd326b1c4b056e9cc972486934a3a7\",\"name\":\"admpu17wp\",\"image\":{\"@type\":\"ImageObject\",\"inLanguage\":\"es\",\"@id\":\"https:\/\/experienciadevida.com.ar\/portalurbano\/#\/schema\/person\/image\/\",\"url\":\"https:\/\/secure.gravatar.com\/avatar\/830d4c57adaae6630765e449a6908047?s=96&d=mm&r=g\",\"contentUrl\":\"https:\/\/secure.gravatar.com\/avatar\/830d4c57adaae6630765e449a6908047?s=96&d=mm&r=g\",\"caption\":\"admpu17wp\"}}]}<\/script>\n<!-- \/ Yoast SEO plugin. -->","yoast_head_json":{"title":"Coopelectric brind\u00f3 una capacitaci\u00f3n t\u00e9cnica de grupos electr\u00f3genos","description":"Coopelectric brind\u00f3 una capacitaci\u00f3n t\u00e9cnica de grupos electr\u00f3genos ante la habilitaci\u00f3n del nuevo centro de vacunaci\u00f3n contra el covid.","robots":{"index":"index","follow":"follow","max-snippet":"max-snippet:-1","max-image-preview":"max-image-preview:large","max-video-preview":"max-video-preview:-1"},"canonical":"https:\/\/experienciadevida.com.ar\/portalurbano\/coopelectric-brindo-una-capacitacion-tecnica-de-grupos-electrogenos-ante-la-habilitacion-del-nuevo-centro-de-vacunacion\/","og_locale":"es_ES","og_type":"article","og_title":"Coopelectric brind\u00f3 una capacitaci\u00f3n t\u00e9cnica de grupos electr\u00f3genos","og_description":"Coopelectric brind\u00f3 una capacitaci\u00f3n t\u00e9cnica de grupos electr\u00f3genos ante la habilitaci\u00f3n del nuevo centro de vacunaci\u00f3n contra el covid.","og_url":"https:\/\/experienciadevida.com.ar\/portalurbano\/coopelectric-brindo-una-capacitacion-tecnica-de-grupos-electrogenos-ante-la-habilitacion-del-nuevo-centro-de-vacunacion\/","article_publisher":"https:\/\/www.facebook.com\/Portal-Urbano-171542830093757\/","article_published_time":"2021-05-04T20:22:18+00:00","article_modified_time":"2021-05-04T20:29:16+00:00","og_image":[{"width":1000,"height":750,"url":"https:\/\/experienciadevida.com.ar\/portalurbano\/wp-content\/uploads\/2021\/05\/01-Capacitacion-Facultad-Salud.jpg","type":"image\/jpeg"}],"author":"admpu17wp","twitter_card":"summary_large_image","twitter_creator":"@portalurbanook","twitter_site":"@portalurbanook","twitter_misc":{"Escrito por":"admpu17wp","Tiempo de lectura":"2 minutos"},"schema":{"@context":"https:\/\/schema.org","@graph":[{"@type":"Article","@id":"https:\/\/experienciadevida.com.ar\/portalurbano\/coopelectric-brindo-una-capacitacion-tecnica-de-grupos-electrogenos-ante-la-habilitacion-del-nuevo-centro-de-vacunacion\/#article","isPartOf":{"@id":"https:\/\/experienciadevida.com.ar\/portalurbano\/coopelectric-brindo-una-capacitacion-tecnica-de-grupos-electrogenos-ante-la-habilitacion-del-nuevo-centro-de-vacunacion\/"},"author":{"name":"admpu17wp","@id":"https:\/\/experienciadevida.com.ar\/portalurbano\/#\/schema\/person\/02dd326b1c4b056e9cc972486934a3a7"},"headline":"Coopelectric brind\u00f3 una capacitaci\u00f3n t\u00e9cnica de grupos electr\u00f3genos ante la habilitaci\u00f3n del nuevo centro de vacunaci\u00f3n","datePublished":"2021-05-04T20:22:18+00:00","dateModified":"2021-05-04T20:29:16+00:00","mainEntityOfPage":{"@id":"https:\/\/experienciadevida.com.ar\/portalurbano\/coopelectric-brindo-una-capacitacion-tecnica-de-grupos-electrogenos-ante-la-habilitacion-del-nuevo-centro-de-vacunacion\/"},"wordCount":390,"publisher":{"@id":"https:\/\/experienciadevida.com.ar\/portalurbano\/#organization"},"articleSection":["Ciudad","Destacadas 2"],"inLanguage":"es"},{"@type":"WebPage","@id":"https:\/\/experienciadevida.com.ar\/portalurbano\/coopelectric-brindo-una-capacitacion-tecnica-de-grupos-electrogenos-ante-la-habilitacion-del-nuevo-centro-de-vacunacion\/","url":"https:\/\/experienciadevida.com.ar\/portalurbano\/coopelectric-brindo-una-capacitacion-tecnica-de-grupos-electrogenos-ante-la-habilitacion-del-nuevo-centro-de-vacunacion\/","name":"Coopelectric brind\u00f3 una capacitaci\u00f3n t\u00e9cnica de grupos electr\u00f3genos","isPartOf":{"@id":"https:\/\/experienciadevida.com.ar\/portalurbano\/#website"},"datePublished":"2021-05-04T20:22:18+00:00","dateModified":"2021-05-04T20:29:16+00:00","description":"Coopelectric brind\u00f3 una capacitaci\u00f3n t\u00e9cnica de grupos electr\u00f3genos ante la habilitaci\u00f3n del nuevo centro de vacunaci\u00f3n contra el covid.","breadcrumb":{"@id":"https:\/\/experienciadevida.com.ar\/portalurbano\/coopelectric-brindo-una-capacitacion-tecnica-de-grupos-electrogenos-ante-la-habilitacion-del-nuevo-centro-de-vacunacion\/#breadcrumb"},"inLanguage":"es","potentialAction":[{"@type":"ReadAction","target":["https:\/\/experienciadevida.com.ar\/portalurbano\/coopelectric-brindo-una-capacitacion-tecnica-de-grupos-electrogenos-ante-la-habilitacion-del-nuevo-centro-de-vacunacion\/"]}]},{"@type":"BreadcrumbList","@id":"https:\/\/experienciadevida.com.ar\/portalurbano\/coopelectric-brindo-una-capacitacion-tecnica-de-grupos-electrogenos-ante-la-habilitacion-del-nuevo-centro-de-vacunacion\/#breadcrumb","itemListElement":[{"@type":"ListItem","position":1,"name":"Portada","item":"https:\/\/experienciadevida.com.ar\/portalurbano\/"},{"@type":"ListItem","position":2,"name":"Coopelectric brind\u00f3 una capacitaci\u00f3n t\u00e9cnica de grupos electr\u00f3genos ante la habilitaci\u00f3n del nuevo centro de vacunaci\u00f3n"}]},{"@type":"WebSite","@id":"https:\/\/experienciadevida.com.ar\/portalurbano\/#website","url":"https:\/\/experienciadevida.com.ar\/portalurbano\/","name":"","description":"","publisher":{"@id":"https:\/\/experienciadevida.com.ar\/portalurbano\/#organization"},"potentialAction":[{"@type":"SearchAction","target":{"@type":"EntryPoint","urlTemplate":"https:\/\/experienciadevida.com.ar\/portalurbano\/?s={search_term_string}"},"query-input":"required name=search_term_string"}],"inLanguage":"es"},{"@type":"Organization","@id":"https:\/\/experienciadevida.com.ar\/portalurbano\/#organization","name":"Portal Urbano","url":"https:\/\/experienciadevida.com.ar\/portalurbano\/","logo":{"@type":"ImageObject","inLanguage":"es","@id":"https:\/\/experienciadevida.com.ar\/portalurbano\/#\/schema\/logo\/image\/","url":"https:\/\/experienciadevida.com.ar\/portalurbano\/wp-content\/uploads\/2019\/09\/Logo-Original.png","contentUrl":"https:\/\/experienciadevida.com.ar\/portalurbano\/wp-content\/uploads\/2019\/09\/Logo-Original.png","width":2236,"height":1216,"caption":"Portal Urbano"},"image":{"@id":"https:\/\/experienciadevida.com.ar\/portalurbano\/#\/schema\/logo\/image\/"},"sameAs":["https:\/\/www.facebook.com\/Portal-Urbano-171542830093757\/","https:\/\/twitter.com\/portalurbanook","https:\/\/www.instagram.com\/_portalurbano\/","https:\/\/www.youtube.com\/channel\/UCXhagIfszH8KxFiOok79zbA?view_as=subscriber"]},{"@type":"Person","@id":"https:\/\/experienciadevida.com.ar\/portalurbano\/#\/schema\/person\/02dd326b1c4b056e9cc972486934a3a7","name":"admpu17wp","image":{"@type":"ImageObject","inLanguage":"es","@id":"https:\/\/experienciadevida.com.ar\/portalurbano\/#\/schema\/person\/image\/","url":"https:\/\/secure.gravatar.com\/avatar\/830d4c57adaae6630765e449a6908047?s=96&d=mm&r=g","contentUrl":"https:\/\/secure.gravatar.com\/avatar\/830d4c57adaae6630765e449a6908047?s=96&d=mm&r=g","caption":"admpu17wp"}}]}},"featured_image_urls":{"full":["https:\/\/experienciadevida.com.ar\/portalurbano\/wp-content\/uploads\/2021\/05\/01-Capacitacion-Facultad-Salud.jpg",1000,750,false],"thumbnail":["https:\/\/experienciadevida.com.ar\/portalurbano\/wp-content\/uploads\/2021\/05\/01-Capacitacion-Facultad-Salud-150x150.jpg",150,150,true],"medium":["https:\/\/experienciadevida.com.ar\/portalurbano\/wp-content\/uploads\/2021\/05\/01-Capacitacion-Facultad-Salud-300x225.jpg",300,225,true],"medium_large":["https:\/\/experienciadevida.com.ar\/portalurbano\/wp-content\/uploads\/2021\/05\/01-Capacitacion-Facultad-Salud-768x576.jpg",640,480,true],"large":["https:\/\/experienciadevida.com.ar\/portalurbano\/wp-content\/uploads\/2021\/05\/01-Capacitacion-Facultad-Salud.jpg",640,480,false],"ug_big":["https:\/\/experienciadevida.com.ar\/portalurbano\/wp-content\/uploads\/2021\/05\/01-Capacitacion-Facultad-Salud-768x576.jpg",768,576,true],"1536x1536":["https:\/\/experienciadevida.com.ar\/portalurbano\/wp-content\/uploads\/2021\/05\/01-Capacitacion-Facultad-Salud.jpg",1000,750,false],"2048x2048":["https:\/\/experienciadevida.com.ar\/portalurbano\/wp-content\/uploads\/2021\/05\/01-Capacitacion-Facultad-Salud.jpg",1000,750,false],"newsever-slider-full":["https:\/\/experienciadevida.com.ar\/portalurbano\/wp-content\/uploads\/2021\/05\/01-Capacitacion-Facultad-Salud.jpg",1000,750,false],"newsever-featured":["https:\/\/experienciadevida.com.ar\/portalurbano\/wp-content\/uploads\/2021\/05\/01-Capacitacion-Facultad-Salud.jpg",1000,750,false],"newsever-medium":["https:\/\/experienciadevida.com.ar\/portalurbano\/wp-content\/uploads\/2021\/05\/01-Capacitacion-Facultad-Salud.jpg",633,475,false],"web-stories-poster-portrait":["https:\/\/experienciadevida.com.ar\/portalurbano\/wp-content\/uploads\/2021\/05\/01-Capacitacion-Facultad-Salud.jpg",640,480,false],"web-stories-publisher-logo":["https:\/\/experienciadevida.com.ar\/portalurbano\/wp-content\/uploads\/2021\/05\/01-Capacitacion-Facultad-Salud.jpg",96,72,false],"web-stories-thumbnail":["https:\/\/experienciadevida.com.ar\/portalurbano\/wp-content\/uploads\/2021\/05\/01-Capacitacion-Facultad-Salud.jpg",150,113,false]},"author_info":{"display_name":"admpu17wp","author_link":"https:\/\/experienciadevida.com.ar\/portalurbano\/author\/admpu17wp\/"},"category_info":"<a href=\"https:\/\/experienciadevida.com.ar\/portalurbano\/category\/ciudad\/\" rel=\"category tag\">Ciudad<\/a> <a href=\"https:\/\/experienciadevida.com.ar\/portalurbano\/category\/destacadas-2\/\" rel=\"category tag\">Destacadas 2<\/a>","tag_info":"Destacadas 2","comment_count":"0","amp_enabled":true,"_links":{"self":[{"href":"https:\/\/experienciadevida.com.ar\/portalurbano\/wp-json\/wp\/v2\/posts\/142002"}],"collection":[{"href":"https:\/\/experienciadevida.com.ar\/portalurbano\/wp-json\/wp\/v2\/posts"}],"about":[{"href":"https:\/\/experienciadevida.com.ar\/portalurbano\/wp-json\/wp\/v2\/types\/post"}],"author":[{"embeddable":true,"href":"https:\/\/experienciadevida.com.ar\/portalurbano\/wp-json\/wp\/v2\/users\/1"}],"replies":[{"embeddable":true,"href":"https:\/\/experienciadevida.com.ar\/portalurbano\/wp-json\/wp\/v2\/comments?post=142002"}],"version-history":[{"count":3,"href":"https:\/\/experienciadevida.com.ar\/portalurbano\/wp-json\/wp\/v2\/posts\/142002\/revisions"}],"predecessor-version":[{"id":142006,"href":"https:\/\/experienciadevida.com.ar\/portalurbano\/wp-json\/wp\/v2\/posts\/142002\/revisions\/142006"}],"wp:featuredmedia":[{"embeddable":true,"href":"https:\/\/experienciadevida.com.ar\/portalurbano\/wp-json\/wp\/v2\/media\/142003"}],"wp:attachment":[{"href":"https:\/\/experienciadevida.com.ar\/portalurbano\/wp-json\/wp\/v2\/media?parent=142002"}],"wp:term":[{"taxonomy":"category","embeddable":true,"href":"https:\/\/experienciadevida.com.ar\/portalurbano\/wp-json\/wp\/v2\/categories?post=142002"},{"taxonomy":"post_tag","embeddable":true,"href":"https:\/\/experienciadevida.com.ar\/portalurbano\/wp-json\/wp\/v2\/tags?post=142002"}],"curies":[{"name":"wp","href":"https:\/\/api.w.org\/{rel}","templated":true}]}}