{"id":141930,"date":"2021-05-04T10:49:18","date_gmt":"2021-05-04T13:49:18","guid":{"rendered":"https:\/\/experienciadevida.com.ar\/portalurbano\/?p=141930"},"modified":"2021-05-04T10:59:41","modified_gmt":"2021-05-04T13:59:41","slug":"punto-por-punto-que-dice-el-decreto-sobre-las-nuevas-restricciones","status":"publish","type":"post","link":"https:\/\/experienciadevida.com.ar\/portalurbano\/punto-por-punto-que-dice-el-decreto-sobre-las-nuevas-restricciones\/","title":{"rendered":"Punto por punto qu\u00e9 dice el decreto sobre las nuevas restricciones"},"content":{"rendered":"<p>Punto por punto qu\u00e9 dice el decreto sobre las nuevas restricciones. En el d\u00eda de ayer el Intendente Ezequiel <a href=\"https:\/\/www.facebook.com\/galliezequiel\">Galli<\/a> junto a Germ\u00e1n Caputo <a href=\"https:\/\/experienciadevida.com.ar\/portalurbano\/restringen-la-circulacion-horaria-a-partir-de-las-20hs-hasta-las-6-de-la-manana\/\">anunciaban en conferencia de prensa nuevas restricciones.<\/a><\/p>\n<p>A ra\u00edz de la resoluci\u00f3n provincial que coloca al Partido de Olavarr\u00eda en fase 3, <a href=\"https:\/\/experienciadevida.com.ar\/portalurbano\/la-decision-es-buscar-el-equilibrio-entre-lo-economico-y-lo-sanitario-pero-hoy-prima-lo-sanitario\/\">obligan a tomar medidas acordes con las disposiciones de la provincia<\/a>. El decreto regir\u00e1 hasta el 17 de mayo inclusive.<\/p>\n<p><strong>Punto por punto qu\u00e9 dice el decreto sobre las nuevas restricciones<\/strong>, <strong>se except\u00faan de las nuevas restricciones las siguientes actividades:\u00a0<\/strong><\/p>\n<ol>\n<li>Supermercados, almacenes, despensas, carnicer\u00edas, pescader\u00edas fiambrer\u00edas, granjas y poller\u00edas, verduler\u00edas y fruter\u00edas, panader\u00edas y confiter\u00edas, ferreter\u00edas art\u00edculos de limpieza\u00a0 y lavander\u00edas. De 6 a 20hs.<\/li>\n<li>Venta de insumos agropecuarios, mayoristas de venta de productos alimenticios, provisi\u00f3n de garrafas y le\u00f1a (6 a 20hs).<\/li>\n<li>Veterinarias, farmacias, venta de equipamientos m\u00e9dicos y medicamentos (6 a 20hs sin l\u00edmite de horario en caso de urgencias y turno).<\/li>\n<li>Kiosko. (6 a 20hs).<\/li>\n<li>M\u00e9dicos, odont\u00f3logos, centros de diagn\u00f3stico por im\u00e1genes, \u00f3pticas, kinesi\u00f3logos, nutricionistas, fonoaudi\u00f3logos, psic\u00f3logos (6 a 20hs) con turnos previos y sin l\u00edmite en caso de urgencia.<\/li>\n<li>Laboratorios de an\u00e1lisis cl\u00ednico (6 a 20hs) con turnos previos y sin l\u00edmite de horario en caso de urgencias.<\/li>\n<li>Comidas elaboradas para llevar, con delivery y con el modo &#8220;para llevar&#8221; permitiendo que sus clientes se apersonen en el establecimiento a retirar los pedidos hasta las 23hs. Para el retiro se deber\u00e1n respetar los protocolos.<\/li>\n<li>Cervecer\u00edas y vinotecas (hasta las 20hs) y 21hs con delivery.<\/li>\n<li>Estaciones de servicio, servicios postales y distribuci\u00f3n de paqueter\u00eda (sin restricci\u00f3n horaria).<\/li>\n<li>Registros de la propiedad del automotor y de las personas (6 a 18hs).<\/li>\n<li>Talleres para mantenimiento y reparaci\u00f3n de automotores y motocicletas al igual que fabricaci\u00f3n, venta y reparaci\u00f3n de neum\u00e1ticos (6 a 20hs).<\/li>\n<li>Venta de respuestos, partes y piezas para automotores y motocicletas al igual que la fabricaci\u00f3n venta y reparaci\u00f3n de neum\u00e1ticos (6 a 20hs).<\/li>\n<li>Venta de art\u00edculos de librer\u00eda e insumos inform\u00e1ticos (6 a 20hs).<\/li>\n<li>Oficinas de obras sociales, mutuales o medicina prepaga (6 a 20hs).<\/li>\n<li>Comercios de venta por mayor y menor de 6\u00a0 a 20hs.<\/li>\n<li>Actividad aseguradora desarrollada por compa\u00f1\u00edas aseguradoras, reaseguradoras e intermediarios (6 a 20hs).<\/li>\n<li>Oficios y profesionales (6\u00a0 \u00a0a 20hs).<\/li>\n<li>Personal de servicio dom\u00e9stico (6 a 20hs).<\/li>\n<li>Establecimiento que desarrollen cobranza de servicio e impuesto (6 a 20hs).<\/li>\n<li>Agencias de venta de automotores y veh\u00edculos (6 a 20hs).<\/li>\n<li>Lavaderos de automotores, (6 a 20hs).<\/li>\n<li>Peluquer\u00edas, centros de est\u00e9tica 6\u00a0 a 20hs con turnos previamente asignados.<\/li>\n<li>Estacionamiento medido 9 a 20hs.<\/li>\n<li>Mudanzas\u00a0 y fletes de 6 a 20hs.<\/li>\n<li>Agencias de loter\u00eda 6 a 20hs.<\/li>\n<\/ol>\n<p>Todas ellas deber\u00e1n funcionar con estrictos protocolos de bioseguridad.<\/p>\n<p>Los locales gastron\u00f3micos en lugares cerrados podr\u00e1n funcionar con un aforo del 30% con reserva previa, no pudiendo superar las cuatro personas por mesa.\u00a0 Hasta las 20hs podr\u00e1n atender al p\u00fablico y luego con la modalidad para llevar.<\/p>\n<p><strong>Actividades deportivas:<\/strong><\/p>\n<ol>\n<li>Canchas de padel (8 a 20hs).<\/li>\n<li>Running (6\u00a0 20hs).<\/li>\n<li>Ciclismo (6 a 20hs)<\/li>\n<li>Pesca en laguna blanca grande- chica- laguito\u00a0 y la mostaza de 7\u00a0 a 19hs.<\/li>\n<li>Pesca en el arroyo 7 a 20hs.<br \/>\nTenis 8 a 22hs.<br \/>\nGolf 8 a 19hs.<br \/>\nTiro individual 8 a 22hs debiendo prever un horario exclusivo para mayores de 60.<br \/>\nHipismo 8 a 19.<br \/>\nCanotaje 8 a 19hs.<br \/>\nPat\u00edn carrera y pat\u00edn art\u00edstico en espacios abiertos.<br \/>\nArquer\u00eda en espacios abiertos hasta las 22hs .<br \/>\nKite Surfing de 8 a 18hs.<br \/>\nAtletismo.<br \/>\nSkate 10 a 20hs.<br \/>\nAeromodelismo 8 a 19hs<br \/>\n.Preparaci\u00f3n f\u00edsica individual con entrenador personal en espacios abiertos 8 a 22hs.<br \/>\nParapente 8 a 18hs<br \/>\nGimnasios 6 a 22hs<br \/>\nCrossfit 6 a 22hs<br \/>\nClases de pilates y yoga 6 a 22<br \/>\nPiletas climatizadas y natatorios 6 a 22hs<br \/>\nBochas 8 a 22hs.<br \/>\nPelota paleta 8 a 22<br \/>\nBowling 8 a 22hs.<br \/>\nTenis de mesa y Badmington 8 a 22hs.<br \/>\nBoxeo y artes marciales sin contacto f\u00edsico sujeto a protocolo de gimnasios, los que podr\u00e1n funcionar de 8 a 22hs.<br \/>\nCinco quinllas, 8 a 20hs.<br \/>\nReacondicionamiento f\u00edsico de los deportistas pertenecientes a confederaciones, asociaciones, fundaciones y federaciones, siempre que no implique una concurrencia superior a diez personas y sin contacto f\u00edsico las que podr\u00e1n realizarse hasta las 22hs.<br \/>\nColombofilia 22hs.<br \/>\nPaintball de 8 a 20hs<br \/>\nDeportes de conjunto hasta 10 personas en espacios abiertos o cerrados de amplia ventilaci\u00f3n natural, los que podr\u00e1n funcionar de 8 a 22hs.<br \/>\nClubes y complejos deportivos, 8 a 22hs<\/li>\n<\/ol>\n<p><strong>Actividades culturales:<\/strong><\/p>\n<ol>\n<li>producci\u00f3n o grabaci\u00f3n de contenido para transmisi\u00f3n o reproducci\u00f3n a trav\u00e9s de medios digitales hasta 10 personas.<\/li>\n<li>Ensayos de obras musicales y teatrales hasta 10 personas.<\/li>\n<li>Asistencia a estudios, espacios culturales, ataliers de parte de sus artistas hasta 10 personas.<\/li>\n<li>Talleres culturales hasta 10 personas.<\/li>\n<li>Ferias de artesanos y emprendedores al aire libre con fecha y lugar otorgado por el Municipio.<\/li>\n<li>Talleres protegidos.<\/li>\n<li>Jardines maternales<\/li>\n<li>Institutos de ense\u00f1anza privada, idiomas m\u00fasica artesan\u00edas.<\/li>\n<\/ol>\n","protected":false},"excerpt":{"rendered":"<p>Punto por punto qu\u00e9 dice el decreto sobre las nuevas restricciones. En el d\u00eda de&#8230;<\/p>\n","protected":false},"author":1,"featured_media":104701,"comment_status":"closed","ping_status":"closed","sticky":false,"template":"","format":"standard","meta":{"content-type":""},"categories":[27,64],"tags":[],"nelio_content":{"isAutoShareEnabled":false,"autoShareEndMode":"default","automationSources":{"useContentSentences":true,"useSocialTemplates":true,"useCustomSentences":false,"customSentences":[]},"followers":[1],"suggestedReferences":[],"includedReferences":[],"efiUrl":"","efiAlt":"","highlights":[]},"yoast_head":"<!-- This site is optimized with the Yoast SEO plugin v20.7 - https:\/\/yoast.com\/wordpress\/plugins\/seo\/ -->\n<title>Punto por punto qu\u00e9 dice el decreto sobre las nuevas restricciones<\/title>\n<meta name=\"description\" content=\"Punto por punto qu\u00e9 dice el decreto sobre las nuevas restricciones que anunci\u00f3 el Intendente en Conferencia de prensa ayer por la noche.\" \/>\n<meta name=\"robots\" content=\"index, follow, max-snippet:-1, max-image-preview:large, max-video-preview:-1\" \/>\n<link rel=\"canonical\" href=\"https:\/\/experienciadevida.com.ar\/portalurbano\/punto-por-punto-que-dice-el-decreto-sobre-las-nuevas-restricciones\/\" \/>\n<meta property=\"og:locale\" content=\"es_ES\" \/>\n<meta property=\"og:type\" content=\"article\" \/>\n<meta property=\"og:title\" content=\"Punto por punto qu\u00e9 dice el decreto sobre las nuevas restricciones\" \/>\n<meta property=\"og:description\" content=\"Punto por punto qu\u00e9 dice el decreto sobre las nuevas restricciones que anunci\u00f3 el Intendente en Conferencia de prensa ayer por la noche.\" \/>\n<meta property=\"og:url\" content=\"https:\/\/experienciadevida.com.ar\/portalurbano\/punto-por-punto-que-dice-el-decreto-sobre-las-nuevas-restricciones\/\" \/>\n<meta property=\"article:publisher\" content=\"https:\/\/www.facebook.com\/Portal-Urbano-171542830093757\/\" \/>\n<meta property=\"article:published_time\" content=\"2021-05-04T13:49:18+00:00\" \/>\n<meta property=\"article:modified_time\" content=\"2021-05-04T13:59:41+00:00\" \/>\n<meta property=\"og:image\" content=\"https:\/\/experienciadevida.com.ar\/portalurbano\/wp-content\/uploads\/2020\/03\/CUARENTENA6.jpg\" \/>\n\t<meta property=\"og:image:width\" content=\"765\" \/>\n\t<meta property=\"og:image:height\" content=\"510\" \/>\n\t<meta property=\"og:image:type\" content=\"image\/jpeg\" \/>\n<meta name=\"author\" content=\"admpu17wp\" \/>\n<meta name=\"twitter:card\" content=\"summary_large_image\" \/>\n<meta name=\"twitter:creator\" content=\"@portalurbanook\" \/>\n<meta name=\"twitter:site\" content=\"@portalurbanook\" \/>\n<meta name=\"twitter:label1\" content=\"Escrito por\" \/>\n\t<meta name=\"twitter:data1\" content=\"admpu17wp\" \/>\n\t<meta name=\"twitter:label2\" content=\"Tiempo de lectura\" \/>\n\t<meta name=\"twitter:data2\" content=\"4 minutos\" \/>\n<script type=\"application\/ld+json\" class=\"yoast-schema-graph\">{\"@context\":\"https:\/\/schema.org\",\"@graph\":[{\"@type\":\"Article\",\"@id\":\"https:\/\/experienciadevida.com.ar\/portalurbano\/punto-por-punto-que-dice-el-decreto-sobre-las-nuevas-restricciones\/#article\",\"isPartOf\":{\"@id\":\"https:\/\/experienciadevida.com.ar\/portalurbano\/punto-por-punto-que-dice-el-decreto-sobre-las-nuevas-restricciones\/\"},\"author\":{\"name\":\"admpu17wp\",\"@id\":\"https:\/\/experienciadevida.com.ar\/portalurbano\/#\/schema\/person\/02dd326b1c4b056e9cc972486934a3a7\"},\"headline\":\"Punto por punto qu\u00e9 dice el decreto sobre las nuevas restricciones\",\"datePublished\":\"2021-05-04T13:49:18+00:00\",\"dateModified\":\"2021-05-04T13:59:41+00:00\",\"mainEntityOfPage\":{\"@id\":\"https:\/\/experienciadevida.com.ar\/portalurbano\/punto-por-punto-que-dice-el-decreto-sobre-las-nuevas-restricciones\/\"},\"wordCount\":827,\"publisher\":{\"@id\":\"https:\/\/experienciadevida.com.ar\/portalurbano\/#organization\"},\"articleSection\":[\"Ciudad\",\"Destacadas 2\"],\"inLanguage\":\"es\"},{\"@type\":\"WebPage\",\"@id\":\"https:\/\/experienciadevida.com.ar\/portalurbano\/punto-por-punto-que-dice-el-decreto-sobre-las-nuevas-restricciones\/\",\"url\":\"https:\/\/experienciadevida.com.ar\/portalurbano\/punto-por-punto-que-dice-el-decreto-sobre-las-nuevas-restricciones\/\",\"name\":\"Punto por punto qu\u00e9 dice el decreto sobre las nuevas restricciones\",\"isPartOf\":{\"@id\":\"https:\/\/experienciadevida.com.ar\/portalurbano\/#website\"},\"datePublished\":\"2021-05-04T13:49:18+00:00\",\"dateModified\":\"2021-05-04T13:59:41+00:00\",\"description\":\"Punto por punto qu\u00e9 dice el decreto sobre las nuevas restricciones que anunci\u00f3 el Intendente en Conferencia de prensa ayer por la noche.\",\"breadcrumb\":{\"@id\":\"https:\/\/experienciadevida.com.ar\/portalurbano\/punto-por-punto-que-dice-el-decreto-sobre-las-nuevas-restricciones\/#breadcrumb\"},\"inLanguage\":\"es\",\"potentialAction\":[{\"@type\":\"ReadAction\",\"target\":[\"https:\/\/experienciadevida.com.ar\/portalurbano\/punto-por-punto-que-dice-el-decreto-sobre-las-nuevas-restricciones\/\"]}]},{\"@type\":\"BreadcrumbList\",\"@id\":\"https:\/\/experienciadevida.com.ar\/portalurbano\/punto-por-punto-que-dice-el-decreto-sobre-las-nuevas-restricciones\/#breadcrumb\",\"itemListElement\":[{\"@type\":\"ListItem\",\"position\":1,\"name\":\"Portada\",\"item\":\"https:\/\/experienciadevida.com.ar\/portalurbano\/\"},{\"@type\":\"ListItem\",\"position\":2,\"name\":\"Punto por punto qu\u00e9 dice el decreto sobre las nuevas restricciones\"}]},{\"@type\":\"WebSite\",\"@id\":\"https:\/\/experienciadevida.com.ar\/portalurbano\/#website\",\"url\":\"https:\/\/experienciadevida.com.ar\/portalurbano\/\",\"name\":\"\",\"description\":\"\",\"publisher\":{\"@id\":\"https:\/\/experienciadevida.com.ar\/portalurbano\/#organization\"},\"potentialAction\":[{\"@type\":\"SearchAction\",\"target\":{\"@type\":\"EntryPoint\",\"urlTemplate\":\"https:\/\/experienciadevida.com.ar\/portalurbano\/?s={search_term_string}\"},\"query-input\":\"required name=search_term_string\"}],\"inLanguage\":\"es\"},{\"@type\":\"Organization\",\"@id\":\"https:\/\/experienciadevida.com.ar\/portalurbano\/#organization\",\"name\":\"Portal Urbano\",\"url\":\"https:\/\/experienciadevida.com.ar\/portalurbano\/\",\"logo\":{\"@type\":\"ImageObject\",\"inLanguage\":\"es\",\"@id\":\"https:\/\/experienciadevida.com.ar\/portalurbano\/#\/schema\/logo\/image\/\",\"url\":\"https:\/\/experienciadevida.com.ar\/portalurbano\/wp-content\/uploads\/2019\/09\/Logo-Original.png\",\"contentUrl\":\"https:\/\/experienciadevida.com.ar\/portalurbano\/wp-content\/uploads\/2019\/09\/Logo-Original.png\",\"width\":2236,\"height\":1216,\"caption\":\"Portal Urbano\"},\"image\":{\"@id\":\"https:\/\/experienciadevida.com.ar\/portalurbano\/#\/schema\/logo\/image\/\"},\"sameAs\":[\"https:\/\/www.facebook.com\/Portal-Urbano-171542830093757\/\",\"https:\/\/twitter.com\/portalurbanook\",\"https:\/\/www.instagram.com\/_portalurbano\/\",\"https:\/\/www.youtube.com\/channel\/UCXhagIfszH8KxFiOok79zbA?view_as=subscriber\"]},{\"@type\":\"Person\",\"@id\":\"https:\/\/experienciadevida.com.ar\/portalurbano\/#\/schema\/person\/02dd326b1c4b056e9cc972486934a3a7\",\"name\":\"admpu17wp\",\"image\":{\"@type\":\"ImageObject\",\"inLanguage\":\"es\",\"@id\":\"https:\/\/experienciadevida.com.ar\/portalurbano\/#\/schema\/person\/image\/\",\"url\":\"https:\/\/secure.gravatar.com\/avatar\/830d4c57adaae6630765e449a6908047?s=96&d=mm&r=g\",\"contentUrl\":\"https:\/\/secure.gravatar.com\/avatar\/830d4c57adaae6630765e449a6908047?s=96&d=mm&r=g\",\"caption\":\"admpu17wp\"}}]}<\/script>\n<!-- \/ Yoast SEO plugin. -->","yoast_head_json":{"title":"Punto por punto qu\u00e9 dice el decreto sobre las nuevas restricciones","description":"Punto por punto qu\u00e9 dice el decreto sobre las nuevas restricciones que anunci\u00f3 el Intendente en Conferencia de prensa ayer por la noche.","robots":{"index":"index","follow":"follow","max-snippet":"max-snippet:-1","max-image-preview":"max-image-preview:large","max-video-preview":"max-video-preview:-1"},"canonical":"https:\/\/experienciadevida.com.ar\/portalurbano\/punto-por-punto-que-dice-el-decreto-sobre-las-nuevas-restricciones\/","og_locale":"es_ES","og_type":"article","og_title":"Punto por punto qu\u00e9 dice el decreto sobre las nuevas restricciones","og_description":"Punto por punto qu\u00e9 dice el decreto sobre las nuevas restricciones que anunci\u00f3 el Intendente en Conferencia de prensa ayer por la noche.","og_url":"https:\/\/experienciadevida.com.ar\/portalurbano\/punto-por-punto-que-dice-el-decreto-sobre-las-nuevas-restricciones\/","article_publisher":"https:\/\/www.facebook.com\/Portal-Urbano-171542830093757\/","article_published_time":"2021-05-04T13:49:18+00:00","article_modified_time":"2021-05-04T13:59:41+00:00","og_image":[{"width":765,"height":510,"url":"https:\/\/experienciadevida.com.ar\/portalurbano\/wp-content\/uploads\/2020\/03\/CUARENTENA6.jpg","type":"image\/jpeg"}],"author":"admpu17wp","twitter_card":"summary_large_image","twitter_creator":"@portalurbanook","twitter_site":"@portalurbanook","twitter_misc":{"Escrito por":"admpu17wp","Tiempo de lectura":"4 minutos"},"schema":{"@context":"https:\/\/schema.org","@graph":[{"@type":"Article","@id":"https:\/\/experienciadevida.com.ar\/portalurbano\/punto-por-punto-que-dice-el-decreto-sobre-las-nuevas-restricciones\/#article","isPartOf":{"@id":"https:\/\/experienciadevida.com.ar\/portalurbano\/punto-por-punto-que-dice-el-decreto-sobre-las-nuevas-restricciones\/"},"author":{"name":"admpu17wp","@id":"https:\/\/experienciadevida.com.ar\/portalurbano\/#\/schema\/person\/02dd326b1c4b056e9cc972486934a3a7"},"headline":"Punto por punto qu\u00e9 dice el decreto sobre las nuevas restricciones","datePublished":"2021-05-04T13:49:18+00:00","dateModified":"2021-05-04T13:59:41+00:00","mainEntityOfPage":{"@id":"https:\/\/experienciadevida.com.ar\/portalurbano\/punto-por-punto-que-dice-el-decreto-sobre-las-nuevas-restricciones\/"},"wordCount":827,"publisher":{"@id":"https:\/\/experienciadevida.com.ar\/portalurbano\/#organization"},"articleSection":["Ciudad","Destacadas 2"],"inLanguage":"es"},{"@type":"WebPage","@id":"https:\/\/experienciadevida.com.ar\/portalurbano\/punto-por-punto-que-dice-el-decreto-sobre-las-nuevas-restricciones\/","url":"https:\/\/experienciadevida.com.ar\/portalurbano\/punto-por-punto-que-dice-el-decreto-sobre-las-nuevas-restricciones\/","name":"Punto por punto qu\u00e9 dice el decreto sobre las nuevas restricciones","isPartOf":{"@id":"https:\/\/experienciadevida.com.ar\/portalurbano\/#website"},"datePublished":"2021-05-04T13:49:18+00:00","dateModified":"2021-05-04T13:59:41+00:00","description":"Punto por punto qu\u00e9 dice el decreto sobre las nuevas restricciones que anunci\u00f3 el Intendente en Conferencia de prensa ayer por la noche.","breadcrumb":{"@id":"https:\/\/experienciadevida.com.ar\/portalurbano\/punto-por-punto-que-dice-el-decreto-sobre-las-nuevas-restricciones\/#breadcrumb"},"inLanguage":"es","potentialAction":[{"@type":"ReadAction","target":["https:\/\/experienciadevida.com.ar\/portalurbano\/punto-por-punto-que-dice-el-decreto-sobre-las-nuevas-restricciones\/"]}]},{"@type":"BreadcrumbList","@id":"https:\/\/experienciadevida.com.ar\/portalurbano\/punto-por-punto-que-dice-el-decreto-sobre-las-nuevas-restricciones\/#breadcrumb","itemListElement":[{"@type":"ListItem","position":1,"name":"Portada","item":"https:\/\/experienciadevida.com.ar\/portalurbano\/"},{"@type":"ListItem","position":2,"name":"Punto por punto qu\u00e9 dice el decreto sobre las nuevas restricciones"}]},{"@type":"WebSite","@id":"https:\/\/experienciadevida.com.ar\/portalurbano\/#website","url":"https:\/\/experienciadevida.com.ar\/portalurbano\/","name":"","description":"","publisher":{"@id":"https:\/\/experienciadevida.com.ar\/portalurbano\/#organization"},"potentialAction":[{"@type":"SearchAction","target":{"@type":"EntryPoint","urlTemplate":"https:\/\/experienciadevida.com.ar\/portalurbano\/?s={search_term_string}"},"query-input":"required name=search_term_string"}],"inLanguage":"es"},{"@type":"Organization","@id":"https:\/\/experienciadevida.com.ar\/portalurbano\/#organization","name":"Portal Urbano","url":"https:\/\/experienciadevida.com.ar\/portalurbano\/","logo":{"@type":"ImageObject","inLanguage":"es","@id":"https:\/\/experienciadevida.com.ar\/portalurbano\/#\/schema\/logo\/image\/","url":"https:\/\/experienciadevida.com.ar\/portalurbano\/wp-content\/uploads\/2019\/09\/Logo-Original.png","contentUrl":"https:\/\/experienciadevida.com.ar\/portalurbano\/wp-content\/uploads\/2019\/09\/Logo-Original.png","width":2236,"height":1216,"caption":"Portal Urbano"},"image":{"@id":"https:\/\/experienciadevida.com.ar\/portalurbano\/#\/schema\/logo\/image\/"},"sameAs":["https:\/\/www.facebook.com\/Portal-Urbano-171542830093757\/","https:\/\/twitter.com\/portalurbanook","https:\/\/www.instagram.com\/_portalurbano\/","https:\/\/www.youtube.com\/channel\/UCXhagIfszH8KxFiOok79zbA?view_as=subscriber"]},{"@type":"Person","@id":"https:\/\/experienciadevida.com.ar\/portalurbano\/#\/schema\/person\/02dd326b1c4b056e9cc972486934a3a7","name":"admpu17wp","image":{"@type":"ImageObject","inLanguage":"es","@id":"https:\/\/experienciadevida.com.ar\/portalurbano\/#\/schema\/person\/image\/","url":"https:\/\/secure.gravatar.com\/avatar\/830d4c57adaae6630765e449a6908047?s=96&d=mm&r=g","contentUrl":"https:\/\/secure.gravatar.com\/avatar\/830d4c57adaae6630765e449a6908047?s=96&d=mm&r=g","caption":"admpu17wp"}}]}},"featured_image_urls":{"full":["https:\/\/experienciadevida.com.ar\/portalurbano\/wp-content\/uploads\/2020\/03\/CUARENTENA6.jpg",765,510,false],"thumbnail":["https:\/\/experienciadevida.com.ar\/portalurbano\/wp-content\/uploads\/2020\/03\/CUARENTENA6-150x150.jpg",150,150,true],"medium":["https:\/\/experienciadevida.com.ar\/portalurbano\/wp-content\/uploads\/2020\/03\/CUARENTENA6-300x200.jpg",300,200,true],"medium_large":["https:\/\/experienciadevida.com.ar\/portalurbano\/wp-content\/uploads\/2020\/03\/CUARENTENA6.jpg",640,427,false],"large":["https:\/\/experienciadevida.com.ar\/portalurbano\/wp-content\/uploads\/2020\/03\/CUARENTENA6.jpg",640,427,false],"ug_big":["https:\/\/experienciadevida.com.ar\/portalurbano\/wp-content\/uploads\/2020\/03\/CUARENTENA6.jpg",765,510,false],"1536x1536":["https:\/\/experienciadevida.com.ar\/portalurbano\/wp-content\/uploads\/2020\/03\/CUARENTENA6.jpg",765,510,false],"2048x2048":["https:\/\/experienciadevida.com.ar\/portalurbano\/wp-content\/uploads\/2020\/03\/CUARENTENA6.jpg",765,510,false],"newsever-slider-full":["https:\/\/experienciadevida.com.ar\/portalurbano\/wp-content\/uploads\/2020\/03\/CUARENTENA6.jpg",765,510,false],"newsever-featured":["https:\/\/experienciadevida.com.ar\/portalurbano\/wp-content\/uploads\/2020\/03\/CUARENTENA6.jpg",765,510,false],"newsever-medium":["https:\/\/experienciadevida.com.ar\/portalurbano\/wp-content\/uploads\/2020\/03\/CUARENTENA6.jpg",713,475,false],"web-stories-poster-portrait":["https:\/\/experienciadevida.com.ar\/portalurbano\/wp-content\/uploads\/2020\/03\/CUARENTENA6.jpg",640,427,false],"web-stories-publisher-logo":["https:\/\/experienciadevida.com.ar\/portalurbano\/wp-content\/uploads\/2020\/03\/CUARENTENA6.jpg",96,64,false],"web-stories-thumbnail":["https:\/\/experienciadevida.com.ar\/portalurbano\/wp-content\/uploads\/2020\/03\/CUARENTENA6.jpg",150,100,false]},"author_info":{"display_name":"admpu17wp","author_link":"https:\/\/experienciadevida.com.ar\/portalurbano\/author\/admpu17wp\/"},"category_info":"<a href=\"https:\/\/experienciadevida.com.ar\/portalurbano\/category\/ciudad\/\" rel=\"category tag\">Ciudad<\/a> <a href=\"https:\/\/experienciadevida.com.ar\/portalurbano\/category\/destacadas-2\/\" rel=\"category tag\">Destacadas 2<\/a>","tag_info":"Destacadas 2","comment_count":"0","amp_enabled":true,"_links":{"self":[{"href":"https:\/\/experienciadevida.com.ar\/portalurbano\/wp-json\/wp\/v2\/posts\/141930"}],"collection":[{"href":"https:\/\/experienciadevida.com.ar\/portalurbano\/wp-json\/wp\/v2\/posts"}],"about":[{"href":"https:\/\/experienciadevida.com.ar\/portalurbano\/wp-json\/wp\/v2\/types\/post"}],"author":[{"embeddable":true,"href":"https:\/\/experienciadevida.com.ar\/portalurbano\/wp-json\/wp\/v2\/users\/1"}],"replies":[{"embeddable":true,"href":"https:\/\/experienciadevida.com.ar\/portalurbano\/wp-json\/wp\/v2\/comments?post=141930"}],"version-history":[{"count":5,"href":"https:\/\/experienciadevida.com.ar\/portalurbano\/wp-json\/wp\/v2\/posts\/141930\/revisions"}],"predecessor-version":[{"id":141936,"href":"https:\/\/experienciadevida.com.ar\/portalurbano\/wp-json\/wp\/v2\/posts\/141930\/revisions\/141936"}],"wp:featuredmedia":[{"embeddable":true,"href":"https:\/\/experienciadevida.com.ar\/portalurbano\/wp-json\/wp\/v2\/media\/104701"}],"wp:attachment":[{"href":"https:\/\/experienciadevida.com.ar\/portalurbano\/wp-json\/wp\/v2\/media?parent=141930"}],"wp:term":[{"taxonomy":"category","embeddable":true,"href":"https:\/\/experienciadevida.com.ar\/portalurbano\/wp-json\/wp\/v2\/categories?post=141930"},{"taxonomy":"post_tag","embeddable":true,"href":"https:\/\/experienciadevida.com.ar\/portalurbano\/wp-json\/wp\/v2\/tags?post=141930"}],"curies":[{"name":"wp","href":"https:\/\/api.w.org\/{rel}","templated":true}]}}