{"id":141857,"date":"2021-05-03T13:22:42","date_gmt":"2021-05-03T16:22:42","guid":{"rendered":"https:\/\/experienciadevida.com.ar\/portalurbano\/?p=141857"},"modified":"2021-05-03T13:24:23","modified_gmt":"2021-05-03T16:24:23","slug":"cambios-en-el-sistema-de-fases-que-se-puede-hacer-en-cada-una","status":"publish","type":"post","link":"https:\/\/experienciadevida.com.ar\/portalurbano\/cambios-en-el-sistema-de-fases-que-se-puede-hacer-en-cada-una\/","title":{"rendered":"Cambios en el sistema de fases: \u00bfqu\u00e9 se puede hacer en cada una?"},"content":{"rendered":"<p>Cambios en el sistema de fases: \u00bfqu\u00e9 se puede hacer en cada una?, la Provincia se adapt\u00f3 al nuevo decreto nacional y desde hoy rigen nuevas restricciones.<\/p>\n<p>La Provincia adapt\u00f3 hoy su sistema de fases al \u00faltimo decreto nacional (publicado el viernes) sobre las medidas de prevenci\u00f3n en el marco de la pandemia de coronavirus y prohibi\u00f3 para el escal\u00f3n m\u00e1s restrictivo el ingreso de clientes en negocios de ropa de cercan\u00eda.<\/p>\n<p>Tras la publicaci\u00f3n del decreto nacional 287\/21, el Gobierno bonaerense divulg\u00f3 hoy en el Bolet\u00edn Oficial la adaptaci\u00f3n de su sistema de fases con algunos cambios. Una de las novedades es la restricci\u00f3n de ingreso para los comercios de cercan\u00eda de venta al por menor para el escal\u00f3n 2, pero tambi\u00e9n hay varios cambios en la etapa 3.<\/p>\n<p>Cambios en el sistema de fases:<\/p>\n<p>Fase 2: la restricci\u00f3n horaria comercial se mantiene de 19 a 6 de la ma\u00f1ana. Incluye a bares y restaurantes al aire libre. La circulaci\u00f3n se corta entre las 20 y las 6. No est\u00e1n habilitadas las clases presenciales. Entre otras actividades, no pueden funcionar los cines, los talleres culturales, los jardines maternales, los natatorios y los gimnasios en espacios cerrados, los shoppings y los bingos.<\/p>\n<p>En la etapa m\u00e1s restrictiva se suma la prohibici\u00f3n de ingreso a los comercios de cercan\u00eda y en este punto se hace especial \u00e9nfasis en la venta al por menor de productos textiles, prendas de vestir, calzado y juguetes. Asimismo, los eventos \u201cculturales, sociales, recreativos o religiosos en espacios p\u00fablicos al aire\u201d tienen una concurrencia m\u00e1xima de 10 personas.<\/p>\n<p>Fase 3: se mantiene la restricci\u00f3n horaria comercial de 20 a 6 horas. Los bares y restaurantes pueden funcionar hasta las 23 con un aforo interno del 30%. La circulaci\u00f3n se corta a las 0 horas. El aforo tambi\u00e9n es del 30% para shoppings, mientras que ahora deben mantenerse cerrados los natatorios y los gimnasios (que antes pod\u00edan funcionar con un l\u00edmite de personas). Asimismo, se suspenden los ritos religiosos dentro de edificaciones. Los eventos \u201cculturales, sociales, recreativos o religiosos en espacios p\u00fablicos al aire\u201d tienen una concurrencia m\u00e1xima de 10 personas.<\/p>\n<p>Cambios en el sistema de fases, 4: la restricci\u00f3n horaria es entre las 0 y las 6 horas para todo. A los eventos religiosos en espacios cerrados ventilados pueden concurrir hasta 20 personas. Est\u00e1n habilitados los bares y restaurantes con espacios internos, gimnasios y shoppings (no est\u00e1 especificado el l\u00edmite de aforo). Los eventos \u201cculturales, sociales, recreativos o religiosos en espacios p\u00fablicos al aire\u201d tienen una concurrencia m\u00e1xima de 100 personas.<\/p>\n<p>Fase 5: cuenta con las mimas habilitaciones que la fase 4, pero con mayor extensi\u00f3n horaria. La restricci\u00f3n para circular es de 2 a 6 de la ma\u00f1ana. Actualmente, ning\u00fan distrito est\u00e1 en esta fase.<\/p>\n<p>Foto: archivo<\/p>\n<p>Fuente: DIB<\/p>\n","protected":false},"excerpt":{"rendered":"<p>Cambios en el sistema de fases: \u00bfqu\u00e9 se puede hacer en cada una?, la Provincia&#8230;<\/p>\n","protected":false},"author":1,"featured_media":132517,"comment_status":"closed","ping_status":"closed","sticky":false,"template":"","format":"standard","meta":{"content-type":""},"categories":[64,44],"tags":[],"nelio_content":{"isAutoShareEnabled":false,"autoShareEndMode":"default","automationSources":{"useContentSentences":true,"useSocialTemplates":true,"useCustomSentences":false,"customSentences":[]},"followers":[1],"suggestedReferences":[],"includedReferences":[],"efiUrl":"","efiAlt":"","highlights":[]},"yoast_head":"<!-- This site is optimized with the Yoast SEO plugin v20.7 - https:\/\/yoast.com\/wordpress\/plugins\/seo\/ -->\n<title>Cambios en el sistema de fases: \u00bfQu\u00e9 se puede hacer en cada una?<\/title>\n<meta name=\"description\" content=\"Cambios en el sistema de fases: \u00bfqu\u00e9 se puede hacer en cada una?, la Provincia se adapt\u00f3 al nuevo decreto nacional y rigen desde hoy.\" \/>\n<meta name=\"robots\" content=\"index, follow, max-snippet:-1, max-image-preview:large, max-video-preview:-1\" \/>\n<link rel=\"canonical\" href=\"https:\/\/experienciadevida.com.ar\/portalurbano\/cambios-en-el-sistema-de-fases-que-se-puede-hacer-en-cada-una\/\" \/>\n<meta property=\"og:locale\" content=\"es_ES\" \/>\n<meta property=\"og:type\" content=\"article\" \/>\n<meta property=\"og:title\" content=\"Cambios en el sistema de fases: \u00bfQu\u00e9 se puede hacer en cada una?\" \/>\n<meta property=\"og:description\" content=\"Cambios en el sistema de fases: \u00bfqu\u00e9 se puede hacer en cada una?, la Provincia se adapt\u00f3 al nuevo decreto nacional y rigen desde hoy.\" \/>\n<meta property=\"og:url\" content=\"https:\/\/experienciadevida.com.ar\/portalurbano\/cambios-en-el-sistema-de-fases-que-se-puede-hacer-en-cada-una\/\" \/>\n<meta property=\"article:publisher\" content=\"https:\/\/www.facebook.com\/Portal-Urbano-171542830093757\/\" \/>\n<meta property=\"article:published_time\" content=\"2021-05-03T16:22:42+00:00\" \/>\n<meta property=\"article:modified_time\" content=\"2021-05-03T16:24:23+00:00\" \/>\n<meta property=\"og:image\" content=\"https:\/\/experienciadevida.com.ar\/portalurbano\/wp-content\/uploads\/2021\/01\/Restriccion-nocturna1.jpg\" \/>\n\t<meta property=\"og:image:width\" content=\"765\" \/>\n\t<meta property=\"og:image:height\" content=\"487\" \/>\n\t<meta property=\"og:image:type\" content=\"image\/jpeg\" \/>\n<meta name=\"author\" content=\"admpu17wp\" \/>\n<meta name=\"twitter:card\" content=\"summary_large_image\" \/>\n<meta name=\"twitter:creator\" content=\"@portalurbanook\" \/>\n<meta name=\"twitter:site\" content=\"@portalurbanook\" \/>\n<meta name=\"twitter:label1\" content=\"Escrito por\" \/>\n\t<meta name=\"twitter:data1\" content=\"admpu17wp\" \/>\n\t<meta name=\"twitter:label2\" content=\"Tiempo de lectura\" \/>\n\t<meta name=\"twitter:data2\" content=\"3 minutos\" \/>\n<script type=\"application\/ld+json\" class=\"yoast-schema-graph\">{\"@context\":\"https:\/\/schema.org\",\"@graph\":[{\"@type\":\"Article\",\"@id\":\"https:\/\/experienciadevida.com.ar\/portalurbano\/cambios-en-el-sistema-de-fases-que-se-puede-hacer-en-cada-una\/#article\",\"isPartOf\":{\"@id\":\"https:\/\/experienciadevida.com.ar\/portalurbano\/cambios-en-el-sistema-de-fases-que-se-puede-hacer-en-cada-una\/\"},\"author\":{\"name\":\"admpu17wp\",\"@id\":\"https:\/\/experienciadevida.com.ar\/portalurbano\/#\/schema\/person\/02dd326b1c4b056e9cc972486934a3a7\"},\"headline\":\"Cambios en el sistema de fases: \u00bfqu\u00e9 se puede hacer en cada una?\",\"datePublished\":\"2021-05-03T16:22:42+00:00\",\"dateModified\":\"2021-05-03T16:24:23+00:00\",\"mainEntityOfPage\":{\"@id\":\"https:\/\/experienciadevida.com.ar\/portalurbano\/cambios-en-el-sistema-de-fases-que-se-puede-hacer-en-cada-una\/\"},\"wordCount\":486,\"publisher\":{\"@id\":\"https:\/\/experienciadevida.com.ar\/portalurbano\/#organization\"},\"articleSection\":[\"Destacadas 2\",\"Provincia\"],\"inLanguage\":\"es\"},{\"@type\":\"WebPage\",\"@id\":\"https:\/\/experienciadevida.com.ar\/portalurbano\/cambios-en-el-sistema-de-fases-que-se-puede-hacer-en-cada-una\/\",\"url\":\"https:\/\/experienciadevida.com.ar\/portalurbano\/cambios-en-el-sistema-de-fases-que-se-puede-hacer-en-cada-una\/\",\"name\":\"Cambios en el sistema de fases: \u00bfQu\u00e9 se puede hacer en cada una?\",\"isPartOf\":{\"@id\":\"https:\/\/experienciadevida.com.ar\/portalurbano\/#website\"},\"datePublished\":\"2021-05-03T16:22:42+00:00\",\"dateModified\":\"2021-05-03T16:24:23+00:00\",\"description\":\"Cambios en el sistema de fases: \u00bfqu\u00e9 se puede hacer en cada una?, la Provincia se adapt\u00f3 al nuevo decreto nacional y rigen desde hoy.\",\"breadcrumb\":{\"@id\":\"https:\/\/experienciadevida.com.ar\/portalurbano\/cambios-en-el-sistema-de-fases-que-se-puede-hacer-en-cada-una\/#breadcrumb\"},\"inLanguage\":\"es\",\"potentialAction\":[{\"@type\":\"ReadAction\",\"target\":[\"https:\/\/experienciadevida.com.ar\/portalurbano\/cambios-en-el-sistema-de-fases-que-se-puede-hacer-en-cada-una\/\"]}]},{\"@type\":\"BreadcrumbList\",\"@id\":\"https:\/\/experienciadevida.com.ar\/portalurbano\/cambios-en-el-sistema-de-fases-que-se-puede-hacer-en-cada-una\/#breadcrumb\",\"itemListElement\":[{\"@type\":\"ListItem\",\"position\":1,\"name\":\"Portada\",\"item\":\"https:\/\/experienciadevida.com.ar\/portalurbano\/\"},{\"@type\":\"ListItem\",\"position\":2,\"name\":\"Cambios en el sistema de fases: \u00bfqu\u00e9 se puede hacer en cada una?\"}]},{\"@type\":\"WebSite\",\"@id\":\"https:\/\/experienciadevida.com.ar\/portalurbano\/#website\",\"url\":\"https:\/\/experienciadevida.com.ar\/portalurbano\/\",\"name\":\"\",\"description\":\"\",\"publisher\":{\"@id\":\"https:\/\/experienciadevida.com.ar\/portalurbano\/#organization\"},\"potentialAction\":[{\"@type\":\"SearchAction\",\"target\":{\"@type\":\"EntryPoint\",\"urlTemplate\":\"https:\/\/experienciadevida.com.ar\/portalurbano\/?s={search_term_string}\"},\"query-input\":\"required name=search_term_string\"}],\"inLanguage\":\"es\"},{\"@type\":\"Organization\",\"@id\":\"https:\/\/experienciadevida.com.ar\/portalurbano\/#organization\",\"name\":\"Portal Urbano\",\"url\":\"https:\/\/experienciadevida.com.ar\/portalurbano\/\",\"logo\":{\"@type\":\"ImageObject\",\"inLanguage\":\"es\",\"@id\":\"https:\/\/experienciadevida.com.ar\/portalurbano\/#\/schema\/logo\/image\/\",\"url\":\"https:\/\/experienciadevida.com.ar\/portalurbano\/wp-content\/uploads\/2019\/09\/Logo-Original.png\",\"contentUrl\":\"https:\/\/experienciadevida.com.ar\/portalurbano\/wp-content\/uploads\/2019\/09\/Logo-Original.png\",\"width\":2236,\"height\":1216,\"caption\":\"Portal Urbano\"},\"image\":{\"@id\":\"https:\/\/experienciadevida.com.ar\/portalurbano\/#\/schema\/logo\/image\/\"},\"sameAs\":[\"https:\/\/www.facebook.com\/Portal-Urbano-171542830093757\/\",\"https:\/\/twitter.com\/portalurbanook\",\"https:\/\/www.instagram.com\/_portalurbano\/\",\"https:\/\/www.youtube.com\/channel\/UCXhagIfszH8KxFiOok79zbA?view_as=subscriber\"]},{\"@type\":\"Person\",\"@id\":\"https:\/\/experienciadevida.com.ar\/portalurbano\/#\/schema\/person\/02dd326b1c4b056e9cc972486934a3a7\",\"name\":\"admpu17wp\",\"image\":{\"@type\":\"ImageObject\",\"inLanguage\":\"es\",\"@id\":\"https:\/\/experienciadevida.com.ar\/portalurbano\/#\/schema\/person\/image\/\",\"url\":\"https:\/\/secure.gravatar.com\/avatar\/830d4c57adaae6630765e449a6908047?s=96&d=mm&r=g\",\"contentUrl\":\"https:\/\/secure.gravatar.com\/avatar\/830d4c57adaae6630765e449a6908047?s=96&d=mm&r=g\",\"caption\":\"admpu17wp\"}}]}<\/script>\n<!-- \/ Yoast SEO plugin. -->","yoast_head_json":{"title":"Cambios en el sistema de fases: \u00bfQu\u00e9 se puede hacer en cada una?","description":"Cambios en el sistema de fases: \u00bfqu\u00e9 se puede hacer en cada una?, la Provincia se adapt\u00f3 al nuevo decreto nacional y rigen desde hoy.","robots":{"index":"index","follow":"follow","max-snippet":"max-snippet:-1","max-image-preview":"max-image-preview:large","max-video-preview":"max-video-preview:-1"},"canonical":"https:\/\/experienciadevida.com.ar\/portalurbano\/cambios-en-el-sistema-de-fases-que-se-puede-hacer-en-cada-una\/","og_locale":"es_ES","og_type":"article","og_title":"Cambios en el sistema de fases: \u00bfQu\u00e9 se puede hacer en cada una?","og_description":"Cambios en el sistema de fases: \u00bfqu\u00e9 se puede hacer en cada una?, la Provincia se adapt\u00f3 al nuevo decreto nacional y rigen desde hoy.","og_url":"https:\/\/experienciadevida.com.ar\/portalurbano\/cambios-en-el-sistema-de-fases-que-se-puede-hacer-en-cada-una\/","article_publisher":"https:\/\/www.facebook.com\/Portal-Urbano-171542830093757\/","article_published_time":"2021-05-03T16:22:42+00:00","article_modified_time":"2021-05-03T16:24:23+00:00","og_image":[{"width":765,"height":487,"url":"https:\/\/experienciadevida.com.ar\/portalurbano\/wp-content\/uploads\/2021\/01\/Restriccion-nocturna1.jpg","type":"image\/jpeg"}],"author":"admpu17wp","twitter_card":"summary_large_image","twitter_creator":"@portalurbanook","twitter_site":"@portalurbanook","twitter_misc":{"Escrito por":"admpu17wp","Tiempo de lectura":"3 minutos"},"schema":{"@context":"https:\/\/schema.org","@graph":[{"@type":"Article","@id":"https:\/\/experienciadevida.com.ar\/portalurbano\/cambios-en-el-sistema-de-fases-que-se-puede-hacer-en-cada-una\/#article","isPartOf":{"@id":"https:\/\/experienciadevida.com.ar\/portalurbano\/cambios-en-el-sistema-de-fases-que-se-puede-hacer-en-cada-una\/"},"author":{"name":"admpu17wp","@id":"https:\/\/experienciadevida.com.ar\/portalurbano\/#\/schema\/person\/02dd326b1c4b056e9cc972486934a3a7"},"headline":"Cambios en el sistema de fases: \u00bfqu\u00e9 se puede hacer en cada una?","datePublished":"2021-05-03T16:22:42+00:00","dateModified":"2021-05-03T16:24:23+00:00","mainEntityOfPage":{"@id":"https:\/\/experienciadevida.com.ar\/portalurbano\/cambios-en-el-sistema-de-fases-que-se-puede-hacer-en-cada-una\/"},"wordCount":486,"publisher":{"@id":"https:\/\/experienciadevida.com.ar\/portalurbano\/#organization"},"articleSection":["Destacadas 2","Provincia"],"inLanguage":"es"},{"@type":"WebPage","@id":"https:\/\/experienciadevida.com.ar\/portalurbano\/cambios-en-el-sistema-de-fases-que-se-puede-hacer-en-cada-una\/","url":"https:\/\/experienciadevida.com.ar\/portalurbano\/cambios-en-el-sistema-de-fases-que-se-puede-hacer-en-cada-una\/","name":"Cambios en el sistema de fases: \u00bfQu\u00e9 se puede hacer en cada una?","isPartOf":{"@id":"https:\/\/experienciadevida.com.ar\/portalurbano\/#website"},"datePublished":"2021-05-03T16:22:42+00:00","dateModified":"2021-05-03T16:24:23+00:00","description":"Cambios en el sistema de fases: \u00bfqu\u00e9 se puede hacer en cada una?, la Provincia se adapt\u00f3 al nuevo decreto nacional y rigen desde hoy.","breadcrumb":{"@id":"https:\/\/experienciadevida.com.ar\/portalurbano\/cambios-en-el-sistema-de-fases-que-se-puede-hacer-en-cada-una\/#breadcrumb"},"inLanguage":"es","potentialAction":[{"@type":"ReadAction","target":["https:\/\/experienciadevida.com.ar\/portalurbano\/cambios-en-el-sistema-de-fases-que-se-puede-hacer-en-cada-una\/"]}]},{"@type":"BreadcrumbList","@id":"https:\/\/experienciadevida.com.ar\/portalurbano\/cambios-en-el-sistema-de-fases-que-se-puede-hacer-en-cada-una\/#breadcrumb","itemListElement":[{"@type":"ListItem","position":1,"name":"Portada","item":"https:\/\/experienciadevida.com.ar\/portalurbano\/"},{"@type":"ListItem","position":2,"name":"Cambios en el sistema de fases: \u00bfqu\u00e9 se puede hacer en cada una?"}]},{"@type":"WebSite","@id":"https:\/\/experienciadevida.com.ar\/portalurbano\/#website","url":"https:\/\/experienciadevida.com.ar\/portalurbano\/","name":"","description":"","publisher":{"@id":"https:\/\/experienciadevida.com.ar\/portalurbano\/#organization"},"potentialAction":[{"@type":"SearchAction","target":{"@type":"EntryPoint","urlTemplate":"https:\/\/experienciadevida.com.ar\/portalurbano\/?s={search_term_string}"},"query-input":"required name=search_term_string"}],"inLanguage":"es"},{"@type":"Organization","@id":"https:\/\/experienciadevida.com.ar\/portalurbano\/#organization","name":"Portal Urbano","url":"https:\/\/experienciadevida.com.ar\/portalurbano\/","logo":{"@type":"ImageObject","inLanguage":"es","@id":"https:\/\/experienciadevida.com.ar\/portalurbano\/#\/schema\/logo\/image\/","url":"https:\/\/experienciadevida.com.ar\/portalurbano\/wp-content\/uploads\/2019\/09\/Logo-Original.png","contentUrl":"https:\/\/experienciadevida.com.ar\/portalurbano\/wp-content\/uploads\/2019\/09\/Logo-Original.png","width":2236,"height":1216,"caption":"Portal Urbano"},"image":{"@id":"https:\/\/experienciadevida.com.ar\/portalurbano\/#\/schema\/logo\/image\/"},"sameAs":["https:\/\/www.facebook.com\/Portal-Urbano-171542830093757\/","https:\/\/twitter.com\/portalurbanook","https:\/\/www.instagram.com\/_portalurbano\/","https:\/\/www.youtube.com\/channel\/UCXhagIfszH8KxFiOok79zbA?view_as=subscriber"]},{"@type":"Person","@id":"https:\/\/experienciadevida.com.ar\/portalurbano\/#\/schema\/person\/02dd326b1c4b056e9cc972486934a3a7","name":"admpu17wp","image":{"@type":"ImageObject","inLanguage":"es","@id":"https:\/\/experienciadevida.com.ar\/portalurbano\/#\/schema\/person\/image\/","url":"https:\/\/secure.gravatar.com\/avatar\/830d4c57adaae6630765e449a6908047?s=96&d=mm&r=g","contentUrl":"https:\/\/secure.gravatar.com\/avatar\/830d4c57adaae6630765e449a6908047?s=96&d=mm&r=g","caption":"admpu17wp"}}]}},"featured_image_urls":{"full":["https:\/\/experienciadevida.com.ar\/portalurbano\/wp-content\/uploads\/2021\/01\/Restriccion-nocturna1.jpg",765,487,false],"thumbnail":["https:\/\/experienciadevida.com.ar\/portalurbano\/wp-content\/uploads\/2021\/01\/Restriccion-nocturna1-150x150.jpg",150,150,true],"medium":["https:\/\/experienciadevida.com.ar\/portalurbano\/wp-content\/uploads\/2021\/01\/Restriccion-nocturna1-300x191.jpg",300,191,true],"medium_large":["https:\/\/experienciadevida.com.ar\/portalurbano\/wp-content\/uploads\/2021\/01\/Restriccion-nocturna1.jpg",640,407,false],"large":["https:\/\/experienciadevida.com.ar\/portalurbano\/wp-content\/uploads\/2021\/01\/Restriccion-nocturna1.jpg",640,407,false],"ug_big":["https:\/\/experienciadevida.com.ar\/portalurbano\/wp-content\/uploads\/2021\/01\/Restriccion-nocturna1.jpg",765,487,false],"1536x1536":["https:\/\/experienciadevida.com.ar\/portalurbano\/wp-content\/uploads\/2021\/01\/Restriccion-nocturna1.jpg",765,487,false],"2048x2048":["https:\/\/experienciadevida.com.ar\/portalurbano\/wp-content\/uploads\/2021\/01\/Restriccion-nocturna1.jpg",765,487,false],"newsever-slider-full":["https:\/\/experienciadevida.com.ar\/portalurbano\/wp-content\/uploads\/2021\/01\/Restriccion-nocturna1.jpg",765,487,false],"newsever-featured":["https:\/\/experienciadevida.com.ar\/portalurbano\/wp-content\/uploads\/2021\/01\/Restriccion-nocturna1.jpg",765,487,false],"newsever-medium":["https:\/\/experienciadevida.com.ar\/portalurbano\/wp-content\/uploads\/2021\/01\/Restriccion-nocturna1.jpg",720,458,false],"web-stories-poster-portrait":["https:\/\/experienciadevida.com.ar\/portalurbano\/wp-content\/uploads\/2021\/01\/Restriccion-nocturna1.jpg",640,407,false],"web-stories-publisher-logo":["https:\/\/experienciadevida.com.ar\/portalurbano\/wp-content\/uploads\/2021\/01\/Restriccion-nocturna1.jpg",96,61,false],"web-stories-thumbnail":["https:\/\/experienciadevida.com.ar\/portalurbano\/wp-content\/uploads\/2021\/01\/Restriccion-nocturna1.jpg",150,95,false]},"author_info":{"display_name":"admpu17wp","author_link":"https:\/\/experienciadevida.com.ar\/portalurbano\/author\/admpu17wp\/"},"category_info":"<a href=\"https:\/\/experienciadevida.com.ar\/portalurbano\/category\/destacadas-2\/\" rel=\"category tag\">Destacadas 2<\/a> <a href=\"https:\/\/experienciadevida.com.ar\/portalurbano\/category\/provincia\/\" rel=\"category tag\">Provincia<\/a>","tag_info":"Provincia","comment_count":"0","amp_enabled":true,"_links":{"self":[{"href":"https:\/\/experienciadevida.com.ar\/portalurbano\/wp-json\/wp\/v2\/posts\/141857"}],"collection":[{"href":"https:\/\/experienciadevida.com.ar\/portalurbano\/wp-json\/wp\/v2\/posts"}],"about":[{"href":"https:\/\/experienciadevida.com.ar\/portalurbano\/wp-json\/wp\/v2\/types\/post"}],"author":[{"embeddable":true,"href":"https:\/\/experienciadevida.com.ar\/portalurbano\/wp-json\/wp\/v2\/users\/1"}],"replies":[{"embeddable":true,"href":"https:\/\/experienciadevida.com.ar\/portalurbano\/wp-json\/wp\/v2\/comments?post=141857"}],"version-history":[{"count":3,"href":"https:\/\/experienciadevida.com.ar\/portalurbano\/wp-json\/wp\/v2\/posts\/141857\/revisions"}],"predecessor-version":[{"id":141861,"href":"https:\/\/experienciadevida.com.ar\/portalurbano\/wp-json\/wp\/v2\/posts\/141857\/revisions\/141861"}],"wp:featuredmedia":[{"embeddable":true,"href":"https:\/\/experienciadevida.com.ar\/portalurbano\/wp-json\/wp\/v2\/media\/132517"}],"wp:attachment":[{"href":"https:\/\/experienciadevida.com.ar\/portalurbano\/wp-json\/wp\/v2\/media?parent=141857"}],"wp:term":[{"taxonomy":"category","embeddable":true,"href":"https:\/\/experienciadevida.com.ar\/portalurbano\/wp-json\/wp\/v2\/categories?post=141857"},{"taxonomy":"post_tag","embeddable":true,"href":"https:\/\/experienciadevida.com.ar\/portalurbano\/wp-json\/wp\/v2\/tags?post=141857"}],"curies":[{"name":"wp","href":"https:\/\/api.w.org\/{rel}","templated":true}]}}