{"id":141591,"date":"2021-04-29T20:31:21","date_gmt":"2021-04-29T23:31:21","guid":{"rendered":"https:\/\/experienciadevida.com.ar\/portalurbano\/?p=141591"},"modified":"2021-04-29T20:34:02","modified_gmt":"2021-04-29T23:34:02","slug":"gremios-mercantiles-se-reunieron-con-la-ministra-de-trabajo-para-solicitar-vacunacion","status":"publish","type":"post","link":"https:\/\/experienciadevida.com.ar\/portalurbano\/gremios-mercantiles-se-reunieron-con-la-ministra-de-trabajo-para-solicitar-vacunacion\/","title":{"rendered":"Gremios mercantiles se reunieron con la Ministra de trabajo para solicitar vacunaci\u00f3n"},"content":{"rendered":"<p>Gremios mercantiles se reunieron con la Ministra de trabajo para solicitar vacunaci\u00f3n, este jueves en video conferencia los Sindicatos de comercio le pidieron a que se priorice la vacunaci\u00f3n de los trabajadores mercantiles por su rol de esenciales durante la pandemia de Covid-19.<\/p>\n<p>Representantes de los gremios mercantiles de la Provincia de Buenos Aires se reunieron mediante una videoconferencia realizada este jueves por la ma\u00f1ana con la Ministra de Trabajo Mara Ruiz Malec, para solicitarle que se priorice la vacunaci\u00f3n de los trabajadores y trabajadoras de comercio, considerados esenciales durante la pandemia por COVID.<\/p>\n<p>Por iniciativa del Secretario General de Olavarr\u00eda, Miguel Santell\u00e1n y las gestiones del diputado provincial del FdT Cesar Valicenti, los Secretarios Generales de Mar del Plata, Bah\u00eda Blanca, San Nicol\u00e1s, Rauch, Capit\u00e1n Sarmiento, Carmen de Patagones y representantes de distintitas filiales expresaron su preocupaci\u00f3n por la salud sus afiliados por desempe\u00f1arse en tareas que est\u00e1n en constante contacto con gran cantidad de personas diariamente.<\/p>\n<p>Adem\u00e1s del pedido de incluir en los grupos de riesgo a los empleados de comercio, destacando su rol durante el aislamiento que comenz\u00f3 en marzo de 2020; los gremios mercantiles ofrecieron su infraestructura para realizar el acopio y la vacunaci\u00f3n. \u201cOfrecemos nuestros centros de salud, consultorios y cl\u00ednicas para que se aplique la vacuna a nuestros trabajadores y trabajadoras, como tambi\u00e9n para otros gremios. Siempre con el aval y respetando lo dispuesto por el Ministerio de Salud de la Provincia de Buenos Aires\u201d expresaron.<\/p>\n<p>Sobre la necesidad de cuidar la salud de los mercantiles hicieron \u00e9nfasis en que \u201clos m\u00e1s de 350.000 empleados y empleadas de comercio Bonaerenses, considerados esenciales durante la pandemia de COVID, sufren el mismo<br \/>\nriesgo que el resto de los trabajadores y profesionales; y estuvieron al frente en la etapa m\u00e1s dif\u00edcil\u201d.<\/p>\n<p>Adem\u00e1s los representantes sindicales solicitaron que se trabaje en elfortalecimiento de las estructuras de las delegaciones que el Ministerio de Trabajo de la Provincia de Buenos Aires tiene en distintas localidades<br \/>\nBonaerenses, en las \u00e1reas de Polic\u00eda de trabajo y Seguridad e Higiene para lograr un control m\u00e1s efectivo del fraude laboral.<\/p>\n<p>La Ministra de trabajo se comprometi\u00f3 en realizar las gestiones ante el Ministro Daniel Goll\u00e1n, para que se priorice la vacunaci\u00f3n contra el COVID de empleados y empleadas de comercio, destacando su rol de trabajadores esenciales y su predisposici\u00f3n para llevar adelante su labor todos los d\u00edas a lo largo de la Pandemia que afecta el mundo.<\/p>\n<p>Santell\u00e1n destaco la predisposici\u00f3n y el acompa\u00f1amiento que tanto la Ministra Ruiz Malec como el Gobernador de la Provincia Axel Kicillof mantienen con los gremios de comercio y sus distintas filiales en todo el territorio Bonaerense \u201cAgradecemos al Gobierno de la Provincia de Buenos Aires que en cada oportunidad que se lo solicitamos estuvo presente acompa\u00f1ando a los empleados y empleadas de comercio\u201d.<\/p>\n","protected":false},"excerpt":{"rendered":"<p>Gremios mercantiles se reunieron con la Ministra de trabajo para solicitar vacunaci\u00f3n, este jueves en&#8230;<\/p>\n","protected":false},"author":1,"featured_media":141594,"comment_status":"closed","ping_status":"closed","sticky":false,"template":"","format":"standard","meta":{"content-type":""},"categories":[27,64],"tags":[],"nelio_content":{"isAutoShareEnabled":false,"autoShareEndMode":"default","automationSources":{"useContentSentences":true,"useSocialTemplates":true,"useCustomSentences":false,"customSentences":[]},"followers":[1],"suggestedReferences":[],"includedReferences":[],"efiUrl":"","efiAlt":"","highlights":[]},"yoast_head":"<!-- This site is optimized with the Yoast SEO plugin v20.7 - https:\/\/yoast.com\/wordpress\/plugins\/seo\/ -->\n<title>Gremios mercantiles se reunieron con la Ministra de trabajo<\/title>\n<meta name=\"description\" content=\"Gremios mercantiles se reunieron la Ministra de trabajo para solicitar vacunaci\u00f3n, fue en video conferencia en la tarde de este jueves.\" \/>\n<meta name=\"robots\" content=\"index, follow, max-snippet:-1, max-image-preview:large, max-video-preview:-1\" \/>\n<link rel=\"canonical\" href=\"https:\/\/experienciadevida.com.ar\/portalurbano\/gremios-mercantiles-se-reunieron-con-la-ministra-de-trabajo-para-solicitar-vacunacion\/\" \/>\n<meta property=\"og:locale\" content=\"es_ES\" \/>\n<meta property=\"og:type\" content=\"article\" \/>\n<meta property=\"og:title\" content=\"Gremios mercantiles se reunieron con la Ministra de trabajo\" \/>\n<meta property=\"og:description\" content=\"Gremios mercantiles se reunieron la Ministra de trabajo para solicitar vacunaci\u00f3n, fue en video conferencia en la tarde de este jueves.\" \/>\n<meta property=\"og:url\" content=\"https:\/\/experienciadevida.com.ar\/portalurbano\/gremios-mercantiles-se-reunieron-con-la-ministra-de-trabajo-para-solicitar-vacunacion\/\" \/>\n<meta property=\"article:publisher\" content=\"https:\/\/www.facebook.com\/Portal-Urbano-171542830093757\/\" \/>\n<meta property=\"article:published_time\" content=\"2021-04-29T23:31:21+00:00\" \/>\n<meta property=\"article:modified_time\" content=\"2021-04-29T23:34:02+00:00\" \/>\n<meta property=\"og:image\" content=\"https:\/\/experienciadevida.com.ar\/portalurbano\/wp-content\/uploads\/2021\/04\/Gremios-mercantiles-se-reunen-con.jpeg\" \/>\n\t<meta property=\"og:image:width\" content=\"1156\" \/>\n\t<meta property=\"og:image:height\" content=\"650\" \/>\n\t<meta property=\"og:image:type\" content=\"image\/jpeg\" \/>\n<meta name=\"author\" content=\"admpu17wp\" \/>\n<meta name=\"twitter:card\" content=\"summary_large_image\" \/>\n<meta name=\"twitter:creator\" content=\"@portalurbanook\" \/>\n<meta name=\"twitter:site\" content=\"@portalurbanook\" \/>\n<meta name=\"twitter:label1\" content=\"Escrito por\" \/>\n\t<meta name=\"twitter:data1\" content=\"admpu17wp\" \/>\n\t<meta name=\"twitter:label2\" content=\"Tiempo de lectura\" \/>\n\t<meta name=\"twitter:data2\" content=\"3 minutos\" \/>\n<script type=\"application\/ld+json\" class=\"yoast-schema-graph\">{\"@context\":\"https:\/\/schema.org\",\"@graph\":[{\"@type\":\"Article\",\"@id\":\"https:\/\/experienciadevida.com.ar\/portalurbano\/gremios-mercantiles-se-reunieron-con-la-ministra-de-trabajo-para-solicitar-vacunacion\/#article\",\"isPartOf\":{\"@id\":\"https:\/\/experienciadevida.com.ar\/portalurbano\/gremios-mercantiles-se-reunieron-con-la-ministra-de-trabajo-para-solicitar-vacunacion\/\"},\"author\":{\"name\":\"admpu17wp\",\"@id\":\"https:\/\/experienciadevida.com.ar\/portalurbano\/#\/schema\/person\/02dd326b1c4b056e9cc972486934a3a7\"},\"headline\":\"Gremios mercantiles se reunieron con la Ministra de trabajo para solicitar vacunaci\u00f3n\",\"datePublished\":\"2021-04-29T23:31:21+00:00\",\"dateModified\":\"2021-04-29T23:34:02+00:00\",\"mainEntityOfPage\":{\"@id\":\"https:\/\/experienciadevida.com.ar\/portalurbano\/gremios-mercantiles-se-reunieron-con-la-ministra-de-trabajo-para-solicitar-vacunacion\/\"},\"wordCount\":507,\"publisher\":{\"@id\":\"https:\/\/experienciadevida.com.ar\/portalurbano\/#organization\"},\"articleSection\":[\"Ciudad\",\"Destacadas 2\"],\"inLanguage\":\"es\"},{\"@type\":\"WebPage\",\"@id\":\"https:\/\/experienciadevida.com.ar\/portalurbano\/gremios-mercantiles-se-reunieron-con-la-ministra-de-trabajo-para-solicitar-vacunacion\/\",\"url\":\"https:\/\/experienciadevida.com.ar\/portalurbano\/gremios-mercantiles-se-reunieron-con-la-ministra-de-trabajo-para-solicitar-vacunacion\/\",\"name\":\"Gremios mercantiles se reunieron con la Ministra de trabajo\",\"isPartOf\":{\"@id\":\"https:\/\/experienciadevida.com.ar\/portalurbano\/#website\"},\"datePublished\":\"2021-04-29T23:31:21+00:00\",\"dateModified\":\"2021-04-29T23:34:02+00:00\",\"description\":\"Gremios mercantiles se reunieron la Ministra de trabajo para solicitar vacunaci\u00f3n, fue en video conferencia en la tarde de este jueves.\",\"breadcrumb\":{\"@id\":\"https:\/\/experienciadevida.com.ar\/portalurbano\/gremios-mercantiles-se-reunieron-con-la-ministra-de-trabajo-para-solicitar-vacunacion\/#breadcrumb\"},\"inLanguage\":\"es\",\"potentialAction\":[{\"@type\":\"ReadAction\",\"target\":[\"https:\/\/experienciadevida.com.ar\/portalurbano\/gremios-mercantiles-se-reunieron-con-la-ministra-de-trabajo-para-solicitar-vacunacion\/\"]}]},{\"@type\":\"BreadcrumbList\",\"@id\":\"https:\/\/experienciadevida.com.ar\/portalurbano\/gremios-mercantiles-se-reunieron-con-la-ministra-de-trabajo-para-solicitar-vacunacion\/#breadcrumb\",\"itemListElement\":[{\"@type\":\"ListItem\",\"position\":1,\"name\":\"Portada\",\"item\":\"https:\/\/experienciadevida.com.ar\/portalurbano\/\"},{\"@type\":\"ListItem\",\"position\":2,\"name\":\"Gremios mercantiles se reunieron con la Ministra de trabajo para solicitar vacunaci\u00f3n\"}]},{\"@type\":\"WebSite\",\"@id\":\"https:\/\/experienciadevida.com.ar\/portalurbano\/#website\",\"url\":\"https:\/\/experienciadevida.com.ar\/portalurbano\/\",\"name\":\"\",\"description\":\"\",\"publisher\":{\"@id\":\"https:\/\/experienciadevida.com.ar\/portalurbano\/#organization\"},\"potentialAction\":[{\"@type\":\"SearchAction\",\"target\":{\"@type\":\"EntryPoint\",\"urlTemplate\":\"https:\/\/experienciadevida.com.ar\/portalurbano\/?s={search_term_string}\"},\"query-input\":\"required name=search_term_string\"}],\"inLanguage\":\"es\"},{\"@type\":\"Organization\",\"@id\":\"https:\/\/experienciadevida.com.ar\/portalurbano\/#organization\",\"name\":\"Portal Urbano\",\"url\":\"https:\/\/experienciadevida.com.ar\/portalurbano\/\",\"logo\":{\"@type\":\"ImageObject\",\"inLanguage\":\"es\",\"@id\":\"https:\/\/experienciadevida.com.ar\/portalurbano\/#\/schema\/logo\/image\/\",\"url\":\"https:\/\/experienciadevida.com.ar\/portalurbano\/wp-content\/uploads\/2019\/09\/Logo-Original.png\",\"contentUrl\":\"https:\/\/experienciadevida.com.ar\/portalurbano\/wp-content\/uploads\/2019\/09\/Logo-Original.png\",\"width\":2236,\"height\":1216,\"caption\":\"Portal Urbano\"},\"image\":{\"@id\":\"https:\/\/experienciadevida.com.ar\/portalurbano\/#\/schema\/logo\/image\/\"},\"sameAs\":[\"https:\/\/www.facebook.com\/Portal-Urbano-171542830093757\/\",\"https:\/\/twitter.com\/portalurbanook\",\"https:\/\/www.instagram.com\/_portalurbano\/\",\"https:\/\/www.youtube.com\/channel\/UCXhagIfszH8KxFiOok79zbA?view_as=subscriber\"]},{\"@type\":\"Person\",\"@id\":\"https:\/\/experienciadevida.com.ar\/portalurbano\/#\/schema\/person\/02dd326b1c4b056e9cc972486934a3a7\",\"name\":\"admpu17wp\",\"image\":{\"@type\":\"ImageObject\",\"inLanguage\":\"es\",\"@id\":\"https:\/\/experienciadevida.com.ar\/portalurbano\/#\/schema\/person\/image\/\",\"url\":\"https:\/\/secure.gravatar.com\/avatar\/830d4c57adaae6630765e449a6908047?s=96&d=mm&r=g\",\"contentUrl\":\"https:\/\/secure.gravatar.com\/avatar\/830d4c57adaae6630765e449a6908047?s=96&d=mm&r=g\",\"caption\":\"admpu17wp\"}}]}<\/script>\n<!-- \/ Yoast SEO plugin. -->","yoast_head_json":{"title":"Gremios mercantiles se reunieron con la Ministra de trabajo","description":"Gremios mercantiles se reunieron la Ministra de trabajo para solicitar vacunaci\u00f3n, fue en video conferencia en la tarde de este jueves.","robots":{"index":"index","follow":"follow","max-snippet":"max-snippet:-1","max-image-preview":"max-image-preview:large","max-video-preview":"max-video-preview:-1"},"canonical":"https:\/\/experienciadevida.com.ar\/portalurbano\/gremios-mercantiles-se-reunieron-con-la-ministra-de-trabajo-para-solicitar-vacunacion\/","og_locale":"es_ES","og_type":"article","og_title":"Gremios mercantiles se reunieron con la Ministra de trabajo","og_description":"Gremios mercantiles se reunieron la Ministra de trabajo para solicitar vacunaci\u00f3n, fue en video conferencia en la tarde de este jueves.","og_url":"https:\/\/experienciadevida.com.ar\/portalurbano\/gremios-mercantiles-se-reunieron-con-la-ministra-de-trabajo-para-solicitar-vacunacion\/","article_publisher":"https:\/\/www.facebook.com\/Portal-Urbano-171542830093757\/","article_published_time":"2021-04-29T23:31:21+00:00","article_modified_time":"2021-04-29T23:34:02+00:00","og_image":[{"width":1156,"height":650,"url":"https:\/\/experienciadevida.com.ar\/portalurbano\/wp-content\/uploads\/2021\/04\/Gremios-mercantiles-se-reunen-con.jpeg","type":"image\/jpeg"}],"author":"admpu17wp","twitter_card":"summary_large_image","twitter_creator":"@portalurbanook","twitter_site":"@portalurbanook","twitter_misc":{"Escrito por":"admpu17wp","Tiempo de lectura":"3 minutos"},"schema":{"@context":"https:\/\/schema.org","@graph":[{"@type":"Article","@id":"https:\/\/experienciadevida.com.ar\/portalurbano\/gremios-mercantiles-se-reunieron-con-la-ministra-de-trabajo-para-solicitar-vacunacion\/#article","isPartOf":{"@id":"https:\/\/experienciadevida.com.ar\/portalurbano\/gremios-mercantiles-se-reunieron-con-la-ministra-de-trabajo-para-solicitar-vacunacion\/"},"author":{"name":"admpu17wp","@id":"https:\/\/experienciadevida.com.ar\/portalurbano\/#\/schema\/person\/02dd326b1c4b056e9cc972486934a3a7"},"headline":"Gremios mercantiles se reunieron con la Ministra de trabajo para solicitar vacunaci\u00f3n","datePublished":"2021-04-29T23:31:21+00:00","dateModified":"2021-04-29T23:34:02+00:00","mainEntityOfPage":{"@id":"https:\/\/experienciadevida.com.ar\/portalurbano\/gremios-mercantiles-se-reunieron-con-la-ministra-de-trabajo-para-solicitar-vacunacion\/"},"wordCount":507,"publisher":{"@id":"https:\/\/experienciadevida.com.ar\/portalurbano\/#organization"},"articleSection":["Ciudad","Destacadas 2"],"inLanguage":"es"},{"@type":"WebPage","@id":"https:\/\/experienciadevida.com.ar\/portalurbano\/gremios-mercantiles-se-reunieron-con-la-ministra-de-trabajo-para-solicitar-vacunacion\/","url":"https:\/\/experienciadevida.com.ar\/portalurbano\/gremios-mercantiles-se-reunieron-con-la-ministra-de-trabajo-para-solicitar-vacunacion\/","name":"Gremios mercantiles se reunieron con la Ministra de trabajo","isPartOf":{"@id":"https:\/\/experienciadevida.com.ar\/portalurbano\/#website"},"datePublished":"2021-04-29T23:31:21+00:00","dateModified":"2021-04-29T23:34:02+00:00","description":"Gremios mercantiles se reunieron la Ministra de trabajo para solicitar vacunaci\u00f3n, fue en video conferencia en la tarde de este jueves.","breadcrumb":{"@id":"https:\/\/experienciadevida.com.ar\/portalurbano\/gremios-mercantiles-se-reunieron-con-la-ministra-de-trabajo-para-solicitar-vacunacion\/#breadcrumb"},"inLanguage":"es","potentialAction":[{"@type":"ReadAction","target":["https:\/\/experienciadevida.com.ar\/portalurbano\/gremios-mercantiles-se-reunieron-con-la-ministra-de-trabajo-para-solicitar-vacunacion\/"]}]},{"@type":"BreadcrumbList","@id":"https:\/\/experienciadevida.com.ar\/portalurbano\/gremios-mercantiles-se-reunieron-con-la-ministra-de-trabajo-para-solicitar-vacunacion\/#breadcrumb","itemListElement":[{"@type":"ListItem","position":1,"name":"Portada","item":"https:\/\/experienciadevida.com.ar\/portalurbano\/"},{"@type":"ListItem","position":2,"name":"Gremios mercantiles se reunieron con la Ministra de trabajo para solicitar vacunaci\u00f3n"}]},{"@type":"WebSite","@id":"https:\/\/experienciadevida.com.ar\/portalurbano\/#website","url":"https:\/\/experienciadevida.com.ar\/portalurbano\/","name":"","description":"","publisher":{"@id":"https:\/\/experienciadevida.com.ar\/portalurbano\/#organization"},"potentialAction":[{"@type":"SearchAction","target":{"@type":"EntryPoint","urlTemplate":"https:\/\/experienciadevida.com.ar\/portalurbano\/?s={search_term_string}"},"query-input":"required name=search_term_string"}],"inLanguage":"es"},{"@type":"Organization","@id":"https:\/\/experienciadevida.com.ar\/portalurbano\/#organization","name":"Portal Urbano","url":"https:\/\/experienciadevida.com.ar\/portalurbano\/","logo":{"@type":"ImageObject","inLanguage":"es","@id":"https:\/\/experienciadevida.com.ar\/portalurbano\/#\/schema\/logo\/image\/","url":"https:\/\/experienciadevida.com.ar\/portalurbano\/wp-content\/uploads\/2019\/09\/Logo-Original.png","contentUrl":"https:\/\/experienciadevida.com.ar\/portalurbano\/wp-content\/uploads\/2019\/09\/Logo-Original.png","width":2236,"height":1216,"caption":"Portal Urbano"},"image":{"@id":"https:\/\/experienciadevida.com.ar\/portalurbano\/#\/schema\/logo\/image\/"},"sameAs":["https:\/\/www.facebook.com\/Portal-Urbano-171542830093757\/","https:\/\/twitter.com\/portalurbanook","https:\/\/www.instagram.com\/_portalurbano\/","https:\/\/www.youtube.com\/channel\/UCXhagIfszH8KxFiOok79zbA?view_as=subscriber"]},{"@type":"Person","@id":"https:\/\/experienciadevida.com.ar\/portalurbano\/#\/schema\/person\/02dd326b1c4b056e9cc972486934a3a7","name":"admpu17wp","image":{"@type":"ImageObject","inLanguage":"es","@id":"https:\/\/experienciadevida.com.ar\/portalurbano\/#\/schema\/person\/image\/","url":"https:\/\/secure.gravatar.com\/avatar\/830d4c57adaae6630765e449a6908047?s=96&d=mm&r=g","contentUrl":"https:\/\/secure.gravatar.com\/avatar\/830d4c57adaae6630765e449a6908047?s=96&d=mm&r=g","caption":"admpu17wp"}}]}},"featured_image_urls":{"full":["https:\/\/experienciadevida.com.ar\/portalurbano\/wp-content\/uploads\/2021\/04\/Gremios-mercantiles-se-reunen-con.jpeg",1156,650,false],"thumbnail":["https:\/\/experienciadevida.com.ar\/portalurbano\/wp-content\/uploads\/2021\/04\/Gremios-mercantiles-se-reunen-con-150x150.jpeg",150,150,true],"medium":["https:\/\/experienciadevida.com.ar\/portalurbano\/wp-content\/uploads\/2021\/04\/Gremios-mercantiles-se-reunen-con-300x169.jpeg",300,169,true],"medium_large":["https:\/\/experienciadevida.com.ar\/portalurbano\/wp-content\/uploads\/2021\/04\/Gremios-mercantiles-se-reunen-con-768x432.jpeg",640,360,true],"large":["https:\/\/experienciadevida.com.ar\/portalurbano\/wp-content\/uploads\/2021\/04\/Gremios-mercantiles-se-reunen-con-1024x576.jpeg",640,360,true],"ug_big":["https:\/\/experienciadevida.com.ar\/portalurbano\/wp-content\/uploads\/2021\/04\/Gremios-mercantiles-se-reunen-con-768x432.jpeg",768,432,true],"1536x1536":["https:\/\/experienciadevida.com.ar\/portalurbano\/wp-content\/uploads\/2021\/04\/Gremios-mercantiles-se-reunen-con.jpeg",1156,650,false],"2048x2048":["https:\/\/experienciadevida.com.ar\/portalurbano\/wp-content\/uploads\/2021\/04\/Gremios-mercantiles-se-reunen-con.jpeg",1156,650,false],"newsever-slider-full":["https:\/\/experienciadevida.com.ar\/portalurbano\/wp-content\/uploads\/2021\/04\/Gremios-mercantiles-se-reunen-con.jpeg",1156,650,false],"newsever-featured":["https:\/\/experienciadevida.com.ar\/portalurbano\/wp-content\/uploads\/2021\/04\/Gremios-mercantiles-se-reunen-con.jpeg",1024,576,false],"newsever-medium":["https:\/\/experienciadevida.com.ar\/portalurbano\/wp-content\/uploads\/2021\/04\/Gremios-mercantiles-se-reunen-con.jpeg",720,405,false],"web-stories-poster-portrait":["https:\/\/experienciadevida.com.ar\/portalurbano\/wp-content\/uploads\/2021\/04\/Gremios-mercantiles-se-reunen-con.jpeg",640,360,false],"web-stories-publisher-logo":["https:\/\/experienciadevida.com.ar\/portalurbano\/wp-content\/uploads\/2021\/04\/Gremios-mercantiles-se-reunen-con.jpeg",96,54,false],"web-stories-thumbnail":["https:\/\/experienciadevida.com.ar\/portalurbano\/wp-content\/uploads\/2021\/04\/Gremios-mercantiles-se-reunen-con.jpeg",150,84,false]},"author_info":{"display_name":"admpu17wp","author_link":"https:\/\/experienciadevida.com.ar\/portalurbano\/author\/admpu17wp\/"},"category_info":"<a href=\"https:\/\/experienciadevida.com.ar\/portalurbano\/category\/ciudad\/\" rel=\"category tag\">Ciudad<\/a> <a href=\"https:\/\/experienciadevida.com.ar\/portalurbano\/category\/destacadas-2\/\" rel=\"category tag\">Destacadas 2<\/a>","tag_info":"Destacadas 2","comment_count":"0","amp_enabled":true,"_links":{"self":[{"href":"https:\/\/experienciadevida.com.ar\/portalurbano\/wp-json\/wp\/v2\/posts\/141591"}],"collection":[{"href":"https:\/\/experienciadevida.com.ar\/portalurbano\/wp-json\/wp\/v2\/posts"}],"about":[{"href":"https:\/\/experienciadevida.com.ar\/portalurbano\/wp-json\/wp\/v2\/types\/post"}],"author":[{"embeddable":true,"href":"https:\/\/experienciadevida.com.ar\/portalurbano\/wp-json\/wp\/v2\/users\/1"}],"replies":[{"embeddable":true,"href":"https:\/\/experienciadevida.com.ar\/portalurbano\/wp-json\/wp\/v2\/comments?post=141591"}],"version-history":[{"count":2,"href":"https:\/\/experienciadevida.com.ar\/portalurbano\/wp-json\/wp\/v2\/posts\/141591\/revisions"}],"predecessor-version":[{"id":141597,"href":"https:\/\/experienciadevida.com.ar\/portalurbano\/wp-json\/wp\/v2\/posts\/141591\/revisions\/141597"}],"wp:featuredmedia":[{"embeddable":true,"href":"https:\/\/experienciadevida.com.ar\/portalurbano\/wp-json\/wp\/v2\/media\/141594"}],"wp:attachment":[{"href":"https:\/\/experienciadevida.com.ar\/portalurbano\/wp-json\/wp\/v2\/media?parent=141591"}],"wp:term":[{"taxonomy":"category","embeddable":true,"href":"https:\/\/experienciadevida.com.ar\/portalurbano\/wp-json\/wp\/v2\/categories?post=141591"},{"taxonomy":"post_tag","embeddable":true,"href":"https:\/\/experienciadevida.com.ar\/portalurbano\/wp-json\/wp\/v2\/tags?post=141591"}],"curies":[{"name":"wp","href":"https:\/\/api.w.org\/{rel}","templated":true}]}}