{"id":141539,"date":"2021-04-29T11:03:47","date_gmt":"2021-04-29T14:03:47","guid":{"rendered":"https:\/\/experienciadevida.com.ar\/portalurbano\/?p=141539"},"modified":"2021-04-29T11:08:54","modified_gmt":"2021-04-29T14:08:54","slug":"la-direccion-de-bromatologia-adhiere-a-la-conmemoracion-del-dia-del-animal","status":"publish","type":"post","link":"https:\/\/experienciadevida.com.ar\/portalurbano\/la-direccion-de-bromatologia-adhiere-a-la-conmemoracion-del-dia-del-animal\/","title":{"rendered":"La Direcci\u00f3n de Bromatolog\u00eda adhiere a la conmemoraci\u00f3n del D\u00eda del Animal"},"content":{"rendered":"<p>La Direcci\u00f3n de Bromatolog\u00eda adhiere a la conmemoraci\u00f3n del D\u00eda del Animal, como cada 29 de abril.<\/p>\n<p>La fecha se celebra en homenaje al abogado Ignacio Lucas Albarrac\u00edn, el gran pionero en el pa\u00eds en la lucha por los derechos de los animales.<\/p>\n<p>Albarrac\u00edn (1850-1926), tras obtener su t\u00edtulo de grado, dedic\u00f3 su vida a la defensa de los animales.<\/p>\n<p>La Direcci\u00f3n de Bromatolog\u00eda adhiere a la conmemoraci\u00f3n del D\u00eda del Animal, como cada 29 de abril, fue secretario de la Sociedad Argentina Protectora de los Animales desde su inicio (1879) y sucedi\u00f3 a Domingo Faustino Sarmiento en su presidencia, en el a\u00f1o 1885. Desde all\u00ed fue un precursor en la lucha contra las ri\u00f1as de gallos, la doma de potros, corridas de toros y tiro a la paloma.<\/p>\n<p>De hecho, junto a Domingo F. Sarmiento y Bartolom\u00e9 Mitre, fue un gran impulsor de la Ley\u00a0Nacional de Protecci\u00f3n de Animales (N\u00b0 2.786) promulgada el 25 de julio de 1891, la cual se conoci\u00f3 posteriormente como Ley Sarmiento. Este desarrollo que encabez\u00f3 Albarrac\u00edn fue la base legal que incorpor\u00f3 la\u00a0Liga Internacional de los Derechos del Animal y la ONU.<\/p>\n<p><em>\u201cLa fecha que se conmemora hoy es una valiosa oportunidad para replantearnos el respeto hacia la naturaleza, en el marco de una convivencia arm\u00f3nica, y nuestra sensibilizaci\u00f3n hacia la protecci\u00f3n animal, considerando que los animales son seres vivos que requieren de mucho cuidado. Algunos pueden acompa\u00f1arnos como mascotas, mientras que otros forman parte de ecosistemas importantes que deben ser preservados para no alterar el equilibrio del medio ambiente. Pero no s\u00f3lo debemos cuidar a los animales por razones ecol\u00f3gicas, sino tambi\u00e9n por \u00e9tica no abusar de ellos, ni maltratarlos\u201d\u00a0<\/em>expresa el comunicado de Bromatolog\u00eda.<\/p>\n<p><em>\u201cHay que tener presente que las acciones en favor de una mejor relaci\u00f3n con el medio ambiente no pueden esperar a las nuevas generaciones. Debemos asumir con urgencia la responsabilidad colectiva e individual del respeto a la naturaleza y a todas las formas de vida. Somos parte de este planeta y su cuidado es responsabilidad y compromiso de todos\u201d,\u00a0<\/em>concluye.<\/p>\n","protected":false},"excerpt":{"rendered":"<p>La Direcci\u00f3n de Bromatolog\u00eda adhiere a la conmemoraci\u00f3n del D\u00eda del Animal, como cada 29&#8230;<\/p>\n","protected":false},"author":1,"featured_media":141540,"comment_status":"closed","ping_status":"closed","sticky":false,"template":"","format":"standard","meta":{"content-type":""},"categories":[27,64],"tags":[],"nelio_content":{"isAutoShareEnabled":false,"autoShareEndMode":"default","automationSources":{"useContentSentences":true,"useSocialTemplates":true,"useCustomSentences":false,"customSentences":[]},"followers":[1],"suggestedReferences":[],"includedReferences":[],"efiUrl":"","efiAlt":"","highlights":[]},"yoast_head":"<!-- This site is optimized with the Yoast SEO plugin v20.7 - https:\/\/yoast.com\/wordpress\/plugins\/seo\/ -->\n<title>La direcci\u00f3n de bromatolog\u00eda adhiere a la conmemoraci\u00f3n al d\u00eda del animal<\/title>\n<meta name=\"description\" content=\"La Direcci\u00f3n de Bromatolog\u00eda adhiere a la conmemoraci\u00f3n del D\u00eda del Animal, como cada 29 de abril, en homenaje al abogado Albarrac\u00edn.\" \/>\n<meta name=\"robots\" content=\"index, follow, max-snippet:-1, max-image-preview:large, max-video-preview:-1\" \/>\n<link rel=\"canonical\" href=\"https:\/\/experienciadevida.com.ar\/portalurbano\/la-direccion-de-bromatologia-adhiere-a-la-conmemoracion-del-dia-del-animal\/\" \/>\n<meta property=\"og:locale\" content=\"es_ES\" \/>\n<meta property=\"og:type\" content=\"article\" \/>\n<meta property=\"og:title\" content=\"La direcci\u00f3n de bromatolog\u00eda adhiere a la conmemoraci\u00f3n al d\u00eda del animal\" \/>\n<meta property=\"og:description\" content=\"La Direcci\u00f3n de Bromatolog\u00eda adhiere a la conmemoraci\u00f3n del D\u00eda del Animal, como cada 29 de abril, en homenaje al abogado Albarrac\u00edn.\" \/>\n<meta property=\"og:url\" content=\"https:\/\/experienciadevida.com.ar\/portalurbano\/la-direccion-de-bromatologia-adhiere-a-la-conmemoracion-del-dia-del-animal\/\" \/>\n<meta property=\"article:publisher\" content=\"https:\/\/www.facebook.com\/Portal-Urbano-171542830093757\/\" \/>\n<meta property=\"article:published_time\" content=\"2021-04-29T14:03:47+00:00\" \/>\n<meta property=\"article:modified_time\" content=\"2021-04-29T14:08:54+00:00\" \/>\n<meta property=\"og:image\" content=\"https:\/\/experienciadevida.com.ar\/portalurbano\/wp-content\/uploads\/2021\/04\/La-Direccion-de-Bromatologia-adhiere.jpeg\" \/>\n\t<meta property=\"og:image:width\" content=\"1024\" \/>\n\t<meta property=\"og:image:height\" content=\"768\" \/>\n\t<meta property=\"og:image:type\" content=\"image\/jpeg\" \/>\n<meta name=\"author\" content=\"admpu17wp\" \/>\n<meta name=\"twitter:card\" content=\"summary_large_image\" \/>\n<meta name=\"twitter:creator\" content=\"@portalurbanook\" \/>\n<meta name=\"twitter:site\" content=\"@portalurbanook\" \/>\n<meta name=\"twitter:label1\" content=\"Escrito por\" \/>\n\t<meta name=\"twitter:data1\" content=\"admpu17wp\" \/>\n\t<meta name=\"twitter:label2\" content=\"Tiempo de lectura\" \/>\n\t<meta name=\"twitter:data2\" content=\"2 minutos\" \/>\n<script type=\"application\/ld+json\" class=\"yoast-schema-graph\">{\"@context\":\"https:\/\/schema.org\",\"@graph\":[{\"@type\":\"Article\",\"@id\":\"https:\/\/experienciadevida.com.ar\/portalurbano\/la-direccion-de-bromatologia-adhiere-a-la-conmemoracion-del-dia-del-animal\/#article\",\"isPartOf\":{\"@id\":\"https:\/\/experienciadevida.com.ar\/portalurbano\/la-direccion-de-bromatologia-adhiere-a-la-conmemoracion-del-dia-del-animal\/\"},\"author\":{\"name\":\"admpu17wp\",\"@id\":\"https:\/\/experienciadevida.com.ar\/portalurbano\/#\/schema\/person\/02dd326b1c4b056e9cc972486934a3a7\"},\"headline\":\"La Direcci\u00f3n de Bromatolog\u00eda adhiere a la conmemoraci\u00f3n del D\u00eda del Animal\",\"datePublished\":\"2021-04-29T14:03:47+00:00\",\"dateModified\":\"2021-04-29T14:08:54+00:00\",\"mainEntityOfPage\":{\"@id\":\"https:\/\/experienciadevida.com.ar\/portalurbano\/la-direccion-de-bromatologia-adhiere-a-la-conmemoracion-del-dia-del-animal\/\"},\"wordCount\":378,\"publisher\":{\"@id\":\"https:\/\/experienciadevida.com.ar\/portalurbano\/#organization\"},\"articleSection\":[\"Ciudad\",\"Destacadas 2\"],\"inLanguage\":\"es\"},{\"@type\":\"WebPage\",\"@id\":\"https:\/\/experienciadevida.com.ar\/portalurbano\/la-direccion-de-bromatologia-adhiere-a-la-conmemoracion-del-dia-del-animal\/\",\"url\":\"https:\/\/experienciadevida.com.ar\/portalurbano\/la-direccion-de-bromatologia-adhiere-a-la-conmemoracion-del-dia-del-animal\/\",\"name\":\"La direcci\u00f3n de bromatolog\u00eda adhiere a la conmemoraci\u00f3n al d\u00eda del animal\",\"isPartOf\":{\"@id\":\"https:\/\/experienciadevida.com.ar\/portalurbano\/#website\"},\"datePublished\":\"2021-04-29T14:03:47+00:00\",\"dateModified\":\"2021-04-29T14:08:54+00:00\",\"description\":\"La Direcci\u00f3n de Bromatolog\u00eda adhiere a la conmemoraci\u00f3n del D\u00eda del Animal, como cada 29 de abril, en homenaje al abogado Albarrac\u00edn.\",\"breadcrumb\":{\"@id\":\"https:\/\/experienciadevida.com.ar\/portalurbano\/la-direccion-de-bromatologia-adhiere-a-la-conmemoracion-del-dia-del-animal\/#breadcrumb\"},\"inLanguage\":\"es\",\"potentialAction\":[{\"@type\":\"ReadAction\",\"target\":[\"https:\/\/experienciadevida.com.ar\/portalurbano\/la-direccion-de-bromatologia-adhiere-a-la-conmemoracion-del-dia-del-animal\/\"]}]},{\"@type\":\"BreadcrumbList\",\"@id\":\"https:\/\/experienciadevida.com.ar\/portalurbano\/la-direccion-de-bromatologia-adhiere-a-la-conmemoracion-del-dia-del-animal\/#breadcrumb\",\"itemListElement\":[{\"@type\":\"ListItem\",\"position\":1,\"name\":\"Portada\",\"item\":\"https:\/\/experienciadevida.com.ar\/portalurbano\/\"},{\"@type\":\"ListItem\",\"position\":2,\"name\":\"La Direcci\u00f3n de Bromatolog\u00eda adhiere a la conmemoraci\u00f3n del D\u00eda del Animal\"}]},{\"@type\":\"WebSite\",\"@id\":\"https:\/\/experienciadevida.com.ar\/portalurbano\/#website\",\"url\":\"https:\/\/experienciadevida.com.ar\/portalurbano\/\",\"name\":\"\",\"description\":\"\",\"publisher\":{\"@id\":\"https:\/\/experienciadevida.com.ar\/portalurbano\/#organization\"},\"potentialAction\":[{\"@type\":\"SearchAction\",\"target\":{\"@type\":\"EntryPoint\",\"urlTemplate\":\"https:\/\/experienciadevida.com.ar\/portalurbano\/?s={search_term_string}\"},\"query-input\":\"required name=search_term_string\"}],\"inLanguage\":\"es\"},{\"@type\":\"Organization\",\"@id\":\"https:\/\/experienciadevida.com.ar\/portalurbano\/#organization\",\"name\":\"Portal Urbano\",\"url\":\"https:\/\/experienciadevida.com.ar\/portalurbano\/\",\"logo\":{\"@type\":\"ImageObject\",\"inLanguage\":\"es\",\"@id\":\"https:\/\/experienciadevida.com.ar\/portalurbano\/#\/schema\/logo\/image\/\",\"url\":\"https:\/\/experienciadevida.com.ar\/portalurbano\/wp-content\/uploads\/2019\/09\/Logo-Original.png\",\"contentUrl\":\"https:\/\/experienciadevida.com.ar\/portalurbano\/wp-content\/uploads\/2019\/09\/Logo-Original.png\",\"width\":2236,\"height\":1216,\"caption\":\"Portal Urbano\"},\"image\":{\"@id\":\"https:\/\/experienciadevida.com.ar\/portalurbano\/#\/schema\/logo\/image\/\"},\"sameAs\":[\"https:\/\/www.facebook.com\/Portal-Urbano-171542830093757\/\",\"https:\/\/twitter.com\/portalurbanook\",\"https:\/\/www.instagram.com\/_portalurbano\/\",\"https:\/\/www.youtube.com\/channel\/UCXhagIfszH8KxFiOok79zbA?view_as=subscriber\"]},{\"@type\":\"Person\",\"@id\":\"https:\/\/experienciadevida.com.ar\/portalurbano\/#\/schema\/person\/02dd326b1c4b056e9cc972486934a3a7\",\"name\":\"admpu17wp\",\"image\":{\"@type\":\"ImageObject\",\"inLanguage\":\"es\",\"@id\":\"https:\/\/experienciadevida.com.ar\/portalurbano\/#\/schema\/person\/image\/\",\"url\":\"https:\/\/secure.gravatar.com\/avatar\/830d4c57adaae6630765e449a6908047?s=96&d=mm&r=g\",\"contentUrl\":\"https:\/\/secure.gravatar.com\/avatar\/830d4c57adaae6630765e449a6908047?s=96&d=mm&r=g\",\"caption\":\"admpu17wp\"}}]}<\/script>\n<!-- \/ Yoast SEO plugin. -->","yoast_head_json":{"title":"La direcci\u00f3n de bromatolog\u00eda adhiere a la conmemoraci\u00f3n al d\u00eda del animal","description":"La Direcci\u00f3n de Bromatolog\u00eda adhiere a la conmemoraci\u00f3n del D\u00eda del Animal, como cada 29 de abril, en homenaje al abogado Albarrac\u00edn.","robots":{"index":"index","follow":"follow","max-snippet":"max-snippet:-1","max-image-preview":"max-image-preview:large","max-video-preview":"max-video-preview:-1"},"canonical":"https:\/\/experienciadevida.com.ar\/portalurbano\/la-direccion-de-bromatologia-adhiere-a-la-conmemoracion-del-dia-del-animal\/","og_locale":"es_ES","og_type":"article","og_title":"La direcci\u00f3n de bromatolog\u00eda adhiere a la conmemoraci\u00f3n al d\u00eda del animal","og_description":"La Direcci\u00f3n de Bromatolog\u00eda adhiere a la conmemoraci\u00f3n del D\u00eda del Animal, como cada 29 de abril, en homenaje al abogado Albarrac\u00edn.","og_url":"https:\/\/experienciadevida.com.ar\/portalurbano\/la-direccion-de-bromatologia-adhiere-a-la-conmemoracion-del-dia-del-animal\/","article_publisher":"https:\/\/www.facebook.com\/Portal-Urbano-171542830093757\/","article_published_time":"2021-04-29T14:03:47+00:00","article_modified_time":"2021-04-29T14:08:54+00:00","og_image":[{"width":1024,"height":768,"url":"https:\/\/experienciadevida.com.ar\/portalurbano\/wp-content\/uploads\/2021\/04\/La-Direccion-de-Bromatologia-adhiere.jpeg","type":"image\/jpeg"}],"author":"admpu17wp","twitter_card":"summary_large_image","twitter_creator":"@portalurbanook","twitter_site":"@portalurbanook","twitter_misc":{"Escrito por":"admpu17wp","Tiempo de lectura":"2 minutos"},"schema":{"@context":"https:\/\/schema.org","@graph":[{"@type":"Article","@id":"https:\/\/experienciadevida.com.ar\/portalurbano\/la-direccion-de-bromatologia-adhiere-a-la-conmemoracion-del-dia-del-animal\/#article","isPartOf":{"@id":"https:\/\/experienciadevida.com.ar\/portalurbano\/la-direccion-de-bromatologia-adhiere-a-la-conmemoracion-del-dia-del-animal\/"},"author":{"name":"admpu17wp","@id":"https:\/\/experienciadevida.com.ar\/portalurbano\/#\/schema\/person\/02dd326b1c4b056e9cc972486934a3a7"},"headline":"La Direcci\u00f3n de Bromatolog\u00eda adhiere a la conmemoraci\u00f3n del D\u00eda del Animal","datePublished":"2021-04-29T14:03:47+00:00","dateModified":"2021-04-29T14:08:54+00:00","mainEntityOfPage":{"@id":"https:\/\/experienciadevida.com.ar\/portalurbano\/la-direccion-de-bromatologia-adhiere-a-la-conmemoracion-del-dia-del-animal\/"},"wordCount":378,"publisher":{"@id":"https:\/\/experienciadevida.com.ar\/portalurbano\/#organization"},"articleSection":["Ciudad","Destacadas 2"],"inLanguage":"es"},{"@type":"WebPage","@id":"https:\/\/experienciadevida.com.ar\/portalurbano\/la-direccion-de-bromatologia-adhiere-a-la-conmemoracion-del-dia-del-animal\/","url":"https:\/\/experienciadevida.com.ar\/portalurbano\/la-direccion-de-bromatologia-adhiere-a-la-conmemoracion-del-dia-del-animal\/","name":"La direcci\u00f3n de bromatolog\u00eda adhiere a la conmemoraci\u00f3n al d\u00eda del animal","isPartOf":{"@id":"https:\/\/experienciadevida.com.ar\/portalurbano\/#website"},"datePublished":"2021-04-29T14:03:47+00:00","dateModified":"2021-04-29T14:08:54+00:00","description":"La Direcci\u00f3n de Bromatolog\u00eda adhiere a la conmemoraci\u00f3n del D\u00eda del Animal, como cada 29 de abril, en homenaje al abogado Albarrac\u00edn.","breadcrumb":{"@id":"https:\/\/experienciadevida.com.ar\/portalurbano\/la-direccion-de-bromatologia-adhiere-a-la-conmemoracion-del-dia-del-animal\/#breadcrumb"},"inLanguage":"es","potentialAction":[{"@type":"ReadAction","target":["https:\/\/experienciadevida.com.ar\/portalurbano\/la-direccion-de-bromatologia-adhiere-a-la-conmemoracion-del-dia-del-animal\/"]}]},{"@type":"BreadcrumbList","@id":"https:\/\/experienciadevida.com.ar\/portalurbano\/la-direccion-de-bromatologia-adhiere-a-la-conmemoracion-del-dia-del-animal\/#breadcrumb","itemListElement":[{"@type":"ListItem","position":1,"name":"Portada","item":"https:\/\/experienciadevida.com.ar\/portalurbano\/"},{"@type":"ListItem","position":2,"name":"La Direcci\u00f3n de Bromatolog\u00eda adhiere a la conmemoraci\u00f3n del D\u00eda del Animal"}]},{"@type":"WebSite","@id":"https:\/\/experienciadevida.com.ar\/portalurbano\/#website","url":"https:\/\/experienciadevida.com.ar\/portalurbano\/","name":"","description":"","publisher":{"@id":"https:\/\/experienciadevida.com.ar\/portalurbano\/#organization"},"potentialAction":[{"@type":"SearchAction","target":{"@type":"EntryPoint","urlTemplate":"https:\/\/experienciadevida.com.ar\/portalurbano\/?s={search_term_string}"},"query-input":"required name=search_term_string"}],"inLanguage":"es"},{"@type":"Organization","@id":"https:\/\/experienciadevida.com.ar\/portalurbano\/#organization","name":"Portal Urbano","url":"https:\/\/experienciadevida.com.ar\/portalurbano\/","logo":{"@type":"ImageObject","inLanguage":"es","@id":"https:\/\/experienciadevida.com.ar\/portalurbano\/#\/schema\/logo\/image\/","url":"https:\/\/experienciadevida.com.ar\/portalurbano\/wp-content\/uploads\/2019\/09\/Logo-Original.png","contentUrl":"https:\/\/experienciadevida.com.ar\/portalurbano\/wp-content\/uploads\/2019\/09\/Logo-Original.png","width":2236,"height":1216,"caption":"Portal Urbano"},"image":{"@id":"https:\/\/experienciadevida.com.ar\/portalurbano\/#\/schema\/logo\/image\/"},"sameAs":["https:\/\/www.facebook.com\/Portal-Urbano-171542830093757\/","https:\/\/twitter.com\/portalurbanook","https:\/\/www.instagram.com\/_portalurbano\/","https:\/\/www.youtube.com\/channel\/UCXhagIfszH8KxFiOok79zbA?view_as=subscriber"]},{"@type":"Person","@id":"https:\/\/experienciadevida.com.ar\/portalurbano\/#\/schema\/person\/02dd326b1c4b056e9cc972486934a3a7","name":"admpu17wp","image":{"@type":"ImageObject","inLanguage":"es","@id":"https:\/\/experienciadevida.com.ar\/portalurbano\/#\/schema\/person\/image\/","url":"https:\/\/secure.gravatar.com\/avatar\/830d4c57adaae6630765e449a6908047?s=96&d=mm&r=g","contentUrl":"https:\/\/secure.gravatar.com\/avatar\/830d4c57adaae6630765e449a6908047?s=96&d=mm&r=g","caption":"admpu17wp"}}]}},"featured_image_urls":{"full":["https:\/\/experienciadevida.com.ar\/portalurbano\/wp-content\/uploads\/2021\/04\/La-Direccion-de-Bromatologia-adhiere.jpeg",1024,768,false],"thumbnail":["https:\/\/experienciadevida.com.ar\/portalurbano\/wp-content\/uploads\/2021\/04\/La-Direccion-de-Bromatologia-adhiere-150x150.jpeg",150,150,true],"medium":["https:\/\/experienciadevida.com.ar\/portalurbano\/wp-content\/uploads\/2021\/04\/La-Direccion-de-Bromatologia-adhiere-300x225.jpeg",300,225,true],"medium_large":["https:\/\/experienciadevida.com.ar\/portalurbano\/wp-content\/uploads\/2021\/04\/La-Direccion-de-Bromatologia-adhiere-768x576.jpeg",640,480,true],"large":["https:\/\/experienciadevida.com.ar\/portalurbano\/wp-content\/uploads\/2021\/04\/La-Direccion-de-Bromatologia-adhiere.jpeg",640,480,false],"ug_big":["https:\/\/experienciadevida.com.ar\/portalurbano\/wp-content\/uploads\/2021\/04\/La-Direccion-de-Bromatologia-adhiere-768x576.jpeg",768,576,true],"1536x1536":["https:\/\/experienciadevida.com.ar\/portalurbano\/wp-content\/uploads\/2021\/04\/La-Direccion-de-Bromatologia-adhiere.jpeg",1024,768,false],"2048x2048":["https:\/\/experienciadevida.com.ar\/portalurbano\/wp-content\/uploads\/2021\/04\/La-Direccion-de-Bromatologia-adhiere.jpeg",1024,768,false],"newsever-slider-full":["https:\/\/experienciadevida.com.ar\/portalurbano\/wp-content\/uploads\/2021\/04\/La-Direccion-de-Bromatologia-adhiere.jpeg",1024,768,false],"newsever-featured":["https:\/\/experienciadevida.com.ar\/portalurbano\/wp-content\/uploads\/2021\/04\/La-Direccion-de-Bromatologia-adhiere.jpeg",1024,768,false],"newsever-medium":["https:\/\/experienciadevida.com.ar\/portalurbano\/wp-content\/uploads\/2021\/04\/La-Direccion-de-Bromatologia-adhiere.jpeg",633,475,false],"web-stories-poster-portrait":["https:\/\/experienciadevida.com.ar\/portalurbano\/wp-content\/uploads\/2021\/04\/La-Direccion-de-Bromatologia-adhiere.jpeg",640,480,false],"web-stories-publisher-logo":["https:\/\/experienciadevida.com.ar\/portalurbano\/wp-content\/uploads\/2021\/04\/La-Direccion-de-Bromatologia-adhiere.jpeg",96,72,false],"web-stories-thumbnail":["https:\/\/experienciadevida.com.ar\/portalurbano\/wp-content\/uploads\/2021\/04\/La-Direccion-de-Bromatologia-adhiere.jpeg",150,113,false]},"author_info":{"display_name":"admpu17wp","author_link":"https:\/\/experienciadevida.com.ar\/portalurbano\/author\/admpu17wp\/"},"category_info":"<a href=\"https:\/\/experienciadevida.com.ar\/portalurbano\/category\/ciudad\/\" rel=\"category tag\">Ciudad<\/a> <a href=\"https:\/\/experienciadevida.com.ar\/portalurbano\/category\/destacadas-2\/\" rel=\"category tag\">Destacadas 2<\/a>","tag_info":"Destacadas 2","comment_count":"0","amp_enabled":true,"_links":{"self":[{"href":"https:\/\/experienciadevida.com.ar\/portalurbano\/wp-json\/wp\/v2\/posts\/141539"}],"collection":[{"href":"https:\/\/experienciadevida.com.ar\/portalurbano\/wp-json\/wp\/v2\/posts"}],"about":[{"href":"https:\/\/experienciadevida.com.ar\/portalurbano\/wp-json\/wp\/v2\/types\/post"}],"author":[{"embeddable":true,"href":"https:\/\/experienciadevida.com.ar\/portalurbano\/wp-json\/wp\/v2\/users\/1"}],"replies":[{"embeddable":true,"href":"https:\/\/experienciadevida.com.ar\/portalurbano\/wp-json\/wp\/v2\/comments?post=141539"}],"version-history":[{"count":4,"href":"https:\/\/experienciadevida.com.ar\/portalurbano\/wp-json\/wp\/v2\/posts\/141539\/revisions"}],"predecessor-version":[{"id":141544,"href":"https:\/\/experienciadevida.com.ar\/portalurbano\/wp-json\/wp\/v2\/posts\/141539\/revisions\/141544"}],"wp:featuredmedia":[{"embeddable":true,"href":"https:\/\/experienciadevida.com.ar\/portalurbano\/wp-json\/wp\/v2\/media\/141540"}],"wp:attachment":[{"href":"https:\/\/experienciadevida.com.ar\/portalurbano\/wp-json\/wp\/v2\/media?parent=141539"}],"wp:term":[{"taxonomy":"category","embeddable":true,"href":"https:\/\/experienciadevida.com.ar\/portalurbano\/wp-json\/wp\/v2\/categories?post=141539"},{"taxonomy":"post_tag","embeddable":true,"href":"https:\/\/experienciadevida.com.ar\/portalurbano\/wp-json\/wp\/v2\/tags?post=141539"}],"curies":[{"name":"wp","href":"https:\/\/api.w.org\/{rel}","templated":true}]}}