{"id":141534,"date":"2021-04-29T10:33:05","date_gmt":"2021-04-29T13:33:05","guid":{"rendered":"https:\/\/experienciadevida.com.ar\/portalurbano\/?p=141534"},"modified":"2021-04-29T11:01:34","modified_gmt":"2021-04-29T14:01:34","slug":"se-licitara-la-construccion-de-20-viviendas-del-plan-tuvi","status":"publish","type":"post","link":"https:\/\/experienciadevida.com.ar\/portalurbano\/se-licitara-la-construccion-de-20-viviendas-del-plan-tuvi\/","title":{"rendered":"Se licitar\u00e1 la construcci\u00f3n de 20 viviendas del Plan TUVI"},"content":{"rendered":"<p>Se licitar\u00e1 la construcci\u00f3n de 20 viviendas del Plan TUVI, el Municipio anunci\u00f3 la licitaci\u00f3n p\u00fablica para la construcci\u00f3n de 20 viviendas del Plan TUVI en el Barrio Pickelado.<\/p>\n<p>La apertura de sobres tendr\u00e1 lugar en el Palacio San Mart\u00edn, el viernes 21 de mayo a las 10 horas, con un presupuesto oficial de 66 millones de pesos.<\/p>\n<p>Se licitar\u00e1 la construcci\u00f3n de 20 viviendas del plan Tuvi fue anunciado por el intendente Ezequiel Galli en el a\u00f1o 2019 en paralelo a la apertura del Registro de Demanda Habitacional.<\/p>\n<p>Por tal motivo se recuerda que tal Registro es una plataforma en la que cada vecino\/a podr\u00e1 generarse un usuario personal y cargar su demanda habitacional, que deber\u00e1 actualizar ante cada novedad relacionada a su situaci\u00f3n personal.<\/p>\n<p>Se licitar\u00e1 la construcci\u00f3n de 20 viviendas del plan Tuvi la implementaci\u00f3n del Registro permite tener todas las demandas registradas, con la finalidad de obtener informaci\u00f3n s\u00f3lida y permanente en relaci\u00f3n a las necesidades habitacionales del municipio.<\/p>\n<p>Se inform\u00f3, adem\u00e1s, que luego de la licitaci\u00f3n para la construcci\u00f3n de las 20 viviendas, se abrir\u00e1 un registro particular para acceder a las mismas y quienes est\u00e9n interesados\/as deber\u00e1n estar inscriptos en el Registro de Demanda Habitacional (con datos actualizados), no poseer vivienda ni terreno, ser residente de la ciudad, conformar un grupo familiar y demostrar capacidad de pago.<\/p>\n","protected":false},"excerpt":{"rendered":"<p>Se licitar\u00e1 la construcci\u00f3n de 20 viviendas del Plan TUVI, el Municipio anunci\u00f3 la licitaci\u00f3n&#8230;<\/p>\n","protected":false},"author":1,"featured_media":141535,"comment_status":"closed","ping_status":"closed","sticky":false,"template":"","format":"standard","meta":{"content-type":""},"categories":[27,51],"tags":[],"nelio_content":{"isAutoShareEnabled":false,"autoShareEndMode":"default","automationSources":{"useContentSentences":true,"useSocialTemplates":true,"useCustomSentences":false,"customSentences":[]},"followers":[1],"suggestedReferences":[],"includedReferences":[],"efiUrl":"","efiAlt":"","highlights":[]},"yoast_head":"<!-- This site is optimized with the Yoast SEO plugin v20.7 - https:\/\/yoast.com\/wordpress\/plugins\/seo\/ -->\n<title>Se licitar\u00e1 la construcci\u00f3n de 20 viviendas del plan TUVI<\/title>\n<meta name=\"description\" content=\"Se licitar\u00e1 la construcci\u00f3n de 20 viviendas del Plan TUVI, el Municipio anunci\u00f3 la licitaci\u00f3n p\u00fablica, en el Barrio Pickelado de la ciudad.\" \/>\n<meta name=\"robots\" content=\"index, follow, max-snippet:-1, max-image-preview:large, max-video-preview:-1\" \/>\n<link rel=\"canonical\" href=\"https:\/\/experienciadevida.com.ar\/portalurbano\/se-licitara-la-construccion-de-20-viviendas-del-plan-tuvi\/\" \/>\n<meta property=\"og:locale\" content=\"es_ES\" \/>\n<meta property=\"og:type\" content=\"article\" \/>\n<meta property=\"og:title\" content=\"Se licitar\u00e1 la construcci\u00f3n de 20 viviendas del plan TUVI\" \/>\n<meta property=\"og:description\" content=\"Se licitar\u00e1 la construcci\u00f3n de 20 viviendas del Plan TUVI, el Municipio anunci\u00f3 la licitaci\u00f3n p\u00fablica, en el Barrio Pickelado de la ciudad.\" \/>\n<meta property=\"og:url\" content=\"https:\/\/experienciadevida.com.ar\/portalurbano\/se-licitara-la-construccion-de-20-viviendas-del-plan-tuvi\/\" \/>\n<meta property=\"article:publisher\" content=\"https:\/\/www.facebook.com\/Portal-Urbano-171542830093757\/\" \/>\n<meta property=\"article:published_time\" content=\"2021-04-29T13:33:05+00:00\" \/>\n<meta property=\"article:modified_time\" content=\"2021-04-29T14:01:34+00:00\" \/>\n<meta property=\"og:image\" content=\"https:\/\/experienciadevida.com.ar\/portalurbano\/wp-content\/uploads\/2021\/04\/Se-licitara-la-construccion-de.jpg\" \/>\n\t<meta property=\"og:image:width\" content=\"1024\" \/>\n\t<meta property=\"og:image:height\" content=\"685\" \/>\n\t<meta property=\"og:image:type\" content=\"image\/jpeg\" \/>\n<meta name=\"author\" content=\"admpu17wp\" \/>\n<meta name=\"twitter:card\" content=\"summary_large_image\" \/>\n<meta name=\"twitter:creator\" content=\"@portalurbanook\" \/>\n<meta name=\"twitter:site\" content=\"@portalurbanook\" \/>\n<meta name=\"twitter:label1\" content=\"Escrito por\" \/>\n\t<meta name=\"twitter:data1\" content=\"admpu17wp\" \/>\n\t<meta name=\"twitter:label2\" content=\"Tiempo de lectura\" \/>\n\t<meta name=\"twitter:data2\" content=\"1 minuto\" \/>\n<script type=\"application\/ld+json\" class=\"yoast-schema-graph\">{\"@context\":\"https:\/\/schema.org\",\"@graph\":[{\"@type\":\"Article\",\"@id\":\"https:\/\/experienciadevida.com.ar\/portalurbano\/se-licitara-la-construccion-de-20-viviendas-del-plan-tuvi\/#article\",\"isPartOf\":{\"@id\":\"https:\/\/experienciadevida.com.ar\/portalurbano\/se-licitara-la-construccion-de-20-viviendas-del-plan-tuvi\/\"},\"author\":{\"name\":\"admpu17wp\",\"@id\":\"https:\/\/experienciadevida.com.ar\/portalurbano\/#\/schema\/person\/02dd326b1c4b056e9cc972486934a3a7\"},\"headline\":\"Se licitar\u00e1 la construcci\u00f3n de 20 viviendas del Plan TUVI\",\"datePublished\":\"2021-04-29T13:33:05+00:00\",\"dateModified\":\"2021-04-29T14:01:34+00:00\",\"mainEntityOfPage\":{\"@id\":\"https:\/\/experienciadevida.com.ar\/portalurbano\/se-licitara-la-construccion-de-20-viviendas-del-plan-tuvi\/\"},\"wordCount\":244,\"publisher\":{\"@id\":\"https:\/\/experienciadevida.com.ar\/portalurbano\/#organization\"},\"articleSection\":[\"Ciudad\",\"Destacadas\"],\"inLanguage\":\"es\"},{\"@type\":\"WebPage\",\"@id\":\"https:\/\/experienciadevida.com.ar\/portalurbano\/se-licitara-la-construccion-de-20-viviendas-del-plan-tuvi\/\",\"url\":\"https:\/\/experienciadevida.com.ar\/portalurbano\/se-licitara-la-construccion-de-20-viviendas-del-plan-tuvi\/\",\"name\":\"Se licitar\u00e1 la construcci\u00f3n de 20 viviendas del plan TUVI\",\"isPartOf\":{\"@id\":\"https:\/\/experienciadevida.com.ar\/portalurbano\/#website\"},\"datePublished\":\"2021-04-29T13:33:05+00:00\",\"dateModified\":\"2021-04-29T14:01:34+00:00\",\"description\":\"Se licitar\u00e1 la construcci\u00f3n de 20 viviendas del Plan TUVI, el Municipio anunci\u00f3 la licitaci\u00f3n p\u00fablica, en el Barrio Pickelado de la ciudad.\",\"breadcrumb\":{\"@id\":\"https:\/\/experienciadevida.com.ar\/portalurbano\/se-licitara-la-construccion-de-20-viviendas-del-plan-tuvi\/#breadcrumb\"},\"inLanguage\":\"es\",\"potentialAction\":[{\"@type\":\"ReadAction\",\"target\":[\"https:\/\/experienciadevida.com.ar\/portalurbano\/se-licitara-la-construccion-de-20-viviendas-del-plan-tuvi\/\"]}]},{\"@type\":\"BreadcrumbList\",\"@id\":\"https:\/\/experienciadevida.com.ar\/portalurbano\/se-licitara-la-construccion-de-20-viviendas-del-plan-tuvi\/#breadcrumb\",\"itemListElement\":[{\"@type\":\"ListItem\",\"position\":1,\"name\":\"Portada\",\"item\":\"https:\/\/experienciadevida.com.ar\/portalurbano\/\"},{\"@type\":\"ListItem\",\"position\":2,\"name\":\"Se licitar\u00e1 la construcci\u00f3n de 20 viviendas del Plan TUVI\"}]},{\"@type\":\"WebSite\",\"@id\":\"https:\/\/experienciadevida.com.ar\/portalurbano\/#website\",\"url\":\"https:\/\/experienciadevida.com.ar\/portalurbano\/\",\"name\":\"\",\"description\":\"\",\"publisher\":{\"@id\":\"https:\/\/experienciadevida.com.ar\/portalurbano\/#organization\"},\"potentialAction\":[{\"@type\":\"SearchAction\",\"target\":{\"@type\":\"EntryPoint\",\"urlTemplate\":\"https:\/\/experienciadevida.com.ar\/portalurbano\/?s={search_term_string}\"},\"query-input\":\"required name=search_term_string\"}],\"inLanguage\":\"es\"},{\"@type\":\"Organization\",\"@id\":\"https:\/\/experienciadevida.com.ar\/portalurbano\/#organization\",\"name\":\"Portal Urbano\",\"url\":\"https:\/\/experienciadevida.com.ar\/portalurbano\/\",\"logo\":{\"@type\":\"ImageObject\",\"inLanguage\":\"es\",\"@id\":\"https:\/\/experienciadevida.com.ar\/portalurbano\/#\/schema\/logo\/image\/\",\"url\":\"https:\/\/experienciadevida.com.ar\/portalurbano\/wp-content\/uploads\/2019\/09\/Logo-Original.png\",\"contentUrl\":\"https:\/\/experienciadevida.com.ar\/portalurbano\/wp-content\/uploads\/2019\/09\/Logo-Original.png\",\"width\":2236,\"height\":1216,\"caption\":\"Portal Urbano\"},\"image\":{\"@id\":\"https:\/\/experienciadevida.com.ar\/portalurbano\/#\/schema\/logo\/image\/\"},\"sameAs\":[\"https:\/\/www.facebook.com\/Portal-Urbano-171542830093757\/\",\"https:\/\/twitter.com\/portalurbanook\",\"https:\/\/www.instagram.com\/_portalurbano\/\",\"https:\/\/www.youtube.com\/channel\/UCXhagIfszH8KxFiOok79zbA?view_as=subscriber\"]},{\"@type\":\"Person\",\"@id\":\"https:\/\/experienciadevida.com.ar\/portalurbano\/#\/schema\/person\/02dd326b1c4b056e9cc972486934a3a7\",\"name\":\"admpu17wp\",\"image\":{\"@type\":\"ImageObject\",\"inLanguage\":\"es\",\"@id\":\"https:\/\/experienciadevida.com.ar\/portalurbano\/#\/schema\/person\/image\/\",\"url\":\"https:\/\/secure.gravatar.com\/avatar\/830d4c57adaae6630765e449a6908047?s=96&d=mm&r=g\",\"contentUrl\":\"https:\/\/secure.gravatar.com\/avatar\/830d4c57adaae6630765e449a6908047?s=96&d=mm&r=g\",\"caption\":\"admpu17wp\"}}]}<\/script>\n<!-- \/ Yoast SEO plugin. -->","yoast_head_json":{"title":"Se licitar\u00e1 la construcci\u00f3n de 20 viviendas del plan TUVI","description":"Se licitar\u00e1 la construcci\u00f3n de 20 viviendas del Plan TUVI, el Municipio anunci\u00f3 la licitaci\u00f3n p\u00fablica, en el Barrio Pickelado de la ciudad.","robots":{"index":"index","follow":"follow","max-snippet":"max-snippet:-1","max-image-preview":"max-image-preview:large","max-video-preview":"max-video-preview:-1"},"canonical":"https:\/\/experienciadevida.com.ar\/portalurbano\/se-licitara-la-construccion-de-20-viviendas-del-plan-tuvi\/","og_locale":"es_ES","og_type":"article","og_title":"Se licitar\u00e1 la construcci\u00f3n de 20 viviendas del plan TUVI","og_description":"Se licitar\u00e1 la construcci\u00f3n de 20 viviendas del Plan TUVI, el Municipio anunci\u00f3 la licitaci\u00f3n p\u00fablica, en el Barrio Pickelado de la ciudad.","og_url":"https:\/\/experienciadevida.com.ar\/portalurbano\/se-licitara-la-construccion-de-20-viviendas-del-plan-tuvi\/","article_publisher":"https:\/\/www.facebook.com\/Portal-Urbano-171542830093757\/","article_published_time":"2021-04-29T13:33:05+00:00","article_modified_time":"2021-04-29T14:01:34+00:00","og_image":[{"width":1024,"height":685,"url":"https:\/\/experienciadevida.com.ar\/portalurbano\/wp-content\/uploads\/2021\/04\/Se-licitara-la-construccion-de.jpg","type":"image\/jpeg"}],"author":"admpu17wp","twitter_card":"summary_large_image","twitter_creator":"@portalurbanook","twitter_site":"@portalurbanook","twitter_misc":{"Escrito por":"admpu17wp","Tiempo de lectura":"1 minuto"},"schema":{"@context":"https:\/\/schema.org","@graph":[{"@type":"Article","@id":"https:\/\/experienciadevida.com.ar\/portalurbano\/se-licitara-la-construccion-de-20-viviendas-del-plan-tuvi\/#article","isPartOf":{"@id":"https:\/\/experienciadevida.com.ar\/portalurbano\/se-licitara-la-construccion-de-20-viviendas-del-plan-tuvi\/"},"author":{"name":"admpu17wp","@id":"https:\/\/experienciadevida.com.ar\/portalurbano\/#\/schema\/person\/02dd326b1c4b056e9cc972486934a3a7"},"headline":"Se licitar\u00e1 la construcci\u00f3n de 20 viviendas del Plan TUVI","datePublished":"2021-04-29T13:33:05+00:00","dateModified":"2021-04-29T14:01:34+00:00","mainEntityOfPage":{"@id":"https:\/\/experienciadevida.com.ar\/portalurbano\/se-licitara-la-construccion-de-20-viviendas-del-plan-tuvi\/"},"wordCount":244,"publisher":{"@id":"https:\/\/experienciadevida.com.ar\/portalurbano\/#organization"},"articleSection":["Ciudad","Destacadas"],"inLanguage":"es"},{"@type":"WebPage","@id":"https:\/\/experienciadevida.com.ar\/portalurbano\/se-licitara-la-construccion-de-20-viviendas-del-plan-tuvi\/","url":"https:\/\/experienciadevida.com.ar\/portalurbano\/se-licitara-la-construccion-de-20-viviendas-del-plan-tuvi\/","name":"Se licitar\u00e1 la construcci\u00f3n de 20 viviendas del plan TUVI","isPartOf":{"@id":"https:\/\/experienciadevida.com.ar\/portalurbano\/#website"},"datePublished":"2021-04-29T13:33:05+00:00","dateModified":"2021-04-29T14:01:34+00:00","description":"Se licitar\u00e1 la construcci\u00f3n de 20 viviendas del Plan TUVI, el Municipio anunci\u00f3 la licitaci\u00f3n p\u00fablica, en el Barrio Pickelado de la ciudad.","breadcrumb":{"@id":"https:\/\/experienciadevida.com.ar\/portalurbano\/se-licitara-la-construccion-de-20-viviendas-del-plan-tuvi\/#breadcrumb"},"inLanguage":"es","potentialAction":[{"@type":"ReadAction","target":["https:\/\/experienciadevida.com.ar\/portalurbano\/se-licitara-la-construccion-de-20-viviendas-del-plan-tuvi\/"]}]},{"@type":"BreadcrumbList","@id":"https:\/\/experienciadevida.com.ar\/portalurbano\/se-licitara-la-construccion-de-20-viviendas-del-plan-tuvi\/#breadcrumb","itemListElement":[{"@type":"ListItem","position":1,"name":"Portada","item":"https:\/\/experienciadevida.com.ar\/portalurbano\/"},{"@type":"ListItem","position":2,"name":"Se licitar\u00e1 la construcci\u00f3n de 20 viviendas del Plan TUVI"}]},{"@type":"WebSite","@id":"https:\/\/experienciadevida.com.ar\/portalurbano\/#website","url":"https:\/\/experienciadevida.com.ar\/portalurbano\/","name":"","description":"","publisher":{"@id":"https:\/\/experienciadevida.com.ar\/portalurbano\/#organization"},"potentialAction":[{"@type":"SearchAction","target":{"@type":"EntryPoint","urlTemplate":"https:\/\/experienciadevida.com.ar\/portalurbano\/?s={search_term_string}"},"query-input":"required name=search_term_string"}],"inLanguage":"es"},{"@type":"Organization","@id":"https:\/\/experienciadevida.com.ar\/portalurbano\/#organization","name":"Portal Urbano","url":"https:\/\/experienciadevida.com.ar\/portalurbano\/","logo":{"@type":"ImageObject","inLanguage":"es","@id":"https:\/\/experienciadevida.com.ar\/portalurbano\/#\/schema\/logo\/image\/","url":"https:\/\/experienciadevida.com.ar\/portalurbano\/wp-content\/uploads\/2019\/09\/Logo-Original.png","contentUrl":"https:\/\/experienciadevida.com.ar\/portalurbano\/wp-content\/uploads\/2019\/09\/Logo-Original.png","width":2236,"height":1216,"caption":"Portal Urbano"},"image":{"@id":"https:\/\/experienciadevida.com.ar\/portalurbano\/#\/schema\/logo\/image\/"},"sameAs":["https:\/\/www.facebook.com\/Portal-Urbano-171542830093757\/","https:\/\/twitter.com\/portalurbanook","https:\/\/www.instagram.com\/_portalurbano\/","https:\/\/www.youtube.com\/channel\/UCXhagIfszH8KxFiOok79zbA?view_as=subscriber"]},{"@type":"Person","@id":"https:\/\/experienciadevida.com.ar\/portalurbano\/#\/schema\/person\/02dd326b1c4b056e9cc972486934a3a7","name":"admpu17wp","image":{"@type":"ImageObject","inLanguage":"es","@id":"https:\/\/experienciadevida.com.ar\/portalurbano\/#\/schema\/person\/image\/","url":"https:\/\/secure.gravatar.com\/avatar\/830d4c57adaae6630765e449a6908047?s=96&d=mm&r=g","contentUrl":"https:\/\/secure.gravatar.com\/avatar\/830d4c57adaae6630765e449a6908047?s=96&d=mm&r=g","caption":"admpu17wp"}}]}},"featured_image_urls":{"full":["https:\/\/experienciadevida.com.ar\/portalurbano\/wp-content\/uploads\/2021\/04\/Se-licitara-la-construccion-de.jpg",1024,685,false],"thumbnail":["https:\/\/experienciadevida.com.ar\/portalurbano\/wp-content\/uploads\/2021\/04\/Se-licitara-la-construccion-de-150x150.jpg",150,150,true],"medium":["https:\/\/experienciadevida.com.ar\/portalurbano\/wp-content\/uploads\/2021\/04\/Se-licitara-la-construccion-de-300x201.jpg",300,201,true],"medium_large":["https:\/\/experienciadevida.com.ar\/portalurbano\/wp-content\/uploads\/2021\/04\/Se-licitara-la-construccion-de-768x514.jpg",640,428,true],"large":["https:\/\/experienciadevida.com.ar\/portalurbano\/wp-content\/uploads\/2021\/04\/Se-licitara-la-construccion-de.jpg",640,428,false],"ug_big":["https:\/\/experienciadevida.com.ar\/portalurbano\/wp-content\/uploads\/2021\/04\/Se-licitara-la-construccion-de-768x514.jpg",768,514,true],"1536x1536":["https:\/\/experienciadevida.com.ar\/portalurbano\/wp-content\/uploads\/2021\/04\/Se-licitara-la-construccion-de.jpg",1024,685,false],"2048x2048":["https:\/\/experienciadevida.com.ar\/portalurbano\/wp-content\/uploads\/2021\/04\/Se-licitara-la-construccion-de.jpg",1024,685,false],"newsever-slider-full":["https:\/\/experienciadevida.com.ar\/portalurbano\/wp-content\/uploads\/2021\/04\/Se-licitara-la-construccion-de.jpg",1024,685,false],"newsever-featured":["https:\/\/experienciadevida.com.ar\/portalurbano\/wp-content\/uploads\/2021\/04\/Se-licitara-la-construccion-de.jpg",1024,685,false],"newsever-medium":["https:\/\/experienciadevida.com.ar\/portalurbano\/wp-content\/uploads\/2021\/04\/Se-licitara-la-construccion-de.jpg",710,475,false],"web-stories-poster-portrait":["https:\/\/experienciadevida.com.ar\/portalurbano\/wp-content\/uploads\/2021\/04\/Se-licitara-la-construccion-de.jpg",640,428,false],"web-stories-publisher-logo":["https:\/\/experienciadevida.com.ar\/portalurbano\/wp-content\/uploads\/2021\/04\/Se-licitara-la-construccion-de.jpg",96,64,false],"web-stories-thumbnail":["https:\/\/experienciadevida.com.ar\/portalurbano\/wp-content\/uploads\/2021\/04\/Se-licitara-la-construccion-de.jpg",150,100,false]},"author_info":{"display_name":"admpu17wp","author_link":"https:\/\/experienciadevida.com.ar\/portalurbano\/author\/admpu17wp\/"},"category_info":"<a href=\"https:\/\/experienciadevida.com.ar\/portalurbano\/category\/ciudad\/\" rel=\"category tag\">Ciudad<\/a> <a href=\"https:\/\/experienciadevida.com.ar\/portalurbano\/category\/destacadas\/\" rel=\"category tag\">Destacadas<\/a>","tag_info":"Destacadas","comment_count":"0","amp_enabled":true,"_links":{"self":[{"href":"https:\/\/experienciadevida.com.ar\/portalurbano\/wp-json\/wp\/v2\/posts\/141534"}],"collection":[{"href":"https:\/\/experienciadevida.com.ar\/portalurbano\/wp-json\/wp\/v2\/posts"}],"about":[{"href":"https:\/\/experienciadevida.com.ar\/portalurbano\/wp-json\/wp\/v2\/types\/post"}],"author":[{"embeddable":true,"href":"https:\/\/experienciadevida.com.ar\/portalurbano\/wp-json\/wp\/v2\/users\/1"}],"replies":[{"embeddable":true,"href":"https:\/\/experienciadevida.com.ar\/portalurbano\/wp-json\/wp\/v2\/comments?post=141534"}],"version-history":[{"count":3,"href":"https:\/\/experienciadevida.com.ar\/portalurbano\/wp-json\/wp\/v2\/posts\/141534\/revisions"}],"predecessor-version":[{"id":141538,"href":"https:\/\/experienciadevida.com.ar\/portalurbano\/wp-json\/wp\/v2\/posts\/141534\/revisions\/141538"}],"wp:featuredmedia":[{"embeddable":true,"href":"https:\/\/experienciadevida.com.ar\/portalurbano\/wp-json\/wp\/v2\/media\/141535"}],"wp:attachment":[{"href":"https:\/\/experienciadevida.com.ar\/portalurbano\/wp-json\/wp\/v2\/media?parent=141534"}],"wp:term":[{"taxonomy":"category","embeddable":true,"href":"https:\/\/experienciadevida.com.ar\/portalurbano\/wp-json\/wp\/v2\/categories?post=141534"},{"taxonomy":"post_tag","embeddable":true,"href":"https:\/\/experienciadevida.com.ar\/portalurbano\/wp-json\/wp\/v2\/tags?post=141534"}],"curies":[{"name":"wp","href":"https:\/\/api.w.org\/{rel}","templated":true}]}}