{"id":141525,"date":"2021-04-29T10:05:46","date_gmt":"2021-04-29T13:05:46","guid":{"rendered":"https:\/\/experienciadevida.com.ar\/portalurbano\/?p=141525"},"modified":"2021-04-29T10:19:02","modified_gmt":"2021-04-29T13:19:02","slug":"solicitan-que-se-analice-la-situacion-de-la-presencialidad-en-distritos-aun-en-fase-3","status":"publish","type":"post","link":"https:\/\/experienciadevida.com.ar\/portalurbano\/solicitan-que-se-analice-la-situacion-de-la-presencialidad-en-distritos-aun-en-fase-3\/","title":{"rendered":"Solicitan que se analice la situaci\u00f3n de la presencialidad en distritos a\u00fan en fase 3"},"content":{"rendered":"<p>Solicitan que se analice la situaci\u00f3n de la presencialidad en distritos a\u00fan en fase 3, en un encuentro del Comit\u00e9 de Crisis llevado adelante el martes 27 de abril, desde SUTEBA plantearon que, adem\u00e1s del monitoreo y seguimiento pormenorizado de la situaci\u00f3n del AMBA, se contemple la realidad sanitaria de otros distritos de la provincia de Buenos Aires, a\u00fan en fase 3.<\/p>\n<p>As\u00ed como sucedi\u00f3 en la reuni\u00f3n anterior, del Comit\u00e9 de Crisis expresaron que se eval\u00fae la situaci\u00f3n de algunos distritos espec\u00edficos y que se re\u00fanan los Comit\u00e9s de Crisis de las Regiones Sanitarias. El funcionamiento regular de los mismos va a implicar un seguimiento m\u00e1s puntual de la situaci\u00f3n sanitaria y epidemiol\u00f3gica de cada uno de los distritos que integran las 12 Regiones.<\/p>\n<p>Solicitan que se analice la situaci\u00f3n de la presencialidad en distritos a\u00fan en fase 3, en esta l\u00ednea plantearon una evaluaci\u00f3n de la compleja situaci\u00f3n sanitaria de Chacabuco, Pergamino, Brandsen, Olavarr\u00eda y la Regi\u00f3n VIII. Y de la misma, planteamos que se observaran particularmente los distritos de Balcarce, Tandil, Partido de la Costa y Villa Gesell.<\/p>\n<p>Cabe recordar que en el marco del Comit\u00e9 de Crisis, conformado por el Ministerio de Salud, la Direcci\u00f3n General de Cultura y Educaci\u00f3n, los Sindicatos Docentes y los gremios que representan a lxs Auxiliares de la Educaci\u00f3n, se comparten informes minuciosos y detallados de la situaci\u00f3n epidemiol\u00f3gica de toda la Provincia y de indicadores vinculados a las Escuelas, Docentes y Estudiantes.<\/p>\n<p>&#8220;Seguimos planteando las demandas por pol\u00edticas que garanticen el Derecho a la Salud y el Derecho a la Educaci\u00f3n para todos&#8221;, remarcaron.<\/p>\n<p>Foto: internet<\/p>\n","protected":false},"excerpt":{"rendered":"<p>Solicitan que se analice la situaci\u00f3n de la presencialidad en distritos a\u00fan en fase 3,&#8230;<\/p>\n","protected":false},"author":1,"featured_media":141527,"comment_status":"closed","ping_status":"closed","sticky":false,"template":"","format":"standard","meta":{"content-type":""},"categories":[27,64],"tags":[],"nelio_content":{"isAutoShareEnabled":false,"autoShareEndMode":"default","automationSources":{"useContentSentences":true,"useSocialTemplates":true,"useCustomSentences":false,"customSentences":[]},"followers":[1],"suggestedReferences":[],"includedReferences":[],"efiUrl":"","efiAlt":"","highlights":[]},"yoast_head":"<!-- This site is optimized with the Yoast SEO plugin v20.7 - https:\/\/yoast.com\/wordpress\/plugins\/seo\/ -->\n<title>Solicitan que se analice la situaci\u00f3n de la presencialidad en fase 3<\/title>\n<meta name=\"description\" content=\"Solicitan que se analice la situaci\u00f3n de la presencialidad en distritos a\u00fan en fase 3, en un encuentro del Comit\u00e9 de Crisis d\u00edas atr\u00e1s\" \/>\n<meta name=\"robots\" content=\"index, follow, max-snippet:-1, max-image-preview:large, max-video-preview:-1\" \/>\n<link rel=\"canonical\" href=\"https:\/\/experienciadevida.com.ar\/portalurbano\/solicitan-que-se-analice-la-situacion-de-la-presencialidad-en-distritos-aun-en-fase-3\/\" \/>\n<meta property=\"og:locale\" content=\"es_ES\" \/>\n<meta property=\"og:type\" content=\"article\" \/>\n<meta property=\"og:title\" content=\"Solicitan que se analice la situaci\u00f3n de la presencialidad en fase 3\" \/>\n<meta property=\"og:description\" content=\"Solicitan que se analice la situaci\u00f3n de la presencialidad en distritos a\u00fan en fase 3, en un encuentro del Comit\u00e9 de Crisis d\u00edas atr\u00e1s\" \/>\n<meta property=\"og:url\" content=\"https:\/\/experienciadevida.com.ar\/portalurbano\/solicitan-que-se-analice-la-situacion-de-la-presencialidad-en-distritos-aun-en-fase-3\/\" \/>\n<meta property=\"article:publisher\" content=\"https:\/\/www.facebook.com\/Portal-Urbano-171542830093757\/\" \/>\n<meta property=\"article:published_time\" content=\"2021-04-29T13:05:46+00:00\" \/>\n<meta property=\"article:modified_time\" content=\"2021-04-29T13:19:02+00:00\" \/>\n<meta property=\"og:image\" content=\"https:\/\/experienciadevida.com.ar\/portalurbano\/wp-content\/uploads\/2021\/04\/SM-aula-vacia-clases-25072020.jpg\" \/>\n\t<meta property=\"og:image:width\" content=\"741\" \/>\n\t<meta property=\"og:image:height\" content=\"486\" \/>\n\t<meta property=\"og:image:type\" content=\"image\/jpeg\" \/>\n<meta name=\"author\" content=\"admpu17wp\" \/>\n<meta name=\"twitter:card\" content=\"summary_large_image\" \/>\n<meta name=\"twitter:creator\" content=\"@portalurbanook\" \/>\n<meta name=\"twitter:site\" content=\"@portalurbanook\" \/>\n<meta name=\"twitter:label1\" content=\"Escrito por\" \/>\n\t<meta name=\"twitter:data1\" content=\"admpu17wp\" \/>\n\t<meta name=\"twitter:label2\" content=\"Tiempo de lectura\" \/>\n\t<meta name=\"twitter:data2\" content=\"2 minutos\" \/>\n<script type=\"application\/ld+json\" class=\"yoast-schema-graph\">{\"@context\":\"https:\/\/schema.org\",\"@graph\":[{\"@type\":\"Article\",\"@id\":\"https:\/\/experienciadevida.com.ar\/portalurbano\/solicitan-que-se-analice-la-situacion-de-la-presencialidad-en-distritos-aun-en-fase-3\/#article\",\"isPartOf\":{\"@id\":\"https:\/\/experienciadevida.com.ar\/portalurbano\/solicitan-que-se-analice-la-situacion-de-la-presencialidad-en-distritos-aun-en-fase-3\/\"},\"author\":{\"name\":\"admpu17wp\",\"@id\":\"https:\/\/experienciadevida.com.ar\/portalurbano\/#\/schema\/person\/02dd326b1c4b056e9cc972486934a3a7\"},\"headline\":\"Solicitan que se analice la situaci\u00f3n de la presencialidad en distritos a\u00fan en fase 3\",\"datePublished\":\"2021-04-29T13:05:46+00:00\",\"dateModified\":\"2021-04-29T13:19:02+00:00\",\"mainEntityOfPage\":{\"@id\":\"https:\/\/experienciadevida.com.ar\/portalurbano\/solicitan-que-se-analice-la-situacion-de-la-presencialidad-en-distritos-aun-en-fase-3\/\"},\"wordCount\":305,\"publisher\":{\"@id\":\"https:\/\/experienciadevida.com.ar\/portalurbano\/#organization\"},\"articleSection\":[\"Ciudad\",\"Destacadas 2\"],\"inLanguage\":\"es\"},{\"@type\":\"WebPage\",\"@id\":\"https:\/\/experienciadevida.com.ar\/portalurbano\/solicitan-que-se-analice-la-situacion-de-la-presencialidad-en-distritos-aun-en-fase-3\/\",\"url\":\"https:\/\/experienciadevida.com.ar\/portalurbano\/solicitan-que-se-analice-la-situacion-de-la-presencialidad-en-distritos-aun-en-fase-3\/\",\"name\":\"Solicitan que se analice la situaci\u00f3n de la presencialidad en fase 3\",\"isPartOf\":{\"@id\":\"https:\/\/experienciadevida.com.ar\/portalurbano\/#website\"},\"datePublished\":\"2021-04-29T13:05:46+00:00\",\"dateModified\":\"2021-04-29T13:19:02+00:00\",\"description\":\"Solicitan que se analice la situaci\u00f3n de la presencialidad en distritos a\u00fan en fase 3, en un encuentro del Comit\u00e9 de Crisis d\u00edas atr\u00e1s\",\"breadcrumb\":{\"@id\":\"https:\/\/experienciadevida.com.ar\/portalurbano\/solicitan-que-se-analice-la-situacion-de-la-presencialidad-en-distritos-aun-en-fase-3\/#breadcrumb\"},\"inLanguage\":\"es\",\"potentialAction\":[{\"@type\":\"ReadAction\",\"target\":[\"https:\/\/experienciadevida.com.ar\/portalurbano\/solicitan-que-se-analice-la-situacion-de-la-presencialidad-en-distritos-aun-en-fase-3\/\"]}]},{\"@type\":\"BreadcrumbList\",\"@id\":\"https:\/\/experienciadevida.com.ar\/portalurbano\/solicitan-que-se-analice-la-situacion-de-la-presencialidad-en-distritos-aun-en-fase-3\/#breadcrumb\",\"itemListElement\":[{\"@type\":\"ListItem\",\"position\":1,\"name\":\"Portada\",\"item\":\"https:\/\/experienciadevida.com.ar\/portalurbano\/\"},{\"@type\":\"ListItem\",\"position\":2,\"name\":\"Solicitan que se analice la situaci\u00f3n de la presencialidad en distritos a\u00fan en fase 3\"}]},{\"@type\":\"WebSite\",\"@id\":\"https:\/\/experienciadevida.com.ar\/portalurbano\/#website\",\"url\":\"https:\/\/experienciadevida.com.ar\/portalurbano\/\",\"name\":\"\",\"description\":\"\",\"publisher\":{\"@id\":\"https:\/\/experienciadevida.com.ar\/portalurbano\/#organization\"},\"potentialAction\":[{\"@type\":\"SearchAction\",\"target\":{\"@type\":\"EntryPoint\",\"urlTemplate\":\"https:\/\/experienciadevida.com.ar\/portalurbano\/?s={search_term_string}\"},\"query-input\":\"required name=search_term_string\"}],\"inLanguage\":\"es\"},{\"@type\":\"Organization\",\"@id\":\"https:\/\/experienciadevida.com.ar\/portalurbano\/#organization\",\"name\":\"Portal Urbano\",\"url\":\"https:\/\/experienciadevida.com.ar\/portalurbano\/\",\"logo\":{\"@type\":\"ImageObject\",\"inLanguage\":\"es\",\"@id\":\"https:\/\/experienciadevida.com.ar\/portalurbano\/#\/schema\/logo\/image\/\",\"url\":\"https:\/\/experienciadevida.com.ar\/portalurbano\/wp-content\/uploads\/2019\/09\/Logo-Original.png\",\"contentUrl\":\"https:\/\/experienciadevida.com.ar\/portalurbano\/wp-content\/uploads\/2019\/09\/Logo-Original.png\",\"width\":2236,\"height\":1216,\"caption\":\"Portal Urbano\"},\"image\":{\"@id\":\"https:\/\/experienciadevida.com.ar\/portalurbano\/#\/schema\/logo\/image\/\"},\"sameAs\":[\"https:\/\/www.facebook.com\/Portal-Urbano-171542830093757\/\",\"https:\/\/twitter.com\/portalurbanook\",\"https:\/\/www.instagram.com\/_portalurbano\/\",\"https:\/\/www.youtube.com\/channel\/UCXhagIfszH8KxFiOok79zbA?view_as=subscriber\"]},{\"@type\":\"Person\",\"@id\":\"https:\/\/experienciadevida.com.ar\/portalurbano\/#\/schema\/person\/02dd326b1c4b056e9cc972486934a3a7\",\"name\":\"admpu17wp\",\"image\":{\"@type\":\"ImageObject\",\"inLanguage\":\"es\",\"@id\":\"https:\/\/experienciadevida.com.ar\/portalurbano\/#\/schema\/person\/image\/\",\"url\":\"https:\/\/secure.gravatar.com\/avatar\/830d4c57adaae6630765e449a6908047?s=96&d=mm&r=g\",\"contentUrl\":\"https:\/\/secure.gravatar.com\/avatar\/830d4c57adaae6630765e449a6908047?s=96&d=mm&r=g\",\"caption\":\"admpu17wp\"}}]}<\/script>\n<!-- \/ Yoast SEO plugin. -->","yoast_head_json":{"title":"Solicitan que se analice la situaci\u00f3n de la presencialidad en fase 3","description":"Solicitan que se analice la situaci\u00f3n de la presencialidad en distritos a\u00fan en fase 3, en un encuentro del Comit\u00e9 de Crisis d\u00edas atr\u00e1s","robots":{"index":"index","follow":"follow","max-snippet":"max-snippet:-1","max-image-preview":"max-image-preview:large","max-video-preview":"max-video-preview:-1"},"canonical":"https:\/\/experienciadevida.com.ar\/portalurbano\/solicitan-que-se-analice-la-situacion-de-la-presencialidad-en-distritos-aun-en-fase-3\/","og_locale":"es_ES","og_type":"article","og_title":"Solicitan que se analice la situaci\u00f3n de la presencialidad en fase 3","og_description":"Solicitan que se analice la situaci\u00f3n de la presencialidad en distritos a\u00fan en fase 3, en un encuentro del Comit\u00e9 de Crisis d\u00edas atr\u00e1s","og_url":"https:\/\/experienciadevida.com.ar\/portalurbano\/solicitan-que-se-analice-la-situacion-de-la-presencialidad-en-distritos-aun-en-fase-3\/","article_publisher":"https:\/\/www.facebook.com\/Portal-Urbano-171542830093757\/","article_published_time":"2021-04-29T13:05:46+00:00","article_modified_time":"2021-04-29T13:19:02+00:00","og_image":[{"width":741,"height":486,"url":"https:\/\/experienciadevida.com.ar\/portalurbano\/wp-content\/uploads\/2021\/04\/SM-aula-vacia-clases-25072020.jpg","type":"image\/jpeg"}],"author":"admpu17wp","twitter_card":"summary_large_image","twitter_creator":"@portalurbanook","twitter_site":"@portalurbanook","twitter_misc":{"Escrito por":"admpu17wp","Tiempo de lectura":"2 minutos"},"schema":{"@context":"https:\/\/schema.org","@graph":[{"@type":"Article","@id":"https:\/\/experienciadevida.com.ar\/portalurbano\/solicitan-que-se-analice-la-situacion-de-la-presencialidad-en-distritos-aun-en-fase-3\/#article","isPartOf":{"@id":"https:\/\/experienciadevida.com.ar\/portalurbano\/solicitan-que-se-analice-la-situacion-de-la-presencialidad-en-distritos-aun-en-fase-3\/"},"author":{"name":"admpu17wp","@id":"https:\/\/experienciadevida.com.ar\/portalurbano\/#\/schema\/person\/02dd326b1c4b056e9cc972486934a3a7"},"headline":"Solicitan que se analice la situaci\u00f3n de la presencialidad en distritos a\u00fan en fase 3","datePublished":"2021-04-29T13:05:46+00:00","dateModified":"2021-04-29T13:19:02+00:00","mainEntityOfPage":{"@id":"https:\/\/experienciadevida.com.ar\/portalurbano\/solicitan-que-se-analice-la-situacion-de-la-presencialidad-en-distritos-aun-en-fase-3\/"},"wordCount":305,"publisher":{"@id":"https:\/\/experienciadevida.com.ar\/portalurbano\/#organization"},"articleSection":["Ciudad","Destacadas 2"],"inLanguage":"es"},{"@type":"WebPage","@id":"https:\/\/experienciadevida.com.ar\/portalurbano\/solicitan-que-se-analice-la-situacion-de-la-presencialidad-en-distritos-aun-en-fase-3\/","url":"https:\/\/experienciadevida.com.ar\/portalurbano\/solicitan-que-se-analice-la-situacion-de-la-presencialidad-en-distritos-aun-en-fase-3\/","name":"Solicitan que se analice la situaci\u00f3n de la presencialidad en fase 3","isPartOf":{"@id":"https:\/\/experienciadevida.com.ar\/portalurbano\/#website"},"datePublished":"2021-04-29T13:05:46+00:00","dateModified":"2021-04-29T13:19:02+00:00","description":"Solicitan que se analice la situaci\u00f3n de la presencialidad en distritos a\u00fan en fase 3, en un encuentro del Comit\u00e9 de Crisis d\u00edas atr\u00e1s","breadcrumb":{"@id":"https:\/\/experienciadevida.com.ar\/portalurbano\/solicitan-que-se-analice-la-situacion-de-la-presencialidad-en-distritos-aun-en-fase-3\/#breadcrumb"},"inLanguage":"es","potentialAction":[{"@type":"ReadAction","target":["https:\/\/experienciadevida.com.ar\/portalurbano\/solicitan-que-se-analice-la-situacion-de-la-presencialidad-en-distritos-aun-en-fase-3\/"]}]},{"@type":"BreadcrumbList","@id":"https:\/\/experienciadevida.com.ar\/portalurbano\/solicitan-que-se-analice-la-situacion-de-la-presencialidad-en-distritos-aun-en-fase-3\/#breadcrumb","itemListElement":[{"@type":"ListItem","position":1,"name":"Portada","item":"https:\/\/experienciadevida.com.ar\/portalurbano\/"},{"@type":"ListItem","position":2,"name":"Solicitan que se analice la situaci\u00f3n de la presencialidad en distritos a\u00fan en fase 3"}]},{"@type":"WebSite","@id":"https:\/\/experienciadevida.com.ar\/portalurbano\/#website","url":"https:\/\/experienciadevida.com.ar\/portalurbano\/","name":"","description":"","publisher":{"@id":"https:\/\/experienciadevida.com.ar\/portalurbano\/#organization"},"potentialAction":[{"@type":"SearchAction","target":{"@type":"EntryPoint","urlTemplate":"https:\/\/experienciadevida.com.ar\/portalurbano\/?s={search_term_string}"},"query-input":"required name=search_term_string"}],"inLanguage":"es"},{"@type":"Organization","@id":"https:\/\/experienciadevida.com.ar\/portalurbano\/#organization","name":"Portal Urbano","url":"https:\/\/experienciadevida.com.ar\/portalurbano\/","logo":{"@type":"ImageObject","inLanguage":"es","@id":"https:\/\/experienciadevida.com.ar\/portalurbano\/#\/schema\/logo\/image\/","url":"https:\/\/experienciadevida.com.ar\/portalurbano\/wp-content\/uploads\/2019\/09\/Logo-Original.png","contentUrl":"https:\/\/experienciadevida.com.ar\/portalurbano\/wp-content\/uploads\/2019\/09\/Logo-Original.png","width":2236,"height":1216,"caption":"Portal Urbano"},"image":{"@id":"https:\/\/experienciadevida.com.ar\/portalurbano\/#\/schema\/logo\/image\/"},"sameAs":["https:\/\/www.facebook.com\/Portal-Urbano-171542830093757\/","https:\/\/twitter.com\/portalurbanook","https:\/\/www.instagram.com\/_portalurbano\/","https:\/\/www.youtube.com\/channel\/UCXhagIfszH8KxFiOok79zbA?view_as=subscriber"]},{"@type":"Person","@id":"https:\/\/experienciadevida.com.ar\/portalurbano\/#\/schema\/person\/02dd326b1c4b056e9cc972486934a3a7","name":"admpu17wp","image":{"@type":"ImageObject","inLanguage":"es","@id":"https:\/\/experienciadevida.com.ar\/portalurbano\/#\/schema\/person\/image\/","url":"https:\/\/secure.gravatar.com\/avatar\/830d4c57adaae6630765e449a6908047?s=96&d=mm&r=g","contentUrl":"https:\/\/secure.gravatar.com\/avatar\/830d4c57adaae6630765e449a6908047?s=96&d=mm&r=g","caption":"admpu17wp"}}]}},"featured_image_urls":{"full":["https:\/\/experienciadevida.com.ar\/portalurbano\/wp-content\/uploads\/2021\/04\/SM-aula-vacia-clases-25072020.jpg",741,486,false],"thumbnail":["https:\/\/experienciadevida.com.ar\/portalurbano\/wp-content\/uploads\/2021\/04\/SM-aula-vacia-clases-25072020-150x150.jpg",150,150,true],"medium":["https:\/\/experienciadevida.com.ar\/portalurbano\/wp-content\/uploads\/2021\/04\/SM-aula-vacia-clases-25072020-300x197.jpg",300,197,true],"medium_large":["https:\/\/experienciadevida.com.ar\/portalurbano\/wp-content\/uploads\/2021\/04\/SM-aula-vacia-clases-25072020.jpg",640,420,false],"large":["https:\/\/experienciadevida.com.ar\/portalurbano\/wp-content\/uploads\/2021\/04\/SM-aula-vacia-clases-25072020.jpg",640,420,false],"ug_big":["https:\/\/experienciadevida.com.ar\/portalurbano\/wp-content\/uploads\/2021\/04\/SM-aula-vacia-clases-25072020.jpg",741,486,false],"1536x1536":["https:\/\/experienciadevida.com.ar\/portalurbano\/wp-content\/uploads\/2021\/04\/SM-aula-vacia-clases-25072020.jpg",741,486,false],"2048x2048":["https:\/\/experienciadevida.com.ar\/portalurbano\/wp-content\/uploads\/2021\/04\/SM-aula-vacia-clases-25072020.jpg",741,486,false],"newsever-slider-full":["https:\/\/experienciadevida.com.ar\/portalurbano\/wp-content\/uploads\/2021\/04\/SM-aula-vacia-clases-25072020.jpg",741,486,false],"newsever-featured":["https:\/\/experienciadevida.com.ar\/portalurbano\/wp-content\/uploads\/2021\/04\/SM-aula-vacia-clases-25072020.jpg",741,486,false],"newsever-medium":["https:\/\/experienciadevida.com.ar\/portalurbano\/wp-content\/uploads\/2021\/04\/SM-aula-vacia-clases-25072020.jpg",720,472,false],"web-stories-poster-portrait":["https:\/\/experienciadevida.com.ar\/portalurbano\/wp-content\/uploads\/2021\/04\/SM-aula-vacia-clases-25072020.jpg",640,420,false],"web-stories-publisher-logo":["https:\/\/experienciadevida.com.ar\/portalurbano\/wp-content\/uploads\/2021\/04\/SM-aula-vacia-clases-25072020.jpg",96,63,false],"web-stories-thumbnail":["https:\/\/experienciadevida.com.ar\/portalurbano\/wp-content\/uploads\/2021\/04\/SM-aula-vacia-clases-25072020.jpg",150,98,false]},"author_info":{"display_name":"admpu17wp","author_link":"https:\/\/experienciadevida.com.ar\/portalurbano\/author\/admpu17wp\/"},"category_info":"<a href=\"https:\/\/experienciadevida.com.ar\/portalurbano\/category\/ciudad\/\" rel=\"category tag\">Ciudad<\/a> <a href=\"https:\/\/experienciadevida.com.ar\/portalurbano\/category\/destacadas-2\/\" rel=\"category tag\">Destacadas 2<\/a>","tag_info":"Destacadas 2","comment_count":"0","amp_enabled":true,"_links":{"self":[{"href":"https:\/\/experienciadevida.com.ar\/portalurbano\/wp-json\/wp\/v2\/posts\/141525"}],"collection":[{"href":"https:\/\/experienciadevida.com.ar\/portalurbano\/wp-json\/wp\/v2\/posts"}],"about":[{"href":"https:\/\/experienciadevida.com.ar\/portalurbano\/wp-json\/wp\/v2\/types\/post"}],"author":[{"embeddable":true,"href":"https:\/\/experienciadevida.com.ar\/portalurbano\/wp-json\/wp\/v2\/users\/1"}],"replies":[{"embeddable":true,"href":"https:\/\/experienciadevida.com.ar\/portalurbano\/wp-json\/wp\/v2\/comments?post=141525"}],"version-history":[{"count":5,"href":"https:\/\/experienciadevida.com.ar\/portalurbano\/wp-json\/wp\/v2\/posts\/141525\/revisions"}],"predecessor-version":[{"id":141531,"href":"https:\/\/experienciadevida.com.ar\/portalurbano\/wp-json\/wp\/v2\/posts\/141525\/revisions\/141531"}],"wp:featuredmedia":[{"embeddable":true,"href":"https:\/\/experienciadevida.com.ar\/portalurbano\/wp-json\/wp\/v2\/media\/141527"}],"wp:attachment":[{"href":"https:\/\/experienciadevida.com.ar\/portalurbano\/wp-json\/wp\/v2\/media?parent=141525"}],"wp:term":[{"taxonomy":"category","embeddable":true,"href":"https:\/\/experienciadevida.com.ar\/portalurbano\/wp-json\/wp\/v2\/categories?post=141525"},{"taxonomy":"post_tag","embeddable":true,"href":"https:\/\/experienciadevida.com.ar\/portalurbano\/wp-json\/wp\/v2\/tags?post=141525"}],"curies":[{"name":"wp","href":"https:\/\/api.w.org\/{rel}","templated":true}]}}