{"id":141474,"date":"2021-04-28T14:34:47","date_gmt":"2021-04-28T17:34:47","guid":{"rendered":"https:\/\/experienciadevida.com.ar\/portalurbano\/?p=141474"},"modified":"2021-04-28T14:36:32","modified_gmt":"2021-04-28T17:36:32","slug":"dia-mundial-de-la-seguridad-y-salud-en-el-trabajo-el-impacto-de-la-pandemia-en-la-dinamica-laboral","status":"publish","type":"post","link":"https:\/\/experienciadevida.com.ar\/portalurbano\/dia-mundial-de-la-seguridad-y-salud-en-el-trabajo-el-impacto-de-la-pandemia-en-la-dinamica-laboral\/","title":{"rendered":"D\u00eda Mundial de la Seguridad y Salud en el Trabajo: el impacto de la pandemia en la din\u00e1mica laboral"},"content":{"rendered":"<p>D\u00eda Mundial de la Seguridad y Salud en el Trabajo: el impacto de la pandemia en la din\u00e1mica laboral. La irrupci\u00f3n del covid-19 el a\u00f1o pasado provoc\u00f3 grandes cambios en la din\u00e1mica laboral, lo que oblig\u00f3 a adaptarse a un nuevo esquema de gesti\u00f3n en las condiciones de trabajo.<\/p>\n<p>Este 28 de abril se conmemora el D\u00eda Mundial de la Seguridad y Salud en el Trabajo, y es un momento ideal para repasar la importancia de fortalecer e incentivar los sistemas que protegen a los trabajadores.<\/p>\n<p>Una mirada profesional sobre la tem\u00e1tica la aporta Gustavo Clarens, Ingeniero Qu\u00edmico y en Seguridad e Higiene en el Trabajo, docente de la Facultad de Ingenier\u00eda de Olavarr\u00eda, con experiencia en el sector minero, alimenticio, y con amplia dedicaci\u00f3n profesional en una reconocida planta embotelladora de gaseosas.<\/p>\n<p>D\u00eda mundial de la seguridad y salud en el trabajo, &#8220;en las empresas en general, se nota una mejora en las condiciones de seguridad e higiene. Hay mayor aceptaci\u00f3n de procedimientos y \u00faltimamente de los famosos protocolos covid\u201d, se\u00f1al\u00f3.<\/p>\n<p>Las empresas \u201chan comprendido el impacto que tienen estas cuestiones sobre su imagen y sustentabilidad. En tanto nosotros, los responsables en seguridad e higiene, hemos encontrado herramientas para llevar adelante nuestro trabajo sin descuidar que la empresa tiene que ser rentable para seguir operando\u201d, agreg\u00f3.<\/p>\n<p>Si bien la gran preocupaci\u00f3n del sistema son los accidentes graves, las novedades a partir de la pandemia son \u201clos peligros relacionados con factores psicosociales, esto es lo \u00faltimo sobre lo que estoy trabajando. Hay factores como el estr\u00e9s, monoton\u00eda de las tareas, atenci\u00f3n al p\u00fablico, acoso y otros relacionados, son los \u00faltimos incorporados a los an\u00e1lisis de peligros y establecimiento de medidas de control\u201d, repas\u00f3.<\/p>\n<p>Con las adaptaciones impuestas por las restricciones, \u201cen los accidentes se vio reflejada una baja en el total, principalmente porque muchas actividades presenciales pasaron a realizarse a la distancia, lo cual evit\u00f3 muchos accidentes principalmente los que ocurren en el trayecto hacia y desde el trabajo\u201d, grafic\u00f3 el ingeniero. \u201cEn donde m\u00e1s se not\u00f3 la baja fue en el rubro de la ense\u00f1anza, donde se registr\u00f3 una baja de casi 2\/3 de los casos comparando el primer semestre de 2019 con el primer semestre de 2020 interanual\u201d.<\/p>\n<p>D\u00eda Mundial de la seguridad y la salud en el trabajo, en lo que respecta a las enfermedades profesionales (EP), \u201cel n\u00famero aument\u00f3 significativamente por la inclusi\u00f3n del covid-19 como agente causal que no estaba incluido en los listados en el primer semestre de 2020, y que represent\u00f3 casi el 75% de las EP diagnosticadas\u201d, subray\u00f3.<\/p>\n<p>Anticiparse:<\/p>\n<p>Clarens tambi\u00e9n hace foco en una realidad que atraviesa todas las \u00e9pocas, y que impulsa acciones que permiten anticiparse a sucesos graves en el \u00e1mbito laboral. \u201cSi bien no podemos ver el futuro, podemos saber si vamos a accidentarnos\u201d, revel\u00f3.<\/p>\n<p>El profesional se nutre de un reporte estad\u00edstico conocido como la Pir\u00e1mide de Bird, que exhibe gr\u00e1ficamente la relaci\u00f3n entre incidentes y accidentes. Mientras el accidente es un hecho s\u00fabito y violento que produce una lesi\u00f3n, el incidente es un accidente potencial, que no contempla un da\u00f1o.<\/p>\n<p>\u201cDe esta pir\u00e1mide podemos decir que cada 600 casi accidentes vamos a tener una muerte. Aquellos que trabajan en una industria y est\u00e1n expuestos a peligros pueden contar cu\u00e1ntas veces sufrieron un incidente y situar su posici\u00f3n en la pir\u00e1mide para ver lo que estad\u00edsticamente podr\u00edan esperar\u201d, relat\u00f3 el especialista en seguridad.<\/p>\n<p>Los incidentes son alertas previas, indicadores que proporcionan una valiosa informaci\u00f3n y explican las causas por las cuales se producen los accidentes.<\/p>\n<p>Este esquema y su gesti\u00f3n son vitales para todos los trabajadores, para que comprendan que actuar preventivamente, registrando los sucesos inseguros, permite corregir y minimizar las posibilidades de un accidente.<\/p>\n<p>Para potenciar una cultura de la seguridad y salud en el trabajo, Clarens admite que \u201clos cambios llevan tiempo, dir\u00eda que no menos de tres a\u00f1os. Lo primero que buscamos es cambiar h\u00e1bitos y para ello tenemos que lograr consenso en un paradigma que indica que nadie quiere accidentarse. Es imprescindible generar acciones para llevar adelante capacitaciones con concientizaci\u00f3n, difusi\u00f3n de accidentes, establecimiento de objetivos y fundamentalmente predicar con el ejemplo\u201d, enumer\u00f3.<\/p>\n<p>Con todo, ante situaciones especiales y en la normalidad, prevenir las muertes, lesiones y enfermedades sigue siendo el mayor compromiso de quienes gestionan los sistemas de seguridad y salud, anticip\u00e1ndose a las crisis, resolviendo situaciones complejas, para que los trabajadores vuelvan tranquilos a sus casas luego de una jornada laboral.<\/p>\n","protected":false},"excerpt":{"rendered":"<p>D\u00eda Mundial de la Seguridad y Salud en el Trabajo: el impacto de la pandemia&#8230;<\/p>\n","protected":false},"author":1,"featured_media":141475,"comment_status":"closed","ping_status":"closed","sticky":false,"template":"","format":"standard","meta":{"content-type":""},"categories":[27,64],"tags":[],"nelio_content":{"isAutoShareEnabled":false,"autoShareEndMode":"default","automationSources":{"useContentSentences":true,"useSocialTemplates":true,"useCustomSentences":false,"customSentences":[]},"followers":[1],"suggestedReferences":[],"includedReferences":[],"efiUrl":"","efiAlt":"","highlights":[]},"yoast_head":"<!-- This site is optimized with the Yoast SEO plugin v20.7 - https:\/\/yoast.com\/wordpress\/plugins\/seo\/ -->\n<title>D\u00eda Mundial de la seguridad y salud en el trabajo: El impacto de pandemia<\/title>\n<meta name=\"description\" content=\"D\u00eda Mundial de la Seguridad y Salud en el Trabajo: el impacto de la pandemia en la din\u00e1mica laboral por el Covid-19 que surgi\u00f3 el a\u00f1o pasado\" \/>\n<meta name=\"robots\" content=\"index, follow, max-snippet:-1, max-image-preview:large, max-video-preview:-1\" \/>\n<link rel=\"canonical\" href=\"https:\/\/experienciadevida.com.ar\/portalurbano\/dia-mundial-de-la-seguridad-y-salud-en-el-trabajo-el-impacto-de-la-pandemia-en-la-dinamica-laboral\/\" \/>\n<meta property=\"og:locale\" content=\"es_ES\" \/>\n<meta property=\"og:type\" content=\"article\" \/>\n<meta property=\"og:title\" content=\"D\u00eda Mundial de la seguridad y salud en el trabajo: El impacto de pandemia\" \/>\n<meta property=\"og:description\" content=\"D\u00eda Mundial de la Seguridad y Salud en el Trabajo: el impacto de la pandemia en la din\u00e1mica laboral por el Covid-19 que surgi\u00f3 el a\u00f1o pasado\" \/>\n<meta property=\"og:url\" content=\"https:\/\/experienciadevida.com.ar\/portalurbano\/dia-mundial-de-la-seguridad-y-salud-en-el-trabajo-el-impacto-de-la-pandemia-en-la-dinamica-laboral\/\" \/>\n<meta property=\"article:publisher\" content=\"https:\/\/www.facebook.com\/Portal-Urbano-171542830093757\/\" \/>\n<meta property=\"article:published_time\" content=\"2021-04-28T17:34:47+00:00\" \/>\n<meta property=\"article:modified_time\" content=\"2021-04-28T17:36:32+00:00\" \/>\n<meta property=\"og:image\" content=\"https:\/\/experienciadevida.com.ar\/portalurbano\/wp-content\/uploads\/2021\/04\/Dia-Mundial-de-la-Seguridad.jpg\" \/>\n\t<meta property=\"og:image:width\" content=\"1920\" \/>\n\t<meta property=\"og:image:height\" content=\"1080\" \/>\n\t<meta property=\"og:image:type\" content=\"image\/jpeg\" \/>\n<meta name=\"author\" content=\"admpu17wp\" \/>\n<meta name=\"twitter:card\" content=\"summary_large_image\" \/>\n<meta name=\"twitter:creator\" content=\"@portalurbanook\" \/>\n<meta name=\"twitter:site\" content=\"@portalurbanook\" \/>\n<meta name=\"twitter:label1\" content=\"Escrito por\" \/>\n\t<meta name=\"twitter:data1\" content=\"admpu17wp\" \/>\n\t<meta name=\"twitter:label2\" content=\"Tiempo de lectura\" \/>\n\t<meta name=\"twitter:data2\" content=\"4 minutos\" \/>\n<script type=\"application\/ld+json\" class=\"yoast-schema-graph\">{\"@context\":\"https:\/\/schema.org\",\"@graph\":[{\"@type\":\"Article\",\"@id\":\"https:\/\/experienciadevida.com.ar\/portalurbano\/dia-mundial-de-la-seguridad-y-salud-en-el-trabajo-el-impacto-de-la-pandemia-en-la-dinamica-laboral\/#article\",\"isPartOf\":{\"@id\":\"https:\/\/experienciadevida.com.ar\/portalurbano\/dia-mundial-de-la-seguridad-y-salud-en-el-trabajo-el-impacto-de-la-pandemia-en-la-dinamica-laboral\/\"},\"author\":{\"name\":\"admpu17wp\",\"@id\":\"https:\/\/experienciadevida.com.ar\/portalurbano\/#\/schema\/person\/02dd326b1c4b056e9cc972486934a3a7\"},\"headline\":\"D\u00eda Mundial de la Seguridad y Salud en el Trabajo: el impacto de la pandemia en la din\u00e1mica laboral\",\"datePublished\":\"2021-04-28T17:34:47+00:00\",\"dateModified\":\"2021-04-28T17:36:32+00:00\",\"mainEntityOfPage\":{\"@id\":\"https:\/\/experienciadevida.com.ar\/portalurbano\/dia-mundial-de-la-seguridad-y-salud-en-el-trabajo-el-impacto-de-la-pandemia-en-la-dinamica-laboral\/\"},\"wordCount\":803,\"publisher\":{\"@id\":\"https:\/\/experienciadevida.com.ar\/portalurbano\/#organization\"},\"articleSection\":[\"Ciudad\",\"Destacadas 2\"],\"inLanguage\":\"es\"},{\"@type\":\"WebPage\",\"@id\":\"https:\/\/experienciadevida.com.ar\/portalurbano\/dia-mundial-de-la-seguridad-y-salud-en-el-trabajo-el-impacto-de-la-pandemia-en-la-dinamica-laboral\/\",\"url\":\"https:\/\/experienciadevida.com.ar\/portalurbano\/dia-mundial-de-la-seguridad-y-salud-en-el-trabajo-el-impacto-de-la-pandemia-en-la-dinamica-laboral\/\",\"name\":\"D\u00eda Mundial de la seguridad y salud en el trabajo: El impacto de pandemia\",\"isPartOf\":{\"@id\":\"https:\/\/experienciadevida.com.ar\/portalurbano\/#website\"},\"datePublished\":\"2021-04-28T17:34:47+00:00\",\"dateModified\":\"2021-04-28T17:36:32+00:00\",\"description\":\"D\u00eda Mundial de la Seguridad y Salud en el Trabajo: el impacto de la pandemia en la din\u00e1mica laboral por el Covid-19 que surgi\u00f3 el a\u00f1o pasado\",\"breadcrumb\":{\"@id\":\"https:\/\/experienciadevida.com.ar\/portalurbano\/dia-mundial-de-la-seguridad-y-salud-en-el-trabajo-el-impacto-de-la-pandemia-en-la-dinamica-laboral\/#breadcrumb\"},\"inLanguage\":\"es\",\"potentialAction\":[{\"@type\":\"ReadAction\",\"target\":[\"https:\/\/experienciadevida.com.ar\/portalurbano\/dia-mundial-de-la-seguridad-y-salud-en-el-trabajo-el-impacto-de-la-pandemia-en-la-dinamica-laboral\/\"]}]},{\"@type\":\"BreadcrumbList\",\"@id\":\"https:\/\/experienciadevida.com.ar\/portalurbano\/dia-mundial-de-la-seguridad-y-salud-en-el-trabajo-el-impacto-de-la-pandemia-en-la-dinamica-laboral\/#breadcrumb\",\"itemListElement\":[{\"@type\":\"ListItem\",\"position\":1,\"name\":\"Portada\",\"item\":\"https:\/\/experienciadevida.com.ar\/portalurbano\/\"},{\"@type\":\"ListItem\",\"position\":2,\"name\":\"D\u00eda Mundial de la Seguridad y Salud en el Trabajo: el impacto de la pandemia en la din\u00e1mica laboral\"}]},{\"@type\":\"WebSite\",\"@id\":\"https:\/\/experienciadevida.com.ar\/portalurbano\/#website\",\"url\":\"https:\/\/experienciadevida.com.ar\/portalurbano\/\",\"name\":\"\",\"description\":\"\",\"publisher\":{\"@id\":\"https:\/\/experienciadevida.com.ar\/portalurbano\/#organization\"},\"potentialAction\":[{\"@type\":\"SearchAction\",\"target\":{\"@type\":\"EntryPoint\",\"urlTemplate\":\"https:\/\/experienciadevida.com.ar\/portalurbano\/?s={search_term_string}\"},\"query-input\":\"required name=search_term_string\"}],\"inLanguage\":\"es\"},{\"@type\":\"Organization\",\"@id\":\"https:\/\/experienciadevida.com.ar\/portalurbano\/#organization\",\"name\":\"Portal Urbano\",\"url\":\"https:\/\/experienciadevida.com.ar\/portalurbano\/\",\"logo\":{\"@type\":\"ImageObject\",\"inLanguage\":\"es\",\"@id\":\"https:\/\/experienciadevida.com.ar\/portalurbano\/#\/schema\/logo\/image\/\",\"url\":\"https:\/\/experienciadevida.com.ar\/portalurbano\/wp-content\/uploads\/2019\/09\/Logo-Original.png\",\"contentUrl\":\"https:\/\/experienciadevida.com.ar\/portalurbano\/wp-content\/uploads\/2019\/09\/Logo-Original.png\",\"width\":2236,\"height\":1216,\"caption\":\"Portal Urbano\"},\"image\":{\"@id\":\"https:\/\/experienciadevida.com.ar\/portalurbano\/#\/schema\/logo\/image\/\"},\"sameAs\":[\"https:\/\/www.facebook.com\/Portal-Urbano-171542830093757\/\",\"https:\/\/twitter.com\/portalurbanook\",\"https:\/\/www.instagram.com\/_portalurbano\/\",\"https:\/\/www.youtube.com\/channel\/UCXhagIfszH8KxFiOok79zbA?view_as=subscriber\"]},{\"@type\":\"Person\",\"@id\":\"https:\/\/experienciadevida.com.ar\/portalurbano\/#\/schema\/person\/02dd326b1c4b056e9cc972486934a3a7\",\"name\":\"admpu17wp\",\"image\":{\"@type\":\"ImageObject\",\"inLanguage\":\"es\",\"@id\":\"https:\/\/experienciadevida.com.ar\/portalurbano\/#\/schema\/person\/image\/\",\"url\":\"https:\/\/secure.gravatar.com\/avatar\/830d4c57adaae6630765e449a6908047?s=96&d=mm&r=g\",\"contentUrl\":\"https:\/\/secure.gravatar.com\/avatar\/830d4c57adaae6630765e449a6908047?s=96&d=mm&r=g\",\"caption\":\"admpu17wp\"}}]}<\/script>\n<!-- \/ Yoast SEO plugin. -->","yoast_head_json":{"title":"D\u00eda Mundial de la seguridad y salud en el trabajo: El impacto de pandemia","description":"D\u00eda Mundial de la Seguridad y Salud en el Trabajo: el impacto de la pandemia en la din\u00e1mica laboral por el Covid-19 que surgi\u00f3 el a\u00f1o pasado","robots":{"index":"index","follow":"follow","max-snippet":"max-snippet:-1","max-image-preview":"max-image-preview:large","max-video-preview":"max-video-preview:-1"},"canonical":"https:\/\/experienciadevida.com.ar\/portalurbano\/dia-mundial-de-la-seguridad-y-salud-en-el-trabajo-el-impacto-de-la-pandemia-en-la-dinamica-laboral\/","og_locale":"es_ES","og_type":"article","og_title":"D\u00eda Mundial de la seguridad y salud en el trabajo: El impacto de pandemia","og_description":"D\u00eda Mundial de la Seguridad y Salud en el Trabajo: el impacto de la pandemia en la din\u00e1mica laboral por el Covid-19 que surgi\u00f3 el a\u00f1o pasado","og_url":"https:\/\/experienciadevida.com.ar\/portalurbano\/dia-mundial-de-la-seguridad-y-salud-en-el-trabajo-el-impacto-de-la-pandemia-en-la-dinamica-laboral\/","article_publisher":"https:\/\/www.facebook.com\/Portal-Urbano-171542830093757\/","article_published_time":"2021-04-28T17:34:47+00:00","article_modified_time":"2021-04-28T17:36:32+00:00","og_image":[{"width":1920,"height":1080,"url":"https:\/\/experienciadevida.com.ar\/portalurbano\/wp-content\/uploads\/2021\/04\/Dia-Mundial-de-la-Seguridad.jpg","type":"image\/jpeg"}],"author":"admpu17wp","twitter_card":"summary_large_image","twitter_creator":"@portalurbanook","twitter_site":"@portalurbanook","twitter_misc":{"Escrito por":"admpu17wp","Tiempo de lectura":"4 minutos"},"schema":{"@context":"https:\/\/schema.org","@graph":[{"@type":"Article","@id":"https:\/\/experienciadevida.com.ar\/portalurbano\/dia-mundial-de-la-seguridad-y-salud-en-el-trabajo-el-impacto-de-la-pandemia-en-la-dinamica-laboral\/#article","isPartOf":{"@id":"https:\/\/experienciadevida.com.ar\/portalurbano\/dia-mundial-de-la-seguridad-y-salud-en-el-trabajo-el-impacto-de-la-pandemia-en-la-dinamica-laboral\/"},"author":{"name":"admpu17wp","@id":"https:\/\/experienciadevida.com.ar\/portalurbano\/#\/schema\/person\/02dd326b1c4b056e9cc972486934a3a7"},"headline":"D\u00eda Mundial de la Seguridad y Salud en el Trabajo: el impacto de la pandemia en la din\u00e1mica laboral","datePublished":"2021-04-28T17:34:47+00:00","dateModified":"2021-04-28T17:36:32+00:00","mainEntityOfPage":{"@id":"https:\/\/experienciadevida.com.ar\/portalurbano\/dia-mundial-de-la-seguridad-y-salud-en-el-trabajo-el-impacto-de-la-pandemia-en-la-dinamica-laboral\/"},"wordCount":803,"publisher":{"@id":"https:\/\/experienciadevida.com.ar\/portalurbano\/#organization"},"articleSection":["Ciudad","Destacadas 2"],"inLanguage":"es"},{"@type":"WebPage","@id":"https:\/\/experienciadevida.com.ar\/portalurbano\/dia-mundial-de-la-seguridad-y-salud-en-el-trabajo-el-impacto-de-la-pandemia-en-la-dinamica-laboral\/","url":"https:\/\/experienciadevida.com.ar\/portalurbano\/dia-mundial-de-la-seguridad-y-salud-en-el-trabajo-el-impacto-de-la-pandemia-en-la-dinamica-laboral\/","name":"D\u00eda Mundial de la seguridad y salud en el trabajo: El impacto de pandemia","isPartOf":{"@id":"https:\/\/experienciadevida.com.ar\/portalurbano\/#website"},"datePublished":"2021-04-28T17:34:47+00:00","dateModified":"2021-04-28T17:36:32+00:00","description":"D\u00eda Mundial de la Seguridad y Salud en el Trabajo: el impacto de la pandemia en la din\u00e1mica laboral por el Covid-19 que surgi\u00f3 el a\u00f1o pasado","breadcrumb":{"@id":"https:\/\/experienciadevida.com.ar\/portalurbano\/dia-mundial-de-la-seguridad-y-salud-en-el-trabajo-el-impacto-de-la-pandemia-en-la-dinamica-laboral\/#breadcrumb"},"inLanguage":"es","potentialAction":[{"@type":"ReadAction","target":["https:\/\/experienciadevida.com.ar\/portalurbano\/dia-mundial-de-la-seguridad-y-salud-en-el-trabajo-el-impacto-de-la-pandemia-en-la-dinamica-laboral\/"]}]},{"@type":"BreadcrumbList","@id":"https:\/\/experienciadevida.com.ar\/portalurbano\/dia-mundial-de-la-seguridad-y-salud-en-el-trabajo-el-impacto-de-la-pandemia-en-la-dinamica-laboral\/#breadcrumb","itemListElement":[{"@type":"ListItem","position":1,"name":"Portada","item":"https:\/\/experienciadevida.com.ar\/portalurbano\/"},{"@type":"ListItem","position":2,"name":"D\u00eda Mundial de la Seguridad y Salud en el Trabajo: el impacto de la pandemia en la din\u00e1mica laboral"}]},{"@type":"WebSite","@id":"https:\/\/experienciadevida.com.ar\/portalurbano\/#website","url":"https:\/\/experienciadevida.com.ar\/portalurbano\/","name":"","description":"","publisher":{"@id":"https:\/\/experienciadevida.com.ar\/portalurbano\/#organization"},"potentialAction":[{"@type":"SearchAction","target":{"@type":"EntryPoint","urlTemplate":"https:\/\/experienciadevida.com.ar\/portalurbano\/?s={search_term_string}"},"query-input":"required name=search_term_string"}],"inLanguage":"es"},{"@type":"Organization","@id":"https:\/\/experienciadevida.com.ar\/portalurbano\/#organization","name":"Portal Urbano","url":"https:\/\/experienciadevida.com.ar\/portalurbano\/","logo":{"@type":"ImageObject","inLanguage":"es","@id":"https:\/\/experienciadevida.com.ar\/portalurbano\/#\/schema\/logo\/image\/","url":"https:\/\/experienciadevida.com.ar\/portalurbano\/wp-content\/uploads\/2019\/09\/Logo-Original.png","contentUrl":"https:\/\/experienciadevida.com.ar\/portalurbano\/wp-content\/uploads\/2019\/09\/Logo-Original.png","width":2236,"height":1216,"caption":"Portal Urbano"},"image":{"@id":"https:\/\/experienciadevida.com.ar\/portalurbano\/#\/schema\/logo\/image\/"},"sameAs":["https:\/\/www.facebook.com\/Portal-Urbano-171542830093757\/","https:\/\/twitter.com\/portalurbanook","https:\/\/www.instagram.com\/_portalurbano\/","https:\/\/www.youtube.com\/channel\/UCXhagIfszH8KxFiOok79zbA?view_as=subscriber"]},{"@type":"Person","@id":"https:\/\/experienciadevida.com.ar\/portalurbano\/#\/schema\/person\/02dd326b1c4b056e9cc972486934a3a7","name":"admpu17wp","image":{"@type":"ImageObject","inLanguage":"es","@id":"https:\/\/experienciadevida.com.ar\/portalurbano\/#\/schema\/person\/image\/","url":"https:\/\/secure.gravatar.com\/avatar\/830d4c57adaae6630765e449a6908047?s=96&d=mm&r=g","contentUrl":"https:\/\/secure.gravatar.com\/avatar\/830d4c57adaae6630765e449a6908047?s=96&d=mm&r=g","caption":"admpu17wp"}}]}},"featured_image_urls":{"full":["https:\/\/experienciadevida.com.ar\/portalurbano\/wp-content\/uploads\/2021\/04\/Dia-Mundial-de-la-Seguridad.jpg",1920,1080,false],"thumbnail":["https:\/\/experienciadevida.com.ar\/portalurbano\/wp-content\/uploads\/2021\/04\/Dia-Mundial-de-la-Seguridad-150x150.jpg",150,150,true],"medium":["https:\/\/experienciadevida.com.ar\/portalurbano\/wp-content\/uploads\/2021\/04\/Dia-Mundial-de-la-Seguridad-300x169.jpg",300,169,true],"medium_large":["https:\/\/experienciadevida.com.ar\/portalurbano\/wp-content\/uploads\/2021\/04\/Dia-Mundial-de-la-Seguridad-768x432.jpg",640,360,true],"large":["https:\/\/experienciadevida.com.ar\/portalurbano\/wp-content\/uploads\/2021\/04\/Dia-Mundial-de-la-Seguridad-1024x576.jpg",640,360,true],"ug_big":["https:\/\/experienciadevida.com.ar\/portalurbano\/wp-content\/uploads\/2021\/04\/Dia-Mundial-de-la-Seguridad-768x432.jpg",768,432,true],"1536x1536":["https:\/\/experienciadevida.com.ar\/portalurbano\/wp-content\/uploads\/2021\/04\/Dia-Mundial-de-la-Seguridad-1536x864.jpg",1536,864,true],"2048x2048":["https:\/\/experienciadevida.com.ar\/portalurbano\/wp-content\/uploads\/2021\/04\/Dia-Mundial-de-la-Seguridad.jpg",1920,1080,false],"newsever-slider-full":["https:\/\/experienciadevida.com.ar\/portalurbano\/wp-content\/uploads\/2021\/04\/Dia-Mundial-de-la-Seguridad.jpg",1280,720,false],"newsever-featured":["https:\/\/experienciadevida.com.ar\/portalurbano\/wp-content\/uploads\/2021\/04\/Dia-Mundial-de-la-Seguridad.jpg",1024,576,false],"newsever-medium":["https:\/\/experienciadevida.com.ar\/portalurbano\/wp-content\/uploads\/2021\/04\/Dia-Mundial-de-la-Seguridad.jpg",720,405,false],"web-stories-poster-portrait":["https:\/\/experienciadevida.com.ar\/portalurbano\/wp-content\/uploads\/2021\/04\/Dia-Mundial-de-la-Seguridad.jpg",640,360,false],"web-stories-publisher-logo":["https:\/\/experienciadevida.com.ar\/portalurbano\/wp-content\/uploads\/2021\/04\/Dia-Mundial-de-la-Seguridad.jpg",96,54,false],"web-stories-thumbnail":["https:\/\/experienciadevida.com.ar\/portalurbano\/wp-content\/uploads\/2021\/04\/Dia-Mundial-de-la-Seguridad.jpg",150,84,false]},"author_info":{"display_name":"admpu17wp","author_link":"https:\/\/experienciadevida.com.ar\/portalurbano\/author\/admpu17wp\/"},"category_info":"<a href=\"https:\/\/experienciadevida.com.ar\/portalurbano\/category\/ciudad\/\" rel=\"category tag\">Ciudad<\/a> <a href=\"https:\/\/experienciadevida.com.ar\/portalurbano\/category\/destacadas-2\/\" rel=\"category tag\">Destacadas 2<\/a>","tag_info":"Destacadas 2","comment_count":"0","amp_enabled":true,"_links":{"self":[{"href":"https:\/\/experienciadevida.com.ar\/portalurbano\/wp-json\/wp\/v2\/posts\/141474"}],"collection":[{"href":"https:\/\/experienciadevida.com.ar\/portalurbano\/wp-json\/wp\/v2\/posts"}],"about":[{"href":"https:\/\/experienciadevida.com.ar\/portalurbano\/wp-json\/wp\/v2\/types\/post"}],"author":[{"embeddable":true,"href":"https:\/\/experienciadevida.com.ar\/portalurbano\/wp-json\/wp\/v2\/users\/1"}],"replies":[{"embeddable":true,"href":"https:\/\/experienciadevida.com.ar\/portalurbano\/wp-json\/wp\/v2\/comments?post=141474"}],"version-history":[{"count":2,"href":"https:\/\/experienciadevida.com.ar\/portalurbano\/wp-json\/wp\/v2\/posts\/141474\/revisions"}],"predecessor-version":[{"id":141477,"href":"https:\/\/experienciadevida.com.ar\/portalurbano\/wp-json\/wp\/v2\/posts\/141474\/revisions\/141477"}],"wp:featuredmedia":[{"embeddable":true,"href":"https:\/\/experienciadevida.com.ar\/portalurbano\/wp-json\/wp\/v2\/media\/141475"}],"wp:attachment":[{"href":"https:\/\/experienciadevida.com.ar\/portalurbano\/wp-json\/wp\/v2\/media?parent=141474"}],"wp:term":[{"taxonomy":"category","embeddable":true,"href":"https:\/\/experienciadevida.com.ar\/portalurbano\/wp-json\/wp\/v2\/categories?post=141474"},{"taxonomy":"post_tag","embeddable":true,"href":"https:\/\/experienciadevida.com.ar\/portalurbano\/wp-json\/wp\/v2\/tags?post=141474"}],"curies":[{"name":"wp","href":"https:\/\/api.w.org\/{rel}","templated":true}]}}