{"id":141441,"date":"2021-04-28T10:28:45","date_gmt":"2021-04-28T13:28:45","guid":{"rendered":"https:\/\/experienciadevida.com.ar\/portalurbano\/?p=141441"},"modified":"2021-04-28T10:29:30","modified_gmt":"2021-04-28T13:29:30","slug":"el-bloque-ucr-presento-dos-proyectos-en-el-hcd-de-obras-para-la-escuela-agraria-n1","status":"publish","type":"post","link":"https:\/\/experienciadevida.com.ar\/portalurbano\/el-bloque-ucr-presento-dos-proyectos-en-el-hcd-de-obras-para-la-escuela-agraria-n1\/","title":{"rendered":"El Bloque UCR present\u00f3 dos proyectos en el HCD de obras para la escuela Agraria n\u00b01"},"content":{"rendered":"<p>El Bloque UCR present\u00f3 dos proyectos en el HCD de obras para la escuela Agraria n\u00b01, en el d\u00eda de ayer presentaron preocupaci\u00f3n ante las necesidades que encontraron en la visita a la mencionada Instituci\u00f3n.<\/p>\n<p>Uno de los proyectos es de comunicaci\u00f3n el cual solicitan al Consejo Escolar de Olavarr\u00eda gestione ante la Subsecretaria de Infraestructura Escolar Bonaerense los fondos necesarios para la realizaci\u00f3n de arreglos en una de<br \/>\nlas salas de Herramientas y la reparaci\u00f3n y acondicionamiento de ba\u00f1os en un sector de la Instituci\u00f3n.<\/p>\n<p>Otro un proyecto de resoluci\u00f3n Solicitando al Departamento Ejecutivo Municipal, que a trav\u00e9s del \u00e1rea correspondiente, realice un estudio para determinar la factibilidad de colocaci\u00f3n de c\u00e1maras de seguridad en la intersecci\u00f3n de Autopista Luciano Fortabat y el acceso a la Escuela de Educaci\u00f3n Secundaria Agraria N\u00ba1 que permita monitorear tanto el tr\u00e1nsito por la mencionada arteria como as\u00ed tambi\u00e9n el ingreso y egreso al predio de la instituci\u00f3n educativa, principalmente en horarios fuera de su funcionamiento.<\/p>\n<p>Foto: Archivo- ilustrativa<\/p>\n","protected":false},"excerpt":{"rendered":"<p>El Bloque UCR present\u00f3 dos proyectos en el HCD de obras para la escuela Agraria&#8230;<\/p>\n","protected":false},"author":1,"featured_media":0,"comment_status":"closed","ping_status":"closed","sticky":false,"template":"","format":"standard","meta":{"content-type":""},"categories":[27,64],"tags":[],"nelio_content":{"isAutoShareEnabled":false,"autoShareEndMode":"default","automationSources":{"useContentSentences":true,"useSocialTemplates":true,"useCustomSentences":false,"customSentences":[]},"followers":[1],"suggestedReferences":[],"includedReferences":[],"efiUrl":"","efiAlt":"","highlights":[]},"yoast_head":"<!-- This site is optimized with the Yoast SEO plugin v20.7 - https:\/\/yoast.com\/wordpress\/plugins\/seo\/ -->\n<title>El Bloque UCR present\u00f3 dos proyectos en el HCD de obras para la escuela Agraria n\u00b01 -<\/title>\n<meta name=\"robots\" content=\"index, follow, max-snippet:-1, max-image-preview:large, max-video-preview:-1\" \/>\n<link rel=\"canonical\" href=\"https:\/\/experienciadevida.com.ar\/portalurbano\/el-bloque-ucr-presento-dos-proyectos-en-el-hcd-de-obras-para-la-escuela-agraria-n1\/\" \/>\n<meta property=\"og:locale\" content=\"es_ES\" \/>\n<meta property=\"og:type\" content=\"article\" \/>\n<meta property=\"og:title\" content=\"El Bloque UCR present\u00f3 dos proyectos en el HCD de obras para la escuela Agraria n\u00b01 -\" \/>\n<meta property=\"og:description\" content=\"El Bloque UCR present\u00f3 dos proyectos en el HCD de obras para la escuela Agraria...\" \/>\n<meta property=\"og:url\" content=\"https:\/\/experienciadevida.com.ar\/portalurbano\/el-bloque-ucr-presento-dos-proyectos-en-el-hcd-de-obras-para-la-escuela-agraria-n1\/\" \/>\n<meta property=\"article:publisher\" content=\"https:\/\/www.facebook.com\/Portal-Urbano-171542830093757\/\" \/>\n<meta property=\"article:published_time\" content=\"2021-04-28T13:28:45+00:00\" \/>\n<meta property=\"article:modified_time\" content=\"2021-04-28T13:29:30+00:00\" \/>\n<meta property=\"og:image\" content=\"https:\/\/experienciadevida.com.ar\/portalurbano\/wp-content\/uploads\/2018\/08\/HCD-1.jpg\" \/>\n\t<meta property=\"og:image:width\" content=\"667\" \/>\n\t<meta property=\"og:image:height\" content=\"500\" \/>\n\t<meta property=\"og:image:type\" content=\"image\/jpeg\" \/>\n<meta name=\"author\" content=\"admpu17wp\" \/>\n<meta name=\"twitter:card\" content=\"summary_large_image\" \/>\n<meta name=\"twitter:creator\" content=\"@portalurbanook\" \/>\n<meta name=\"twitter:site\" content=\"@portalurbanook\" \/>\n<meta name=\"twitter:label1\" content=\"Escrito por\" \/>\n\t<meta name=\"twitter:data1\" content=\"admpu17wp\" \/>\n\t<meta name=\"twitter:label2\" content=\"Tiempo de lectura\" \/>\n\t<meta name=\"twitter:data2\" content=\"1 minuto\" \/>\n<script type=\"application\/ld+json\" class=\"yoast-schema-graph\">{\"@context\":\"https:\/\/schema.org\",\"@graph\":[{\"@type\":\"Article\",\"@id\":\"https:\/\/experienciadevida.com.ar\/portalurbano\/el-bloque-ucr-presento-dos-proyectos-en-el-hcd-de-obras-para-la-escuela-agraria-n1\/#article\",\"isPartOf\":{\"@id\":\"https:\/\/experienciadevida.com.ar\/portalurbano\/el-bloque-ucr-presento-dos-proyectos-en-el-hcd-de-obras-para-la-escuela-agraria-n1\/\"},\"author\":{\"name\":\"admpu17wp\",\"@id\":\"https:\/\/experienciadevida.com.ar\/portalurbano\/#\/schema\/person\/02dd326b1c4b056e9cc972486934a3a7\"},\"headline\":\"El Bloque UCR present\u00f3 dos proyectos en el HCD de obras para la escuela Agraria n\u00b01\",\"datePublished\":\"2021-04-28T13:28:45+00:00\",\"dateModified\":\"2021-04-28T13:29:30+00:00\",\"mainEntityOfPage\":{\"@id\":\"https:\/\/experienciadevida.com.ar\/portalurbano\/el-bloque-ucr-presento-dos-proyectos-en-el-hcd-de-obras-para-la-escuela-agraria-n1\/\"},\"wordCount\":200,\"publisher\":{\"@id\":\"https:\/\/experienciadevida.com.ar\/portalurbano\/#organization\"},\"articleSection\":[\"Ciudad\",\"Destacadas 2\"],\"inLanguage\":\"es\"},{\"@type\":\"WebPage\",\"@id\":\"https:\/\/experienciadevida.com.ar\/portalurbano\/el-bloque-ucr-presento-dos-proyectos-en-el-hcd-de-obras-para-la-escuela-agraria-n1\/\",\"url\":\"https:\/\/experienciadevida.com.ar\/portalurbano\/el-bloque-ucr-presento-dos-proyectos-en-el-hcd-de-obras-para-la-escuela-agraria-n1\/\",\"name\":\"El Bloque UCR present\u00f3 dos proyectos en el HCD de obras para la escuela Agraria n\u00b01 -\",\"isPartOf\":{\"@id\":\"https:\/\/experienciadevida.com.ar\/portalurbano\/#website\"},\"datePublished\":\"2021-04-28T13:28:45+00:00\",\"dateModified\":\"2021-04-28T13:29:30+00:00\",\"breadcrumb\":{\"@id\":\"https:\/\/experienciadevida.com.ar\/portalurbano\/el-bloque-ucr-presento-dos-proyectos-en-el-hcd-de-obras-para-la-escuela-agraria-n1\/#breadcrumb\"},\"inLanguage\":\"es\",\"potentialAction\":[{\"@type\":\"ReadAction\",\"target\":[\"https:\/\/experienciadevida.com.ar\/portalurbano\/el-bloque-ucr-presento-dos-proyectos-en-el-hcd-de-obras-para-la-escuela-agraria-n1\/\"]}]},{\"@type\":\"BreadcrumbList\",\"@id\":\"https:\/\/experienciadevida.com.ar\/portalurbano\/el-bloque-ucr-presento-dos-proyectos-en-el-hcd-de-obras-para-la-escuela-agraria-n1\/#breadcrumb\",\"itemListElement\":[{\"@type\":\"ListItem\",\"position\":1,\"name\":\"Portada\",\"item\":\"https:\/\/experienciadevida.com.ar\/portalurbano\/\"},{\"@type\":\"ListItem\",\"position\":2,\"name\":\"El Bloque UCR present\u00f3 dos proyectos en el HCD de obras para la escuela Agraria n\u00b01\"}]},{\"@type\":\"WebSite\",\"@id\":\"https:\/\/experienciadevida.com.ar\/portalurbano\/#website\",\"url\":\"https:\/\/experienciadevida.com.ar\/portalurbano\/\",\"name\":\"\",\"description\":\"\",\"publisher\":{\"@id\":\"https:\/\/experienciadevida.com.ar\/portalurbano\/#organization\"},\"potentialAction\":[{\"@type\":\"SearchAction\",\"target\":{\"@type\":\"EntryPoint\",\"urlTemplate\":\"https:\/\/experienciadevida.com.ar\/portalurbano\/?s={search_term_string}\"},\"query-input\":\"required name=search_term_string\"}],\"inLanguage\":\"es\"},{\"@type\":\"Organization\",\"@id\":\"https:\/\/experienciadevida.com.ar\/portalurbano\/#organization\",\"name\":\"Portal Urbano\",\"url\":\"https:\/\/experienciadevida.com.ar\/portalurbano\/\",\"logo\":{\"@type\":\"ImageObject\",\"inLanguage\":\"es\",\"@id\":\"https:\/\/experienciadevida.com.ar\/portalurbano\/#\/schema\/logo\/image\/\",\"url\":\"https:\/\/experienciadevida.com.ar\/portalurbano\/wp-content\/uploads\/2019\/09\/Logo-Original.png\",\"contentUrl\":\"https:\/\/experienciadevida.com.ar\/portalurbano\/wp-content\/uploads\/2019\/09\/Logo-Original.png\",\"width\":2236,\"height\":1216,\"caption\":\"Portal Urbano\"},\"image\":{\"@id\":\"https:\/\/experienciadevida.com.ar\/portalurbano\/#\/schema\/logo\/image\/\"},\"sameAs\":[\"https:\/\/www.facebook.com\/Portal-Urbano-171542830093757\/\",\"https:\/\/twitter.com\/portalurbanook\",\"https:\/\/www.instagram.com\/_portalurbano\/\",\"https:\/\/www.youtube.com\/channel\/UCXhagIfszH8KxFiOok79zbA?view_as=subscriber\"]},{\"@type\":\"Person\",\"@id\":\"https:\/\/experienciadevida.com.ar\/portalurbano\/#\/schema\/person\/02dd326b1c4b056e9cc972486934a3a7\",\"name\":\"admpu17wp\",\"image\":{\"@type\":\"ImageObject\",\"inLanguage\":\"es\",\"@id\":\"https:\/\/experienciadevida.com.ar\/portalurbano\/#\/schema\/person\/image\/\",\"url\":\"https:\/\/secure.gravatar.com\/avatar\/830d4c57adaae6630765e449a6908047?s=96&d=mm&r=g\",\"contentUrl\":\"https:\/\/secure.gravatar.com\/avatar\/830d4c57adaae6630765e449a6908047?s=96&d=mm&r=g\",\"caption\":\"admpu17wp\"}}]}<\/script>\n<!-- \/ Yoast SEO plugin. -->","yoast_head_json":{"title":"El Bloque UCR present\u00f3 dos proyectos en el HCD de obras para la escuela Agraria n\u00b01 -","robots":{"index":"index","follow":"follow","max-snippet":"max-snippet:-1","max-image-preview":"max-image-preview:large","max-video-preview":"max-video-preview:-1"},"canonical":"https:\/\/experienciadevida.com.ar\/portalurbano\/el-bloque-ucr-presento-dos-proyectos-en-el-hcd-de-obras-para-la-escuela-agraria-n1\/","og_locale":"es_ES","og_type":"article","og_title":"El Bloque UCR present\u00f3 dos proyectos en el HCD de obras para la escuela Agraria n\u00b01 -","og_description":"El Bloque UCR present\u00f3 dos proyectos en el HCD de obras para la escuela Agraria...","og_url":"https:\/\/experienciadevida.com.ar\/portalurbano\/el-bloque-ucr-presento-dos-proyectos-en-el-hcd-de-obras-para-la-escuela-agraria-n1\/","article_publisher":"https:\/\/www.facebook.com\/Portal-Urbano-171542830093757\/","article_published_time":"2021-04-28T13:28:45+00:00","article_modified_time":"2021-04-28T13:29:30+00:00","og_image":[{"width":667,"height":500,"url":"https:\/\/experienciadevida.com.ar\/portalurbano\/wp-content\/uploads\/2018\/08\/HCD-1.jpg","type":"image\/jpeg"}],"author":"admpu17wp","twitter_card":"summary_large_image","twitter_creator":"@portalurbanook","twitter_site":"@portalurbanook","twitter_misc":{"Escrito por":"admpu17wp","Tiempo de lectura":"1 minuto"},"schema":{"@context":"https:\/\/schema.org","@graph":[{"@type":"Article","@id":"https:\/\/experienciadevida.com.ar\/portalurbano\/el-bloque-ucr-presento-dos-proyectos-en-el-hcd-de-obras-para-la-escuela-agraria-n1\/#article","isPartOf":{"@id":"https:\/\/experienciadevida.com.ar\/portalurbano\/el-bloque-ucr-presento-dos-proyectos-en-el-hcd-de-obras-para-la-escuela-agraria-n1\/"},"author":{"name":"admpu17wp","@id":"https:\/\/experienciadevida.com.ar\/portalurbano\/#\/schema\/person\/02dd326b1c4b056e9cc972486934a3a7"},"headline":"El Bloque UCR present\u00f3 dos proyectos en el HCD de obras para la escuela Agraria n\u00b01","datePublished":"2021-04-28T13:28:45+00:00","dateModified":"2021-04-28T13:29:30+00:00","mainEntityOfPage":{"@id":"https:\/\/experienciadevida.com.ar\/portalurbano\/el-bloque-ucr-presento-dos-proyectos-en-el-hcd-de-obras-para-la-escuela-agraria-n1\/"},"wordCount":200,"publisher":{"@id":"https:\/\/experienciadevida.com.ar\/portalurbano\/#organization"},"articleSection":["Ciudad","Destacadas 2"],"inLanguage":"es"},{"@type":"WebPage","@id":"https:\/\/experienciadevida.com.ar\/portalurbano\/el-bloque-ucr-presento-dos-proyectos-en-el-hcd-de-obras-para-la-escuela-agraria-n1\/","url":"https:\/\/experienciadevida.com.ar\/portalurbano\/el-bloque-ucr-presento-dos-proyectos-en-el-hcd-de-obras-para-la-escuela-agraria-n1\/","name":"El Bloque UCR present\u00f3 dos proyectos en el HCD de obras para la escuela Agraria n\u00b01 -","isPartOf":{"@id":"https:\/\/experienciadevida.com.ar\/portalurbano\/#website"},"datePublished":"2021-04-28T13:28:45+00:00","dateModified":"2021-04-28T13:29:30+00:00","breadcrumb":{"@id":"https:\/\/experienciadevida.com.ar\/portalurbano\/el-bloque-ucr-presento-dos-proyectos-en-el-hcd-de-obras-para-la-escuela-agraria-n1\/#breadcrumb"},"inLanguage":"es","potentialAction":[{"@type":"ReadAction","target":["https:\/\/experienciadevida.com.ar\/portalurbano\/el-bloque-ucr-presento-dos-proyectos-en-el-hcd-de-obras-para-la-escuela-agraria-n1\/"]}]},{"@type":"BreadcrumbList","@id":"https:\/\/experienciadevida.com.ar\/portalurbano\/el-bloque-ucr-presento-dos-proyectos-en-el-hcd-de-obras-para-la-escuela-agraria-n1\/#breadcrumb","itemListElement":[{"@type":"ListItem","position":1,"name":"Portada","item":"https:\/\/experienciadevida.com.ar\/portalurbano\/"},{"@type":"ListItem","position":2,"name":"El Bloque UCR present\u00f3 dos proyectos en el HCD de obras para la escuela Agraria n\u00b01"}]},{"@type":"WebSite","@id":"https:\/\/experienciadevida.com.ar\/portalurbano\/#website","url":"https:\/\/experienciadevida.com.ar\/portalurbano\/","name":"","description":"","publisher":{"@id":"https:\/\/experienciadevida.com.ar\/portalurbano\/#organization"},"potentialAction":[{"@type":"SearchAction","target":{"@type":"EntryPoint","urlTemplate":"https:\/\/experienciadevida.com.ar\/portalurbano\/?s={search_term_string}"},"query-input":"required name=search_term_string"}],"inLanguage":"es"},{"@type":"Organization","@id":"https:\/\/experienciadevida.com.ar\/portalurbano\/#organization","name":"Portal Urbano","url":"https:\/\/experienciadevida.com.ar\/portalurbano\/","logo":{"@type":"ImageObject","inLanguage":"es","@id":"https:\/\/experienciadevida.com.ar\/portalurbano\/#\/schema\/logo\/image\/","url":"https:\/\/experienciadevida.com.ar\/portalurbano\/wp-content\/uploads\/2019\/09\/Logo-Original.png","contentUrl":"https:\/\/experienciadevida.com.ar\/portalurbano\/wp-content\/uploads\/2019\/09\/Logo-Original.png","width":2236,"height":1216,"caption":"Portal Urbano"},"image":{"@id":"https:\/\/experienciadevida.com.ar\/portalurbano\/#\/schema\/logo\/image\/"},"sameAs":["https:\/\/www.facebook.com\/Portal-Urbano-171542830093757\/","https:\/\/twitter.com\/portalurbanook","https:\/\/www.instagram.com\/_portalurbano\/","https:\/\/www.youtube.com\/channel\/UCXhagIfszH8KxFiOok79zbA?view_as=subscriber"]},{"@type":"Person","@id":"https:\/\/experienciadevida.com.ar\/portalurbano\/#\/schema\/person\/02dd326b1c4b056e9cc972486934a3a7","name":"admpu17wp","image":{"@type":"ImageObject","inLanguage":"es","@id":"https:\/\/experienciadevida.com.ar\/portalurbano\/#\/schema\/person\/image\/","url":"https:\/\/secure.gravatar.com\/avatar\/830d4c57adaae6630765e449a6908047?s=96&d=mm&r=g","contentUrl":"https:\/\/secure.gravatar.com\/avatar\/830d4c57adaae6630765e449a6908047?s=96&d=mm&r=g","caption":"admpu17wp"}}]}},"featured_image_urls":{"full":"","thumbnail":"","medium":"","medium_large":"","large":"","ug_big":"","1536x1536":"","2048x2048":"","newsever-slider-full":"","newsever-featured":"","newsever-medium":"","web-stories-poster-portrait":"","web-stories-publisher-logo":"","web-stories-thumbnail":""},"author_info":{"display_name":"admpu17wp","author_link":"https:\/\/experienciadevida.com.ar\/portalurbano\/author\/admpu17wp\/"},"category_info":"<a href=\"https:\/\/experienciadevida.com.ar\/portalurbano\/category\/ciudad\/\" rel=\"category tag\">Ciudad<\/a> <a href=\"https:\/\/experienciadevida.com.ar\/portalurbano\/category\/destacadas-2\/\" rel=\"category tag\">Destacadas 2<\/a>","tag_info":"Destacadas 2","comment_count":"0","amp_enabled":true,"_links":{"self":[{"href":"https:\/\/experienciadevida.com.ar\/portalurbano\/wp-json\/wp\/v2\/posts\/141441"}],"collection":[{"href":"https:\/\/experienciadevida.com.ar\/portalurbano\/wp-json\/wp\/v2\/posts"}],"about":[{"href":"https:\/\/experienciadevida.com.ar\/portalurbano\/wp-json\/wp\/v2\/types\/post"}],"author":[{"embeddable":true,"href":"https:\/\/experienciadevida.com.ar\/portalurbano\/wp-json\/wp\/v2\/users\/1"}],"replies":[{"embeddable":true,"href":"https:\/\/experienciadevida.com.ar\/portalurbano\/wp-json\/wp\/v2\/comments?post=141441"}],"version-history":[{"count":1,"href":"https:\/\/experienciadevida.com.ar\/portalurbano\/wp-json\/wp\/v2\/posts\/141441\/revisions"}],"predecessor-version":[{"id":141442,"href":"https:\/\/experienciadevida.com.ar\/portalurbano\/wp-json\/wp\/v2\/posts\/141441\/revisions\/141442"}],"wp:attachment":[{"href":"https:\/\/experienciadevida.com.ar\/portalurbano\/wp-json\/wp\/v2\/media?parent=141441"}],"wp:term":[{"taxonomy":"category","embeddable":true,"href":"https:\/\/experienciadevida.com.ar\/portalurbano\/wp-json\/wp\/v2\/categories?post=141441"},{"taxonomy":"post_tag","embeddable":true,"href":"https:\/\/experienciadevida.com.ar\/portalurbano\/wp-json\/wp\/v2\/tags?post=141441"}],"curies":[{"name":"wp","href":"https:\/\/api.w.org\/{rel}","templated":true}]}}