{"id":141408,"date":"2021-04-27T21:36:23","date_gmt":"2021-04-28T00:36:23","guid":{"rendered":"https:\/\/experienciadevida.com.ar\/portalurbano\/?p=141408"},"modified":"2021-04-27T21:36:53","modified_gmt":"2021-04-28T00:36:53","slug":"el-foro-olavarria-lanza-la-campana-seguridad-vial-en-pandemia-menos-siniestros-mas-camas-covid","status":"publish","type":"post","link":"https:\/\/experienciadevida.com.ar\/portalurbano\/el-foro-olavarria-lanza-la-campana-seguridad-vial-en-pandemia-menos-siniestros-mas-camas-covid\/","title":{"rendered":"El Foro Olavarr\u00eda lanza la campa\u00f1a Seguridad vial en pandemia: &#8220;Menos siniestros, m\u00e1s camas Covid&#8221;"},"content":{"rendered":"<p>El Foro Olavarr\u00eda lanza la campa\u00f1a Seguridad vial en pandemia: &#8220;Menos siniestros, m\u00e1s camas Covid&#8221;, el espacio conducido por el Concejal <a href=\"https:\/\/www.facebook.com\/rodriguezolav\">Eduardo Rodr\u00edguez <\/a>y la Concejal In\u00e9s Creimer impulsa una campa\u00f1a junto a la entidad local \u201cSomos amigos de la vida\u201d para la prevenci\u00f3n de siniestros viales ante la necesidad de optimizar los recursos del Hospital debido a la pandemia.<\/p>\n<p>El Foro Olavarr\u00eda da inicio a la campa\u00f1a de seguridad vial en pandemia junto a la entidad local &#8220;Somos amigos de la Vida&#8221; con el objetivo de evitar los siniestros de tr\u00e1nsito, disminuir los da\u00f1os en las personas y, por ende, reducir la atenci\u00f3n y ocupaci\u00f3n de nuestro Hospital P\u00fablico.<\/p>\n<p>El Foro Olavarr\u00eda lanza la campa\u00f1a seguridad vial en pandemia y el Concejal Eduardo Rodr\u00edguez se\u00f1al\u00f3 que &#8220;ante el aumento de casos por Covid-19 y la situaci\u00f3n que se vive en el Hospital &#8216;Dr. H\u00e9ctor M. Cura&#8217;, la campa\u00f1a Seguridad vial en pandemia busca evitar los siniestros que conduzcan a la ocupaci\u00f3n de camas y profesionales de la salud, lo que implica una complicaci\u00f3n al sistema sanitario local en este contexto&#8221;.<\/p>\n<p>Mediante un spot audiovisual que circular\u00e1 a trav\u00e9s de distintas plataformas digitales bajo el t\u00edtulo \u201cMenos siniestros, m\u00e1s camas COVID\u201d el primer objetivo es promover el respeto a las normas de tr\u00e1nsito, instalando una perspectiva de la seguridad vial como asunto de salud p\u00fablica. La producci\u00f3n audiovisual presenta distintos actores sociales de nuestra ciudad que transmiten el mensaje de cuidado a la hora de transitar por las calles y de respeto a las medidas sanitarias.<br \/>\nEl trabajo fue realizado por el equipo de Foro Olavarr\u00eda bajo la coordinaci\u00f3n t\u00e9cnica de Agust\u00edn Alfonzo.<\/p>\n<p>Link al video: https:\/\/youtu.be\/HqzECPFBf0I<\/p>\n<p>Apertura y mayor participaci\u00f3n<\/p>\n<p>El espacio conducido por el Concejal Eduardo Rodr\u00edguez y la Concejala In\u00e9s Creimer y que representa al Frente Renovador contin\u00faa ampliando su equipo de trabajo con la integraci\u00f3n de la entidad &#8220;Somos Amigos de la Vida&#8221;, para desarrollar propuestas y proyectos de movilidad urbana sostenible, seguridad y educaci\u00f3n vial.<\/p>\n<p>\u201cSomos amigos de la vida\u201d es una entidad de bien p\u00fablico que viene desarrollando estudios y propuestas en materia de educaci\u00f3n y concientizaci\u00f3n en seguridad vial desde hace muchos a\u00f1os en nuestra ciudad. A trav\u00e9s de la campa\u00f1a denominada \u201cSeguridad vial en pandemia\u201d se da a conocer su reciente incorporaci\u00f3n al Foro Olavarr\u00eda.<br \/>\n&#8220;Somos un espacio abierto, con mucho trabajo comunitario y cultural, y con propuestas para el progreso de Olavarr\u00eda y las localidades&#8221; se\u00f1al\u00f3 Eduardo Rodr\u00edguez y a\u00f1adi\u00f3 &#8220;queremos que los olavarrienses que deseen participar, que tengan proyectos para la ciudad y las localidades cuenten con un espacio real de protagonismo&#8221;.<\/p>\n<p>Para m\u00e1s informaci\u00f3n de los proyectos del Foro Olavarr\u00eda acercarse a la Casa Eduardo \u201cChino\u201d Correa, en Belgrano 3222, de lunes a viernes de 9 a 13 hs. O comunicarse mediante las siguientes v\u00edas:<\/p>\n<p>WhatsApp: 2284 554873<br \/>\nE-Mail: foroolavarria@gmail.com<br \/>\nP\u00e1gina Web: www.foroolavarria.org<\/p>\n","protected":false},"excerpt":{"rendered":"<p>El Foro Olavarr\u00eda lanza la campa\u00f1a Seguridad vial en pandemia: &#8220;Menos siniestros, m\u00e1s camas Covid&#8221;,&#8230;<\/p>\n","protected":false},"author":1,"featured_media":141409,"comment_status":"closed","ping_status":"closed","sticky":false,"template":"","format":"standard","meta":{"content-type":""},"categories":[27,64],"tags":[],"nelio_content":{"isAutoShareEnabled":false,"autoShareEndMode":"default","automationSources":{"useContentSentences":true,"useSocialTemplates":true,"useCustomSentences":false,"customSentences":[]},"followers":[1],"suggestedReferences":[],"includedReferences":[],"efiUrl":"","efiAlt":"","highlights":[]},"yoast_head":"<!-- This site is optimized with the Yoast SEO plugin v20.7 - https:\/\/yoast.com\/wordpress\/plugins\/seo\/ -->\n<title>El Foro Olavarr\u00eda lanza la campa\u00f1a seguridad vial en pandemia<\/title>\n<meta name=\"description\" content=\"El Foro Olavarr\u00eda lanza la campa\u00f1a Seguridad vial en pandemia: &quot;Menos siniestros, m\u00e1s camas Covid&quot;, conducido por Rodr\u00edguez e In\u00e9s Creimer.\" \/>\n<meta name=\"robots\" content=\"index, follow, max-snippet:-1, max-image-preview:large, max-video-preview:-1\" \/>\n<link rel=\"canonical\" href=\"https:\/\/experienciadevida.com.ar\/portalurbano\/el-foro-olavarria-lanza-la-campana-seguridad-vial-en-pandemia-menos-siniestros-mas-camas-covid\/\" \/>\n<meta property=\"og:locale\" content=\"es_ES\" \/>\n<meta property=\"og:type\" content=\"article\" \/>\n<meta property=\"og:title\" content=\"El Foro Olavarr\u00eda lanza la campa\u00f1a seguridad vial en pandemia\" \/>\n<meta property=\"og:description\" content=\"El Foro Olavarr\u00eda lanza la campa\u00f1a Seguridad vial en pandemia: &quot;Menos siniestros, m\u00e1s camas Covid&quot;, conducido por Rodr\u00edguez e In\u00e9s Creimer.\" \/>\n<meta property=\"og:url\" content=\"https:\/\/experienciadevida.com.ar\/portalurbano\/el-foro-olavarria-lanza-la-campana-seguridad-vial-en-pandemia-menos-siniestros-mas-camas-covid\/\" \/>\n<meta property=\"article:publisher\" content=\"https:\/\/www.facebook.com\/Portal-Urbano-171542830093757\/\" \/>\n<meta property=\"article:published_time\" content=\"2021-04-28T00:36:23+00:00\" \/>\n<meta property=\"article:modified_time\" content=\"2021-04-28T00:36:53+00:00\" \/>\n<meta property=\"og:image\" content=\"https:\/\/experienciadevida.com.ar\/portalurbano\/wp-content\/uploads\/2021\/04\/El-Foro-Olavarria-lanza-la.jpg\" \/>\n\t<meta property=\"og:image:width\" content=\"1280\" \/>\n\t<meta property=\"og:image:height\" content=\"720\" \/>\n\t<meta property=\"og:image:type\" content=\"image\/jpeg\" \/>\n<meta name=\"author\" content=\"admpu17wp\" \/>\n<meta name=\"twitter:card\" content=\"summary_large_image\" \/>\n<meta name=\"twitter:creator\" content=\"@portalurbanook\" \/>\n<meta name=\"twitter:site\" content=\"@portalurbanook\" \/>\n<meta name=\"twitter:label1\" content=\"Escrito por\" \/>\n\t<meta name=\"twitter:data1\" content=\"admpu17wp\" \/>\n\t<meta name=\"twitter:label2\" content=\"Tiempo de lectura\" \/>\n\t<meta name=\"twitter:data2\" content=\"3 minutos\" \/>\n<script type=\"application\/ld+json\" class=\"yoast-schema-graph\">{\"@context\":\"https:\/\/schema.org\",\"@graph\":[{\"@type\":\"Article\",\"@id\":\"https:\/\/experienciadevida.com.ar\/portalurbano\/el-foro-olavarria-lanza-la-campana-seguridad-vial-en-pandemia-menos-siniestros-mas-camas-covid\/#article\",\"isPartOf\":{\"@id\":\"https:\/\/experienciadevida.com.ar\/portalurbano\/el-foro-olavarria-lanza-la-campana-seguridad-vial-en-pandemia-menos-siniestros-mas-camas-covid\/\"},\"author\":{\"name\":\"admpu17wp\",\"@id\":\"https:\/\/experienciadevida.com.ar\/portalurbano\/#\/schema\/person\/02dd326b1c4b056e9cc972486934a3a7\"},\"headline\":\"El Foro Olavarr\u00eda lanza la campa\u00f1a Seguridad vial en pandemia: &#8220;Menos siniestros, m\u00e1s camas Covid&#8221;\",\"datePublished\":\"2021-04-28T00:36:23+00:00\",\"dateModified\":\"2021-04-28T00:36:53+00:00\",\"mainEntityOfPage\":{\"@id\":\"https:\/\/experienciadevida.com.ar\/portalurbano\/el-foro-olavarria-lanza-la-campana-seguridad-vial-en-pandemia-menos-siniestros-mas-camas-covid\/\"},\"wordCount\":551,\"publisher\":{\"@id\":\"https:\/\/experienciadevida.com.ar\/portalurbano\/#organization\"},\"articleSection\":[\"Ciudad\",\"Destacadas 2\"],\"inLanguage\":\"es\"},{\"@type\":\"WebPage\",\"@id\":\"https:\/\/experienciadevida.com.ar\/portalurbano\/el-foro-olavarria-lanza-la-campana-seguridad-vial-en-pandemia-menos-siniestros-mas-camas-covid\/\",\"url\":\"https:\/\/experienciadevida.com.ar\/portalurbano\/el-foro-olavarria-lanza-la-campana-seguridad-vial-en-pandemia-menos-siniestros-mas-camas-covid\/\",\"name\":\"El Foro Olavarr\u00eda lanza la campa\u00f1a seguridad vial en pandemia\",\"isPartOf\":{\"@id\":\"https:\/\/experienciadevida.com.ar\/portalurbano\/#website\"},\"datePublished\":\"2021-04-28T00:36:23+00:00\",\"dateModified\":\"2021-04-28T00:36:53+00:00\",\"description\":\"El Foro Olavarr\u00eda lanza la campa\u00f1a Seguridad vial en pandemia: \\\"Menos siniestros, m\u00e1s camas Covid\\\", conducido por Rodr\u00edguez e In\u00e9s Creimer.\",\"breadcrumb\":{\"@id\":\"https:\/\/experienciadevida.com.ar\/portalurbano\/el-foro-olavarria-lanza-la-campana-seguridad-vial-en-pandemia-menos-siniestros-mas-camas-covid\/#breadcrumb\"},\"inLanguage\":\"es\",\"potentialAction\":[{\"@type\":\"ReadAction\",\"target\":[\"https:\/\/experienciadevida.com.ar\/portalurbano\/el-foro-olavarria-lanza-la-campana-seguridad-vial-en-pandemia-menos-siniestros-mas-camas-covid\/\"]}]},{\"@type\":\"BreadcrumbList\",\"@id\":\"https:\/\/experienciadevida.com.ar\/portalurbano\/el-foro-olavarria-lanza-la-campana-seguridad-vial-en-pandemia-menos-siniestros-mas-camas-covid\/#breadcrumb\",\"itemListElement\":[{\"@type\":\"ListItem\",\"position\":1,\"name\":\"Portada\",\"item\":\"https:\/\/experienciadevida.com.ar\/portalurbano\/\"},{\"@type\":\"ListItem\",\"position\":2,\"name\":\"El Foro Olavarr\u00eda lanza la campa\u00f1a Seguridad vial en pandemia: \u00abMenos siniestros, m\u00e1s camas Covid\u00bb\"}]},{\"@type\":\"WebSite\",\"@id\":\"https:\/\/experienciadevida.com.ar\/portalurbano\/#website\",\"url\":\"https:\/\/experienciadevida.com.ar\/portalurbano\/\",\"name\":\"\",\"description\":\"\",\"publisher\":{\"@id\":\"https:\/\/experienciadevida.com.ar\/portalurbano\/#organization\"},\"potentialAction\":[{\"@type\":\"SearchAction\",\"target\":{\"@type\":\"EntryPoint\",\"urlTemplate\":\"https:\/\/experienciadevida.com.ar\/portalurbano\/?s={search_term_string}\"},\"query-input\":\"required name=search_term_string\"}],\"inLanguage\":\"es\"},{\"@type\":\"Organization\",\"@id\":\"https:\/\/experienciadevida.com.ar\/portalurbano\/#organization\",\"name\":\"Portal Urbano\",\"url\":\"https:\/\/experienciadevida.com.ar\/portalurbano\/\",\"logo\":{\"@type\":\"ImageObject\",\"inLanguage\":\"es\",\"@id\":\"https:\/\/experienciadevida.com.ar\/portalurbano\/#\/schema\/logo\/image\/\",\"url\":\"https:\/\/experienciadevida.com.ar\/portalurbano\/wp-content\/uploads\/2019\/09\/Logo-Original.png\",\"contentUrl\":\"https:\/\/experienciadevida.com.ar\/portalurbano\/wp-content\/uploads\/2019\/09\/Logo-Original.png\",\"width\":2236,\"height\":1216,\"caption\":\"Portal Urbano\"},\"image\":{\"@id\":\"https:\/\/experienciadevida.com.ar\/portalurbano\/#\/schema\/logo\/image\/\"},\"sameAs\":[\"https:\/\/www.facebook.com\/Portal-Urbano-171542830093757\/\",\"https:\/\/twitter.com\/portalurbanook\",\"https:\/\/www.instagram.com\/_portalurbano\/\",\"https:\/\/www.youtube.com\/channel\/UCXhagIfszH8KxFiOok79zbA?view_as=subscriber\"]},{\"@type\":\"Person\",\"@id\":\"https:\/\/experienciadevida.com.ar\/portalurbano\/#\/schema\/person\/02dd326b1c4b056e9cc972486934a3a7\",\"name\":\"admpu17wp\",\"image\":{\"@type\":\"ImageObject\",\"inLanguage\":\"es\",\"@id\":\"https:\/\/experienciadevida.com.ar\/portalurbano\/#\/schema\/person\/image\/\",\"url\":\"https:\/\/secure.gravatar.com\/avatar\/830d4c57adaae6630765e449a6908047?s=96&d=mm&r=g\",\"contentUrl\":\"https:\/\/secure.gravatar.com\/avatar\/830d4c57adaae6630765e449a6908047?s=96&d=mm&r=g\",\"caption\":\"admpu17wp\"}}]}<\/script>\n<!-- \/ Yoast SEO plugin. -->","yoast_head_json":{"title":"El Foro Olavarr\u00eda lanza la campa\u00f1a seguridad vial en pandemia","description":"El Foro Olavarr\u00eda lanza la campa\u00f1a Seguridad vial en pandemia: \"Menos siniestros, m\u00e1s camas Covid\", conducido por Rodr\u00edguez e In\u00e9s Creimer.","robots":{"index":"index","follow":"follow","max-snippet":"max-snippet:-1","max-image-preview":"max-image-preview:large","max-video-preview":"max-video-preview:-1"},"canonical":"https:\/\/experienciadevida.com.ar\/portalurbano\/el-foro-olavarria-lanza-la-campana-seguridad-vial-en-pandemia-menos-siniestros-mas-camas-covid\/","og_locale":"es_ES","og_type":"article","og_title":"El Foro Olavarr\u00eda lanza la campa\u00f1a seguridad vial en pandemia","og_description":"El Foro Olavarr\u00eda lanza la campa\u00f1a Seguridad vial en pandemia: \"Menos siniestros, m\u00e1s camas Covid\", conducido por Rodr\u00edguez e In\u00e9s Creimer.","og_url":"https:\/\/experienciadevida.com.ar\/portalurbano\/el-foro-olavarria-lanza-la-campana-seguridad-vial-en-pandemia-menos-siniestros-mas-camas-covid\/","article_publisher":"https:\/\/www.facebook.com\/Portal-Urbano-171542830093757\/","article_published_time":"2021-04-28T00:36:23+00:00","article_modified_time":"2021-04-28T00:36:53+00:00","og_image":[{"width":1280,"height":720,"url":"https:\/\/experienciadevida.com.ar\/portalurbano\/wp-content\/uploads\/2021\/04\/El-Foro-Olavarria-lanza-la.jpg","type":"image\/jpeg"}],"author":"admpu17wp","twitter_card":"summary_large_image","twitter_creator":"@portalurbanook","twitter_site":"@portalurbanook","twitter_misc":{"Escrito por":"admpu17wp","Tiempo de lectura":"3 minutos"},"schema":{"@context":"https:\/\/schema.org","@graph":[{"@type":"Article","@id":"https:\/\/experienciadevida.com.ar\/portalurbano\/el-foro-olavarria-lanza-la-campana-seguridad-vial-en-pandemia-menos-siniestros-mas-camas-covid\/#article","isPartOf":{"@id":"https:\/\/experienciadevida.com.ar\/portalurbano\/el-foro-olavarria-lanza-la-campana-seguridad-vial-en-pandemia-menos-siniestros-mas-camas-covid\/"},"author":{"name":"admpu17wp","@id":"https:\/\/experienciadevida.com.ar\/portalurbano\/#\/schema\/person\/02dd326b1c4b056e9cc972486934a3a7"},"headline":"El Foro Olavarr\u00eda lanza la campa\u00f1a Seguridad vial en pandemia: &#8220;Menos siniestros, m\u00e1s camas Covid&#8221;","datePublished":"2021-04-28T00:36:23+00:00","dateModified":"2021-04-28T00:36:53+00:00","mainEntityOfPage":{"@id":"https:\/\/experienciadevida.com.ar\/portalurbano\/el-foro-olavarria-lanza-la-campana-seguridad-vial-en-pandemia-menos-siniestros-mas-camas-covid\/"},"wordCount":551,"publisher":{"@id":"https:\/\/experienciadevida.com.ar\/portalurbano\/#organization"},"articleSection":["Ciudad","Destacadas 2"],"inLanguage":"es"},{"@type":"WebPage","@id":"https:\/\/experienciadevida.com.ar\/portalurbano\/el-foro-olavarria-lanza-la-campana-seguridad-vial-en-pandemia-menos-siniestros-mas-camas-covid\/","url":"https:\/\/experienciadevida.com.ar\/portalurbano\/el-foro-olavarria-lanza-la-campana-seguridad-vial-en-pandemia-menos-siniestros-mas-camas-covid\/","name":"El Foro Olavarr\u00eda lanza la campa\u00f1a seguridad vial en pandemia","isPartOf":{"@id":"https:\/\/experienciadevida.com.ar\/portalurbano\/#website"},"datePublished":"2021-04-28T00:36:23+00:00","dateModified":"2021-04-28T00:36:53+00:00","description":"El Foro Olavarr\u00eda lanza la campa\u00f1a Seguridad vial en pandemia: \"Menos siniestros, m\u00e1s camas Covid\", conducido por Rodr\u00edguez e In\u00e9s Creimer.","breadcrumb":{"@id":"https:\/\/experienciadevida.com.ar\/portalurbano\/el-foro-olavarria-lanza-la-campana-seguridad-vial-en-pandemia-menos-siniestros-mas-camas-covid\/#breadcrumb"},"inLanguage":"es","potentialAction":[{"@type":"ReadAction","target":["https:\/\/experienciadevida.com.ar\/portalurbano\/el-foro-olavarria-lanza-la-campana-seguridad-vial-en-pandemia-menos-siniestros-mas-camas-covid\/"]}]},{"@type":"BreadcrumbList","@id":"https:\/\/experienciadevida.com.ar\/portalurbano\/el-foro-olavarria-lanza-la-campana-seguridad-vial-en-pandemia-menos-siniestros-mas-camas-covid\/#breadcrumb","itemListElement":[{"@type":"ListItem","position":1,"name":"Portada","item":"https:\/\/experienciadevida.com.ar\/portalurbano\/"},{"@type":"ListItem","position":2,"name":"El Foro Olavarr\u00eda lanza la campa\u00f1a Seguridad vial en pandemia: \u00abMenos siniestros, m\u00e1s camas Covid\u00bb"}]},{"@type":"WebSite","@id":"https:\/\/experienciadevida.com.ar\/portalurbano\/#website","url":"https:\/\/experienciadevida.com.ar\/portalurbano\/","name":"","description":"","publisher":{"@id":"https:\/\/experienciadevida.com.ar\/portalurbano\/#organization"},"potentialAction":[{"@type":"SearchAction","target":{"@type":"EntryPoint","urlTemplate":"https:\/\/experienciadevida.com.ar\/portalurbano\/?s={search_term_string}"},"query-input":"required name=search_term_string"}],"inLanguage":"es"},{"@type":"Organization","@id":"https:\/\/experienciadevida.com.ar\/portalurbano\/#organization","name":"Portal Urbano","url":"https:\/\/experienciadevida.com.ar\/portalurbano\/","logo":{"@type":"ImageObject","inLanguage":"es","@id":"https:\/\/experienciadevida.com.ar\/portalurbano\/#\/schema\/logo\/image\/","url":"https:\/\/experienciadevida.com.ar\/portalurbano\/wp-content\/uploads\/2019\/09\/Logo-Original.png","contentUrl":"https:\/\/experienciadevida.com.ar\/portalurbano\/wp-content\/uploads\/2019\/09\/Logo-Original.png","width":2236,"height":1216,"caption":"Portal Urbano"},"image":{"@id":"https:\/\/experienciadevida.com.ar\/portalurbano\/#\/schema\/logo\/image\/"},"sameAs":["https:\/\/www.facebook.com\/Portal-Urbano-171542830093757\/","https:\/\/twitter.com\/portalurbanook","https:\/\/www.instagram.com\/_portalurbano\/","https:\/\/www.youtube.com\/channel\/UCXhagIfszH8KxFiOok79zbA?view_as=subscriber"]},{"@type":"Person","@id":"https:\/\/experienciadevida.com.ar\/portalurbano\/#\/schema\/person\/02dd326b1c4b056e9cc972486934a3a7","name":"admpu17wp","image":{"@type":"ImageObject","inLanguage":"es","@id":"https:\/\/experienciadevida.com.ar\/portalurbano\/#\/schema\/person\/image\/","url":"https:\/\/secure.gravatar.com\/avatar\/830d4c57adaae6630765e449a6908047?s=96&d=mm&r=g","contentUrl":"https:\/\/secure.gravatar.com\/avatar\/830d4c57adaae6630765e449a6908047?s=96&d=mm&r=g","caption":"admpu17wp"}}]}},"featured_image_urls":{"full":["https:\/\/experienciadevida.com.ar\/portalurbano\/wp-content\/uploads\/2021\/04\/El-Foro-Olavarria-lanza-la.jpg",1280,720,false],"thumbnail":["https:\/\/experienciadevida.com.ar\/portalurbano\/wp-content\/uploads\/2021\/04\/El-Foro-Olavarria-lanza-la-150x150.jpg",150,150,true],"medium":["https:\/\/experienciadevida.com.ar\/portalurbano\/wp-content\/uploads\/2021\/04\/El-Foro-Olavarria-lanza-la-300x169.jpg",300,169,true],"medium_large":["https:\/\/experienciadevida.com.ar\/portalurbano\/wp-content\/uploads\/2021\/04\/El-Foro-Olavarria-lanza-la-768x432.jpg",640,360,true],"large":["https:\/\/experienciadevida.com.ar\/portalurbano\/wp-content\/uploads\/2021\/04\/El-Foro-Olavarria-lanza-la-1024x576.jpg",640,360,true],"ug_big":["https:\/\/experienciadevida.com.ar\/portalurbano\/wp-content\/uploads\/2021\/04\/El-Foro-Olavarria-lanza-la-768x432.jpg",768,432,true],"1536x1536":["https:\/\/experienciadevida.com.ar\/portalurbano\/wp-content\/uploads\/2021\/04\/El-Foro-Olavarria-lanza-la.jpg",1280,720,false],"2048x2048":["https:\/\/experienciadevida.com.ar\/portalurbano\/wp-content\/uploads\/2021\/04\/El-Foro-Olavarria-lanza-la.jpg",1280,720,false],"newsever-slider-full":["https:\/\/experienciadevida.com.ar\/portalurbano\/wp-content\/uploads\/2021\/04\/El-Foro-Olavarria-lanza-la.jpg",1280,720,false],"newsever-featured":["https:\/\/experienciadevida.com.ar\/portalurbano\/wp-content\/uploads\/2021\/04\/El-Foro-Olavarria-lanza-la.jpg",1024,576,false],"newsever-medium":["https:\/\/experienciadevida.com.ar\/portalurbano\/wp-content\/uploads\/2021\/04\/El-Foro-Olavarria-lanza-la.jpg",720,405,false],"web-stories-poster-portrait":["https:\/\/experienciadevida.com.ar\/portalurbano\/wp-content\/uploads\/2021\/04\/El-Foro-Olavarria-lanza-la.jpg",640,360,false],"web-stories-publisher-logo":["https:\/\/experienciadevida.com.ar\/portalurbano\/wp-content\/uploads\/2021\/04\/El-Foro-Olavarria-lanza-la.jpg",96,54,false],"web-stories-thumbnail":["https:\/\/experienciadevida.com.ar\/portalurbano\/wp-content\/uploads\/2021\/04\/El-Foro-Olavarria-lanza-la.jpg",150,84,false]},"author_info":{"display_name":"admpu17wp","author_link":"https:\/\/experienciadevida.com.ar\/portalurbano\/author\/admpu17wp\/"},"category_info":"<a href=\"https:\/\/experienciadevida.com.ar\/portalurbano\/category\/ciudad\/\" rel=\"category tag\">Ciudad<\/a> <a href=\"https:\/\/experienciadevida.com.ar\/portalurbano\/category\/destacadas-2\/\" rel=\"category tag\">Destacadas 2<\/a>","tag_info":"Destacadas 2","comment_count":"0","amp_enabled":true,"_links":{"self":[{"href":"https:\/\/experienciadevida.com.ar\/portalurbano\/wp-json\/wp\/v2\/posts\/141408"}],"collection":[{"href":"https:\/\/experienciadevida.com.ar\/portalurbano\/wp-json\/wp\/v2\/posts"}],"about":[{"href":"https:\/\/experienciadevida.com.ar\/portalurbano\/wp-json\/wp\/v2\/types\/post"}],"author":[{"embeddable":true,"href":"https:\/\/experienciadevida.com.ar\/portalurbano\/wp-json\/wp\/v2\/users\/1"}],"replies":[{"embeddable":true,"href":"https:\/\/experienciadevida.com.ar\/portalurbano\/wp-json\/wp\/v2\/comments?post=141408"}],"version-history":[{"count":1,"href":"https:\/\/experienciadevida.com.ar\/portalurbano\/wp-json\/wp\/v2\/posts\/141408\/revisions"}],"predecessor-version":[{"id":141410,"href":"https:\/\/experienciadevida.com.ar\/portalurbano\/wp-json\/wp\/v2\/posts\/141408\/revisions\/141410"}],"wp:featuredmedia":[{"embeddable":true,"href":"https:\/\/experienciadevida.com.ar\/portalurbano\/wp-json\/wp\/v2\/media\/141409"}],"wp:attachment":[{"href":"https:\/\/experienciadevida.com.ar\/portalurbano\/wp-json\/wp\/v2\/media?parent=141408"}],"wp:term":[{"taxonomy":"category","embeddable":true,"href":"https:\/\/experienciadevida.com.ar\/portalurbano\/wp-json\/wp\/v2\/categories?post=141408"},{"taxonomy":"post_tag","embeddable":true,"href":"https:\/\/experienciadevida.com.ar\/portalurbano\/wp-json\/wp\/v2\/tags?post=141408"}],"curies":[{"name":"wp","href":"https:\/\/api.w.org\/{rel}","templated":true}]}}