{"id":141355,"date":"2021-04-27T14:53:41","date_gmt":"2021-04-27T17:53:41","guid":{"rendered":"https:\/\/experienciadevida.com.ar\/portalurbano\/?p=141355"},"modified":"2021-04-27T14:58:27","modified_gmt":"2021-04-27T17:58:27","slug":"se-realizo-la-concentracion-por-vacunas-para-todos-y-salario-igual-a-la-canasta-familiar","status":"publish","type":"post","link":"https:\/\/experienciadevida.com.ar\/portalurbano\/se-realizo-la-concentracion-por-vacunas-para-todos-y-salario-igual-a-la-canasta-familiar\/","title":{"rendered":"Se realiz\u00f3 la concentraci\u00f3n por vacunas para todos y salario igual a la canasta familiar"},"content":{"rendered":"<p>Se realiz\u00f3 la concentraci\u00f3n por vacunas para todos y salario igual a la canasta familiar, f<a href=\"https:\/\/experienciadevida.com.ar\/portalurbano\/movilizacion-en-todo-el-pais-por-vacunas-para-todos-y-salario-igual-a-la-canasta-familiar\/\">ue en la ma\u00f1ana de este martes en el Paseo Jes\u00fas Mend\u00eda<\/a>, y este medio dialog\u00f3 con uno de los referentes del<a href=\"https:\/\/www.facebook.com\/PartidoObreroOlavarria\"> Polo Obrero.<\/a><\/p>\n<p>&#8220;Hicimos una peque\u00f1a concentraci\u00f3n del Polo obrero y Partido obrero en coincidencia con la movilizaci\u00f3n que se va a estar realizando hoy en Buenos Aires en el Ministerio de Trabajo, hoy se re\u00fane el consejo del salario que es una reuni\u00f3n del Gobierno con las patronales y la burocracia Sindical en la que se va a definir un salario que ya sabemos que va a ser por debajo de la pobreza&#8221;.<\/p>\n<p>Se realiz\u00f3 la concentraci\u00f3n por vacunas para todos y salario igual a la canasta familiar,\u00a0 &#8220;en Olavarr\u00eda nos movilizamos para respaldar la de naci\u00f3n, y exigir al Gobierno Municipal que tome cartas en el asunto ante la situaci\u00f3n de pandemia sanitaria que estamos viviendo, pero tambi\u00e9n ante la pandemia social, porque en los barrios no deja de crecer la pobreza, el hambre, la miseria. Los comedores populares en los barrios est\u00e1n recibiendo cada vez m\u00e1s familias que necesitan un alimento, un plato diario y el Gobierno Municipal no est\u00e1 haciendo nada&#8221;.<\/p>\n<p>&#8220;Ante esto vamos a hacer una presentaci\u00f3n a Diego Robbiani para seguir exigiendo que el Estado Municipal garantice asistencia a los comedores, una asistencia a la altura de las circunstancias no solamente con productos secos sino tambi\u00e9n productos frescos, con carnes, verduras, porque muchas veces la \u00fanica fuente de alimentaci\u00f3n que tienen las familias es eso&#8221;.<\/p>\n<p>Tambi\u00e9n &#8220;respaldamos otro de los puntos en lo que respecta a lo salarial, un seguro al desocupado de 40 mil pesos, que sirva tambi\u00e9n para atender a la suba de precios que estamos viviendo no solo en los alimentos sino en los productos de primera necesidad, as\u00ed como tambi\u00e9n en los combustibles, tarifas, suba de alquileres que ahora se descongelaron y que muchas familias est\u00e1n perdiendo la posibilidad de seguir alquilando y qued\u00e1ndose en la calle, desalojados&#8221;.<\/p>\n<p>&#8220;Anteriormente Diego Robbiani nos ha atendido a nuestros reclamos, pero despu\u00e9s de la entrega de garrafas no tuvimos mayores respuestas, es muy limitada la ayuda que el Estado Municipal nos dio, la poca mercader\u00eda que venimos consiguiendo es gracias a la donaci\u00f3n de vecinos y una l\u00ednea de desarrollo social. Necesitamos que los comedores puedan brindar alimentaci\u00f3n sana y equilibrada, la gente necesita comer prote\u00ednas, productos frescos&#8221;.<\/p>\n<p>Para finalizar otro de los puntos que acompa\u00f1an es sobre la vacunaci\u00f3n y con respecto a esto Agust\u00edn Mestralet\u00a0 dijo &#8220;venimos impulsando una campa\u00f1a de pronunciamientos y adhesiones para que se liberen las patentes de las vacunas y que el Estado Nacional tome cartas en el asunto y ponga a disposici\u00f3n p\u00fablica los laboratorios. Necesitamos que lleguen las dosis necesarias no solamente para los grupos de riesgo y personal esencial&#8221;.<\/p>\n<p>&#8220;Tambi\u00e9n pedimos que se reconozca a los trabajadores de los comedores populares y barriales como esencial ya que est\u00e1n expuestos al contagio con el contacto diario con sus vecinos. Queremos que las vacunanas lleguen a todos los Argentinos&#8221;, remarc\u00f3.<\/p>\n<p><a href=\"https:\/\/experienciadevida.com.ar\/portalurbano\/se-realizo-la-concentracion-por-vacunas-para-todos-y-salario-igual-a-la-canasta-familiar\/concentracion1-6\/\" rel=\"attachment wp-att-141360\"><img decoding=\"async\" class=\"alignnone size-full wp-image-141360\" src=\"https:\/\/experienciadevida.com.ar\/portalurbano\/wp-content\/uploads\/2021\/04\/Concentracion1.jpg\" alt=\"Se realiz\u00f3 la concentraci\u00f3n\" width=\"765\" height=\"510\" srcset=\"https:\/\/experienciadevida.com.ar\/portalurbano\/wp-content\/uploads\/2021\/04\/Concentracion1.jpg 765w, https:\/\/experienciadevida.com.ar\/portalurbano\/wp-content\/uploads\/2021\/04\/Concentracion1-300x200.jpg 300w\" sizes=\"(max-width: 765px) 100vw, 765px\" \/><\/a><\/p>\n<p><a href=\"https:\/\/experienciadevida.com.ar\/portalurbano\/se-realizo-la-concentracion-por-vacunas-para-todos-y-salario-igual-a-la-canasta-familiar\/concentracion2-5\/\" rel=\"attachment wp-att-141361\"><img decoding=\"async\" class=\"alignnone size-full wp-image-141361\" src=\"https:\/\/experienciadevida.com.ar\/portalurbano\/wp-content\/uploads\/2021\/04\/Concentracion2.jpg\" alt=\"Se realiz\u00f3 \" width=\"765\" height=\"510\" srcset=\"https:\/\/experienciadevida.com.ar\/portalurbano\/wp-content\/uploads\/2021\/04\/Concentracion2.jpg 765w, https:\/\/experienciadevida.com.ar\/portalurbano\/wp-content\/uploads\/2021\/04\/Concentracion2-300x200.jpg 300w\" sizes=\"(max-width: 765px) 100vw, 765px\" \/><\/a><\/p>\n<p><a href=\"https:\/\/experienciadevida.com.ar\/portalurbano\/se-realizo-la-concentracion-por-vacunas-para-todos-y-salario-igual-a-la-canasta-familiar\/concentracion3-6\/\" rel=\"attachment wp-att-141362\"><img decoding=\"async\" class=\"alignnone size-full wp-image-141362\" src=\"https:\/\/experienciadevida.com.ar\/portalurbano\/wp-content\/uploads\/2021\/04\/Concentracion3.jpg\" alt=\"la concentraci\u00f3n \" width=\"765\" height=\"510\" srcset=\"https:\/\/experienciadevida.com.ar\/portalurbano\/wp-content\/uploads\/2021\/04\/Concentracion3.jpg 765w, https:\/\/experienciadevida.com.ar\/portalurbano\/wp-content\/uploads\/2021\/04\/Concentracion3-300x200.jpg 300w\" sizes=\"(max-width: 765px) 100vw, 765px\" \/><\/a><\/p>\n<p><a href=\"https:\/\/experienciadevida.com.ar\/portalurbano\/se-realizo-la-concentracion-por-vacunas-para-todos-y-salario-igual-a-la-canasta-familiar\/concentracion4-5\/\" rel=\"attachment wp-att-141363\"><img decoding=\"async\" class=\"alignnone size-full wp-image-141363\" src=\"https:\/\/experienciadevida.com.ar\/portalurbano\/wp-content\/uploads\/2021\/04\/Concentracion4.jpg\" alt=\"concentraci\u00f3n \" width=\"765\" height=\"510\" srcset=\"https:\/\/experienciadevida.com.ar\/portalurbano\/wp-content\/uploads\/2021\/04\/Concentracion4.jpg 765w, https:\/\/experienciadevida.com.ar\/portalurbano\/wp-content\/uploads\/2021\/04\/Concentracion4-300x200.jpg 300w\" sizes=\"(max-width: 765px) 100vw, 765px\" \/><\/a><\/p>\n<p><a href=\"https:\/\/experienciadevida.com.ar\/portalurbano\/se-realizo-la-concentracion-por-vacunas-para-todos-y-salario-igual-a-la-canasta-familiar\/concentracion6-5\/\" rel=\"attachment wp-att-141364\"><img decoding=\"async\" class=\"alignnone size-full wp-image-141364\" src=\"https:\/\/experienciadevida.com.ar\/portalurbano\/wp-content\/uploads\/2021\/04\/Concentracion6.jpg\" alt=\"\" width=\"765\" height=\"510\" srcset=\"https:\/\/experienciadevida.com.ar\/portalurbano\/wp-content\/uploads\/2021\/04\/Concentracion6.jpg 765w, https:\/\/experienciadevida.com.ar\/portalurbano\/wp-content\/uploads\/2021\/04\/Concentracion6-300x200.jpg 300w\" sizes=\"(max-width: 765px) 100vw, 765px\" \/><\/a><\/p>\n","protected":false},"excerpt":{"rendered":"<p>Se realiz\u00f3 la concentraci\u00f3n por vacunas para todos y salario igual a la canasta familiar,&#8230;<\/p>\n","protected":false},"author":1,"featured_media":141356,"comment_status":"closed","ping_status":"closed","sticky":false,"template":"","format":"standard","meta":{"content-type":""},"categories":[27,64],"tags":[],"nelio_content":{"isAutoShareEnabled":false,"autoShareEndMode":"default","automationSources":{"useContentSentences":true,"useSocialTemplates":true,"useCustomSentences":false,"customSentences":[]},"followers":[1],"suggestedReferences":[],"includedReferences":[],"efiUrl":"","efiAlt":"","highlights":[]},"yoast_head":"<!-- This site is optimized with the Yoast SEO plugin v20.7 - https:\/\/yoast.com\/wordpress\/plugins\/seo\/ -->\n<title>Se realiz\u00f3 la concentraci\u00f3n por vacunas para todos y salario digno<\/title>\n<meta name=\"description\" content=\"Se realiz\u00f3 la concentraci\u00f3n por vacunas para todos y salario igual a la canasta familiar, fue en la ma\u00f1ana de este martes en la plaza\" \/>\n<meta name=\"robots\" content=\"index, follow, max-snippet:-1, max-image-preview:large, max-video-preview:-1\" \/>\n<link rel=\"canonical\" href=\"https:\/\/experienciadevida.com.ar\/portalurbano\/se-realizo-la-concentracion-por-vacunas-para-todos-y-salario-igual-a-la-canasta-familiar\/\" \/>\n<meta property=\"og:locale\" content=\"es_ES\" \/>\n<meta property=\"og:type\" content=\"article\" \/>\n<meta property=\"og:title\" content=\"Se realiz\u00f3 la concentraci\u00f3n por vacunas para todos y salario digno\" \/>\n<meta property=\"og:description\" content=\"Se realiz\u00f3 la concentraci\u00f3n por vacunas para todos y salario igual a la canasta familiar, fue en la ma\u00f1ana de este martes en la plaza\" \/>\n<meta property=\"og:url\" content=\"https:\/\/experienciadevida.com.ar\/portalurbano\/se-realizo-la-concentracion-por-vacunas-para-todos-y-salario-igual-a-la-canasta-familiar\/\" \/>\n<meta property=\"article:publisher\" content=\"https:\/\/www.facebook.com\/Portal-Urbano-171542830093757\/\" \/>\n<meta property=\"article:published_time\" content=\"2021-04-27T17:53:41+00:00\" \/>\n<meta property=\"article:modified_time\" content=\"2021-04-27T17:58:27+00:00\" \/>\n<meta property=\"og:image\" content=\"https:\/\/experienciadevida.com.ar\/portalurbano\/wp-content\/uploads\/2021\/04\/Concentracion.jpg\" \/>\n\t<meta property=\"og:image:width\" content=\"765\" \/>\n\t<meta property=\"og:image:height\" content=\"510\" \/>\n\t<meta property=\"og:image:type\" content=\"image\/jpeg\" \/>\n<meta name=\"author\" content=\"admpu17wp\" \/>\n<meta name=\"twitter:card\" content=\"summary_large_image\" \/>\n<meta name=\"twitter:creator\" content=\"@portalurbanook\" \/>\n<meta name=\"twitter:site\" content=\"@portalurbanook\" \/>\n<meta name=\"twitter:label1\" content=\"Escrito por\" \/>\n\t<meta name=\"twitter:data1\" content=\"admpu17wp\" \/>\n\t<meta name=\"twitter:label2\" content=\"Tiempo de lectura\" \/>\n\t<meta name=\"twitter:data2\" content=\"4 minutos\" \/>\n<script type=\"application\/ld+json\" class=\"yoast-schema-graph\">{\"@context\":\"https:\/\/schema.org\",\"@graph\":[{\"@type\":\"Article\",\"@id\":\"https:\/\/experienciadevida.com.ar\/portalurbano\/se-realizo-la-concentracion-por-vacunas-para-todos-y-salario-igual-a-la-canasta-familiar\/#article\",\"isPartOf\":{\"@id\":\"https:\/\/experienciadevida.com.ar\/portalurbano\/se-realizo-la-concentracion-por-vacunas-para-todos-y-salario-igual-a-la-canasta-familiar\/\"},\"author\":{\"name\":\"admpu17wp\",\"@id\":\"https:\/\/experienciadevida.com.ar\/portalurbano\/#\/schema\/person\/02dd326b1c4b056e9cc972486934a3a7\"},\"headline\":\"Se realiz\u00f3 la concentraci\u00f3n por vacunas para todos y salario igual a la canasta familiar\",\"datePublished\":\"2021-04-27T17:53:41+00:00\",\"dateModified\":\"2021-04-27T17:58:27+00:00\",\"mainEntityOfPage\":{\"@id\":\"https:\/\/experienciadevida.com.ar\/portalurbano\/se-realizo-la-concentracion-por-vacunas-para-todos-y-salario-igual-a-la-canasta-familiar\/\"},\"wordCount\":563,\"publisher\":{\"@id\":\"https:\/\/experienciadevida.com.ar\/portalurbano\/#organization\"},\"articleSection\":[\"Ciudad\",\"Destacadas 2\"],\"inLanguage\":\"es\"},{\"@type\":\"WebPage\",\"@id\":\"https:\/\/experienciadevida.com.ar\/portalurbano\/se-realizo-la-concentracion-por-vacunas-para-todos-y-salario-igual-a-la-canasta-familiar\/\",\"url\":\"https:\/\/experienciadevida.com.ar\/portalurbano\/se-realizo-la-concentracion-por-vacunas-para-todos-y-salario-igual-a-la-canasta-familiar\/\",\"name\":\"Se realiz\u00f3 la concentraci\u00f3n por vacunas para todos y salario digno\",\"isPartOf\":{\"@id\":\"https:\/\/experienciadevida.com.ar\/portalurbano\/#website\"},\"datePublished\":\"2021-04-27T17:53:41+00:00\",\"dateModified\":\"2021-04-27T17:58:27+00:00\",\"description\":\"Se realiz\u00f3 la concentraci\u00f3n por vacunas para todos y salario igual a la canasta familiar, fue en la ma\u00f1ana de este martes en la plaza\",\"breadcrumb\":{\"@id\":\"https:\/\/experienciadevida.com.ar\/portalurbano\/se-realizo-la-concentracion-por-vacunas-para-todos-y-salario-igual-a-la-canasta-familiar\/#breadcrumb\"},\"inLanguage\":\"es\",\"potentialAction\":[{\"@type\":\"ReadAction\",\"target\":[\"https:\/\/experienciadevida.com.ar\/portalurbano\/se-realizo-la-concentracion-por-vacunas-para-todos-y-salario-igual-a-la-canasta-familiar\/\"]}]},{\"@type\":\"BreadcrumbList\",\"@id\":\"https:\/\/experienciadevida.com.ar\/portalurbano\/se-realizo-la-concentracion-por-vacunas-para-todos-y-salario-igual-a-la-canasta-familiar\/#breadcrumb\",\"itemListElement\":[{\"@type\":\"ListItem\",\"position\":1,\"name\":\"Portada\",\"item\":\"https:\/\/experienciadevida.com.ar\/portalurbano\/\"},{\"@type\":\"ListItem\",\"position\":2,\"name\":\"Se realiz\u00f3 la concentraci\u00f3n por vacunas para todos y salario igual a la canasta familiar\"}]},{\"@type\":\"WebSite\",\"@id\":\"https:\/\/experienciadevida.com.ar\/portalurbano\/#website\",\"url\":\"https:\/\/experienciadevida.com.ar\/portalurbano\/\",\"name\":\"\",\"description\":\"\",\"publisher\":{\"@id\":\"https:\/\/experienciadevida.com.ar\/portalurbano\/#organization\"},\"potentialAction\":[{\"@type\":\"SearchAction\",\"target\":{\"@type\":\"EntryPoint\",\"urlTemplate\":\"https:\/\/experienciadevida.com.ar\/portalurbano\/?s={search_term_string}\"},\"query-input\":\"required name=search_term_string\"}],\"inLanguage\":\"es\"},{\"@type\":\"Organization\",\"@id\":\"https:\/\/experienciadevida.com.ar\/portalurbano\/#organization\",\"name\":\"Portal Urbano\",\"url\":\"https:\/\/experienciadevida.com.ar\/portalurbano\/\",\"logo\":{\"@type\":\"ImageObject\",\"inLanguage\":\"es\",\"@id\":\"https:\/\/experienciadevida.com.ar\/portalurbano\/#\/schema\/logo\/image\/\",\"url\":\"https:\/\/experienciadevida.com.ar\/portalurbano\/wp-content\/uploads\/2019\/09\/Logo-Original.png\",\"contentUrl\":\"https:\/\/experienciadevida.com.ar\/portalurbano\/wp-content\/uploads\/2019\/09\/Logo-Original.png\",\"width\":2236,\"height\":1216,\"caption\":\"Portal Urbano\"},\"image\":{\"@id\":\"https:\/\/experienciadevida.com.ar\/portalurbano\/#\/schema\/logo\/image\/\"},\"sameAs\":[\"https:\/\/www.facebook.com\/Portal-Urbano-171542830093757\/\",\"https:\/\/twitter.com\/portalurbanook\",\"https:\/\/www.instagram.com\/_portalurbano\/\",\"https:\/\/www.youtube.com\/channel\/UCXhagIfszH8KxFiOok79zbA?view_as=subscriber\"]},{\"@type\":\"Person\",\"@id\":\"https:\/\/experienciadevida.com.ar\/portalurbano\/#\/schema\/person\/02dd326b1c4b056e9cc972486934a3a7\",\"name\":\"admpu17wp\",\"image\":{\"@type\":\"ImageObject\",\"inLanguage\":\"es\",\"@id\":\"https:\/\/experienciadevida.com.ar\/portalurbano\/#\/schema\/person\/image\/\",\"url\":\"https:\/\/secure.gravatar.com\/avatar\/830d4c57adaae6630765e449a6908047?s=96&d=mm&r=g\",\"contentUrl\":\"https:\/\/secure.gravatar.com\/avatar\/830d4c57adaae6630765e449a6908047?s=96&d=mm&r=g\",\"caption\":\"admpu17wp\"}}]}<\/script>\n<!-- \/ Yoast SEO plugin. -->","yoast_head_json":{"title":"Se realiz\u00f3 la concentraci\u00f3n por vacunas para todos y salario digno","description":"Se realiz\u00f3 la concentraci\u00f3n por vacunas para todos y salario igual a la canasta familiar, fue en la ma\u00f1ana de este martes en la plaza","robots":{"index":"index","follow":"follow","max-snippet":"max-snippet:-1","max-image-preview":"max-image-preview:large","max-video-preview":"max-video-preview:-1"},"canonical":"https:\/\/experienciadevida.com.ar\/portalurbano\/se-realizo-la-concentracion-por-vacunas-para-todos-y-salario-igual-a-la-canasta-familiar\/","og_locale":"es_ES","og_type":"article","og_title":"Se realiz\u00f3 la concentraci\u00f3n por vacunas para todos y salario digno","og_description":"Se realiz\u00f3 la concentraci\u00f3n por vacunas para todos y salario igual a la canasta familiar, fue en la ma\u00f1ana de este martes en la plaza","og_url":"https:\/\/experienciadevida.com.ar\/portalurbano\/se-realizo-la-concentracion-por-vacunas-para-todos-y-salario-igual-a-la-canasta-familiar\/","article_publisher":"https:\/\/www.facebook.com\/Portal-Urbano-171542830093757\/","article_published_time":"2021-04-27T17:53:41+00:00","article_modified_time":"2021-04-27T17:58:27+00:00","og_image":[{"width":765,"height":510,"url":"https:\/\/experienciadevida.com.ar\/portalurbano\/wp-content\/uploads\/2021\/04\/Concentracion.jpg","type":"image\/jpeg"}],"author":"admpu17wp","twitter_card":"summary_large_image","twitter_creator":"@portalurbanook","twitter_site":"@portalurbanook","twitter_misc":{"Escrito por":"admpu17wp","Tiempo de lectura":"4 minutos"},"schema":{"@context":"https:\/\/schema.org","@graph":[{"@type":"Article","@id":"https:\/\/experienciadevida.com.ar\/portalurbano\/se-realizo-la-concentracion-por-vacunas-para-todos-y-salario-igual-a-la-canasta-familiar\/#article","isPartOf":{"@id":"https:\/\/experienciadevida.com.ar\/portalurbano\/se-realizo-la-concentracion-por-vacunas-para-todos-y-salario-igual-a-la-canasta-familiar\/"},"author":{"name":"admpu17wp","@id":"https:\/\/experienciadevida.com.ar\/portalurbano\/#\/schema\/person\/02dd326b1c4b056e9cc972486934a3a7"},"headline":"Se realiz\u00f3 la concentraci\u00f3n por vacunas para todos y salario igual a la canasta familiar","datePublished":"2021-04-27T17:53:41+00:00","dateModified":"2021-04-27T17:58:27+00:00","mainEntityOfPage":{"@id":"https:\/\/experienciadevida.com.ar\/portalurbano\/se-realizo-la-concentracion-por-vacunas-para-todos-y-salario-igual-a-la-canasta-familiar\/"},"wordCount":563,"publisher":{"@id":"https:\/\/experienciadevida.com.ar\/portalurbano\/#organization"},"articleSection":["Ciudad","Destacadas 2"],"inLanguage":"es"},{"@type":"WebPage","@id":"https:\/\/experienciadevida.com.ar\/portalurbano\/se-realizo-la-concentracion-por-vacunas-para-todos-y-salario-igual-a-la-canasta-familiar\/","url":"https:\/\/experienciadevida.com.ar\/portalurbano\/se-realizo-la-concentracion-por-vacunas-para-todos-y-salario-igual-a-la-canasta-familiar\/","name":"Se realiz\u00f3 la concentraci\u00f3n por vacunas para todos y salario digno","isPartOf":{"@id":"https:\/\/experienciadevida.com.ar\/portalurbano\/#website"},"datePublished":"2021-04-27T17:53:41+00:00","dateModified":"2021-04-27T17:58:27+00:00","description":"Se realiz\u00f3 la concentraci\u00f3n por vacunas para todos y salario igual a la canasta familiar, fue en la ma\u00f1ana de este martes en la plaza","breadcrumb":{"@id":"https:\/\/experienciadevida.com.ar\/portalurbano\/se-realizo-la-concentracion-por-vacunas-para-todos-y-salario-igual-a-la-canasta-familiar\/#breadcrumb"},"inLanguage":"es","potentialAction":[{"@type":"ReadAction","target":["https:\/\/experienciadevida.com.ar\/portalurbano\/se-realizo-la-concentracion-por-vacunas-para-todos-y-salario-igual-a-la-canasta-familiar\/"]}]},{"@type":"BreadcrumbList","@id":"https:\/\/experienciadevida.com.ar\/portalurbano\/se-realizo-la-concentracion-por-vacunas-para-todos-y-salario-igual-a-la-canasta-familiar\/#breadcrumb","itemListElement":[{"@type":"ListItem","position":1,"name":"Portada","item":"https:\/\/experienciadevida.com.ar\/portalurbano\/"},{"@type":"ListItem","position":2,"name":"Se realiz\u00f3 la concentraci\u00f3n por vacunas para todos y salario igual a la canasta familiar"}]},{"@type":"WebSite","@id":"https:\/\/experienciadevida.com.ar\/portalurbano\/#website","url":"https:\/\/experienciadevida.com.ar\/portalurbano\/","name":"","description":"","publisher":{"@id":"https:\/\/experienciadevida.com.ar\/portalurbano\/#organization"},"potentialAction":[{"@type":"SearchAction","target":{"@type":"EntryPoint","urlTemplate":"https:\/\/experienciadevida.com.ar\/portalurbano\/?s={search_term_string}"},"query-input":"required name=search_term_string"}],"inLanguage":"es"},{"@type":"Organization","@id":"https:\/\/experienciadevida.com.ar\/portalurbano\/#organization","name":"Portal Urbano","url":"https:\/\/experienciadevida.com.ar\/portalurbano\/","logo":{"@type":"ImageObject","inLanguage":"es","@id":"https:\/\/experienciadevida.com.ar\/portalurbano\/#\/schema\/logo\/image\/","url":"https:\/\/experienciadevida.com.ar\/portalurbano\/wp-content\/uploads\/2019\/09\/Logo-Original.png","contentUrl":"https:\/\/experienciadevida.com.ar\/portalurbano\/wp-content\/uploads\/2019\/09\/Logo-Original.png","width":2236,"height":1216,"caption":"Portal Urbano"},"image":{"@id":"https:\/\/experienciadevida.com.ar\/portalurbano\/#\/schema\/logo\/image\/"},"sameAs":["https:\/\/www.facebook.com\/Portal-Urbano-171542830093757\/","https:\/\/twitter.com\/portalurbanook","https:\/\/www.instagram.com\/_portalurbano\/","https:\/\/www.youtube.com\/channel\/UCXhagIfszH8KxFiOok79zbA?view_as=subscriber"]},{"@type":"Person","@id":"https:\/\/experienciadevida.com.ar\/portalurbano\/#\/schema\/person\/02dd326b1c4b056e9cc972486934a3a7","name":"admpu17wp","image":{"@type":"ImageObject","inLanguage":"es","@id":"https:\/\/experienciadevida.com.ar\/portalurbano\/#\/schema\/person\/image\/","url":"https:\/\/secure.gravatar.com\/avatar\/830d4c57adaae6630765e449a6908047?s=96&d=mm&r=g","contentUrl":"https:\/\/secure.gravatar.com\/avatar\/830d4c57adaae6630765e449a6908047?s=96&d=mm&r=g","caption":"admpu17wp"}}]}},"featured_image_urls":{"full":["https:\/\/experienciadevida.com.ar\/portalurbano\/wp-content\/uploads\/2021\/04\/Concentracion.jpg",765,510,false],"thumbnail":["https:\/\/experienciadevida.com.ar\/portalurbano\/wp-content\/uploads\/2021\/04\/Concentracion-150x150.jpg",150,150,true],"medium":["https:\/\/experienciadevida.com.ar\/portalurbano\/wp-content\/uploads\/2021\/04\/Concentracion-300x200.jpg",300,200,true],"medium_large":["https:\/\/experienciadevida.com.ar\/portalurbano\/wp-content\/uploads\/2021\/04\/Concentracion.jpg",640,427,false],"large":["https:\/\/experienciadevida.com.ar\/portalurbano\/wp-content\/uploads\/2021\/04\/Concentracion.jpg",640,427,false],"ug_big":["https:\/\/experienciadevida.com.ar\/portalurbano\/wp-content\/uploads\/2021\/04\/Concentracion.jpg",765,510,false],"1536x1536":["https:\/\/experienciadevida.com.ar\/portalurbano\/wp-content\/uploads\/2021\/04\/Concentracion.jpg",765,510,false],"2048x2048":["https:\/\/experienciadevida.com.ar\/portalurbano\/wp-content\/uploads\/2021\/04\/Concentracion.jpg",765,510,false],"newsever-slider-full":["https:\/\/experienciadevida.com.ar\/portalurbano\/wp-content\/uploads\/2021\/04\/Concentracion.jpg",765,510,false],"newsever-featured":["https:\/\/experienciadevida.com.ar\/portalurbano\/wp-content\/uploads\/2021\/04\/Concentracion.jpg",765,510,false],"newsever-medium":["https:\/\/experienciadevida.com.ar\/portalurbano\/wp-content\/uploads\/2021\/04\/Concentracion.jpg",713,475,false],"web-stories-poster-portrait":["https:\/\/experienciadevida.com.ar\/portalurbano\/wp-content\/uploads\/2021\/04\/Concentracion.jpg",640,427,false],"web-stories-publisher-logo":["https:\/\/experienciadevida.com.ar\/portalurbano\/wp-content\/uploads\/2021\/04\/Concentracion.jpg",96,64,false],"web-stories-thumbnail":["https:\/\/experienciadevida.com.ar\/portalurbano\/wp-content\/uploads\/2021\/04\/Concentracion.jpg",150,100,false]},"author_info":{"display_name":"admpu17wp","author_link":"https:\/\/experienciadevida.com.ar\/portalurbano\/author\/admpu17wp\/"},"category_info":"<a href=\"https:\/\/experienciadevida.com.ar\/portalurbano\/category\/ciudad\/\" rel=\"category tag\">Ciudad<\/a> <a href=\"https:\/\/experienciadevida.com.ar\/portalurbano\/category\/destacadas-2\/\" rel=\"category tag\">Destacadas 2<\/a>","tag_info":"Destacadas 2","comment_count":"0","amp_enabled":true,"_links":{"self":[{"href":"https:\/\/experienciadevida.com.ar\/portalurbano\/wp-json\/wp\/v2\/posts\/141355"}],"collection":[{"href":"https:\/\/experienciadevida.com.ar\/portalurbano\/wp-json\/wp\/v2\/posts"}],"about":[{"href":"https:\/\/experienciadevida.com.ar\/portalurbano\/wp-json\/wp\/v2\/types\/post"}],"author":[{"embeddable":true,"href":"https:\/\/experienciadevida.com.ar\/portalurbano\/wp-json\/wp\/v2\/users\/1"}],"replies":[{"embeddable":true,"href":"https:\/\/experienciadevida.com.ar\/portalurbano\/wp-json\/wp\/v2\/comments?post=141355"}],"version-history":[{"count":4,"href":"https:\/\/experienciadevida.com.ar\/portalurbano\/wp-json\/wp\/v2\/posts\/141355\/revisions"}],"predecessor-version":[{"id":141365,"href":"https:\/\/experienciadevida.com.ar\/portalurbano\/wp-json\/wp\/v2\/posts\/141355\/revisions\/141365"}],"wp:featuredmedia":[{"embeddable":true,"href":"https:\/\/experienciadevida.com.ar\/portalurbano\/wp-json\/wp\/v2\/media\/141356"}],"wp:attachment":[{"href":"https:\/\/experienciadevida.com.ar\/portalurbano\/wp-json\/wp\/v2\/media?parent=141355"}],"wp:term":[{"taxonomy":"category","embeddable":true,"href":"https:\/\/experienciadevida.com.ar\/portalurbano\/wp-json\/wp\/v2\/categories?post=141355"},{"taxonomy":"post_tag","embeddable":true,"href":"https:\/\/experienciadevida.com.ar\/portalurbano\/wp-json\/wp\/v2\/tags?post=141355"}],"curies":[{"name":"wp","href":"https:\/\/api.w.org\/{rel}","templated":true}]}}