{"id":141263,"date":"2021-04-26T13:02:21","date_gmt":"2021-04-26T16:02:21","guid":{"rendered":"https:\/\/experienciadevida.com.ar\/portalurbano\/?p=141263"},"modified":"2021-04-26T13:05:05","modified_gmt":"2021-04-26T16:05:05","slug":"necesitamos-una-medida-drastica-de-por-lo-menos-15-dias-piden-en-provincia","status":"publish","type":"post","link":"https:\/\/experienciadevida.com.ar\/portalurbano\/necesitamos-una-medida-drastica-de-por-lo-menos-15-dias-piden-en-provincia\/","title":{"rendered":"\u201cNecesitamos una medida dr\u00e1stica de por lo menos 15 d\u00edas\u201d, piden en Provincia"},"content":{"rendered":"<p>\u201cNecesitamos una medida dr\u00e1stica de por lo menos 15 d\u00edas\u201d, piden en Provincia, las autoridades bonaerenses vienen reclamando el endurecimiento de las restricciones. Sergio Berni pidi\u00f3 suspender el f\u00fatbol.<\/p>\n<p>Las autoridades sanitarias de la provincia de Buenos Aires volvieron a reclamar el endurecimiento de las medidas de restricci\u00f3n en el marco de la segunda ola de coronavirus. \u201cNecesitamos una medida dr\u00e1stica de por lo menos 15 d\u00edas\u201d, dijo el ministro de Salud, Daniel Gollan.<\/p>\n<p>\u201cDesde la pol\u00edtica esperamos consensuar medidas similares, como hicimos el a\u00f1o pasado, pero lo que prima es que estamos en una situaci\u00f3n cr\u00edtica y necesitamos una medida dr\u00e1stica de 15 d\u00edas, por lo menos, que creemos que ser\u00eda suficiente\u201d, dijo Gollan en declaraciones.<\/p>\n<p>Necesitamos una medida dr\u00e1stica de por lo menos 15 d\u00edas, para explicarlo el funcionario defini\u00f3 como \u201cmedidas dr\u00e1sticas\u201d a aquellas tendientes a \u201cbajar la circulaci\u00f3n a un nivel donde dejemos lo m\u00ednimo indispensable para la vida cotidiana\u201d e hizo un paralelismo: \u201cComo en la cuarentena del a\u00f1o pasado, con algunas diferencias que podemos llevar adelante\u201d.<\/p>\n<p>En el mismo sentido, Berni volvi\u00f3 a considerar que \u201clo m\u00e1s prudente es cerrar\u201d porque \u201cnadie puede garantizar qu\u00e9 va a pasar\u201d e insisti\u00f3 con que esa reducci\u00f3n de actividades debe ser total.<\/p>\n<p>\u201cLas medidas restrictivas van a impactar mucho mejor si se cumplen y, para que haya un cumplimiento, tiene que haber una regla generalizada, sino empezamos en las excepciones y eso genera incumplimiento de la norma\u201d, dijo en declaraciones.<\/p>\n<p>Como ejemplo, se mostr\u00f3 de acuerdo con suspender los partidos de f\u00fatbol. \u201cSi un bar, un shopping o cualquier Pyme tienen que cerrar, me parece que el futbol no puede ser la excepci\u00f3n, porque esas violaciones o esos bypass de la ley generan un malestar generalizado, sostuvo\u201d.<\/p>\n<p>El viernes el ministro de Seguridad hab\u00eda dicho que su \u201copini\u00f3n personal\u201d era que hab\u00eda que disponer una cuarentena total. \u201cMi opini\u00f3n personal es que tenemos que ir a una cuarentena de verdad. Un d\u00eda de inicio, un d\u00eda de final y donde todo est\u00e1 cerrado, absolutamente todo\u201d, hab\u00eda dicho.<\/p>\n<p>Necesitamos una medida dr\u00e1stica de por lo menos 15 d\u00edas, por su parte el viceministro Nicol\u00e1s Kreplak sostuvo que \u201ctiene que bajar m\u00e1s la cantidad de circulaci\u00f3n y m\u00e1s la cantidad de casos\u201d.<\/p>\n<p>En ese marco, Kreplak se mostr\u00f3 muy preocupado por la ocupaci\u00f3n en las terapias intensivas y coincidi\u00f3 con lo que vienen advirtiendo desde el Gobierno nacional al afirmar que en Ciudad de Buenos Aires \u201clas obras sociales y las prepagas que habitualmente usan esas cl\u00ednicas hace ya unas cuantas semanas se quedaron sin camas\u201d y que por ese motivo, \u201cempezaron a usar las cl\u00ednicas del conurbano que habitualmente utilizan los obras sociales sindicales o provinciales, por lo que el 50% de las personas que est\u00e1n en terapia intensiva de los hospitales p\u00fablicos son pacientes de las obras sociales que no consiguieron lugar en esas cl\u00ednicas\u201d.<\/p>\n<p>\u201cEs algo que sucede porque no tienen lugares donde derivar\u201d, dijo Kreplak, al considerar que las cl\u00ednicas no tienen c\u00f3mo aceptarlos y se trata de una situaci\u00f3n muy cr\u00edtica\u201d porque \u201catenta contra la calidad de atenci\u00f3n\u201d.<\/p>\n<p>En tanto, esta ma\u00f1ana, el director provincial, Juan Riera, advirti\u00f3 que ya se empezaron a dar complicaciones en las derivaciones por la falta de camas.<\/p>\n<p>Fuente: DIB<\/p>\n","protected":false},"excerpt":{"rendered":"<p>\u201cNecesitamos una medida dr\u00e1stica de por lo menos 15 d\u00edas\u201d, piden en Provincia, las autoridades&#8230;<\/p>\n","protected":false},"author":1,"featured_media":141264,"comment_status":"closed","ping_status":"closed","sticky":false,"template":"","format":"standard","meta":{"content-type":""},"categories":[64,44],"tags":[],"nelio_content":{"isAutoShareEnabled":false,"autoShareEndMode":"default","automationSources":{"useContentSentences":true,"useSocialTemplates":true,"useCustomSentences":false,"customSentences":[]},"followers":[1],"suggestedReferences":[],"includedReferences":[],"efiUrl":"","efiAlt":"","highlights":[]},"yoast_head":"<!-- This site is optimized with the Yoast SEO plugin v20.7 - https:\/\/yoast.com\/wordpress\/plugins\/seo\/ -->\n<title>&quot;Necesitamos una medida dr\u00e1stica de por lo menos 15 d\u00edas&quot;<\/title>\n<meta name=\"description\" content=\"\u201cNecesitamos una medida dr\u00e1stica de por lo menos 15 d\u00edas\u201d, piden en Provincia, las autoridades bonaerenses vienen reclamando endurecer\" \/>\n<meta name=\"robots\" content=\"index, follow, max-snippet:-1, max-image-preview:large, max-video-preview:-1\" \/>\n<link rel=\"canonical\" href=\"https:\/\/experienciadevida.com.ar\/portalurbano\/necesitamos-una-medida-drastica-de-por-lo-menos-15-dias-piden-en-provincia\/\" \/>\n<meta property=\"og:locale\" content=\"es_ES\" \/>\n<meta property=\"og:type\" content=\"article\" \/>\n<meta property=\"og:title\" content=\"&quot;Necesitamos una medida dr\u00e1stica de por lo menos 15 d\u00edas&quot;\" \/>\n<meta property=\"og:description\" content=\"\u201cNecesitamos una medida dr\u00e1stica de por lo menos 15 d\u00edas\u201d, piden en Provincia, las autoridades bonaerenses vienen reclamando endurecer\" \/>\n<meta property=\"og:url\" content=\"https:\/\/experienciadevida.com.ar\/portalurbano\/necesitamos-una-medida-drastica-de-por-lo-menos-15-dias-piden-en-provincia\/\" \/>\n<meta property=\"article:publisher\" content=\"https:\/\/www.facebook.com\/Portal-Urbano-171542830093757\/\" \/>\n<meta property=\"article:published_time\" content=\"2021-04-26T16:02:21+00:00\" \/>\n<meta property=\"article:modified_time\" content=\"2021-04-26T16:05:05+00:00\" \/>\n<meta property=\"og:image\" content=\"https:\/\/experienciadevida.com.ar\/portalurbano\/wp-content\/uploads\/2021\/04\/Necesitamos-una-medida-drastica-de.jpg\" \/>\n\t<meta property=\"og:image:width\" content=\"1068\" \/>\n\t<meta property=\"og:image:height\" content=\"711\" \/>\n\t<meta property=\"og:image:type\" content=\"image\/jpeg\" \/>\n<meta name=\"author\" content=\"admpu17wp\" \/>\n<meta name=\"twitter:card\" content=\"summary_large_image\" \/>\n<meta name=\"twitter:creator\" content=\"@portalurbanook\" \/>\n<meta name=\"twitter:site\" content=\"@portalurbanook\" \/>\n<meta name=\"twitter:label1\" content=\"Escrito por\" \/>\n\t<meta name=\"twitter:data1\" content=\"admpu17wp\" \/>\n\t<meta name=\"twitter:label2\" content=\"Tiempo de lectura\" \/>\n\t<meta name=\"twitter:data2\" content=\"3 minutos\" \/>\n<script type=\"application\/ld+json\" class=\"yoast-schema-graph\">{\"@context\":\"https:\/\/schema.org\",\"@graph\":[{\"@type\":\"Article\",\"@id\":\"https:\/\/experienciadevida.com.ar\/portalurbano\/necesitamos-una-medida-drastica-de-por-lo-menos-15-dias-piden-en-provincia\/#article\",\"isPartOf\":{\"@id\":\"https:\/\/experienciadevida.com.ar\/portalurbano\/necesitamos-una-medida-drastica-de-por-lo-menos-15-dias-piden-en-provincia\/\"},\"author\":{\"name\":\"admpu17wp\",\"@id\":\"https:\/\/experienciadevida.com.ar\/portalurbano\/#\/schema\/person\/02dd326b1c4b056e9cc972486934a3a7\"},\"headline\":\"\u201cNecesitamos una medida dr\u00e1stica de por lo menos 15 d\u00edas\u201d, piden en Provincia\",\"datePublished\":\"2021-04-26T16:02:21+00:00\",\"dateModified\":\"2021-04-26T16:05:05+00:00\",\"mainEntityOfPage\":{\"@id\":\"https:\/\/experienciadevida.com.ar\/portalurbano\/necesitamos-una-medida-drastica-de-por-lo-menos-15-dias-piden-en-provincia\/\"},\"wordCount\":597,\"publisher\":{\"@id\":\"https:\/\/experienciadevida.com.ar\/portalurbano\/#organization\"},\"articleSection\":[\"Destacadas 2\",\"Provincia\"],\"inLanguage\":\"es\"},{\"@type\":\"WebPage\",\"@id\":\"https:\/\/experienciadevida.com.ar\/portalurbano\/necesitamos-una-medida-drastica-de-por-lo-menos-15-dias-piden-en-provincia\/\",\"url\":\"https:\/\/experienciadevida.com.ar\/portalurbano\/necesitamos-una-medida-drastica-de-por-lo-menos-15-dias-piden-en-provincia\/\",\"name\":\"\\\"Necesitamos una medida dr\u00e1stica de por lo menos 15 d\u00edas\\\"\",\"isPartOf\":{\"@id\":\"https:\/\/experienciadevida.com.ar\/portalurbano\/#website\"},\"datePublished\":\"2021-04-26T16:02:21+00:00\",\"dateModified\":\"2021-04-26T16:05:05+00:00\",\"description\":\"\u201cNecesitamos una medida dr\u00e1stica de por lo menos 15 d\u00edas\u201d, piden en Provincia, las autoridades bonaerenses vienen reclamando endurecer\",\"breadcrumb\":{\"@id\":\"https:\/\/experienciadevida.com.ar\/portalurbano\/necesitamos-una-medida-drastica-de-por-lo-menos-15-dias-piden-en-provincia\/#breadcrumb\"},\"inLanguage\":\"es\",\"potentialAction\":[{\"@type\":\"ReadAction\",\"target\":[\"https:\/\/experienciadevida.com.ar\/portalurbano\/necesitamos-una-medida-drastica-de-por-lo-menos-15-dias-piden-en-provincia\/\"]}]},{\"@type\":\"BreadcrumbList\",\"@id\":\"https:\/\/experienciadevida.com.ar\/portalurbano\/necesitamos-una-medida-drastica-de-por-lo-menos-15-dias-piden-en-provincia\/#breadcrumb\",\"itemListElement\":[{\"@type\":\"ListItem\",\"position\":1,\"name\":\"Portada\",\"item\":\"https:\/\/experienciadevida.com.ar\/portalurbano\/\"},{\"@type\":\"ListItem\",\"position\":2,\"name\":\"\u201cNecesitamos una medida dr\u00e1stica de por lo menos 15 d\u00edas\u201d, piden en Provincia\"}]},{\"@type\":\"WebSite\",\"@id\":\"https:\/\/experienciadevida.com.ar\/portalurbano\/#website\",\"url\":\"https:\/\/experienciadevida.com.ar\/portalurbano\/\",\"name\":\"\",\"description\":\"\",\"publisher\":{\"@id\":\"https:\/\/experienciadevida.com.ar\/portalurbano\/#organization\"},\"potentialAction\":[{\"@type\":\"SearchAction\",\"target\":{\"@type\":\"EntryPoint\",\"urlTemplate\":\"https:\/\/experienciadevida.com.ar\/portalurbano\/?s={search_term_string}\"},\"query-input\":\"required name=search_term_string\"}],\"inLanguage\":\"es\"},{\"@type\":\"Organization\",\"@id\":\"https:\/\/experienciadevida.com.ar\/portalurbano\/#organization\",\"name\":\"Portal Urbano\",\"url\":\"https:\/\/experienciadevida.com.ar\/portalurbano\/\",\"logo\":{\"@type\":\"ImageObject\",\"inLanguage\":\"es\",\"@id\":\"https:\/\/experienciadevida.com.ar\/portalurbano\/#\/schema\/logo\/image\/\",\"url\":\"https:\/\/experienciadevida.com.ar\/portalurbano\/wp-content\/uploads\/2019\/09\/Logo-Original.png\",\"contentUrl\":\"https:\/\/experienciadevida.com.ar\/portalurbano\/wp-content\/uploads\/2019\/09\/Logo-Original.png\",\"width\":2236,\"height\":1216,\"caption\":\"Portal Urbano\"},\"image\":{\"@id\":\"https:\/\/experienciadevida.com.ar\/portalurbano\/#\/schema\/logo\/image\/\"},\"sameAs\":[\"https:\/\/www.facebook.com\/Portal-Urbano-171542830093757\/\",\"https:\/\/twitter.com\/portalurbanook\",\"https:\/\/www.instagram.com\/_portalurbano\/\",\"https:\/\/www.youtube.com\/channel\/UCXhagIfszH8KxFiOok79zbA?view_as=subscriber\"]},{\"@type\":\"Person\",\"@id\":\"https:\/\/experienciadevida.com.ar\/portalurbano\/#\/schema\/person\/02dd326b1c4b056e9cc972486934a3a7\",\"name\":\"admpu17wp\",\"image\":{\"@type\":\"ImageObject\",\"inLanguage\":\"es\",\"@id\":\"https:\/\/experienciadevida.com.ar\/portalurbano\/#\/schema\/person\/image\/\",\"url\":\"https:\/\/secure.gravatar.com\/avatar\/830d4c57adaae6630765e449a6908047?s=96&d=mm&r=g\",\"contentUrl\":\"https:\/\/secure.gravatar.com\/avatar\/830d4c57adaae6630765e449a6908047?s=96&d=mm&r=g\",\"caption\":\"admpu17wp\"}}]}<\/script>\n<!-- \/ Yoast SEO plugin. -->","yoast_head_json":{"title":"\"Necesitamos una medida dr\u00e1stica de por lo menos 15 d\u00edas\"","description":"\u201cNecesitamos una medida dr\u00e1stica de por lo menos 15 d\u00edas\u201d, piden en Provincia, las autoridades bonaerenses vienen reclamando endurecer","robots":{"index":"index","follow":"follow","max-snippet":"max-snippet:-1","max-image-preview":"max-image-preview:large","max-video-preview":"max-video-preview:-1"},"canonical":"https:\/\/experienciadevida.com.ar\/portalurbano\/necesitamos-una-medida-drastica-de-por-lo-menos-15-dias-piden-en-provincia\/","og_locale":"es_ES","og_type":"article","og_title":"\"Necesitamos una medida dr\u00e1stica de por lo menos 15 d\u00edas\"","og_description":"\u201cNecesitamos una medida dr\u00e1stica de por lo menos 15 d\u00edas\u201d, piden en Provincia, las autoridades bonaerenses vienen reclamando endurecer","og_url":"https:\/\/experienciadevida.com.ar\/portalurbano\/necesitamos-una-medida-drastica-de-por-lo-menos-15-dias-piden-en-provincia\/","article_publisher":"https:\/\/www.facebook.com\/Portal-Urbano-171542830093757\/","article_published_time":"2021-04-26T16:02:21+00:00","article_modified_time":"2021-04-26T16:05:05+00:00","og_image":[{"width":1068,"height":711,"url":"https:\/\/experienciadevida.com.ar\/portalurbano\/wp-content\/uploads\/2021\/04\/Necesitamos-una-medida-drastica-de.jpg","type":"image\/jpeg"}],"author":"admpu17wp","twitter_card":"summary_large_image","twitter_creator":"@portalurbanook","twitter_site":"@portalurbanook","twitter_misc":{"Escrito por":"admpu17wp","Tiempo de lectura":"3 minutos"},"schema":{"@context":"https:\/\/schema.org","@graph":[{"@type":"Article","@id":"https:\/\/experienciadevida.com.ar\/portalurbano\/necesitamos-una-medida-drastica-de-por-lo-menos-15-dias-piden-en-provincia\/#article","isPartOf":{"@id":"https:\/\/experienciadevida.com.ar\/portalurbano\/necesitamos-una-medida-drastica-de-por-lo-menos-15-dias-piden-en-provincia\/"},"author":{"name":"admpu17wp","@id":"https:\/\/experienciadevida.com.ar\/portalurbano\/#\/schema\/person\/02dd326b1c4b056e9cc972486934a3a7"},"headline":"\u201cNecesitamos una medida dr\u00e1stica de por lo menos 15 d\u00edas\u201d, piden en Provincia","datePublished":"2021-04-26T16:02:21+00:00","dateModified":"2021-04-26T16:05:05+00:00","mainEntityOfPage":{"@id":"https:\/\/experienciadevida.com.ar\/portalurbano\/necesitamos-una-medida-drastica-de-por-lo-menos-15-dias-piden-en-provincia\/"},"wordCount":597,"publisher":{"@id":"https:\/\/experienciadevida.com.ar\/portalurbano\/#organization"},"articleSection":["Destacadas 2","Provincia"],"inLanguage":"es"},{"@type":"WebPage","@id":"https:\/\/experienciadevida.com.ar\/portalurbano\/necesitamos-una-medida-drastica-de-por-lo-menos-15-dias-piden-en-provincia\/","url":"https:\/\/experienciadevida.com.ar\/portalurbano\/necesitamos-una-medida-drastica-de-por-lo-menos-15-dias-piden-en-provincia\/","name":"\"Necesitamos una medida dr\u00e1stica de por lo menos 15 d\u00edas\"","isPartOf":{"@id":"https:\/\/experienciadevida.com.ar\/portalurbano\/#website"},"datePublished":"2021-04-26T16:02:21+00:00","dateModified":"2021-04-26T16:05:05+00:00","description":"\u201cNecesitamos una medida dr\u00e1stica de por lo menos 15 d\u00edas\u201d, piden en Provincia, las autoridades bonaerenses vienen reclamando endurecer","breadcrumb":{"@id":"https:\/\/experienciadevida.com.ar\/portalurbano\/necesitamos-una-medida-drastica-de-por-lo-menos-15-dias-piden-en-provincia\/#breadcrumb"},"inLanguage":"es","potentialAction":[{"@type":"ReadAction","target":["https:\/\/experienciadevida.com.ar\/portalurbano\/necesitamos-una-medida-drastica-de-por-lo-menos-15-dias-piden-en-provincia\/"]}]},{"@type":"BreadcrumbList","@id":"https:\/\/experienciadevida.com.ar\/portalurbano\/necesitamos-una-medida-drastica-de-por-lo-menos-15-dias-piden-en-provincia\/#breadcrumb","itemListElement":[{"@type":"ListItem","position":1,"name":"Portada","item":"https:\/\/experienciadevida.com.ar\/portalurbano\/"},{"@type":"ListItem","position":2,"name":"\u201cNecesitamos una medida dr\u00e1stica de por lo menos 15 d\u00edas\u201d, piden en Provincia"}]},{"@type":"WebSite","@id":"https:\/\/experienciadevida.com.ar\/portalurbano\/#website","url":"https:\/\/experienciadevida.com.ar\/portalurbano\/","name":"","description":"","publisher":{"@id":"https:\/\/experienciadevida.com.ar\/portalurbano\/#organization"},"potentialAction":[{"@type":"SearchAction","target":{"@type":"EntryPoint","urlTemplate":"https:\/\/experienciadevida.com.ar\/portalurbano\/?s={search_term_string}"},"query-input":"required name=search_term_string"}],"inLanguage":"es"},{"@type":"Organization","@id":"https:\/\/experienciadevida.com.ar\/portalurbano\/#organization","name":"Portal Urbano","url":"https:\/\/experienciadevida.com.ar\/portalurbano\/","logo":{"@type":"ImageObject","inLanguage":"es","@id":"https:\/\/experienciadevida.com.ar\/portalurbano\/#\/schema\/logo\/image\/","url":"https:\/\/experienciadevida.com.ar\/portalurbano\/wp-content\/uploads\/2019\/09\/Logo-Original.png","contentUrl":"https:\/\/experienciadevida.com.ar\/portalurbano\/wp-content\/uploads\/2019\/09\/Logo-Original.png","width":2236,"height":1216,"caption":"Portal Urbano"},"image":{"@id":"https:\/\/experienciadevida.com.ar\/portalurbano\/#\/schema\/logo\/image\/"},"sameAs":["https:\/\/www.facebook.com\/Portal-Urbano-171542830093757\/","https:\/\/twitter.com\/portalurbanook","https:\/\/www.instagram.com\/_portalurbano\/","https:\/\/www.youtube.com\/channel\/UCXhagIfszH8KxFiOok79zbA?view_as=subscriber"]},{"@type":"Person","@id":"https:\/\/experienciadevida.com.ar\/portalurbano\/#\/schema\/person\/02dd326b1c4b056e9cc972486934a3a7","name":"admpu17wp","image":{"@type":"ImageObject","inLanguage":"es","@id":"https:\/\/experienciadevida.com.ar\/portalurbano\/#\/schema\/person\/image\/","url":"https:\/\/secure.gravatar.com\/avatar\/830d4c57adaae6630765e449a6908047?s=96&d=mm&r=g","contentUrl":"https:\/\/secure.gravatar.com\/avatar\/830d4c57adaae6630765e449a6908047?s=96&d=mm&r=g","caption":"admpu17wp"}}]}},"featured_image_urls":{"full":["https:\/\/experienciadevida.com.ar\/portalurbano\/wp-content\/uploads\/2021\/04\/Necesitamos-una-medida-drastica-de.jpg",1068,711,false],"thumbnail":["https:\/\/experienciadevida.com.ar\/portalurbano\/wp-content\/uploads\/2021\/04\/Necesitamos-una-medida-drastica-de-150x150.jpg",150,150,true],"medium":["https:\/\/experienciadevida.com.ar\/portalurbano\/wp-content\/uploads\/2021\/04\/Necesitamos-una-medida-drastica-de-300x200.jpg",300,200,true],"medium_large":["https:\/\/experienciadevida.com.ar\/portalurbano\/wp-content\/uploads\/2021\/04\/Necesitamos-una-medida-drastica-de-768x511.jpg",640,426,true],"large":["https:\/\/experienciadevida.com.ar\/portalurbano\/wp-content\/uploads\/2021\/04\/Necesitamos-una-medida-drastica-de-1024x682.jpg",640,426,true],"ug_big":["https:\/\/experienciadevida.com.ar\/portalurbano\/wp-content\/uploads\/2021\/04\/Necesitamos-una-medida-drastica-de-768x511.jpg",768,511,true],"1536x1536":["https:\/\/experienciadevida.com.ar\/portalurbano\/wp-content\/uploads\/2021\/04\/Necesitamos-una-medida-drastica-de.jpg",1068,711,false],"2048x2048":["https:\/\/experienciadevida.com.ar\/portalurbano\/wp-content\/uploads\/2021\/04\/Necesitamos-una-medida-drastica-de.jpg",1068,711,false],"newsever-slider-full":["https:\/\/experienciadevida.com.ar\/portalurbano\/wp-content\/uploads\/2021\/04\/Necesitamos-una-medida-drastica-de.jpg",1068,711,false],"newsever-featured":["https:\/\/experienciadevida.com.ar\/portalurbano\/wp-content\/uploads\/2021\/04\/Necesitamos-una-medida-drastica-de.jpg",1024,682,false],"newsever-medium":["https:\/\/experienciadevida.com.ar\/portalurbano\/wp-content\/uploads\/2021\/04\/Necesitamos-una-medida-drastica-de.jpg",714,475,false],"web-stories-poster-portrait":["https:\/\/experienciadevida.com.ar\/portalurbano\/wp-content\/uploads\/2021\/04\/Necesitamos-una-medida-drastica-de.jpg",640,426,false],"web-stories-publisher-logo":["https:\/\/experienciadevida.com.ar\/portalurbano\/wp-content\/uploads\/2021\/04\/Necesitamos-una-medida-drastica-de.jpg",96,64,false],"web-stories-thumbnail":["https:\/\/experienciadevida.com.ar\/portalurbano\/wp-content\/uploads\/2021\/04\/Necesitamos-una-medida-drastica-de.jpg",150,100,false]},"author_info":{"display_name":"admpu17wp","author_link":"https:\/\/experienciadevida.com.ar\/portalurbano\/author\/admpu17wp\/"},"category_info":"<a href=\"https:\/\/experienciadevida.com.ar\/portalurbano\/category\/destacadas-2\/\" rel=\"category tag\">Destacadas 2<\/a> <a href=\"https:\/\/experienciadevida.com.ar\/portalurbano\/category\/provincia\/\" rel=\"category tag\">Provincia<\/a>","tag_info":"Provincia","comment_count":"0","amp_enabled":true,"_links":{"self":[{"href":"https:\/\/experienciadevida.com.ar\/portalurbano\/wp-json\/wp\/v2\/posts\/141263"}],"collection":[{"href":"https:\/\/experienciadevida.com.ar\/portalurbano\/wp-json\/wp\/v2\/posts"}],"about":[{"href":"https:\/\/experienciadevida.com.ar\/portalurbano\/wp-json\/wp\/v2\/types\/post"}],"author":[{"embeddable":true,"href":"https:\/\/experienciadevida.com.ar\/portalurbano\/wp-json\/wp\/v2\/users\/1"}],"replies":[{"embeddable":true,"href":"https:\/\/experienciadevida.com.ar\/portalurbano\/wp-json\/wp\/v2\/comments?post=141263"}],"version-history":[{"count":1,"href":"https:\/\/experienciadevida.com.ar\/portalurbano\/wp-json\/wp\/v2\/posts\/141263\/revisions"}],"predecessor-version":[{"id":141265,"href":"https:\/\/experienciadevida.com.ar\/portalurbano\/wp-json\/wp\/v2\/posts\/141263\/revisions\/141265"}],"wp:featuredmedia":[{"embeddable":true,"href":"https:\/\/experienciadevida.com.ar\/portalurbano\/wp-json\/wp\/v2\/media\/141264"}],"wp:attachment":[{"href":"https:\/\/experienciadevida.com.ar\/portalurbano\/wp-json\/wp\/v2\/media?parent=141263"}],"wp:term":[{"taxonomy":"category","embeddable":true,"href":"https:\/\/experienciadevida.com.ar\/portalurbano\/wp-json\/wp\/v2\/categories?post=141263"},{"taxonomy":"post_tag","embeddable":true,"href":"https:\/\/experienciadevida.com.ar\/portalurbano\/wp-json\/wp\/v2\/tags?post=141263"}],"curies":[{"name":"wp","href":"https:\/\/api.w.org\/{rel}","templated":true}]}}