{"id":141227,"date":"2021-04-26T09:41:48","date_gmt":"2021-04-26T12:41:48","guid":{"rendered":"https:\/\/experienciadevida.com.ar\/portalurbano\/?p=141227"},"modified":"2021-04-26T09:45:05","modified_gmt":"2021-04-26T12:45:05","slug":"judiciales-bonaerenses-piden-restringir-su-presencialidad-ante-disparada-de-contagios","status":"publish","type":"post","link":"https:\/\/experienciadevida.com.ar\/portalurbano\/judiciales-bonaerenses-piden-restringir-su-presencialidad-ante-disparada-de-contagios\/","title":{"rendered":"Judiciales bonaerenses piden restringir su presencialidad ante disparada de contagios"},"content":{"rendered":"<p>Judiciales bonaerenses piden restringir su presencialidad ante disparada de contagios, la AJB declar\u00f3 su \u201cestado de alerta\u201d y adelant\u00f3 que realizar\u00e1 \u201cacciones gremiales\u201d por falta de medidas para el sector.<\/p>\n<p>La Asociaci\u00f3n Judicial Bonaerense declar\u00f3 \u201cel estado de alerta\u201d y adelant\u00f3 que realizar\u00e1 \u201cacciones gremiales ante la falta de medidas que restrinjan la presencialidad\u201d, en el marco de un aumento de contagios de coronavirus en el AMBA y dentro del Poder Judicial.<\/p>\n<p>El planteo se produce en un momento de extrema gravedad de la pandemia, cuando \u201cse registran cifras r\u00e9cord de contagios, muertes y saturaci\u00f3n del sistema de salud\u201d, afirm\u00f3 el gremio judicial.<\/p>\n<p>Judiciales bonaerenses piden restringir su presencialidad ante la disparada de contagios, en un comunicado, advirti\u00f3 que, dentro del Poder Judicial de la provincia de Buenos Aires \u201cel agravamiento de la situaci\u00f3n adquiere niveles escandalosos\u201d ya que \u201cs\u00f3lo en las tres primeras semanas de abril se registr\u00f3 un 76% m\u00e1s de casos que en marzo\u201d.<\/p>\n<p>A partir de una reuni\u00f3n realizada en las \u00faltimas horas con funcionarios de la Suprema Corte, la Asociaci\u00f3n Judicial Bonaerense reiter\u00f3 el reclamo para que se adopten \u201cmedidas de emergencia que limiten la presencialidad a lo estrictamente necesario, a trav\u00e9s de un r\u00e9gimen de guardias m\u00ednimas\u201d.<\/p>\n<p>\u201cLamentablemente, la Suprema Corte decidi\u00f3 no receptar el reclamo gremial y public\u00f3 minutos despu\u00e9s de la reuni\u00f3n la Resoluci\u00f3n 597\/21, donde se mantiene el esquema de funcionamiento previo y se reiteran recomendaciones que ya han demostrado su ineficacia para limitar el n\u00famero de contagios\u201d, indic\u00f3 la asociaci\u00f3n.<\/p>\n<p>Ante esta situaci\u00f3n, la AJB anunci\u00f3 \u201cproponer al Colegio de Magistrados una instancia de di\u00e1logo para consensuar restricciones efectivas a la presencialidad, asumiendo la responsabilidad institucional que la Suprema Corte decidi\u00f3 declinar\u201d.<\/p>\n<p>Asimismo, dijo que \u201cde mantenerse el esquema actual el gremio judicial anunciar\u00e1 en los pr\u00f3ximos d\u00edas medidas de acci\u00f3n gremial para garantizar el cuidado de la vida y la integridad f\u00edsica de las y los trabajadores judiciales\u201d.<\/p>\n<p>Fuente: DIB<\/p>\n<p>Foto: archivo- ilustrativa<\/p>\n","protected":false},"excerpt":{"rendered":"<p>Judiciales bonaerenses piden restringir su presencialidad ante disparada de contagios, la AJB declar\u00f3 su \u201cestado&#8230;<\/p>\n","protected":false},"author":1,"featured_media":0,"comment_status":"closed","ping_status":"closed","sticky":false,"template":"","format":"standard","meta":{"content-type":""},"categories":[64,44],"tags":[],"nelio_content":{"isAutoShareEnabled":false,"autoShareEndMode":"default","automationSources":{"useContentSentences":true,"useSocialTemplates":true,"useCustomSentences":false,"customSentences":[]},"followers":[1],"suggestedReferences":[],"includedReferences":[],"efiUrl":"","efiAlt":"","highlights":[]},"yoast_head":"<!-- This site is optimized with the Yoast SEO plugin v20.7 - https:\/\/yoast.com\/wordpress\/plugins\/seo\/ -->\n<title>Judiciales bonaerenses piden restringir su presencialidad<\/title>\n<meta name=\"description\" content=\"Judiciales bonaerenses piden restringir su presencialidad ante disparada de contagios, la AJB declar\u00f3 su \u201cestado de alerta\u201d har\u00e1n acciones\" \/>\n<meta name=\"robots\" content=\"index, follow, max-snippet:-1, max-image-preview:large, max-video-preview:-1\" \/>\n<link rel=\"canonical\" href=\"https:\/\/experienciadevida.com.ar\/portalurbano\/judiciales-bonaerenses-piden-restringir-su-presencialidad-ante-disparada-de-contagios\/\" \/>\n<meta property=\"og:locale\" content=\"es_ES\" \/>\n<meta property=\"og:type\" content=\"article\" \/>\n<meta property=\"og:title\" content=\"Judiciales bonaerenses piden restringir su presencialidad\" \/>\n<meta property=\"og:description\" content=\"Judiciales bonaerenses piden restringir su presencialidad ante disparada de contagios, la AJB declar\u00f3 su \u201cestado de alerta\u201d har\u00e1n acciones\" \/>\n<meta property=\"og:url\" content=\"https:\/\/experienciadevida.com.ar\/portalurbano\/judiciales-bonaerenses-piden-restringir-su-presencialidad-ante-disparada-de-contagios\/\" \/>\n<meta property=\"article:publisher\" content=\"https:\/\/www.facebook.com\/Portal-Urbano-171542830093757\/\" \/>\n<meta property=\"article:published_time\" content=\"2021-04-26T12:41:48+00:00\" \/>\n<meta property=\"article:modified_time\" content=\"2021-04-26T12:45:05+00:00\" \/>\n<meta property=\"og:image\" content=\"https:\/\/experienciadevida.com.ar\/portalurbano\/wp-content\/uploads\/2017\/11\/JUDICIALES-1.jpg\" \/>\n\t<meta property=\"og:image:width\" content=\"838\" \/>\n\t<meta property=\"og:image:height\" content=\"597\" \/>\n\t<meta property=\"og:image:type\" content=\"image\/jpeg\" \/>\n<meta name=\"author\" content=\"admpu17wp\" \/>\n<meta name=\"twitter:card\" content=\"summary_large_image\" \/>\n<meta name=\"twitter:creator\" content=\"@portalurbanook\" \/>\n<meta name=\"twitter:site\" content=\"@portalurbanook\" \/>\n<meta name=\"twitter:label1\" content=\"Escrito por\" \/>\n\t<meta name=\"twitter:data1\" content=\"admpu17wp\" \/>\n\t<meta name=\"twitter:label2\" content=\"Tiempo de lectura\" \/>\n\t<meta name=\"twitter:data2\" content=\"2 minutos\" \/>\n<script type=\"application\/ld+json\" class=\"yoast-schema-graph\">{\"@context\":\"https:\/\/schema.org\",\"@graph\":[{\"@type\":\"Article\",\"@id\":\"https:\/\/experienciadevida.com.ar\/portalurbano\/judiciales-bonaerenses-piden-restringir-su-presencialidad-ante-disparada-de-contagios\/#article\",\"isPartOf\":{\"@id\":\"https:\/\/experienciadevida.com.ar\/portalurbano\/judiciales-bonaerenses-piden-restringir-su-presencialidad-ante-disparada-de-contagios\/\"},\"author\":{\"name\":\"admpu17wp\",\"@id\":\"https:\/\/experienciadevida.com.ar\/portalurbano\/#\/schema\/person\/02dd326b1c4b056e9cc972486934a3a7\"},\"headline\":\"Judiciales bonaerenses piden restringir su presencialidad ante disparada de contagios\",\"datePublished\":\"2021-04-26T12:41:48+00:00\",\"dateModified\":\"2021-04-26T12:45:05+00:00\",\"mainEntityOfPage\":{\"@id\":\"https:\/\/experienciadevida.com.ar\/portalurbano\/judiciales-bonaerenses-piden-restringir-su-presencialidad-ante-disparada-de-contagios\/\"},\"wordCount\":354,\"publisher\":{\"@id\":\"https:\/\/experienciadevida.com.ar\/portalurbano\/#organization\"},\"articleSection\":[\"Destacadas 2\",\"Provincia\"],\"inLanguage\":\"es\"},{\"@type\":\"WebPage\",\"@id\":\"https:\/\/experienciadevida.com.ar\/portalurbano\/judiciales-bonaerenses-piden-restringir-su-presencialidad-ante-disparada-de-contagios\/\",\"url\":\"https:\/\/experienciadevida.com.ar\/portalurbano\/judiciales-bonaerenses-piden-restringir-su-presencialidad-ante-disparada-de-contagios\/\",\"name\":\"Judiciales bonaerenses piden restringir su presencialidad\",\"isPartOf\":{\"@id\":\"https:\/\/experienciadevida.com.ar\/portalurbano\/#website\"},\"datePublished\":\"2021-04-26T12:41:48+00:00\",\"dateModified\":\"2021-04-26T12:45:05+00:00\",\"description\":\"Judiciales bonaerenses piden restringir su presencialidad ante disparada de contagios, la AJB declar\u00f3 su \u201cestado de alerta\u201d har\u00e1n acciones\",\"breadcrumb\":{\"@id\":\"https:\/\/experienciadevida.com.ar\/portalurbano\/judiciales-bonaerenses-piden-restringir-su-presencialidad-ante-disparada-de-contagios\/#breadcrumb\"},\"inLanguage\":\"es\",\"potentialAction\":[{\"@type\":\"ReadAction\",\"target\":[\"https:\/\/experienciadevida.com.ar\/portalurbano\/judiciales-bonaerenses-piden-restringir-su-presencialidad-ante-disparada-de-contagios\/\"]}]},{\"@type\":\"BreadcrumbList\",\"@id\":\"https:\/\/experienciadevida.com.ar\/portalurbano\/judiciales-bonaerenses-piden-restringir-su-presencialidad-ante-disparada-de-contagios\/#breadcrumb\",\"itemListElement\":[{\"@type\":\"ListItem\",\"position\":1,\"name\":\"Portada\",\"item\":\"https:\/\/experienciadevida.com.ar\/portalurbano\/\"},{\"@type\":\"ListItem\",\"position\":2,\"name\":\"Judiciales bonaerenses piden restringir su presencialidad ante disparada de contagios\"}]},{\"@type\":\"WebSite\",\"@id\":\"https:\/\/experienciadevida.com.ar\/portalurbano\/#website\",\"url\":\"https:\/\/experienciadevida.com.ar\/portalurbano\/\",\"name\":\"\",\"description\":\"\",\"publisher\":{\"@id\":\"https:\/\/experienciadevida.com.ar\/portalurbano\/#organization\"},\"potentialAction\":[{\"@type\":\"SearchAction\",\"target\":{\"@type\":\"EntryPoint\",\"urlTemplate\":\"https:\/\/experienciadevida.com.ar\/portalurbano\/?s={search_term_string}\"},\"query-input\":\"required name=search_term_string\"}],\"inLanguage\":\"es\"},{\"@type\":\"Organization\",\"@id\":\"https:\/\/experienciadevida.com.ar\/portalurbano\/#organization\",\"name\":\"Portal Urbano\",\"url\":\"https:\/\/experienciadevida.com.ar\/portalurbano\/\",\"logo\":{\"@type\":\"ImageObject\",\"inLanguage\":\"es\",\"@id\":\"https:\/\/experienciadevida.com.ar\/portalurbano\/#\/schema\/logo\/image\/\",\"url\":\"https:\/\/experienciadevida.com.ar\/portalurbano\/wp-content\/uploads\/2019\/09\/Logo-Original.png\",\"contentUrl\":\"https:\/\/experienciadevida.com.ar\/portalurbano\/wp-content\/uploads\/2019\/09\/Logo-Original.png\",\"width\":2236,\"height\":1216,\"caption\":\"Portal Urbano\"},\"image\":{\"@id\":\"https:\/\/experienciadevida.com.ar\/portalurbano\/#\/schema\/logo\/image\/\"},\"sameAs\":[\"https:\/\/www.facebook.com\/Portal-Urbano-171542830093757\/\",\"https:\/\/twitter.com\/portalurbanook\",\"https:\/\/www.instagram.com\/_portalurbano\/\",\"https:\/\/www.youtube.com\/channel\/UCXhagIfszH8KxFiOok79zbA?view_as=subscriber\"]},{\"@type\":\"Person\",\"@id\":\"https:\/\/experienciadevida.com.ar\/portalurbano\/#\/schema\/person\/02dd326b1c4b056e9cc972486934a3a7\",\"name\":\"admpu17wp\",\"image\":{\"@type\":\"ImageObject\",\"inLanguage\":\"es\",\"@id\":\"https:\/\/experienciadevida.com.ar\/portalurbano\/#\/schema\/person\/image\/\",\"url\":\"https:\/\/secure.gravatar.com\/avatar\/830d4c57adaae6630765e449a6908047?s=96&d=mm&r=g\",\"contentUrl\":\"https:\/\/secure.gravatar.com\/avatar\/830d4c57adaae6630765e449a6908047?s=96&d=mm&r=g\",\"caption\":\"admpu17wp\"}}]}<\/script>\n<!-- \/ Yoast SEO plugin. -->","yoast_head_json":{"title":"Judiciales bonaerenses piden restringir su presencialidad","description":"Judiciales bonaerenses piden restringir su presencialidad ante disparada de contagios, la AJB declar\u00f3 su \u201cestado de alerta\u201d har\u00e1n acciones","robots":{"index":"index","follow":"follow","max-snippet":"max-snippet:-1","max-image-preview":"max-image-preview:large","max-video-preview":"max-video-preview:-1"},"canonical":"https:\/\/experienciadevida.com.ar\/portalurbano\/judiciales-bonaerenses-piden-restringir-su-presencialidad-ante-disparada-de-contagios\/","og_locale":"es_ES","og_type":"article","og_title":"Judiciales bonaerenses piden restringir su presencialidad","og_description":"Judiciales bonaerenses piden restringir su presencialidad ante disparada de contagios, la AJB declar\u00f3 su \u201cestado de alerta\u201d har\u00e1n acciones","og_url":"https:\/\/experienciadevida.com.ar\/portalurbano\/judiciales-bonaerenses-piden-restringir-su-presencialidad-ante-disparada-de-contagios\/","article_publisher":"https:\/\/www.facebook.com\/Portal-Urbano-171542830093757\/","article_published_time":"2021-04-26T12:41:48+00:00","article_modified_time":"2021-04-26T12:45:05+00:00","og_image":[{"width":838,"height":597,"url":"https:\/\/experienciadevida.com.ar\/portalurbano\/wp-content\/uploads\/2017\/11\/JUDICIALES-1.jpg","type":"image\/jpeg"}],"author":"admpu17wp","twitter_card":"summary_large_image","twitter_creator":"@portalurbanook","twitter_site":"@portalurbanook","twitter_misc":{"Escrito por":"admpu17wp","Tiempo de lectura":"2 minutos"},"schema":{"@context":"https:\/\/schema.org","@graph":[{"@type":"Article","@id":"https:\/\/experienciadevida.com.ar\/portalurbano\/judiciales-bonaerenses-piden-restringir-su-presencialidad-ante-disparada-de-contagios\/#article","isPartOf":{"@id":"https:\/\/experienciadevida.com.ar\/portalurbano\/judiciales-bonaerenses-piden-restringir-su-presencialidad-ante-disparada-de-contagios\/"},"author":{"name":"admpu17wp","@id":"https:\/\/experienciadevida.com.ar\/portalurbano\/#\/schema\/person\/02dd326b1c4b056e9cc972486934a3a7"},"headline":"Judiciales bonaerenses piden restringir su presencialidad ante disparada de contagios","datePublished":"2021-04-26T12:41:48+00:00","dateModified":"2021-04-26T12:45:05+00:00","mainEntityOfPage":{"@id":"https:\/\/experienciadevida.com.ar\/portalurbano\/judiciales-bonaerenses-piden-restringir-su-presencialidad-ante-disparada-de-contagios\/"},"wordCount":354,"publisher":{"@id":"https:\/\/experienciadevida.com.ar\/portalurbano\/#organization"},"articleSection":["Destacadas 2","Provincia"],"inLanguage":"es"},{"@type":"WebPage","@id":"https:\/\/experienciadevida.com.ar\/portalurbano\/judiciales-bonaerenses-piden-restringir-su-presencialidad-ante-disparada-de-contagios\/","url":"https:\/\/experienciadevida.com.ar\/portalurbano\/judiciales-bonaerenses-piden-restringir-su-presencialidad-ante-disparada-de-contagios\/","name":"Judiciales bonaerenses piden restringir su presencialidad","isPartOf":{"@id":"https:\/\/experienciadevida.com.ar\/portalurbano\/#website"},"datePublished":"2021-04-26T12:41:48+00:00","dateModified":"2021-04-26T12:45:05+00:00","description":"Judiciales bonaerenses piden restringir su presencialidad ante disparada de contagios, la AJB declar\u00f3 su \u201cestado de alerta\u201d har\u00e1n acciones","breadcrumb":{"@id":"https:\/\/experienciadevida.com.ar\/portalurbano\/judiciales-bonaerenses-piden-restringir-su-presencialidad-ante-disparada-de-contagios\/#breadcrumb"},"inLanguage":"es","potentialAction":[{"@type":"ReadAction","target":["https:\/\/experienciadevida.com.ar\/portalurbano\/judiciales-bonaerenses-piden-restringir-su-presencialidad-ante-disparada-de-contagios\/"]}]},{"@type":"BreadcrumbList","@id":"https:\/\/experienciadevida.com.ar\/portalurbano\/judiciales-bonaerenses-piden-restringir-su-presencialidad-ante-disparada-de-contagios\/#breadcrumb","itemListElement":[{"@type":"ListItem","position":1,"name":"Portada","item":"https:\/\/experienciadevida.com.ar\/portalurbano\/"},{"@type":"ListItem","position":2,"name":"Judiciales bonaerenses piden restringir su presencialidad ante disparada de contagios"}]},{"@type":"WebSite","@id":"https:\/\/experienciadevida.com.ar\/portalurbano\/#website","url":"https:\/\/experienciadevida.com.ar\/portalurbano\/","name":"","description":"","publisher":{"@id":"https:\/\/experienciadevida.com.ar\/portalurbano\/#organization"},"potentialAction":[{"@type":"SearchAction","target":{"@type":"EntryPoint","urlTemplate":"https:\/\/experienciadevida.com.ar\/portalurbano\/?s={search_term_string}"},"query-input":"required name=search_term_string"}],"inLanguage":"es"},{"@type":"Organization","@id":"https:\/\/experienciadevida.com.ar\/portalurbano\/#organization","name":"Portal Urbano","url":"https:\/\/experienciadevida.com.ar\/portalurbano\/","logo":{"@type":"ImageObject","inLanguage":"es","@id":"https:\/\/experienciadevida.com.ar\/portalurbano\/#\/schema\/logo\/image\/","url":"https:\/\/experienciadevida.com.ar\/portalurbano\/wp-content\/uploads\/2019\/09\/Logo-Original.png","contentUrl":"https:\/\/experienciadevida.com.ar\/portalurbano\/wp-content\/uploads\/2019\/09\/Logo-Original.png","width":2236,"height":1216,"caption":"Portal Urbano"},"image":{"@id":"https:\/\/experienciadevida.com.ar\/portalurbano\/#\/schema\/logo\/image\/"},"sameAs":["https:\/\/www.facebook.com\/Portal-Urbano-171542830093757\/","https:\/\/twitter.com\/portalurbanook","https:\/\/www.instagram.com\/_portalurbano\/","https:\/\/www.youtube.com\/channel\/UCXhagIfszH8KxFiOok79zbA?view_as=subscriber"]},{"@type":"Person","@id":"https:\/\/experienciadevida.com.ar\/portalurbano\/#\/schema\/person\/02dd326b1c4b056e9cc972486934a3a7","name":"admpu17wp","image":{"@type":"ImageObject","inLanguage":"es","@id":"https:\/\/experienciadevida.com.ar\/portalurbano\/#\/schema\/person\/image\/","url":"https:\/\/secure.gravatar.com\/avatar\/830d4c57adaae6630765e449a6908047?s=96&d=mm&r=g","contentUrl":"https:\/\/secure.gravatar.com\/avatar\/830d4c57adaae6630765e449a6908047?s=96&d=mm&r=g","caption":"admpu17wp"}}]}},"featured_image_urls":{"full":"","thumbnail":"","medium":"","medium_large":"","large":"","ug_big":"","1536x1536":"","2048x2048":"","newsever-slider-full":"","newsever-featured":"","newsever-medium":"","web-stories-poster-portrait":"","web-stories-publisher-logo":"","web-stories-thumbnail":""},"author_info":{"display_name":"admpu17wp","author_link":"https:\/\/experienciadevida.com.ar\/portalurbano\/author\/admpu17wp\/"},"category_info":"<a href=\"https:\/\/experienciadevida.com.ar\/portalurbano\/category\/destacadas-2\/\" rel=\"category tag\">Destacadas 2<\/a> <a href=\"https:\/\/experienciadevida.com.ar\/portalurbano\/category\/provincia\/\" rel=\"category tag\">Provincia<\/a>","tag_info":"Provincia","comment_count":"0","amp_enabled":true,"_links":{"self":[{"href":"https:\/\/experienciadevida.com.ar\/portalurbano\/wp-json\/wp\/v2\/posts\/141227"}],"collection":[{"href":"https:\/\/experienciadevida.com.ar\/portalurbano\/wp-json\/wp\/v2\/posts"}],"about":[{"href":"https:\/\/experienciadevida.com.ar\/portalurbano\/wp-json\/wp\/v2\/types\/post"}],"author":[{"embeddable":true,"href":"https:\/\/experienciadevida.com.ar\/portalurbano\/wp-json\/wp\/v2\/users\/1"}],"replies":[{"embeddable":true,"href":"https:\/\/experienciadevida.com.ar\/portalurbano\/wp-json\/wp\/v2\/comments?post=141227"}],"version-history":[{"count":2,"href":"https:\/\/experienciadevida.com.ar\/portalurbano\/wp-json\/wp\/v2\/posts\/141227\/revisions"}],"predecessor-version":[{"id":141229,"href":"https:\/\/experienciadevida.com.ar\/portalurbano\/wp-json\/wp\/v2\/posts\/141227\/revisions\/141229"}],"wp:attachment":[{"href":"https:\/\/experienciadevida.com.ar\/portalurbano\/wp-json\/wp\/v2\/media?parent=141227"}],"wp:term":[{"taxonomy":"category","embeddable":true,"href":"https:\/\/experienciadevida.com.ar\/portalurbano\/wp-json\/wp\/v2\/categories?post=141227"},{"taxonomy":"post_tag","embeddable":true,"href":"https:\/\/experienciadevida.com.ar\/portalurbano\/wp-json\/wp\/v2\/tags?post=141227"}],"curies":[{"name":"wp","href":"https:\/\/api.w.org\/{rel}","templated":true}]}}