{"id":141026,"date":"2021-04-23T09:43:23","date_gmt":"2021-04-23T12:43:23","guid":{"rendered":"https:\/\/experienciadevida.com.ar\/portalurbano\/?p=141026"},"modified":"2021-04-23T09:44:15","modified_gmt":"2021-04-23T12:44:15","slug":"tras-un-robo-ocurrido-dias-atras-realizaron-allanamientos-y-recuperaron-varios-elementos","status":"publish","type":"post","link":"https:\/\/experienciadevida.com.ar\/portalurbano\/tras-un-robo-ocurrido-dias-atras-realizaron-allanamientos-y-recuperaron-varios-elementos\/","title":{"rendered":"Tras un robo ocurrido d\u00edas atr\u00e1s realizaron allanamientos y recuperaron varios elementos"},"content":{"rendered":"<p>En el d\u00eda de ayer, el personal de la comisar\u00eda segunda junto con comisar\u00eda primera, Subcomisarias Loma Negra y Sierras Bayas, Polic\u00eda Local, Comando de Prevencion Rural y DDI realizaron tres allanamientos otorgadas por el Juzgado de Garant\u00edas n\u00b01.<\/p>\n<p>Los allanamientos\u00a0 se hicieron en los domicilios Saavedra al 3900, R\u00edo Negro al 3300 y Av. Colon Prolongaci\u00f3n Sur donde se procedio al Secuestro de 7 tel\u00e9fonos celulares de distintas marcas y modelos, prendas de vestir, municiones de distintos calibres, 4 Desmalezadoras de distintas marcas y modelos, una play station 3, un Binocular, un arma de fuego, una Soldadora El\u00e9ctrica, un Compresor de Aire color Rojo, una Balanza Electr\u00f3nica tipo B\u00e1scula, una Bomba Presurizadora, una terraja, un ca\u00f1o y una caja de suministro el\u00e9ctrico, una Motosierra, un rectificador de neum\u00e1ticos.<\/p>\n<p>Se inici\u00f3 una causa\u00a0 como &#8220;presunta comisi\u00f3n de delito de acci\u00f3n p\u00fablica&#8221; con intervenci\u00f3n de la UFI n\u00b07 a cargo del Dr. Christian Urlezaga.<\/p>\n<p>Tambi\u00e9n se procedi\u00f3 al recogimiento de 4 plantas de marihuana y una bolsa de nylon se inici\u00f3 una actuaci\u00f3n como &#8220;infracci\u00f3n a la ley 23737&#8221; con intervenci\u00f3n de la UFI n\u00b019 a cargo del Dr Lucas Moyano. Para con los moradores de la vivienda se iniciaron actuaciones de rigor correspondientes.<\/p>\n<p>Se deja constancia que el hecho por el cual se realizaron los allanamientos ocurri\u00f3 el d\u00eda domingo en horas de la noche en una vivienda ubicada en la calle Hip\u00f3lito Irigoyen al 4900 donde un hombre denunci\u00f3 que fue sorprendido por otros hombres armados quienes previo amenazarlo le roban varios elementos del interior de su domicilio.<\/p>\n<p>Se solicita a la comunidad que en caso de reconocer alg\u00fan elemento como de su propiedad se acerquen hacia la comisar\u00eda segunda ubicada en la calle San Mart\u00edn N\u00b0 3846, o se comunique al numero de abonado 422055.<\/p>\n<p>Por \u00faltimo se inici\u00f3 una causa como &#8220;allanamiento en el marco de robo agravado por escalamiento y el uso de arma de fuego&#8221;, con intervenci\u00f3n de la UFI n\u00b04 a cargo de la Dra Paula Serrano.<\/p>\n","protected":false},"excerpt":{"rendered":"<p>En el d\u00eda de ayer, el personal de la comisar\u00eda segunda junto con comisar\u00eda primera,&#8230;<\/p>\n","protected":false},"author":1,"featured_media":141027,"comment_status":"closed","ping_status":"closed","sticky":false,"template":"","format":"standard","meta":{"content-type":""},"categories":[64,40],"tags":[],"nelio_content":{"isAutoShareEnabled":false,"autoShareEndMode":"default","automationSources":{"useContentSentences":true,"useSocialTemplates":true,"useCustomSentences":false,"customSentences":[]},"followers":[1],"suggestedReferences":[],"includedReferences":[],"efiUrl":"","efiAlt":"","highlights":[]},"yoast_head":"<!-- This site is optimized with the Yoast SEO plugin v20.7 - https:\/\/yoast.com\/wordpress\/plugins\/seo\/ -->\n<title>Tras un robo ocurrido d\u00edas atr\u00e1s realizaron allanamientos y recuperaron varios elementos -<\/title>\n<meta name=\"robots\" content=\"index, follow, max-snippet:-1, max-image-preview:large, max-video-preview:-1\" \/>\n<link rel=\"canonical\" href=\"https:\/\/experienciadevida.com.ar\/portalurbano\/tras-un-robo-ocurrido-dias-atras-realizaron-allanamientos-y-recuperaron-varios-elementos\/\" \/>\n<meta property=\"og:locale\" content=\"es_ES\" \/>\n<meta property=\"og:type\" content=\"article\" \/>\n<meta property=\"og:title\" content=\"Tras un robo ocurrido d\u00edas atr\u00e1s realizaron allanamientos y recuperaron varios elementos -\" \/>\n<meta property=\"og:description\" content=\"En el d\u00eda de ayer, el personal de la comisar\u00eda segunda junto con comisar\u00eda primera,...\" \/>\n<meta property=\"og:url\" content=\"https:\/\/experienciadevida.com.ar\/portalurbano\/tras-un-robo-ocurrido-dias-atras-realizaron-allanamientos-y-recuperaron-varios-elementos\/\" \/>\n<meta property=\"article:publisher\" content=\"https:\/\/www.facebook.com\/Portal-Urbano-171542830093757\/\" \/>\n<meta property=\"article:published_time\" content=\"2021-04-23T12:43:23+00:00\" \/>\n<meta property=\"article:modified_time\" content=\"2021-04-23T12:44:15+00:00\" \/>\n<meta property=\"og:image\" content=\"https:\/\/experienciadevida.com.ar\/portalurbano\/wp-content\/uploads\/2021\/04\/Tras-un-robo-ocurrido-dias.jpg\" \/>\n\t<meta property=\"og:image:width\" content=\"1280\" \/>\n\t<meta property=\"og:image:height\" content=\"720\" \/>\n\t<meta property=\"og:image:type\" content=\"image\/jpeg\" \/>\n<meta name=\"author\" content=\"admpu17wp\" \/>\n<meta name=\"twitter:card\" content=\"summary_large_image\" \/>\n<meta name=\"twitter:creator\" content=\"@portalurbanook\" \/>\n<meta name=\"twitter:site\" content=\"@portalurbanook\" \/>\n<meta name=\"twitter:label1\" content=\"Escrito por\" \/>\n\t<meta name=\"twitter:data1\" content=\"admpu17wp\" \/>\n\t<meta name=\"twitter:label2\" content=\"Tiempo de lectura\" \/>\n\t<meta name=\"twitter:data2\" content=\"2 minutos\" \/>\n<script type=\"application\/ld+json\" class=\"yoast-schema-graph\">{\"@context\":\"https:\/\/schema.org\",\"@graph\":[{\"@type\":\"Article\",\"@id\":\"https:\/\/experienciadevida.com.ar\/portalurbano\/tras-un-robo-ocurrido-dias-atras-realizaron-allanamientos-y-recuperaron-varios-elementos\/#article\",\"isPartOf\":{\"@id\":\"https:\/\/experienciadevida.com.ar\/portalurbano\/tras-un-robo-ocurrido-dias-atras-realizaron-allanamientos-y-recuperaron-varios-elementos\/\"},\"author\":{\"name\":\"admpu17wp\",\"@id\":\"https:\/\/experienciadevida.com.ar\/portalurbano\/#\/schema\/person\/02dd326b1c4b056e9cc972486934a3a7\"},\"headline\":\"Tras un robo ocurrido d\u00edas atr\u00e1s realizaron allanamientos y recuperaron varios elementos\",\"datePublished\":\"2021-04-23T12:43:23+00:00\",\"dateModified\":\"2021-04-23T12:44:15+00:00\",\"mainEntityOfPage\":{\"@id\":\"https:\/\/experienciadevida.com.ar\/portalurbano\/tras-un-robo-ocurrido-dias-atras-realizaron-allanamientos-y-recuperaron-varios-elementos\/\"},\"wordCount\":365,\"publisher\":{\"@id\":\"https:\/\/experienciadevida.com.ar\/portalurbano\/#organization\"},\"articleSection\":[\"Destacadas 2\",\"Policiales\"],\"inLanguage\":\"es\"},{\"@type\":\"WebPage\",\"@id\":\"https:\/\/experienciadevida.com.ar\/portalurbano\/tras-un-robo-ocurrido-dias-atras-realizaron-allanamientos-y-recuperaron-varios-elementos\/\",\"url\":\"https:\/\/experienciadevida.com.ar\/portalurbano\/tras-un-robo-ocurrido-dias-atras-realizaron-allanamientos-y-recuperaron-varios-elementos\/\",\"name\":\"Tras un robo ocurrido d\u00edas atr\u00e1s realizaron allanamientos y recuperaron varios elementos -\",\"isPartOf\":{\"@id\":\"https:\/\/experienciadevida.com.ar\/portalurbano\/#website\"},\"datePublished\":\"2021-04-23T12:43:23+00:00\",\"dateModified\":\"2021-04-23T12:44:15+00:00\",\"breadcrumb\":{\"@id\":\"https:\/\/experienciadevida.com.ar\/portalurbano\/tras-un-robo-ocurrido-dias-atras-realizaron-allanamientos-y-recuperaron-varios-elementos\/#breadcrumb\"},\"inLanguage\":\"es\",\"potentialAction\":[{\"@type\":\"ReadAction\",\"target\":[\"https:\/\/experienciadevida.com.ar\/portalurbano\/tras-un-robo-ocurrido-dias-atras-realizaron-allanamientos-y-recuperaron-varios-elementos\/\"]}]},{\"@type\":\"BreadcrumbList\",\"@id\":\"https:\/\/experienciadevida.com.ar\/portalurbano\/tras-un-robo-ocurrido-dias-atras-realizaron-allanamientos-y-recuperaron-varios-elementos\/#breadcrumb\",\"itemListElement\":[{\"@type\":\"ListItem\",\"position\":1,\"name\":\"Portada\",\"item\":\"https:\/\/experienciadevida.com.ar\/portalurbano\/\"},{\"@type\":\"ListItem\",\"position\":2,\"name\":\"Tras un robo ocurrido d\u00edas atr\u00e1s realizaron allanamientos y recuperaron varios elementos\"}]},{\"@type\":\"WebSite\",\"@id\":\"https:\/\/experienciadevida.com.ar\/portalurbano\/#website\",\"url\":\"https:\/\/experienciadevida.com.ar\/portalurbano\/\",\"name\":\"\",\"description\":\"\",\"publisher\":{\"@id\":\"https:\/\/experienciadevida.com.ar\/portalurbano\/#organization\"},\"potentialAction\":[{\"@type\":\"SearchAction\",\"target\":{\"@type\":\"EntryPoint\",\"urlTemplate\":\"https:\/\/experienciadevida.com.ar\/portalurbano\/?s={search_term_string}\"},\"query-input\":\"required name=search_term_string\"}],\"inLanguage\":\"es\"},{\"@type\":\"Organization\",\"@id\":\"https:\/\/experienciadevida.com.ar\/portalurbano\/#organization\",\"name\":\"Portal Urbano\",\"url\":\"https:\/\/experienciadevida.com.ar\/portalurbano\/\",\"logo\":{\"@type\":\"ImageObject\",\"inLanguage\":\"es\",\"@id\":\"https:\/\/experienciadevida.com.ar\/portalurbano\/#\/schema\/logo\/image\/\",\"url\":\"https:\/\/experienciadevida.com.ar\/portalurbano\/wp-content\/uploads\/2019\/09\/Logo-Original.png\",\"contentUrl\":\"https:\/\/experienciadevida.com.ar\/portalurbano\/wp-content\/uploads\/2019\/09\/Logo-Original.png\",\"width\":2236,\"height\":1216,\"caption\":\"Portal Urbano\"},\"image\":{\"@id\":\"https:\/\/experienciadevida.com.ar\/portalurbano\/#\/schema\/logo\/image\/\"},\"sameAs\":[\"https:\/\/www.facebook.com\/Portal-Urbano-171542830093757\/\",\"https:\/\/twitter.com\/portalurbanook\",\"https:\/\/www.instagram.com\/_portalurbano\/\",\"https:\/\/www.youtube.com\/channel\/UCXhagIfszH8KxFiOok79zbA?view_as=subscriber\"]},{\"@type\":\"Person\",\"@id\":\"https:\/\/experienciadevida.com.ar\/portalurbano\/#\/schema\/person\/02dd326b1c4b056e9cc972486934a3a7\",\"name\":\"admpu17wp\",\"image\":{\"@type\":\"ImageObject\",\"inLanguage\":\"es\",\"@id\":\"https:\/\/experienciadevida.com.ar\/portalurbano\/#\/schema\/person\/image\/\",\"url\":\"https:\/\/secure.gravatar.com\/avatar\/830d4c57adaae6630765e449a6908047?s=96&d=mm&r=g\",\"contentUrl\":\"https:\/\/secure.gravatar.com\/avatar\/830d4c57adaae6630765e449a6908047?s=96&d=mm&r=g\",\"caption\":\"admpu17wp\"}}]}<\/script>\n<!-- \/ Yoast SEO plugin. -->","yoast_head_json":{"title":"Tras un robo ocurrido d\u00edas atr\u00e1s realizaron allanamientos y recuperaron varios elementos -","robots":{"index":"index","follow":"follow","max-snippet":"max-snippet:-1","max-image-preview":"max-image-preview:large","max-video-preview":"max-video-preview:-1"},"canonical":"https:\/\/experienciadevida.com.ar\/portalurbano\/tras-un-robo-ocurrido-dias-atras-realizaron-allanamientos-y-recuperaron-varios-elementos\/","og_locale":"es_ES","og_type":"article","og_title":"Tras un robo ocurrido d\u00edas atr\u00e1s realizaron allanamientos y recuperaron varios elementos -","og_description":"En el d\u00eda de ayer, el personal de la comisar\u00eda segunda junto con comisar\u00eda primera,...","og_url":"https:\/\/experienciadevida.com.ar\/portalurbano\/tras-un-robo-ocurrido-dias-atras-realizaron-allanamientos-y-recuperaron-varios-elementos\/","article_publisher":"https:\/\/www.facebook.com\/Portal-Urbano-171542830093757\/","article_published_time":"2021-04-23T12:43:23+00:00","article_modified_time":"2021-04-23T12:44:15+00:00","og_image":[{"width":1280,"height":720,"url":"https:\/\/experienciadevida.com.ar\/portalurbano\/wp-content\/uploads\/2021\/04\/Tras-un-robo-ocurrido-dias.jpg","type":"image\/jpeg"}],"author":"admpu17wp","twitter_card":"summary_large_image","twitter_creator":"@portalurbanook","twitter_site":"@portalurbanook","twitter_misc":{"Escrito por":"admpu17wp","Tiempo de lectura":"2 minutos"},"schema":{"@context":"https:\/\/schema.org","@graph":[{"@type":"Article","@id":"https:\/\/experienciadevida.com.ar\/portalurbano\/tras-un-robo-ocurrido-dias-atras-realizaron-allanamientos-y-recuperaron-varios-elementos\/#article","isPartOf":{"@id":"https:\/\/experienciadevida.com.ar\/portalurbano\/tras-un-robo-ocurrido-dias-atras-realizaron-allanamientos-y-recuperaron-varios-elementos\/"},"author":{"name":"admpu17wp","@id":"https:\/\/experienciadevida.com.ar\/portalurbano\/#\/schema\/person\/02dd326b1c4b056e9cc972486934a3a7"},"headline":"Tras un robo ocurrido d\u00edas atr\u00e1s realizaron allanamientos y recuperaron varios elementos","datePublished":"2021-04-23T12:43:23+00:00","dateModified":"2021-04-23T12:44:15+00:00","mainEntityOfPage":{"@id":"https:\/\/experienciadevida.com.ar\/portalurbano\/tras-un-robo-ocurrido-dias-atras-realizaron-allanamientos-y-recuperaron-varios-elementos\/"},"wordCount":365,"publisher":{"@id":"https:\/\/experienciadevida.com.ar\/portalurbano\/#organization"},"articleSection":["Destacadas 2","Policiales"],"inLanguage":"es"},{"@type":"WebPage","@id":"https:\/\/experienciadevida.com.ar\/portalurbano\/tras-un-robo-ocurrido-dias-atras-realizaron-allanamientos-y-recuperaron-varios-elementos\/","url":"https:\/\/experienciadevida.com.ar\/portalurbano\/tras-un-robo-ocurrido-dias-atras-realizaron-allanamientos-y-recuperaron-varios-elementos\/","name":"Tras un robo ocurrido d\u00edas atr\u00e1s realizaron allanamientos y recuperaron varios elementos -","isPartOf":{"@id":"https:\/\/experienciadevida.com.ar\/portalurbano\/#website"},"datePublished":"2021-04-23T12:43:23+00:00","dateModified":"2021-04-23T12:44:15+00:00","breadcrumb":{"@id":"https:\/\/experienciadevida.com.ar\/portalurbano\/tras-un-robo-ocurrido-dias-atras-realizaron-allanamientos-y-recuperaron-varios-elementos\/#breadcrumb"},"inLanguage":"es","potentialAction":[{"@type":"ReadAction","target":["https:\/\/experienciadevida.com.ar\/portalurbano\/tras-un-robo-ocurrido-dias-atras-realizaron-allanamientos-y-recuperaron-varios-elementos\/"]}]},{"@type":"BreadcrumbList","@id":"https:\/\/experienciadevida.com.ar\/portalurbano\/tras-un-robo-ocurrido-dias-atras-realizaron-allanamientos-y-recuperaron-varios-elementos\/#breadcrumb","itemListElement":[{"@type":"ListItem","position":1,"name":"Portada","item":"https:\/\/experienciadevida.com.ar\/portalurbano\/"},{"@type":"ListItem","position":2,"name":"Tras un robo ocurrido d\u00edas atr\u00e1s realizaron allanamientos y recuperaron varios elementos"}]},{"@type":"WebSite","@id":"https:\/\/experienciadevida.com.ar\/portalurbano\/#website","url":"https:\/\/experienciadevida.com.ar\/portalurbano\/","name":"","description":"","publisher":{"@id":"https:\/\/experienciadevida.com.ar\/portalurbano\/#organization"},"potentialAction":[{"@type":"SearchAction","target":{"@type":"EntryPoint","urlTemplate":"https:\/\/experienciadevida.com.ar\/portalurbano\/?s={search_term_string}"},"query-input":"required name=search_term_string"}],"inLanguage":"es"},{"@type":"Organization","@id":"https:\/\/experienciadevida.com.ar\/portalurbano\/#organization","name":"Portal Urbano","url":"https:\/\/experienciadevida.com.ar\/portalurbano\/","logo":{"@type":"ImageObject","inLanguage":"es","@id":"https:\/\/experienciadevida.com.ar\/portalurbano\/#\/schema\/logo\/image\/","url":"https:\/\/experienciadevida.com.ar\/portalurbano\/wp-content\/uploads\/2019\/09\/Logo-Original.png","contentUrl":"https:\/\/experienciadevida.com.ar\/portalurbano\/wp-content\/uploads\/2019\/09\/Logo-Original.png","width":2236,"height":1216,"caption":"Portal Urbano"},"image":{"@id":"https:\/\/experienciadevida.com.ar\/portalurbano\/#\/schema\/logo\/image\/"},"sameAs":["https:\/\/www.facebook.com\/Portal-Urbano-171542830093757\/","https:\/\/twitter.com\/portalurbanook","https:\/\/www.instagram.com\/_portalurbano\/","https:\/\/www.youtube.com\/channel\/UCXhagIfszH8KxFiOok79zbA?view_as=subscriber"]},{"@type":"Person","@id":"https:\/\/experienciadevida.com.ar\/portalurbano\/#\/schema\/person\/02dd326b1c4b056e9cc972486934a3a7","name":"admpu17wp","image":{"@type":"ImageObject","inLanguage":"es","@id":"https:\/\/experienciadevida.com.ar\/portalurbano\/#\/schema\/person\/image\/","url":"https:\/\/secure.gravatar.com\/avatar\/830d4c57adaae6630765e449a6908047?s=96&d=mm&r=g","contentUrl":"https:\/\/secure.gravatar.com\/avatar\/830d4c57adaae6630765e449a6908047?s=96&d=mm&r=g","caption":"admpu17wp"}}]}},"featured_image_urls":{"full":["https:\/\/experienciadevida.com.ar\/portalurbano\/wp-content\/uploads\/2021\/04\/Tras-un-robo-ocurrido-dias.jpg",1280,720,false],"thumbnail":["https:\/\/experienciadevida.com.ar\/portalurbano\/wp-content\/uploads\/2021\/04\/Tras-un-robo-ocurrido-dias-150x150.jpg",150,150,true],"medium":["https:\/\/experienciadevida.com.ar\/portalurbano\/wp-content\/uploads\/2021\/04\/Tras-un-robo-ocurrido-dias-300x169.jpg",300,169,true],"medium_large":["https:\/\/experienciadevida.com.ar\/portalurbano\/wp-content\/uploads\/2021\/04\/Tras-un-robo-ocurrido-dias-768x432.jpg",640,360,true],"large":["https:\/\/experienciadevida.com.ar\/portalurbano\/wp-content\/uploads\/2021\/04\/Tras-un-robo-ocurrido-dias-1024x576.jpg",640,360,true],"ug_big":["https:\/\/experienciadevida.com.ar\/portalurbano\/wp-content\/uploads\/2021\/04\/Tras-un-robo-ocurrido-dias-768x432.jpg",768,432,true],"1536x1536":["https:\/\/experienciadevida.com.ar\/portalurbano\/wp-content\/uploads\/2021\/04\/Tras-un-robo-ocurrido-dias.jpg",1280,720,false],"2048x2048":["https:\/\/experienciadevida.com.ar\/portalurbano\/wp-content\/uploads\/2021\/04\/Tras-un-robo-ocurrido-dias.jpg",1280,720,false],"newsever-slider-full":["https:\/\/experienciadevida.com.ar\/portalurbano\/wp-content\/uploads\/2021\/04\/Tras-un-robo-ocurrido-dias.jpg",1280,720,false],"newsever-featured":["https:\/\/experienciadevida.com.ar\/portalurbano\/wp-content\/uploads\/2021\/04\/Tras-un-robo-ocurrido-dias.jpg",1024,576,false],"newsever-medium":["https:\/\/experienciadevida.com.ar\/portalurbano\/wp-content\/uploads\/2021\/04\/Tras-un-robo-ocurrido-dias.jpg",720,405,false],"web-stories-poster-portrait":["https:\/\/experienciadevida.com.ar\/portalurbano\/wp-content\/uploads\/2021\/04\/Tras-un-robo-ocurrido-dias.jpg",640,360,false],"web-stories-publisher-logo":["https:\/\/experienciadevida.com.ar\/portalurbano\/wp-content\/uploads\/2021\/04\/Tras-un-robo-ocurrido-dias.jpg",96,54,false],"web-stories-thumbnail":["https:\/\/experienciadevida.com.ar\/portalurbano\/wp-content\/uploads\/2021\/04\/Tras-un-robo-ocurrido-dias.jpg",150,84,false]},"author_info":{"display_name":"admpu17wp","author_link":"https:\/\/experienciadevida.com.ar\/portalurbano\/author\/admpu17wp\/"},"category_info":"<a href=\"https:\/\/experienciadevida.com.ar\/portalurbano\/category\/destacadas-2\/\" rel=\"category tag\">Destacadas 2<\/a> <a href=\"https:\/\/experienciadevida.com.ar\/portalurbano\/category\/policiales\/\" rel=\"category tag\">Policiales<\/a>","tag_info":"Policiales","comment_count":"0","amp_enabled":true,"_links":{"self":[{"href":"https:\/\/experienciadevida.com.ar\/portalurbano\/wp-json\/wp\/v2\/posts\/141026"}],"collection":[{"href":"https:\/\/experienciadevida.com.ar\/portalurbano\/wp-json\/wp\/v2\/posts"}],"about":[{"href":"https:\/\/experienciadevida.com.ar\/portalurbano\/wp-json\/wp\/v2\/types\/post"}],"author":[{"embeddable":true,"href":"https:\/\/experienciadevida.com.ar\/portalurbano\/wp-json\/wp\/v2\/users\/1"}],"replies":[{"embeddable":true,"href":"https:\/\/experienciadevida.com.ar\/portalurbano\/wp-json\/wp\/v2\/comments?post=141026"}],"version-history":[{"count":1,"href":"https:\/\/experienciadevida.com.ar\/portalurbano\/wp-json\/wp\/v2\/posts\/141026\/revisions"}],"predecessor-version":[{"id":141028,"href":"https:\/\/experienciadevida.com.ar\/portalurbano\/wp-json\/wp\/v2\/posts\/141026\/revisions\/141028"}],"wp:featuredmedia":[{"embeddable":true,"href":"https:\/\/experienciadevida.com.ar\/portalurbano\/wp-json\/wp\/v2\/media\/141027"}],"wp:attachment":[{"href":"https:\/\/experienciadevida.com.ar\/portalurbano\/wp-json\/wp\/v2\/media?parent=141026"}],"wp:term":[{"taxonomy":"category","embeddable":true,"href":"https:\/\/experienciadevida.com.ar\/portalurbano\/wp-json\/wp\/v2\/categories?post=141026"},{"taxonomy":"post_tag","embeddable":true,"href":"https:\/\/experienciadevida.com.ar\/portalurbano\/wp-json\/wp\/v2\/tags?post=141026"}],"curies":[{"name":"wp","href":"https:\/\/api.w.org\/{rel}","templated":true}]}}