{"id":140884,"date":"2021-04-21T19:32:00","date_gmt":"2021-04-21T22:32:00","guid":{"rendered":"https:\/\/experienciadevida.com.ar\/portalurbano\/?p=140884"},"modified":"2021-04-21T21:14:45","modified_gmt":"2021-04-22T00:14:45","slug":"con-varios-proyectos-se-realizara-una-nueva-sesion-virtual-del-hcd","status":"publish","type":"post","link":"https:\/\/experienciadevida.com.ar\/portalurbano\/con-varios-proyectos-se-realizara-una-nueva-sesion-virtual-del-hcd\/","title":{"rendered":"Con varios proyectos se realizar\u00e1 una nueva sesi\u00f3n virtual del HCD"},"content":{"rendered":"<p>Con varios proyectos se realizar\u00e1\u00a0 una nueva sesi\u00f3n del concejo deliberante, con la diferencia es que se unificaron dos sesiones las que se llevar\u00e1n a cabo ma\u00f1ana\u00a0 a las 9 de la ma\u00f1ana.<\/p>\n<p>En la ma\u00f1ana de este mi\u00e9rcoles se realizo la reuni\u00f3n de labor parlamentaria para definir los temas a tratar sobre tablas con la presencia en la sala de reuniones del presidente del HCD Bruno Cenizo y del Secretario Leandro Lanceta.<\/p>\n<p>Con varios proyectos se realizar\u00e1 una nueva sesi\u00f3n del concejo deliberante y los presidentes de los bloques pol\u00edticos participaron de la misma de manera virtual.<\/p>\n<p>Uno de los primeros temas a tratar es el de A.C.A.F.S.O un proyecto de ordenanza solicitando al HCD se declaren como actividad esencial a los centros de actividad f\u00edsica y salud de la ciudad de Olavarr\u00eda.<\/p>\n<p>DEM un proyecto de ordenanza convenio marco fundaci\u00f3n poder ciudadano programa impactar.<\/p>\n<p>Interbloque frente de todos: proyecto de ordenanza adhiriendo a la ley provincial n\u00b015276 que establece la capacitaci\u00f3n obligatoria en ambiente y desarrollo sustentable para todas las personas en funciones p\u00fablicas.<\/p>\n<p>Interbloque frente de todos: proyecto de ordenanza estableciendo en todo el partido de Olavarr\u00eda horario para el desempe\u00f1o de actividades comerciales y de servicios.<\/p>\n<p>Con varios proyectos se realizar\u00e1 una nueva sesi\u00f3n uno de ellos es el Proyecto de ordenanza autorizando al DEM a suscribir una carta de adhesi\u00f3n a la red nacional de municipios y comunidades que fomentan la agroecolog\u00eda (renama) y el Municipio.<\/p>\n<p>Proyecto de ordenanza del DEM modificando el sentido de circulaci\u00f3n de la calle Almirante Brown desde Avenida de los trabajadores hasta calle Rufino Fal que pasar\u00e1 a ser sentido \u00fanico.<\/p>\n<p>Vecinos de barrio Lourdes: hacen presentaci\u00f3n ante el HCD propuesta para la regularizaci\u00f3n y construcci\u00f3n de viviendas.<\/p>\n<p>Bloque de radicales en juntos por el cambio: proyecto de neum\u00e1ticos fuera de uso.<\/p>\n<p>Interbloque frente de todos: proyecto de ordenanza creando en el \u00e1mbito del HCD la comisi\u00f3n interna permanente de las localidades.<\/p>\n<p>Por Olavarr\u00eda Todos: proyecto de resoluci\u00f3n declarando de inter\u00e9s el proyecto de ley &#8220;oncopediatrica nacional&#8221; el tratamiento en la HC de diputados de la naci\u00f3n.<\/p>\n<p>Agrupaci\u00f3n unidad popular Olavarr\u00eda: proyecto de comunicaci\u00f3n referencia a situaci\u00f3n sanitaria y epidemiol\u00f3gica que atraviesa la ciudad debido al avance de la segunda ola de contagios del virus Covid-19<\/p>\n<p>Bloque Juntos por el cambio: proyecto de resoluci\u00f3n manifestando preocupaci\u00f3n con los sucesivos aumentos en el precio a los combustibles expedidos por la compa\u00f1\u00eda nacional YPF.<\/p>\n<p>Bloque UCR: proyecto de comunicaci\u00f3n solicitando al directorio del instituto m\u00e9dico asistencial IOMA informe al HCD acerca de la veracidad de un posible acuerdo con una cl\u00ednica privada de la ciudad.<\/p>\n<p>Bloque de juntos por el cambio: proyecto de comunicaci\u00f3n benepl\u00e1cito acta acuerdo firmada en la municipalidad y medio de comunicaci\u00f3n locales para desarrollar estrategias conjuntas para las noticias de violencia de g\u00e9nero.<\/p>\n<p>Bloque juntos por el cambio: proyecto de resoluci\u00f3n manifestando preocupaci\u00f3n por la falta de recursos materiales\u00a0 y humanos en la comisar\u00eda de la mujer y la familia Olavarr\u00eda.<\/p>\n<p>Interbloque frente de todos: proyecto de resoluci\u00f3n solicitando al DEM bachear la calle Amparo Castro entre V\u00e9lez Sarsfield y Avenida del Valle.<\/p>\n<p>Interbloque frente de todos: proyecto de resoluci\u00f3n solicitando al DEM colocar luminaria p\u00fablica en la plaza del toro ubicada en la intersecci\u00f3n de las calles Spinetto y Alberdi de la localidad de Hinojo.<\/p>\n<p>Interbloque frente de todos. proyecto de resoluci\u00f3n solicitando al DEM\u00a0 garantizar la presencia de un m\u00e9dico en la localidad de colonia san miguel.<\/p>\n<p>Interbloque Frente de todos: pedido de informes al DEM sobre lotes en el barrio &#8220;el hornero&#8221; de Colonia San Miguel.<\/p>\n<p>Interbloque frente de todos: proyecto de resoluci\u00f3n declarando de inter\u00e9s legislativo municipal la edici\u00f3n del libro &#8220;colonia nievas alemanes del volga relatos de su historia&#8221; autores Osvaldo Bugliese y Jos\u00e9 Domingo &#8220;Mingo&#8221; Jacobo.<\/p>\n<p>Bloque juntos por el cambio: proyecto de resoluci\u00f3n declarando de inter\u00e9s legislativo municipal el 50\u00b0 aniversario del instituto superior de formaci\u00f3n docente de olavarr\u00eda.<\/p>\n<p>Bloque renovaci\u00f3n peronista: proyecto de resoluci\u00f3n solicitando al DEM la colocaci\u00f3n de carteler\u00eda en las calles de blanca grande.<\/p>\n<p>Bloque juntos por el cambio: proyecto de comunicaci\u00f3n manifestando benepl\u00e1cito respecto a reconocimiento moral e hist\u00f3rico con dignificaci\u00f3n como veteranos de guerra continental por malvinas.<\/p>\n<p>Bloque UCR: proyecto de resoluci\u00f3n solicitando al DEM pronta respuesta a los pedidos de informe aprobados por este cuerpo respecto de la situaci\u00f3n de terrenos municipales.<\/p>\n","protected":false},"excerpt":{"rendered":"<p>Con varios proyectos se realizar\u00e1\u00a0 una nueva sesi\u00f3n del concejo deliberante, con la diferencia es&#8230;<\/p>\n","protected":false},"author":1,"featured_media":140885,"comment_status":"closed","ping_status":"closed","sticky":false,"template":"","format":"standard","meta":{"content-type":""},"categories":[64,43],"tags":[],"nelio_content":{"isAutoShareEnabled":false,"autoShareEndMode":"default","automationSources":{"useContentSentences":true,"useSocialTemplates":true,"useCustomSentences":false,"customSentences":[]},"followers":[1],"suggestedReferences":[],"includedReferences":[],"efiUrl":"","efiAlt":"","highlights":[]},"yoast_head":"<!-- This site is optimized with the Yoast SEO plugin v20.7 - https:\/\/yoast.com\/wordpress\/plugins\/seo\/ -->\n<title>Con varios proyectos se realizar\u00e1 una nueva sesi\u00f3n virtual del HCD<\/title>\n<meta name=\"description\" content=\"Con varios proyectos se realizar\u00e1\u00a0 una nueva sesi\u00f3n del concejo deliberante, se unificaran dos que se har\u00e1n ma\u00f1ana mismo a las 9 hs\" \/>\n<meta name=\"robots\" content=\"index, follow, max-snippet:-1, max-image-preview:large, max-video-preview:-1\" \/>\n<link rel=\"canonical\" href=\"https:\/\/experienciadevida.com.ar\/portalurbano\/con-varios-proyectos-se-realizara-una-nueva-sesion-virtual-del-hcd\/\" \/>\n<meta property=\"og:locale\" content=\"es_ES\" \/>\n<meta property=\"og:type\" content=\"article\" \/>\n<meta property=\"og:title\" content=\"Con varios proyectos se realizar\u00e1 una nueva sesi\u00f3n virtual del HCD\" \/>\n<meta property=\"og:description\" content=\"Con varios proyectos se realizar\u00e1\u00a0 una nueva sesi\u00f3n del concejo deliberante, se unificaran dos que se har\u00e1n ma\u00f1ana mismo a las 9 hs\" \/>\n<meta property=\"og:url\" content=\"https:\/\/experienciadevida.com.ar\/portalurbano\/con-varios-proyectos-se-realizara-una-nueva-sesion-virtual-del-hcd\/\" \/>\n<meta property=\"article:publisher\" content=\"https:\/\/www.facebook.com\/Portal-Urbano-171542830093757\/\" \/>\n<meta property=\"article:published_time\" content=\"2021-04-21T22:32:00+00:00\" \/>\n<meta property=\"article:modified_time\" content=\"2021-04-22T00:14:45+00:00\" \/>\n<meta property=\"og:image\" content=\"https:\/\/experienciadevida.com.ar\/portalurbano\/wp-content\/uploads\/2021\/04\/Con-varios-proyectos-se-realizara.jpg\" \/>\n\t<meta property=\"og:image:width\" content=\"1160\" \/>\n\t<meta property=\"og:image:height\" content=\"868\" \/>\n\t<meta property=\"og:image:type\" content=\"image\/jpeg\" \/>\n<meta name=\"author\" content=\"admpu17wp\" \/>\n<meta name=\"twitter:card\" content=\"summary_large_image\" \/>\n<meta name=\"twitter:creator\" content=\"@portalurbanook\" \/>\n<meta name=\"twitter:site\" content=\"@portalurbanook\" \/>\n<meta name=\"twitter:label1\" content=\"Escrito por\" \/>\n\t<meta name=\"twitter:data1\" content=\"admpu17wp\" \/>\n\t<meta name=\"twitter:label2\" content=\"Tiempo de lectura\" \/>\n\t<meta name=\"twitter:data2\" content=\"4 minutos\" \/>\n<script type=\"application\/ld+json\" class=\"yoast-schema-graph\">{\"@context\":\"https:\/\/schema.org\",\"@graph\":[{\"@type\":\"Article\",\"@id\":\"https:\/\/experienciadevida.com.ar\/portalurbano\/con-varios-proyectos-se-realizara-una-nueva-sesion-virtual-del-hcd\/#article\",\"isPartOf\":{\"@id\":\"https:\/\/experienciadevida.com.ar\/portalurbano\/con-varios-proyectos-se-realizara-una-nueva-sesion-virtual-del-hcd\/\"},\"author\":{\"name\":\"admpu17wp\",\"@id\":\"https:\/\/experienciadevida.com.ar\/portalurbano\/#\/schema\/person\/02dd326b1c4b056e9cc972486934a3a7\"},\"headline\":\"Con varios proyectos se realizar\u00e1 una nueva sesi\u00f3n virtual del HCD\",\"datePublished\":\"2021-04-21T22:32:00+00:00\",\"dateModified\":\"2021-04-22T00:14:45+00:00\",\"mainEntityOfPage\":{\"@id\":\"https:\/\/experienciadevida.com.ar\/portalurbano\/con-varios-proyectos-se-realizara-una-nueva-sesion-virtual-del-hcd\/\"},\"wordCount\":805,\"publisher\":{\"@id\":\"https:\/\/experienciadevida.com.ar\/portalurbano\/#organization\"},\"articleSection\":[\"Destacadas 2\",\"Pol\u00edtica\"],\"inLanguage\":\"es\"},{\"@type\":\"WebPage\",\"@id\":\"https:\/\/experienciadevida.com.ar\/portalurbano\/con-varios-proyectos-se-realizara-una-nueva-sesion-virtual-del-hcd\/\",\"url\":\"https:\/\/experienciadevida.com.ar\/portalurbano\/con-varios-proyectos-se-realizara-una-nueva-sesion-virtual-del-hcd\/\",\"name\":\"Con varios proyectos se realizar\u00e1 una nueva sesi\u00f3n virtual del HCD\",\"isPartOf\":{\"@id\":\"https:\/\/experienciadevida.com.ar\/portalurbano\/#website\"},\"datePublished\":\"2021-04-21T22:32:00+00:00\",\"dateModified\":\"2021-04-22T00:14:45+00:00\",\"description\":\"Con varios proyectos se realizar\u00e1\u00a0 una nueva sesi\u00f3n del concejo deliberante, se unificaran dos que se har\u00e1n ma\u00f1ana mismo a las 9 hs\",\"breadcrumb\":{\"@id\":\"https:\/\/experienciadevida.com.ar\/portalurbano\/con-varios-proyectos-se-realizara-una-nueva-sesion-virtual-del-hcd\/#breadcrumb\"},\"inLanguage\":\"es\",\"potentialAction\":[{\"@type\":\"ReadAction\",\"target\":[\"https:\/\/experienciadevida.com.ar\/portalurbano\/con-varios-proyectos-se-realizara-una-nueva-sesion-virtual-del-hcd\/\"]}]},{\"@type\":\"BreadcrumbList\",\"@id\":\"https:\/\/experienciadevida.com.ar\/portalurbano\/con-varios-proyectos-se-realizara-una-nueva-sesion-virtual-del-hcd\/#breadcrumb\",\"itemListElement\":[{\"@type\":\"ListItem\",\"position\":1,\"name\":\"Portada\",\"item\":\"https:\/\/experienciadevida.com.ar\/portalurbano\/\"},{\"@type\":\"ListItem\",\"position\":2,\"name\":\"Con varios proyectos se realizar\u00e1 una nueva sesi\u00f3n virtual del HCD\"}]},{\"@type\":\"WebSite\",\"@id\":\"https:\/\/experienciadevida.com.ar\/portalurbano\/#website\",\"url\":\"https:\/\/experienciadevida.com.ar\/portalurbano\/\",\"name\":\"\",\"description\":\"\",\"publisher\":{\"@id\":\"https:\/\/experienciadevida.com.ar\/portalurbano\/#organization\"},\"potentialAction\":[{\"@type\":\"SearchAction\",\"target\":{\"@type\":\"EntryPoint\",\"urlTemplate\":\"https:\/\/experienciadevida.com.ar\/portalurbano\/?s={search_term_string}\"},\"query-input\":\"required name=search_term_string\"}],\"inLanguage\":\"es\"},{\"@type\":\"Organization\",\"@id\":\"https:\/\/experienciadevida.com.ar\/portalurbano\/#organization\",\"name\":\"Portal Urbano\",\"url\":\"https:\/\/experienciadevida.com.ar\/portalurbano\/\",\"logo\":{\"@type\":\"ImageObject\",\"inLanguage\":\"es\",\"@id\":\"https:\/\/experienciadevida.com.ar\/portalurbano\/#\/schema\/logo\/image\/\",\"url\":\"https:\/\/experienciadevida.com.ar\/portalurbano\/wp-content\/uploads\/2019\/09\/Logo-Original.png\",\"contentUrl\":\"https:\/\/experienciadevida.com.ar\/portalurbano\/wp-content\/uploads\/2019\/09\/Logo-Original.png\",\"width\":2236,\"height\":1216,\"caption\":\"Portal Urbano\"},\"image\":{\"@id\":\"https:\/\/experienciadevida.com.ar\/portalurbano\/#\/schema\/logo\/image\/\"},\"sameAs\":[\"https:\/\/www.facebook.com\/Portal-Urbano-171542830093757\/\",\"https:\/\/twitter.com\/portalurbanook\",\"https:\/\/www.instagram.com\/_portalurbano\/\",\"https:\/\/www.youtube.com\/channel\/UCXhagIfszH8KxFiOok79zbA?view_as=subscriber\"]},{\"@type\":\"Person\",\"@id\":\"https:\/\/experienciadevida.com.ar\/portalurbano\/#\/schema\/person\/02dd326b1c4b056e9cc972486934a3a7\",\"name\":\"admpu17wp\",\"image\":{\"@type\":\"ImageObject\",\"inLanguage\":\"es\",\"@id\":\"https:\/\/experienciadevida.com.ar\/portalurbano\/#\/schema\/person\/image\/\",\"url\":\"https:\/\/secure.gravatar.com\/avatar\/830d4c57adaae6630765e449a6908047?s=96&d=mm&r=g\",\"contentUrl\":\"https:\/\/secure.gravatar.com\/avatar\/830d4c57adaae6630765e449a6908047?s=96&d=mm&r=g\",\"caption\":\"admpu17wp\"}}]}<\/script>\n<!-- \/ Yoast SEO plugin. -->","yoast_head_json":{"title":"Con varios proyectos se realizar\u00e1 una nueva sesi\u00f3n virtual del HCD","description":"Con varios proyectos se realizar\u00e1\u00a0 una nueva sesi\u00f3n del concejo deliberante, se unificaran dos que se har\u00e1n ma\u00f1ana mismo a las 9 hs","robots":{"index":"index","follow":"follow","max-snippet":"max-snippet:-1","max-image-preview":"max-image-preview:large","max-video-preview":"max-video-preview:-1"},"canonical":"https:\/\/experienciadevida.com.ar\/portalurbano\/con-varios-proyectos-se-realizara-una-nueva-sesion-virtual-del-hcd\/","og_locale":"es_ES","og_type":"article","og_title":"Con varios proyectos se realizar\u00e1 una nueva sesi\u00f3n virtual del HCD","og_description":"Con varios proyectos se realizar\u00e1\u00a0 una nueva sesi\u00f3n del concejo deliberante, se unificaran dos que se har\u00e1n ma\u00f1ana mismo a las 9 hs","og_url":"https:\/\/experienciadevida.com.ar\/portalurbano\/con-varios-proyectos-se-realizara-una-nueva-sesion-virtual-del-hcd\/","article_publisher":"https:\/\/www.facebook.com\/Portal-Urbano-171542830093757\/","article_published_time":"2021-04-21T22:32:00+00:00","article_modified_time":"2021-04-22T00:14:45+00:00","og_image":[{"width":1160,"height":868,"url":"https:\/\/experienciadevida.com.ar\/portalurbano\/wp-content\/uploads\/2021\/04\/Con-varios-proyectos-se-realizara.jpg","type":"image\/jpeg"}],"author":"admpu17wp","twitter_card":"summary_large_image","twitter_creator":"@portalurbanook","twitter_site":"@portalurbanook","twitter_misc":{"Escrito por":"admpu17wp","Tiempo de lectura":"4 minutos"},"schema":{"@context":"https:\/\/schema.org","@graph":[{"@type":"Article","@id":"https:\/\/experienciadevida.com.ar\/portalurbano\/con-varios-proyectos-se-realizara-una-nueva-sesion-virtual-del-hcd\/#article","isPartOf":{"@id":"https:\/\/experienciadevida.com.ar\/portalurbano\/con-varios-proyectos-se-realizara-una-nueva-sesion-virtual-del-hcd\/"},"author":{"name":"admpu17wp","@id":"https:\/\/experienciadevida.com.ar\/portalurbano\/#\/schema\/person\/02dd326b1c4b056e9cc972486934a3a7"},"headline":"Con varios proyectos se realizar\u00e1 una nueva sesi\u00f3n virtual del HCD","datePublished":"2021-04-21T22:32:00+00:00","dateModified":"2021-04-22T00:14:45+00:00","mainEntityOfPage":{"@id":"https:\/\/experienciadevida.com.ar\/portalurbano\/con-varios-proyectos-se-realizara-una-nueva-sesion-virtual-del-hcd\/"},"wordCount":805,"publisher":{"@id":"https:\/\/experienciadevida.com.ar\/portalurbano\/#organization"},"articleSection":["Destacadas 2","Pol\u00edtica"],"inLanguage":"es"},{"@type":"WebPage","@id":"https:\/\/experienciadevida.com.ar\/portalurbano\/con-varios-proyectos-se-realizara-una-nueva-sesion-virtual-del-hcd\/","url":"https:\/\/experienciadevida.com.ar\/portalurbano\/con-varios-proyectos-se-realizara-una-nueva-sesion-virtual-del-hcd\/","name":"Con varios proyectos se realizar\u00e1 una nueva sesi\u00f3n virtual del HCD","isPartOf":{"@id":"https:\/\/experienciadevida.com.ar\/portalurbano\/#website"},"datePublished":"2021-04-21T22:32:00+00:00","dateModified":"2021-04-22T00:14:45+00:00","description":"Con varios proyectos se realizar\u00e1\u00a0 una nueva sesi\u00f3n del concejo deliberante, se unificaran dos que se har\u00e1n ma\u00f1ana mismo a las 9 hs","breadcrumb":{"@id":"https:\/\/experienciadevida.com.ar\/portalurbano\/con-varios-proyectos-se-realizara-una-nueva-sesion-virtual-del-hcd\/#breadcrumb"},"inLanguage":"es","potentialAction":[{"@type":"ReadAction","target":["https:\/\/experienciadevida.com.ar\/portalurbano\/con-varios-proyectos-se-realizara-una-nueva-sesion-virtual-del-hcd\/"]}]},{"@type":"BreadcrumbList","@id":"https:\/\/experienciadevida.com.ar\/portalurbano\/con-varios-proyectos-se-realizara-una-nueva-sesion-virtual-del-hcd\/#breadcrumb","itemListElement":[{"@type":"ListItem","position":1,"name":"Portada","item":"https:\/\/experienciadevida.com.ar\/portalurbano\/"},{"@type":"ListItem","position":2,"name":"Con varios proyectos se realizar\u00e1 una nueva sesi\u00f3n virtual del HCD"}]},{"@type":"WebSite","@id":"https:\/\/experienciadevida.com.ar\/portalurbano\/#website","url":"https:\/\/experienciadevida.com.ar\/portalurbano\/","name":"","description":"","publisher":{"@id":"https:\/\/experienciadevida.com.ar\/portalurbano\/#organization"},"potentialAction":[{"@type":"SearchAction","target":{"@type":"EntryPoint","urlTemplate":"https:\/\/experienciadevida.com.ar\/portalurbano\/?s={search_term_string}"},"query-input":"required name=search_term_string"}],"inLanguage":"es"},{"@type":"Organization","@id":"https:\/\/experienciadevida.com.ar\/portalurbano\/#organization","name":"Portal Urbano","url":"https:\/\/experienciadevida.com.ar\/portalurbano\/","logo":{"@type":"ImageObject","inLanguage":"es","@id":"https:\/\/experienciadevida.com.ar\/portalurbano\/#\/schema\/logo\/image\/","url":"https:\/\/experienciadevida.com.ar\/portalurbano\/wp-content\/uploads\/2019\/09\/Logo-Original.png","contentUrl":"https:\/\/experienciadevida.com.ar\/portalurbano\/wp-content\/uploads\/2019\/09\/Logo-Original.png","width":2236,"height":1216,"caption":"Portal Urbano"},"image":{"@id":"https:\/\/experienciadevida.com.ar\/portalurbano\/#\/schema\/logo\/image\/"},"sameAs":["https:\/\/www.facebook.com\/Portal-Urbano-171542830093757\/","https:\/\/twitter.com\/portalurbanook","https:\/\/www.instagram.com\/_portalurbano\/","https:\/\/www.youtube.com\/channel\/UCXhagIfszH8KxFiOok79zbA?view_as=subscriber"]},{"@type":"Person","@id":"https:\/\/experienciadevida.com.ar\/portalurbano\/#\/schema\/person\/02dd326b1c4b056e9cc972486934a3a7","name":"admpu17wp","image":{"@type":"ImageObject","inLanguage":"es","@id":"https:\/\/experienciadevida.com.ar\/portalurbano\/#\/schema\/person\/image\/","url":"https:\/\/secure.gravatar.com\/avatar\/830d4c57adaae6630765e449a6908047?s=96&d=mm&r=g","contentUrl":"https:\/\/secure.gravatar.com\/avatar\/830d4c57adaae6630765e449a6908047?s=96&d=mm&r=g","caption":"admpu17wp"}}]}},"featured_image_urls":{"full":["https:\/\/experienciadevida.com.ar\/portalurbano\/wp-content\/uploads\/2021\/04\/Con-varios-proyectos-se-realizara.jpg",1160,868,false],"thumbnail":["https:\/\/experienciadevida.com.ar\/portalurbano\/wp-content\/uploads\/2021\/04\/Con-varios-proyectos-se-realizara-150x150.jpg",150,150,true],"medium":["https:\/\/experienciadevida.com.ar\/portalurbano\/wp-content\/uploads\/2021\/04\/Con-varios-proyectos-se-realizara-300x224.jpg",300,224,true],"medium_large":["https:\/\/experienciadevida.com.ar\/portalurbano\/wp-content\/uploads\/2021\/04\/Con-varios-proyectos-se-realizara-768x575.jpg",640,479,true],"large":["https:\/\/experienciadevida.com.ar\/portalurbano\/wp-content\/uploads\/2021\/04\/Con-varios-proyectos-se-realizara-1024x766.jpg",640,479,true],"ug_big":["https:\/\/experienciadevida.com.ar\/portalurbano\/wp-content\/uploads\/2021\/04\/Con-varios-proyectos-se-realizara-768x575.jpg",768,575,true],"1536x1536":["https:\/\/experienciadevida.com.ar\/portalurbano\/wp-content\/uploads\/2021\/04\/Con-varios-proyectos-se-realizara.jpg",1160,868,false],"2048x2048":["https:\/\/experienciadevida.com.ar\/portalurbano\/wp-content\/uploads\/2021\/04\/Con-varios-proyectos-se-realizara.jpg",1160,868,false],"newsever-slider-full":["https:\/\/experienciadevida.com.ar\/portalurbano\/wp-content\/uploads\/2021\/04\/Con-varios-proyectos-se-realizara.jpg",1129,845,false],"newsever-featured":["https:\/\/experienciadevida.com.ar\/portalurbano\/wp-content\/uploads\/2021\/04\/Con-varios-proyectos-se-realizara.jpg",1024,766,false],"newsever-medium":["https:\/\/experienciadevida.com.ar\/portalurbano\/wp-content\/uploads\/2021\/04\/Con-varios-proyectos-se-realizara.jpg",635,475,false],"web-stories-poster-portrait":["https:\/\/experienciadevida.com.ar\/portalurbano\/wp-content\/uploads\/2021\/04\/Con-varios-proyectos-se-realizara.jpg",640,479,false],"web-stories-publisher-logo":["https:\/\/experienciadevida.com.ar\/portalurbano\/wp-content\/uploads\/2021\/04\/Con-varios-proyectos-se-realizara.jpg",96,72,false],"web-stories-thumbnail":["https:\/\/experienciadevida.com.ar\/portalurbano\/wp-content\/uploads\/2021\/04\/Con-varios-proyectos-se-realizara.jpg",150,112,false]},"author_info":{"display_name":"admpu17wp","author_link":"https:\/\/experienciadevida.com.ar\/portalurbano\/author\/admpu17wp\/"},"category_info":"<a href=\"https:\/\/experienciadevida.com.ar\/portalurbano\/category\/destacadas-2\/\" rel=\"category tag\">Destacadas 2<\/a> <a href=\"https:\/\/experienciadevida.com.ar\/portalurbano\/category\/politica\/\" rel=\"category tag\">Pol\u00edtica<\/a>","tag_info":"Pol\u00edtica","comment_count":"0","amp_enabled":true,"_links":{"self":[{"href":"https:\/\/experienciadevida.com.ar\/portalurbano\/wp-json\/wp\/v2\/posts\/140884"}],"collection":[{"href":"https:\/\/experienciadevida.com.ar\/portalurbano\/wp-json\/wp\/v2\/posts"}],"about":[{"href":"https:\/\/experienciadevida.com.ar\/portalurbano\/wp-json\/wp\/v2\/types\/post"}],"author":[{"embeddable":true,"href":"https:\/\/experienciadevida.com.ar\/portalurbano\/wp-json\/wp\/v2\/users\/1"}],"replies":[{"embeddable":true,"href":"https:\/\/experienciadevida.com.ar\/portalurbano\/wp-json\/wp\/v2\/comments?post=140884"}],"version-history":[{"count":3,"href":"https:\/\/experienciadevida.com.ar\/portalurbano\/wp-json\/wp\/v2\/posts\/140884\/revisions"}],"predecessor-version":[{"id":140889,"href":"https:\/\/experienciadevida.com.ar\/portalurbano\/wp-json\/wp\/v2\/posts\/140884\/revisions\/140889"}],"wp:featuredmedia":[{"embeddable":true,"href":"https:\/\/experienciadevida.com.ar\/portalurbano\/wp-json\/wp\/v2\/media\/140885"}],"wp:attachment":[{"href":"https:\/\/experienciadevida.com.ar\/portalurbano\/wp-json\/wp\/v2\/media?parent=140884"}],"wp:term":[{"taxonomy":"category","embeddable":true,"href":"https:\/\/experienciadevida.com.ar\/portalurbano\/wp-json\/wp\/v2\/categories?post=140884"},{"taxonomy":"post_tag","embeddable":true,"href":"https:\/\/experienciadevida.com.ar\/portalurbano\/wp-json\/wp\/v2\/tags?post=140884"}],"curies":[{"name":"wp","href":"https:\/\/api.w.org\/{rel}","templated":true}]}}