{"id":140734,"date":"2021-04-20T12:50:09","date_gmt":"2021-04-20T15:50:09","guid":{"rendered":"https:\/\/experienciadevida.com.ar\/portalurbano\/?p=140734"},"modified":"2021-04-20T12:55:23","modified_gmt":"2021-04-20T15:55:23","slug":"galli-desmintio-que-haya-un-colapso-en-el-hospital-y-se-haga-una-seleccion-de-pacientes","status":"publish","type":"post","link":"https:\/\/experienciadevida.com.ar\/portalurbano\/galli-desmintio-que-haya-un-colapso-en-el-hospital-y-se-haga-una-seleccion-de-pacientes\/","title":{"rendered":"Galli desminti\u00f3 que haya un colapso en el Hospital y se haga una selecci\u00f3n de pacientes"},"content":{"rendered":"<p><a href=\"https:\/\/www.facebook.com\/galliezequiel\">Galli <\/a>desminti\u00f3 que haya un colapso en el Hospital y se haga una selecci\u00f3n de pacientes, lo dijo en el programa de Paulo Vilouta y Mariana Contartessi adem\u00e1s remarc\u00f3 que en dos semanas no se podr\u00e1 volver a la nueva normalidad, por otro lado remarc\u00f3 que habr\u00eda que aumentar la presencialidad en las escuelas luego de la segunda ola.<\/p>\n<p><em>&#8220;Ac\u00e1 en Olavarr\u00eda seguimos igual que la semana pasada, con un Hospital complejo, con casos en un 40% de positividad 38%\u00a0 va variando d\u00eda a d\u00eda, venimos parejo a la semana pasada&#8221;.<\/em><\/p>\n<p>Por otro lado Galli desminti\u00f3 que haya un colapso en el Hospital y se haga una selecci\u00f3n dijo &#8220;<em>no es real, ayer a las 20 hs se realiz\u00f3 una conferencia del secretario de salud con todo el equipo y todos los jefes del servicio del Hospital Municipal H\u00e9ctor Cura alrededor de 20 m\u00e9dicos que tambi\u00e9n fueron en apoyo, porque no es real, no se esta haciendo selecci\u00f3n de pacientes, el hospital est\u00e1 saturado pero no colapsado se est\u00e1 trabajando para poder lograr que cada una de las personas puedan tener su cama, no se atendi\u00f3 nunca a un paciente en un pasillo del Hospital desde que arranc\u00f3 la pandemia y antes tampoco o a elegir. Es de una irresponsabilidad tremenda porque genera p\u00e1nico a la poblaci\u00f3n&#8221;.<\/em><\/p>\n<p><em>&#8220;Me parece de muy mal gusto, estamos todos desconcertados porque mencionar algo que es lo que todos no queremos que pase y naturalizarlo como que est\u00e1 pasando\u00a0 y no es real, fue muy doloroso para el personal que est\u00e1 trabajando d\u00eda a d\u00eda. Salieron a contar la verdad, el Hospital est\u00e1 cargado lo venimos diciendo hace semanas, empec\u00e9 a tomar medidas el 23 de marzo&#8221;.<\/em><\/p>\n<p>A su vez &#8220;<em>la situaci\u00f3n en el AMBA no veo que cambie, nosotros estamos en fase 3 y estamos monitoreando\u00a0 viendo la ocupaci\u00f3n de camas, tenemos el laboratorio municipal en el d\u00eda tenemos el resultado es muy importante para aislar a los pacientes&#8221;.<\/em><\/p>\n<p>En cuanto a la presencialidad en las aulas coment\u00f3 que <em>&#8220;se va una semana s\u00ed\u00a0 y una no, se van alternando en burbujas no est\u00e1n 100% presencialidad. La semana que no tienen clases presenciales tienen deberes en la casa, en los jardines municipales arrancamos con la presencialidd y no hemos tenido ning\u00fan contagio, sabemos que la contagiosidad es baja. La burbuja si hay un caso sospechosos se hace el testeo si da negativo vuelve si da positivo queda aislado durante 14 d\u00edas&#8221;.<\/em><\/p>\n<p>Tambi\u00e9n habl\u00f3 sobre las variantes que circulan en Olavarr\u00eda y remarc\u00f3 que &#8220;<em>La brit\u00e1nica tiene mayor preponderancia que la Manaos, el 52% dio brit\u00e1nica, 6% Manaos y el resto dio otra cepa la que ven\u00eda circulando. El s\u00e1bado anterior tuvimos el informe del Hospital Guti\u00e9rrez, somos parte del programa PAIS, y fue un baldazo de agua fr\u00eda porque nadie viaj\u00f3&#8221;.<\/em><\/p>\n<p>Para finalizar mencion\u00f3 &#8220;<em>En este momento que las clases sigan de esta manera, cuando pasemos la segunda ola se podr\u00eda pensar en m\u00e1s presencialidad. Estamos en plena segunda ola y el pa\u00eds entr\u00f3 en dos semanas&#8221;.<\/em><\/p>\n","protected":false},"excerpt":{"rendered":"<p>Galli desminti\u00f3 que haya un colapso en el Hospital y se haga una selecci\u00f3n de&#8230;<\/p>\n","protected":false},"author":1,"featured_media":119602,"comment_status":"closed","ping_status":"closed","sticky":false,"template":"","format":"standard","meta":{"content-type":""},"categories":[27,64],"tags":[],"nelio_content":{"isAutoShareEnabled":false,"autoShareEndMode":"default","automationSources":{"useContentSentences":true,"useSocialTemplates":true,"useCustomSentences":false,"customSentences":[]},"followers":[1],"suggestedReferences":[],"includedReferences":[],"efiUrl":"","efiAlt":"","highlights":[]},"yoast_head":"<!-- This site is optimized with the Yoast SEO plugin v20.7 - https:\/\/yoast.com\/wordpress\/plugins\/seo\/ -->\n<title>Galli desminti\u00f3 que haya un colapso en el Hospital y se haga selecci\u00f3n<\/title>\n<meta name=\"description\" content=\"Galli desminti\u00f3 que haya un colapso en el Hospital y se haga una selecci\u00f3n de pacientes, lo dijo en el programa de Paulo Vilouta\" \/>\n<meta name=\"robots\" content=\"index, follow, max-snippet:-1, max-image-preview:large, max-video-preview:-1\" \/>\n<link rel=\"canonical\" href=\"https:\/\/experienciadevida.com.ar\/portalurbano\/galli-desmintio-que-haya-un-colapso-en-el-hospital-y-se-haga-una-seleccion-de-pacientes\/\" \/>\n<meta property=\"og:locale\" content=\"es_ES\" \/>\n<meta property=\"og:type\" content=\"article\" \/>\n<meta property=\"og:title\" content=\"Galli desminti\u00f3 que haya un colapso en el Hospital y se haga selecci\u00f3n\" \/>\n<meta property=\"og:description\" content=\"Galli desminti\u00f3 que haya un colapso en el Hospital y se haga una selecci\u00f3n de pacientes, lo dijo en el programa de Paulo Vilouta\" \/>\n<meta property=\"og:url\" content=\"https:\/\/experienciadevida.com.ar\/portalurbano\/galli-desmintio-que-haya-un-colapso-en-el-hospital-y-se-haga-una-seleccion-de-pacientes\/\" \/>\n<meta property=\"article:publisher\" content=\"https:\/\/www.facebook.com\/Portal-Urbano-171542830093757\/\" \/>\n<meta property=\"article:published_time\" content=\"2021-04-20T15:50:09+00:00\" \/>\n<meta property=\"article:modified_time\" content=\"2021-04-20T15:55:23+00:00\" \/>\n<meta property=\"og:image\" content=\"https:\/\/experienciadevida.com.ar\/portalurbano\/wp-content\/uploads\/2020\/08\/ezequiel-galli-e1598745671425.jpg\" \/>\n\t<meta property=\"og:image:width\" content=\"750\" \/>\n\t<meta property=\"og:image:height\" content=\"564\" \/>\n\t<meta property=\"og:image:type\" content=\"image\/jpeg\" \/>\n<meta name=\"author\" content=\"admpu17wp\" \/>\n<meta name=\"twitter:card\" content=\"summary_large_image\" \/>\n<meta name=\"twitter:creator\" content=\"@portalurbanook\" \/>\n<meta name=\"twitter:site\" content=\"@portalurbanook\" \/>\n<meta name=\"twitter:label1\" content=\"Escrito por\" \/>\n\t<meta name=\"twitter:data1\" content=\"admpu17wp\" \/>\n\t<meta name=\"twitter:label2\" content=\"Tiempo de lectura\" \/>\n\t<meta name=\"twitter:data2\" content=\"3 minutos\" \/>\n<script type=\"application\/ld+json\" class=\"yoast-schema-graph\">{\"@context\":\"https:\/\/schema.org\",\"@graph\":[{\"@type\":\"Article\",\"@id\":\"https:\/\/experienciadevida.com.ar\/portalurbano\/galli-desmintio-que-haya-un-colapso-en-el-hospital-y-se-haga-una-seleccion-de-pacientes\/#article\",\"isPartOf\":{\"@id\":\"https:\/\/experienciadevida.com.ar\/portalurbano\/galli-desmintio-que-haya-un-colapso-en-el-hospital-y-se-haga-una-seleccion-de-pacientes\/\"},\"author\":{\"name\":\"admpu17wp\",\"@id\":\"https:\/\/experienciadevida.com.ar\/portalurbano\/#\/schema\/person\/02dd326b1c4b056e9cc972486934a3a7\"},\"headline\":\"Galli desminti\u00f3 que haya un colapso en el Hospital y se haga una selecci\u00f3n de pacientes\",\"datePublished\":\"2021-04-20T15:50:09+00:00\",\"dateModified\":\"2021-04-20T15:55:23+00:00\",\"mainEntityOfPage\":{\"@id\":\"https:\/\/experienciadevida.com.ar\/portalurbano\/galli-desmintio-que-haya-un-colapso-en-el-hospital-y-se-haga-una-seleccion-de-pacientes\/\"},\"wordCount\":542,\"publisher\":{\"@id\":\"https:\/\/experienciadevida.com.ar\/portalurbano\/#organization\"},\"articleSection\":[\"Ciudad\",\"Destacadas 2\"],\"inLanguage\":\"es\"},{\"@type\":\"WebPage\",\"@id\":\"https:\/\/experienciadevida.com.ar\/portalurbano\/galli-desmintio-que-haya-un-colapso-en-el-hospital-y-se-haga-una-seleccion-de-pacientes\/\",\"url\":\"https:\/\/experienciadevida.com.ar\/portalurbano\/galli-desmintio-que-haya-un-colapso-en-el-hospital-y-se-haga-una-seleccion-de-pacientes\/\",\"name\":\"Galli desminti\u00f3 que haya un colapso en el Hospital y se haga selecci\u00f3n\",\"isPartOf\":{\"@id\":\"https:\/\/experienciadevida.com.ar\/portalurbano\/#website\"},\"datePublished\":\"2021-04-20T15:50:09+00:00\",\"dateModified\":\"2021-04-20T15:55:23+00:00\",\"description\":\"Galli desminti\u00f3 que haya un colapso en el Hospital y se haga una selecci\u00f3n de pacientes, lo dijo en el programa de Paulo Vilouta\",\"breadcrumb\":{\"@id\":\"https:\/\/experienciadevida.com.ar\/portalurbano\/galli-desmintio-que-haya-un-colapso-en-el-hospital-y-se-haga-una-seleccion-de-pacientes\/#breadcrumb\"},\"inLanguage\":\"es\",\"potentialAction\":[{\"@type\":\"ReadAction\",\"target\":[\"https:\/\/experienciadevida.com.ar\/portalurbano\/galli-desmintio-que-haya-un-colapso-en-el-hospital-y-se-haga-una-seleccion-de-pacientes\/\"]}]},{\"@type\":\"BreadcrumbList\",\"@id\":\"https:\/\/experienciadevida.com.ar\/portalurbano\/galli-desmintio-que-haya-un-colapso-en-el-hospital-y-se-haga-una-seleccion-de-pacientes\/#breadcrumb\",\"itemListElement\":[{\"@type\":\"ListItem\",\"position\":1,\"name\":\"Portada\",\"item\":\"https:\/\/experienciadevida.com.ar\/portalurbano\/\"},{\"@type\":\"ListItem\",\"position\":2,\"name\":\"Galli desminti\u00f3 que haya un colapso en el Hospital y se haga una selecci\u00f3n de pacientes\"}]},{\"@type\":\"WebSite\",\"@id\":\"https:\/\/experienciadevida.com.ar\/portalurbano\/#website\",\"url\":\"https:\/\/experienciadevida.com.ar\/portalurbano\/\",\"name\":\"\",\"description\":\"\",\"publisher\":{\"@id\":\"https:\/\/experienciadevida.com.ar\/portalurbano\/#organization\"},\"potentialAction\":[{\"@type\":\"SearchAction\",\"target\":{\"@type\":\"EntryPoint\",\"urlTemplate\":\"https:\/\/experienciadevida.com.ar\/portalurbano\/?s={search_term_string}\"},\"query-input\":\"required name=search_term_string\"}],\"inLanguage\":\"es\"},{\"@type\":\"Organization\",\"@id\":\"https:\/\/experienciadevida.com.ar\/portalurbano\/#organization\",\"name\":\"Portal Urbano\",\"url\":\"https:\/\/experienciadevida.com.ar\/portalurbano\/\",\"logo\":{\"@type\":\"ImageObject\",\"inLanguage\":\"es\",\"@id\":\"https:\/\/experienciadevida.com.ar\/portalurbano\/#\/schema\/logo\/image\/\",\"url\":\"https:\/\/experienciadevida.com.ar\/portalurbano\/wp-content\/uploads\/2019\/09\/Logo-Original.png\",\"contentUrl\":\"https:\/\/experienciadevida.com.ar\/portalurbano\/wp-content\/uploads\/2019\/09\/Logo-Original.png\",\"width\":2236,\"height\":1216,\"caption\":\"Portal Urbano\"},\"image\":{\"@id\":\"https:\/\/experienciadevida.com.ar\/portalurbano\/#\/schema\/logo\/image\/\"},\"sameAs\":[\"https:\/\/www.facebook.com\/Portal-Urbano-171542830093757\/\",\"https:\/\/twitter.com\/portalurbanook\",\"https:\/\/www.instagram.com\/_portalurbano\/\",\"https:\/\/www.youtube.com\/channel\/UCXhagIfszH8KxFiOok79zbA?view_as=subscriber\"]},{\"@type\":\"Person\",\"@id\":\"https:\/\/experienciadevida.com.ar\/portalurbano\/#\/schema\/person\/02dd326b1c4b056e9cc972486934a3a7\",\"name\":\"admpu17wp\",\"image\":{\"@type\":\"ImageObject\",\"inLanguage\":\"es\",\"@id\":\"https:\/\/experienciadevida.com.ar\/portalurbano\/#\/schema\/person\/image\/\",\"url\":\"https:\/\/secure.gravatar.com\/avatar\/830d4c57adaae6630765e449a6908047?s=96&d=mm&r=g\",\"contentUrl\":\"https:\/\/secure.gravatar.com\/avatar\/830d4c57adaae6630765e449a6908047?s=96&d=mm&r=g\",\"caption\":\"admpu17wp\"}}]}<\/script>\n<!-- \/ Yoast SEO plugin. -->","yoast_head_json":{"title":"Galli desminti\u00f3 que haya un colapso en el Hospital y se haga selecci\u00f3n","description":"Galli desminti\u00f3 que haya un colapso en el Hospital y se haga una selecci\u00f3n de pacientes, lo dijo en el programa de Paulo Vilouta","robots":{"index":"index","follow":"follow","max-snippet":"max-snippet:-1","max-image-preview":"max-image-preview:large","max-video-preview":"max-video-preview:-1"},"canonical":"https:\/\/experienciadevida.com.ar\/portalurbano\/galli-desmintio-que-haya-un-colapso-en-el-hospital-y-se-haga-una-seleccion-de-pacientes\/","og_locale":"es_ES","og_type":"article","og_title":"Galli desminti\u00f3 que haya un colapso en el Hospital y se haga selecci\u00f3n","og_description":"Galli desminti\u00f3 que haya un colapso en el Hospital y se haga una selecci\u00f3n de pacientes, lo dijo en el programa de Paulo Vilouta","og_url":"https:\/\/experienciadevida.com.ar\/portalurbano\/galli-desmintio-que-haya-un-colapso-en-el-hospital-y-se-haga-una-seleccion-de-pacientes\/","article_publisher":"https:\/\/www.facebook.com\/Portal-Urbano-171542830093757\/","article_published_time":"2021-04-20T15:50:09+00:00","article_modified_time":"2021-04-20T15:55:23+00:00","og_image":[{"width":750,"height":564,"url":"https:\/\/experienciadevida.com.ar\/portalurbano\/wp-content\/uploads\/2020\/08\/ezequiel-galli-e1598745671425.jpg","type":"image\/jpeg"}],"author":"admpu17wp","twitter_card":"summary_large_image","twitter_creator":"@portalurbanook","twitter_site":"@portalurbanook","twitter_misc":{"Escrito por":"admpu17wp","Tiempo de lectura":"3 minutos"},"schema":{"@context":"https:\/\/schema.org","@graph":[{"@type":"Article","@id":"https:\/\/experienciadevida.com.ar\/portalurbano\/galli-desmintio-que-haya-un-colapso-en-el-hospital-y-se-haga-una-seleccion-de-pacientes\/#article","isPartOf":{"@id":"https:\/\/experienciadevida.com.ar\/portalurbano\/galli-desmintio-que-haya-un-colapso-en-el-hospital-y-se-haga-una-seleccion-de-pacientes\/"},"author":{"name":"admpu17wp","@id":"https:\/\/experienciadevida.com.ar\/portalurbano\/#\/schema\/person\/02dd326b1c4b056e9cc972486934a3a7"},"headline":"Galli desminti\u00f3 que haya un colapso en el Hospital y se haga una selecci\u00f3n de pacientes","datePublished":"2021-04-20T15:50:09+00:00","dateModified":"2021-04-20T15:55:23+00:00","mainEntityOfPage":{"@id":"https:\/\/experienciadevida.com.ar\/portalurbano\/galli-desmintio-que-haya-un-colapso-en-el-hospital-y-se-haga-una-seleccion-de-pacientes\/"},"wordCount":542,"publisher":{"@id":"https:\/\/experienciadevida.com.ar\/portalurbano\/#organization"},"articleSection":["Ciudad","Destacadas 2"],"inLanguage":"es"},{"@type":"WebPage","@id":"https:\/\/experienciadevida.com.ar\/portalurbano\/galli-desmintio-que-haya-un-colapso-en-el-hospital-y-se-haga-una-seleccion-de-pacientes\/","url":"https:\/\/experienciadevida.com.ar\/portalurbano\/galli-desmintio-que-haya-un-colapso-en-el-hospital-y-se-haga-una-seleccion-de-pacientes\/","name":"Galli desminti\u00f3 que haya un colapso en el Hospital y se haga selecci\u00f3n","isPartOf":{"@id":"https:\/\/experienciadevida.com.ar\/portalurbano\/#website"},"datePublished":"2021-04-20T15:50:09+00:00","dateModified":"2021-04-20T15:55:23+00:00","description":"Galli desminti\u00f3 que haya un colapso en el Hospital y se haga una selecci\u00f3n de pacientes, lo dijo en el programa de Paulo Vilouta","breadcrumb":{"@id":"https:\/\/experienciadevida.com.ar\/portalurbano\/galli-desmintio-que-haya-un-colapso-en-el-hospital-y-se-haga-una-seleccion-de-pacientes\/#breadcrumb"},"inLanguage":"es","potentialAction":[{"@type":"ReadAction","target":["https:\/\/experienciadevida.com.ar\/portalurbano\/galli-desmintio-que-haya-un-colapso-en-el-hospital-y-se-haga-una-seleccion-de-pacientes\/"]}]},{"@type":"BreadcrumbList","@id":"https:\/\/experienciadevida.com.ar\/portalurbano\/galli-desmintio-que-haya-un-colapso-en-el-hospital-y-se-haga-una-seleccion-de-pacientes\/#breadcrumb","itemListElement":[{"@type":"ListItem","position":1,"name":"Portada","item":"https:\/\/experienciadevida.com.ar\/portalurbano\/"},{"@type":"ListItem","position":2,"name":"Galli desminti\u00f3 que haya un colapso en el Hospital y se haga una selecci\u00f3n de pacientes"}]},{"@type":"WebSite","@id":"https:\/\/experienciadevida.com.ar\/portalurbano\/#website","url":"https:\/\/experienciadevida.com.ar\/portalurbano\/","name":"","description":"","publisher":{"@id":"https:\/\/experienciadevida.com.ar\/portalurbano\/#organization"},"potentialAction":[{"@type":"SearchAction","target":{"@type":"EntryPoint","urlTemplate":"https:\/\/experienciadevida.com.ar\/portalurbano\/?s={search_term_string}"},"query-input":"required name=search_term_string"}],"inLanguage":"es"},{"@type":"Organization","@id":"https:\/\/experienciadevida.com.ar\/portalurbano\/#organization","name":"Portal Urbano","url":"https:\/\/experienciadevida.com.ar\/portalurbano\/","logo":{"@type":"ImageObject","inLanguage":"es","@id":"https:\/\/experienciadevida.com.ar\/portalurbano\/#\/schema\/logo\/image\/","url":"https:\/\/experienciadevida.com.ar\/portalurbano\/wp-content\/uploads\/2019\/09\/Logo-Original.png","contentUrl":"https:\/\/experienciadevida.com.ar\/portalurbano\/wp-content\/uploads\/2019\/09\/Logo-Original.png","width":2236,"height":1216,"caption":"Portal Urbano"},"image":{"@id":"https:\/\/experienciadevida.com.ar\/portalurbano\/#\/schema\/logo\/image\/"},"sameAs":["https:\/\/www.facebook.com\/Portal-Urbano-171542830093757\/","https:\/\/twitter.com\/portalurbanook","https:\/\/www.instagram.com\/_portalurbano\/","https:\/\/www.youtube.com\/channel\/UCXhagIfszH8KxFiOok79zbA?view_as=subscriber"]},{"@type":"Person","@id":"https:\/\/experienciadevida.com.ar\/portalurbano\/#\/schema\/person\/02dd326b1c4b056e9cc972486934a3a7","name":"admpu17wp","image":{"@type":"ImageObject","inLanguage":"es","@id":"https:\/\/experienciadevida.com.ar\/portalurbano\/#\/schema\/person\/image\/","url":"https:\/\/secure.gravatar.com\/avatar\/830d4c57adaae6630765e449a6908047?s=96&d=mm&r=g","contentUrl":"https:\/\/secure.gravatar.com\/avatar\/830d4c57adaae6630765e449a6908047?s=96&d=mm&r=g","caption":"admpu17wp"}}]}},"featured_image_urls":{"full":["https:\/\/experienciadevida.com.ar\/portalurbano\/wp-content\/uploads\/2020\/08\/ezequiel-galli-e1598745671425.jpg",750,564,false],"thumbnail":["https:\/\/experienciadevida.com.ar\/portalurbano\/wp-content\/uploads\/2020\/08\/ezequiel-galli-150x150.jpg",150,150,true],"medium":["https:\/\/experienciadevida.com.ar\/portalurbano\/wp-content\/uploads\/2020\/08\/ezequiel-galli-300x225.jpg",300,225,true],"medium_large":["https:\/\/experienciadevida.com.ar\/portalurbano\/wp-content\/uploads\/2020\/08\/ezequiel-galli-768x577.jpg",640,481,true],"large":["https:\/\/experienciadevida.com.ar\/portalurbano\/wp-content\/uploads\/2020\/08\/ezequiel-galli-e1598745671425.jpg",640,481,false],"ug_big":["https:\/\/experienciadevida.com.ar\/portalurbano\/wp-content\/uploads\/2020\/08\/ezequiel-galli-768x577.jpg",768,577,true],"1536x1536":["https:\/\/experienciadevida.com.ar\/portalurbano\/wp-content\/uploads\/2020\/08\/ezequiel-galli-e1598745671425.jpg",750,564,false],"2048x2048":["https:\/\/experienciadevida.com.ar\/portalurbano\/wp-content\/uploads\/2020\/08\/ezequiel-galli-e1598745671425.jpg",750,564,false],"newsever-slider-full":["https:\/\/experienciadevida.com.ar\/portalurbano\/wp-content\/uploads\/2020\/08\/ezequiel-galli-e1598745671425.jpg",750,564,false],"newsever-featured":["https:\/\/experienciadevida.com.ar\/portalurbano\/wp-content\/uploads\/2020\/08\/ezequiel-galli-e1598745671425.jpg",750,564,false],"newsever-medium":["https:\/\/experienciadevida.com.ar\/portalurbano\/wp-content\/uploads\/2020\/08\/ezequiel-galli-e1598745671425.jpg",632,475,false],"web-stories-poster-portrait":["https:\/\/experienciadevida.com.ar\/portalurbano\/wp-content\/uploads\/2020\/08\/ezequiel-galli-e1598745671425.jpg",640,481,false],"web-stories-publisher-logo":["https:\/\/experienciadevida.com.ar\/portalurbano\/wp-content\/uploads\/2020\/08\/ezequiel-galli-e1598745671425.jpg",96,72,false],"web-stories-thumbnail":["https:\/\/experienciadevida.com.ar\/portalurbano\/wp-content\/uploads\/2020\/08\/ezequiel-galli-e1598745671425.jpg",150,113,false]},"author_info":{"display_name":"admpu17wp","author_link":"https:\/\/experienciadevida.com.ar\/portalurbano\/author\/admpu17wp\/"},"category_info":"<a href=\"https:\/\/experienciadevida.com.ar\/portalurbano\/category\/ciudad\/\" rel=\"category tag\">Ciudad<\/a> <a href=\"https:\/\/experienciadevida.com.ar\/portalurbano\/category\/destacadas-2\/\" rel=\"category tag\">Destacadas 2<\/a>","tag_info":"Destacadas 2","comment_count":"0","amp_enabled":true,"_links":{"self":[{"href":"https:\/\/experienciadevida.com.ar\/portalurbano\/wp-json\/wp\/v2\/posts\/140734"}],"collection":[{"href":"https:\/\/experienciadevida.com.ar\/portalurbano\/wp-json\/wp\/v2\/posts"}],"about":[{"href":"https:\/\/experienciadevida.com.ar\/portalurbano\/wp-json\/wp\/v2\/types\/post"}],"author":[{"embeddable":true,"href":"https:\/\/experienciadevida.com.ar\/portalurbano\/wp-json\/wp\/v2\/users\/1"}],"replies":[{"embeddable":true,"href":"https:\/\/experienciadevida.com.ar\/portalurbano\/wp-json\/wp\/v2\/comments?post=140734"}],"version-history":[{"count":4,"href":"https:\/\/experienciadevida.com.ar\/portalurbano\/wp-json\/wp\/v2\/posts\/140734\/revisions"}],"predecessor-version":[{"id":140738,"href":"https:\/\/experienciadevida.com.ar\/portalurbano\/wp-json\/wp\/v2\/posts\/140734\/revisions\/140738"}],"wp:featuredmedia":[{"embeddable":true,"href":"https:\/\/experienciadevida.com.ar\/portalurbano\/wp-json\/wp\/v2\/media\/119602"}],"wp:attachment":[{"href":"https:\/\/experienciadevida.com.ar\/portalurbano\/wp-json\/wp\/v2\/media?parent=140734"}],"wp:term":[{"taxonomy":"category","embeddable":true,"href":"https:\/\/experienciadevida.com.ar\/portalurbano\/wp-json\/wp\/v2\/categories?post=140734"},{"taxonomy":"post_tag","embeddable":true,"href":"https:\/\/experienciadevida.com.ar\/portalurbano\/wp-json\/wp\/v2\/tags?post=140734"}],"curies":[{"name":"wp","href":"https:\/\/api.w.org\/{rel}","templated":true}]}}