{"id":140726,"date":"2021-04-20T12:23:55","date_gmt":"2021-04-20T15:23:55","guid":{"rendered":"https:\/\/experienciadevida.com.ar\/portalurbano\/?p=140726"},"modified":"2021-04-20T12:29:10","modified_gmt":"2021-04-20T15:29:10","slug":"se-iniciaron-obras-de-conservacion-de-pavimentos-de-hormigon","status":"publish","type":"post","link":"https:\/\/experienciadevida.com.ar\/portalurbano\/se-iniciaron-obras-de-conservacion-de-pavimentos-de-hormigon\/","title":{"rendered":"Se iniciaron obras de conservaci\u00f3n de pavimentos de hormig\u00f3n"},"content":{"rendered":"<p>Se iniciaron obras de conservaci\u00f3n de pavimentos de hormig\u00f3n, en la jornada de este martes comenzaron los trabajos de conservaci\u00f3n de pavimentos de hormig\u00f3n en la intersecci\u00f3n de las calles Rivadavia y S\u00e1enz Pe\u00f1a, tal como se inform\u00f3 desde la Direcci\u00f3n de Pavimentaci\u00f3n, dependiente de la Secretar\u00eda de Mantenimiento y Obras P\u00fablicas.<\/p>\n<p>El plan de mantenimiento \u2013que se ejecuta con recursos propios- comprende una extensi\u00f3n de 1.000 metros cuadrados, en distintos sectores de la planta urbana, con puntos fijos cr\u00edticos a trabajar, que surgen del relevamiento elaborado desde el \u00e1rea de Obras P\u00fablicas, al que se suman los reclamos vecinales.<\/p>\n<p>Se iniciaron obras de conservaci\u00f3n de pavimentos de hormig\u00f3n, este mantenimiento permite reparar sectores que se encuentran en mal estado, por distintas causas, \u00e1rboles que levantan las losas o donde los servicios urbanos socavan las mismas, o bien que se deterioran por la dilataci\u00f3n propia del hormig\u00f3n como as\u00ed tambi\u00e9n por la sobrecarga de veh\u00edculos pesados, entre otras razones.<\/p>\n<p>La inversi\u00f3n total es de $2.315.000 y los trabajos incluidos en el plan de conservaci\u00f3n de pavimentos de hormig\u00f3n se encuentran a cargo de la empresa Demoliciones Olavarr\u00eda.<\/p>\n<p>Las tareas en el sector mencionado comenzaron con el levantamiento del pavimento deteriorado, para realizar luego la base de tosca y el posterior hormigonado, que estar\u00e1 habilitado a partir del pr\u00f3ximo lunes 26 de abril.<\/p>\n<p>Cabe aclarar que los trabajos se desarrollan en un sector delimitado, por lo cual no fue necesario interrumpir el tr\u00e1nsito, de todas formas se solicita circular con extrema precauci\u00f3n y respetar la se\u00f1alizaci\u00f3n existente, para evitar inconvenientes mayores tanto en conductores como transe\u00fantes.<\/p>\n<p><a href=\"https:\/\/experienciadevida.com.ar\/portalurbano\/se-iniciaron-obras-de-conservacion-de-pavimentos-de-hormigon\/se-iniciaron-obras\/\" rel=\"attachment wp-att-140732\"><img decoding=\"async\" class=\"alignnone size-full wp-image-140732\" src=\"https:\/\/experienciadevida.com.ar\/portalurbano\/wp-content\/uploads\/2021\/04\/Se-iniciaron-obras.jpg\" alt=\"Se iniciaron obras \" width=\"1181\" height=\"787\" srcset=\"https:\/\/experienciadevida.com.ar\/portalurbano\/wp-content\/uploads\/2021\/04\/Se-iniciaron-obras.jpg 1181w, https:\/\/experienciadevida.com.ar\/portalurbano\/wp-content\/uploads\/2021\/04\/Se-iniciaron-obras-300x200.jpg 300w, https:\/\/experienciadevida.com.ar\/portalurbano\/wp-content\/uploads\/2021\/04\/Se-iniciaron-obras-1024x682.jpg 1024w, https:\/\/experienciadevida.com.ar\/portalurbano\/wp-content\/uploads\/2021\/04\/Se-iniciaron-obras-768x512.jpg 768w\" sizes=\"(max-width: 1181px) 100vw, 1181px\" \/><\/a><\/p>\n","protected":false},"excerpt":{"rendered":"<p>Se iniciaron obras de conservaci\u00f3n de pavimentos de hormig\u00f3n, en la jornada de este martes&#8230;<\/p>\n","protected":false},"author":1,"featured_media":140727,"comment_status":"closed","ping_status":"closed","sticky":false,"template":"","format":"standard","meta":{"content-type":""},"categories":[27,64],"tags":[],"nelio_content":{"isAutoShareEnabled":false,"autoShareEndMode":"default","automationSources":{"useContentSentences":true,"useSocialTemplates":true,"useCustomSentences":false,"customSentences":[]},"followers":[1],"suggestedReferences":[],"includedReferences":[],"efiUrl":"","efiAlt":"","highlights":[]},"yoast_head":"<!-- This site is optimized with the Yoast SEO plugin v20.7 - https:\/\/yoast.com\/wordpress\/plugins\/seo\/ -->\n<title>Se iniciaron obras de conservaci\u00f3n de pavimentos de hormig\u00f3n<\/title>\n<meta name=\"description\" content=\"Se iniciaron obras de conservaci\u00f3n de pavimentos de hormig\u00f3n, en la jornada de este martes comenzaron los trabajos de conservaci\u00f3n\" \/>\n<meta name=\"robots\" content=\"index, follow, max-snippet:-1, max-image-preview:large, max-video-preview:-1\" \/>\n<link rel=\"canonical\" href=\"https:\/\/experienciadevida.com.ar\/portalurbano\/se-iniciaron-obras-de-conservacion-de-pavimentos-de-hormigon\/\" \/>\n<meta property=\"og:locale\" content=\"es_ES\" \/>\n<meta property=\"og:type\" content=\"article\" \/>\n<meta property=\"og:title\" content=\"Se iniciaron obras de conservaci\u00f3n de pavimentos de hormig\u00f3n\" \/>\n<meta property=\"og:description\" content=\"Se iniciaron obras de conservaci\u00f3n de pavimentos de hormig\u00f3n, en la jornada de este martes comenzaron los trabajos de conservaci\u00f3n\" \/>\n<meta property=\"og:url\" content=\"https:\/\/experienciadevida.com.ar\/portalurbano\/se-iniciaron-obras-de-conservacion-de-pavimentos-de-hormigon\/\" \/>\n<meta property=\"article:publisher\" content=\"https:\/\/www.facebook.com\/Portal-Urbano-171542830093757\/\" \/>\n<meta property=\"article:published_time\" content=\"2021-04-20T15:23:55+00:00\" \/>\n<meta property=\"article:modified_time\" content=\"2021-04-20T15:29:10+00:00\" \/>\n<meta property=\"og:image\" content=\"https:\/\/experienciadevida.com.ar\/portalurbano\/wp-content\/uploads\/2021\/04\/Se-iniciaron-obras-de-conservacion.jpg\" \/>\n\t<meta property=\"og:image:width\" content=\"1181\" \/>\n\t<meta property=\"og:image:height\" content=\"787\" \/>\n\t<meta property=\"og:image:type\" content=\"image\/jpeg\" \/>\n<meta name=\"author\" content=\"admpu17wp\" \/>\n<meta name=\"twitter:card\" content=\"summary_large_image\" \/>\n<meta name=\"twitter:creator\" content=\"@portalurbanook\" \/>\n<meta name=\"twitter:site\" content=\"@portalurbanook\" \/>\n<meta name=\"twitter:label1\" content=\"Escrito por\" \/>\n\t<meta name=\"twitter:data1\" content=\"admpu17wp\" \/>\n\t<meta name=\"twitter:label2\" content=\"Tiempo de lectura\" \/>\n\t<meta name=\"twitter:data2\" content=\"2 minutos\" \/>\n<script type=\"application\/ld+json\" class=\"yoast-schema-graph\">{\"@context\":\"https:\/\/schema.org\",\"@graph\":[{\"@type\":\"Article\",\"@id\":\"https:\/\/experienciadevida.com.ar\/portalurbano\/se-iniciaron-obras-de-conservacion-de-pavimentos-de-hormigon\/#article\",\"isPartOf\":{\"@id\":\"https:\/\/experienciadevida.com.ar\/portalurbano\/se-iniciaron-obras-de-conservacion-de-pavimentos-de-hormigon\/\"},\"author\":{\"name\":\"admpu17wp\",\"@id\":\"https:\/\/experienciadevida.com.ar\/portalurbano\/#\/schema\/person\/02dd326b1c4b056e9cc972486934a3a7\"},\"headline\":\"Se iniciaron obras de conservaci\u00f3n de pavimentos de hormig\u00f3n\",\"datePublished\":\"2021-04-20T15:23:55+00:00\",\"dateModified\":\"2021-04-20T15:29:10+00:00\",\"mainEntityOfPage\":{\"@id\":\"https:\/\/experienciadevida.com.ar\/portalurbano\/se-iniciaron-obras-de-conservacion-de-pavimentos-de-hormigon\/\"},\"wordCount\":303,\"publisher\":{\"@id\":\"https:\/\/experienciadevida.com.ar\/portalurbano\/#organization\"},\"articleSection\":[\"Ciudad\",\"Destacadas 2\"],\"inLanguage\":\"es\"},{\"@type\":\"WebPage\",\"@id\":\"https:\/\/experienciadevida.com.ar\/portalurbano\/se-iniciaron-obras-de-conservacion-de-pavimentos-de-hormigon\/\",\"url\":\"https:\/\/experienciadevida.com.ar\/portalurbano\/se-iniciaron-obras-de-conservacion-de-pavimentos-de-hormigon\/\",\"name\":\"Se iniciaron obras de conservaci\u00f3n de pavimentos de hormig\u00f3n\",\"isPartOf\":{\"@id\":\"https:\/\/experienciadevida.com.ar\/portalurbano\/#website\"},\"datePublished\":\"2021-04-20T15:23:55+00:00\",\"dateModified\":\"2021-04-20T15:29:10+00:00\",\"description\":\"Se iniciaron obras de conservaci\u00f3n de pavimentos de hormig\u00f3n, en la jornada de este martes comenzaron los trabajos de conservaci\u00f3n\",\"breadcrumb\":{\"@id\":\"https:\/\/experienciadevida.com.ar\/portalurbano\/se-iniciaron-obras-de-conservacion-de-pavimentos-de-hormigon\/#breadcrumb\"},\"inLanguage\":\"es\",\"potentialAction\":[{\"@type\":\"ReadAction\",\"target\":[\"https:\/\/experienciadevida.com.ar\/portalurbano\/se-iniciaron-obras-de-conservacion-de-pavimentos-de-hormigon\/\"]}]},{\"@type\":\"BreadcrumbList\",\"@id\":\"https:\/\/experienciadevida.com.ar\/portalurbano\/se-iniciaron-obras-de-conservacion-de-pavimentos-de-hormigon\/#breadcrumb\",\"itemListElement\":[{\"@type\":\"ListItem\",\"position\":1,\"name\":\"Portada\",\"item\":\"https:\/\/experienciadevida.com.ar\/portalurbano\/\"},{\"@type\":\"ListItem\",\"position\":2,\"name\":\"Se iniciaron obras de conservaci\u00f3n de pavimentos de hormig\u00f3n\"}]},{\"@type\":\"WebSite\",\"@id\":\"https:\/\/experienciadevida.com.ar\/portalurbano\/#website\",\"url\":\"https:\/\/experienciadevida.com.ar\/portalurbano\/\",\"name\":\"\",\"description\":\"\",\"publisher\":{\"@id\":\"https:\/\/experienciadevida.com.ar\/portalurbano\/#organization\"},\"potentialAction\":[{\"@type\":\"SearchAction\",\"target\":{\"@type\":\"EntryPoint\",\"urlTemplate\":\"https:\/\/experienciadevida.com.ar\/portalurbano\/?s={search_term_string}\"},\"query-input\":\"required name=search_term_string\"}],\"inLanguage\":\"es\"},{\"@type\":\"Organization\",\"@id\":\"https:\/\/experienciadevida.com.ar\/portalurbano\/#organization\",\"name\":\"Portal Urbano\",\"url\":\"https:\/\/experienciadevida.com.ar\/portalurbano\/\",\"logo\":{\"@type\":\"ImageObject\",\"inLanguage\":\"es\",\"@id\":\"https:\/\/experienciadevida.com.ar\/portalurbano\/#\/schema\/logo\/image\/\",\"url\":\"https:\/\/experienciadevida.com.ar\/portalurbano\/wp-content\/uploads\/2019\/09\/Logo-Original.png\",\"contentUrl\":\"https:\/\/experienciadevida.com.ar\/portalurbano\/wp-content\/uploads\/2019\/09\/Logo-Original.png\",\"width\":2236,\"height\":1216,\"caption\":\"Portal Urbano\"},\"image\":{\"@id\":\"https:\/\/experienciadevida.com.ar\/portalurbano\/#\/schema\/logo\/image\/\"},\"sameAs\":[\"https:\/\/www.facebook.com\/Portal-Urbano-171542830093757\/\",\"https:\/\/twitter.com\/portalurbanook\",\"https:\/\/www.instagram.com\/_portalurbano\/\",\"https:\/\/www.youtube.com\/channel\/UCXhagIfszH8KxFiOok79zbA?view_as=subscriber\"]},{\"@type\":\"Person\",\"@id\":\"https:\/\/experienciadevida.com.ar\/portalurbano\/#\/schema\/person\/02dd326b1c4b056e9cc972486934a3a7\",\"name\":\"admpu17wp\",\"image\":{\"@type\":\"ImageObject\",\"inLanguage\":\"es\",\"@id\":\"https:\/\/experienciadevida.com.ar\/portalurbano\/#\/schema\/person\/image\/\",\"url\":\"https:\/\/secure.gravatar.com\/avatar\/830d4c57adaae6630765e449a6908047?s=96&d=mm&r=g\",\"contentUrl\":\"https:\/\/secure.gravatar.com\/avatar\/830d4c57adaae6630765e449a6908047?s=96&d=mm&r=g\",\"caption\":\"admpu17wp\"}}]}<\/script>\n<!-- \/ Yoast SEO plugin. -->","yoast_head_json":{"title":"Se iniciaron obras de conservaci\u00f3n de pavimentos de hormig\u00f3n","description":"Se iniciaron obras de conservaci\u00f3n de pavimentos de hormig\u00f3n, en la jornada de este martes comenzaron los trabajos de conservaci\u00f3n","robots":{"index":"index","follow":"follow","max-snippet":"max-snippet:-1","max-image-preview":"max-image-preview:large","max-video-preview":"max-video-preview:-1"},"canonical":"https:\/\/experienciadevida.com.ar\/portalurbano\/se-iniciaron-obras-de-conservacion-de-pavimentos-de-hormigon\/","og_locale":"es_ES","og_type":"article","og_title":"Se iniciaron obras de conservaci\u00f3n de pavimentos de hormig\u00f3n","og_description":"Se iniciaron obras de conservaci\u00f3n de pavimentos de hormig\u00f3n, en la jornada de este martes comenzaron los trabajos de conservaci\u00f3n","og_url":"https:\/\/experienciadevida.com.ar\/portalurbano\/se-iniciaron-obras-de-conservacion-de-pavimentos-de-hormigon\/","article_publisher":"https:\/\/www.facebook.com\/Portal-Urbano-171542830093757\/","article_published_time":"2021-04-20T15:23:55+00:00","article_modified_time":"2021-04-20T15:29:10+00:00","og_image":[{"width":1181,"height":787,"url":"https:\/\/experienciadevida.com.ar\/portalurbano\/wp-content\/uploads\/2021\/04\/Se-iniciaron-obras-de-conservacion.jpg","type":"image\/jpeg"}],"author":"admpu17wp","twitter_card":"summary_large_image","twitter_creator":"@portalurbanook","twitter_site":"@portalurbanook","twitter_misc":{"Escrito por":"admpu17wp","Tiempo de lectura":"2 minutos"},"schema":{"@context":"https:\/\/schema.org","@graph":[{"@type":"Article","@id":"https:\/\/experienciadevida.com.ar\/portalurbano\/se-iniciaron-obras-de-conservacion-de-pavimentos-de-hormigon\/#article","isPartOf":{"@id":"https:\/\/experienciadevida.com.ar\/portalurbano\/se-iniciaron-obras-de-conservacion-de-pavimentos-de-hormigon\/"},"author":{"name":"admpu17wp","@id":"https:\/\/experienciadevida.com.ar\/portalurbano\/#\/schema\/person\/02dd326b1c4b056e9cc972486934a3a7"},"headline":"Se iniciaron obras de conservaci\u00f3n de pavimentos de hormig\u00f3n","datePublished":"2021-04-20T15:23:55+00:00","dateModified":"2021-04-20T15:29:10+00:00","mainEntityOfPage":{"@id":"https:\/\/experienciadevida.com.ar\/portalurbano\/se-iniciaron-obras-de-conservacion-de-pavimentos-de-hormigon\/"},"wordCount":303,"publisher":{"@id":"https:\/\/experienciadevida.com.ar\/portalurbano\/#organization"},"articleSection":["Ciudad","Destacadas 2"],"inLanguage":"es"},{"@type":"WebPage","@id":"https:\/\/experienciadevida.com.ar\/portalurbano\/se-iniciaron-obras-de-conservacion-de-pavimentos-de-hormigon\/","url":"https:\/\/experienciadevida.com.ar\/portalurbano\/se-iniciaron-obras-de-conservacion-de-pavimentos-de-hormigon\/","name":"Se iniciaron obras de conservaci\u00f3n de pavimentos de hormig\u00f3n","isPartOf":{"@id":"https:\/\/experienciadevida.com.ar\/portalurbano\/#website"},"datePublished":"2021-04-20T15:23:55+00:00","dateModified":"2021-04-20T15:29:10+00:00","description":"Se iniciaron obras de conservaci\u00f3n de pavimentos de hormig\u00f3n, en la jornada de este martes comenzaron los trabajos de conservaci\u00f3n","breadcrumb":{"@id":"https:\/\/experienciadevida.com.ar\/portalurbano\/se-iniciaron-obras-de-conservacion-de-pavimentos-de-hormigon\/#breadcrumb"},"inLanguage":"es","potentialAction":[{"@type":"ReadAction","target":["https:\/\/experienciadevida.com.ar\/portalurbano\/se-iniciaron-obras-de-conservacion-de-pavimentos-de-hormigon\/"]}]},{"@type":"BreadcrumbList","@id":"https:\/\/experienciadevida.com.ar\/portalurbano\/se-iniciaron-obras-de-conservacion-de-pavimentos-de-hormigon\/#breadcrumb","itemListElement":[{"@type":"ListItem","position":1,"name":"Portada","item":"https:\/\/experienciadevida.com.ar\/portalurbano\/"},{"@type":"ListItem","position":2,"name":"Se iniciaron obras de conservaci\u00f3n de pavimentos de hormig\u00f3n"}]},{"@type":"WebSite","@id":"https:\/\/experienciadevida.com.ar\/portalurbano\/#website","url":"https:\/\/experienciadevida.com.ar\/portalurbano\/","name":"","description":"","publisher":{"@id":"https:\/\/experienciadevida.com.ar\/portalurbano\/#organization"},"potentialAction":[{"@type":"SearchAction","target":{"@type":"EntryPoint","urlTemplate":"https:\/\/experienciadevida.com.ar\/portalurbano\/?s={search_term_string}"},"query-input":"required name=search_term_string"}],"inLanguage":"es"},{"@type":"Organization","@id":"https:\/\/experienciadevida.com.ar\/portalurbano\/#organization","name":"Portal Urbano","url":"https:\/\/experienciadevida.com.ar\/portalurbano\/","logo":{"@type":"ImageObject","inLanguage":"es","@id":"https:\/\/experienciadevida.com.ar\/portalurbano\/#\/schema\/logo\/image\/","url":"https:\/\/experienciadevida.com.ar\/portalurbano\/wp-content\/uploads\/2019\/09\/Logo-Original.png","contentUrl":"https:\/\/experienciadevida.com.ar\/portalurbano\/wp-content\/uploads\/2019\/09\/Logo-Original.png","width":2236,"height":1216,"caption":"Portal Urbano"},"image":{"@id":"https:\/\/experienciadevida.com.ar\/portalurbano\/#\/schema\/logo\/image\/"},"sameAs":["https:\/\/www.facebook.com\/Portal-Urbano-171542830093757\/","https:\/\/twitter.com\/portalurbanook","https:\/\/www.instagram.com\/_portalurbano\/","https:\/\/www.youtube.com\/channel\/UCXhagIfszH8KxFiOok79zbA?view_as=subscriber"]},{"@type":"Person","@id":"https:\/\/experienciadevida.com.ar\/portalurbano\/#\/schema\/person\/02dd326b1c4b056e9cc972486934a3a7","name":"admpu17wp","image":{"@type":"ImageObject","inLanguage":"es","@id":"https:\/\/experienciadevida.com.ar\/portalurbano\/#\/schema\/person\/image\/","url":"https:\/\/secure.gravatar.com\/avatar\/830d4c57adaae6630765e449a6908047?s=96&d=mm&r=g","contentUrl":"https:\/\/secure.gravatar.com\/avatar\/830d4c57adaae6630765e449a6908047?s=96&d=mm&r=g","caption":"admpu17wp"}}]}},"featured_image_urls":{"full":["https:\/\/experienciadevida.com.ar\/portalurbano\/wp-content\/uploads\/2021\/04\/Se-iniciaron-obras-de-conservacion.jpg",1181,787,false],"thumbnail":["https:\/\/experienciadevida.com.ar\/portalurbano\/wp-content\/uploads\/2021\/04\/Se-iniciaron-obras-de-conservacion-150x150.jpg",150,150,true],"medium":["https:\/\/experienciadevida.com.ar\/portalurbano\/wp-content\/uploads\/2021\/04\/Se-iniciaron-obras-de-conservacion-300x200.jpg",300,200,true],"medium_large":["https:\/\/experienciadevida.com.ar\/portalurbano\/wp-content\/uploads\/2021\/04\/Se-iniciaron-obras-de-conservacion-768x512.jpg",640,427,true],"large":["https:\/\/experienciadevida.com.ar\/portalurbano\/wp-content\/uploads\/2021\/04\/Se-iniciaron-obras-de-conservacion-1024x682.jpg",640,426,true],"ug_big":["https:\/\/experienciadevida.com.ar\/portalurbano\/wp-content\/uploads\/2021\/04\/Se-iniciaron-obras-de-conservacion-768x512.jpg",768,512,true],"1536x1536":["https:\/\/experienciadevida.com.ar\/portalurbano\/wp-content\/uploads\/2021\/04\/Se-iniciaron-obras-de-conservacion.jpg",1181,787,false],"2048x2048":["https:\/\/experienciadevida.com.ar\/portalurbano\/wp-content\/uploads\/2021\/04\/Se-iniciaron-obras-de-conservacion.jpg",1181,787,false],"newsever-slider-full":["https:\/\/experienciadevida.com.ar\/portalurbano\/wp-content\/uploads\/2021\/04\/Se-iniciaron-obras-de-conservacion.jpg",1181,787,false],"newsever-featured":["https:\/\/experienciadevida.com.ar\/portalurbano\/wp-content\/uploads\/2021\/04\/Se-iniciaron-obras-de-conservacion.jpg",1024,682,false],"newsever-medium":["https:\/\/experienciadevida.com.ar\/portalurbano\/wp-content\/uploads\/2021\/04\/Se-iniciaron-obras-de-conservacion.jpg",713,475,false],"web-stories-poster-portrait":["https:\/\/experienciadevida.com.ar\/portalurbano\/wp-content\/uploads\/2021\/04\/Se-iniciaron-obras-de-conservacion.jpg",640,426,false],"web-stories-publisher-logo":["https:\/\/experienciadevida.com.ar\/portalurbano\/wp-content\/uploads\/2021\/04\/Se-iniciaron-obras-de-conservacion.jpg",96,64,false],"web-stories-thumbnail":["https:\/\/experienciadevida.com.ar\/portalurbano\/wp-content\/uploads\/2021\/04\/Se-iniciaron-obras-de-conservacion.jpg",150,100,false]},"author_info":{"display_name":"admpu17wp","author_link":"https:\/\/experienciadevida.com.ar\/portalurbano\/author\/admpu17wp\/"},"category_info":"<a href=\"https:\/\/experienciadevida.com.ar\/portalurbano\/category\/ciudad\/\" rel=\"category tag\">Ciudad<\/a> <a href=\"https:\/\/experienciadevida.com.ar\/portalurbano\/category\/destacadas-2\/\" rel=\"category tag\">Destacadas 2<\/a>","tag_info":"Destacadas 2","comment_count":"0","amp_enabled":true,"_links":{"self":[{"href":"https:\/\/experienciadevida.com.ar\/portalurbano\/wp-json\/wp\/v2\/posts\/140726"}],"collection":[{"href":"https:\/\/experienciadevida.com.ar\/portalurbano\/wp-json\/wp\/v2\/posts"}],"about":[{"href":"https:\/\/experienciadevida.com.ar\/portalurbano\/wp-json\/wp\/v2\/types\/post"}],"author":[{"embeddable":true,"href":"https:\/\/experienciadevida.com.ar\/portalurbano\/wp-json\/wp\/v2\/users\/1"}],"replies":[{"embeddable":true,"href":"https:\/\/experienciadevida.com.ar\/portalurbano\/wp-json\/wp\/v2\/comments?post=140726"}],"version-history":[{"count":3,"href":"https:\/\/experienciadevida.com.ar\/portalurbano\/wp-json\/wp\/v2\/posts\/140726\/revisions"}],"predecessor-version":[{"id":140731,"href":"https:\/\/experienciadevida.com.ar\/portalurbano\/wp-json\/wp\/v2\/posts\/140726\/revisions\/140731"}],"wp:featuredmedia":[{"embeddable":true,"href":"https:\/\/experienciadevida.com.ar\/portalurbano\/wp-json\/wp\/v2\/media\/140727"}],"wp:attachment":[{"href":"https:\/\/experienciadevida.com.ar\/portalurbano\/wp-json\/wp\/v2\/media?parent=140726"}],"wp:term":[{"taxonomy":"category","embeddable":true,"href":"https:\/\/experienciadevida.com.ar\/portalurbano\/wp-json\/wp\/v2\/categories?post=140726"},{"taxonomy":"post_tag","embeddable":true,"href":"https:\/\/experienciadevida.com.ar\/portalurbano\/wp-json\/wp\/v2\/tags?post=140726"}],"curies":[{"name":"wp","href":"https:\/\/api.w.org\/{rel}","templated":true}]}}