{"id":140593,"date":"2021-04-18T21:31:42","date_gmt":"2021-04-19T00:31:42","guid":{"rendered":"https:\/\/experienciadevida.com.ar\/portalurbano\/?p=140593"},"modified":"2021-04-18T21:35:14","modified_gmt":"2021-04-19T00:35:14","slug":"coronavirus-en-la-provincia-el-conurbano-en-fase-2-y-varios-distritos-del-interior-en-la-3","status":"publish","type":"post","link":"https:\/\/experienciadevida.com.ar\/portalurbano\/coronavirus-en-la-provincia-el-conurbano-en-fase-2-y-varios-distritos-del-interior-en-la-3\/","title":{"rendered":"Coronavirus en la provincia: el conurbano en fase 2 y varios distritos del interior en la 3"},"content":{"rendered":"<p>Coronavirus en la provincia: el conurbano en fase 2 y varios distritos del interior en la 3, el Gobierno Bonaerense oficializ\u00f3 el nuevo r\u00e9gimen de aislamiento y distanciamiento. \u00bfQu\u00e9 se puede hacer en cada municipio?<\/p>\n<p>La provincia de Buenos Aires oficializ\u00f3 durante este fin de semana el nuevo r\u00e9gimen de aislamiento y distanciamiento social que incluye cambios en las actividades habilitadas y la vuelta de la fase 2, una etapa m\u00e1s restrictiva que por ahora abarca s\u00f3lo al conurbano bonaerense.<\/p>\n<p>Coronavirus en la provincia, A trav\u00e9s de la resoluci\u00f3n 1208\/2021 del Ministerio de Jefatura de Gabinete de Ministros publicada este s\u00e1bado en el Bolet\u00edn Oficial, el gobierno de Axel Kicillof acopl\u00f3 la normativa provincial a las medidas anuncias por el presidente Alberto Fern\u00e1ndez que buscan aminorar los contagios de coronavirus.<\/p>\n<p>La mayor novedad en la provincia es la vuelta de la fase 2, una etapa que estuvo en desuso cuando los casos de Covid-19 bajaron y que ahora pasar\u00e1 a ser la de mayores restricciones, aunque en un principio estar\u00e1 solamente limitada a los distritos del \u00c1rea Metropolitana de Buenos Aires.<\/p>\n<p>Ubicaci\u00f3n en fases:<\/p>\n<p>Fase 2: en esta etapa, la m\u00e1s restrictiva de todas, se encuentran ubicados unos 35 municipios del AMBA, los que tienen un mayor riesgo epideimiol\u00f3gico.<\/p>\n<p>Fase 3: son 27 los distritos ubicados en esta etapa. Entre ellos hay varios del interior como Azul, Bol\u00edvar, Castelli, General Villegas, Olavarr\u00eda, Pergamino, Tandil y Trenque Lauquen.<\/p>\n<p>En fase 4 quedaron unos 66 distritos y en la fase 5 s\u00f3lo siete. Estos \u00faltimos \u2013los que se encuentran en la etapa m\u00e1s premisiva- son Adolfo Alsina, Coronel Dorrego, Guamin\u00ed, Lezama, Salliquel\u00f3, Tordillo y Villarino.<\/p>\n<p>Fuente: DIB<\/p>\n","protected":false},"excerpt":{"rendered":"<p>Coronavirus en la provincia: el conurbano en fase 2 y varios distritos del interior en&#8230;<\/p>\n","protected":false},"author":1,"featured_media":118889,"comment_status":"closed","ping_status":"closed","sticky":false,"template":"","format":"standard","meta":{"content-type":""},"categories":[27,64],"tags":[],"nelio_content":{"isAutoShareEnabled":false,"autoShareEndMode":"default","automationSources":{"useContentSentences":true,"useSocialTemplates":true,"useCustomSentences":false,"customSentences":[]},"followers":[1],"suggestedReferences":[],"includedReferences":[],"efiUrl":"","efiAlt":"","highlights":[]},"yoast_head":"<!-- This site is optimized with the Yoast SEO plugin v20.7 - https:\/\/yoast.com\/wordpress\/plugins\/seo\/ -->\n<title>Coronavirus en la Provincia: conurbano en fase 2 y fase 3 en el interior<\/title>\n<meta name=\"description\" content=\"Coronavirus en la provincia: el conurbano en fase 2 y varios distritos del interior en la 3, el Gobierno oficializ\u00f3 el nuevo r\u00e9gimen.\" \/>\n<meta name=\"robots\" content=\"index, follow, max-snippet:-1, max-image-preview:large, max-video-preview:-1\" \/>\n<link rel=\"canonical\" href=\"https:\/\/experienciadevida.com.ar\/portalurbano\/coronavirus-en-la-provincia-el-conurbano-en-fase-2-y-varios-distritos-del-interior-en-la-3\/\" \/>\n<meta property=\"og:locale\" content=\"es_ES\" \/>\n<meta property=\"og:type\" content=\"article\" \/>\n<meta property=\"og:title\" content=\"Coronavirus en la Provincia: conurbano en fase 2 y fase 3 en el interior\" \/>\n<meta property=\"og:description\" content=\"Coronavirus en la provincia: el conurbano en fase 2 y varios distritos del interior en la 3, el Gobierno oficializ\u00f3 el nuevo r\u00e9gimen.\" \/>\n<meta property=\"og:url\" content=\"https:\/\/experienciadevida.com.ar\/portalurbano\/coronavirus-en-la-provincia-el-conurbano-en-fase-2-y-varios-distritos-del-interior-en-la-3\/\" \/>\n<meta property=\"article:publisher\" content=\"https:\/\/www.facebook.com\/Portal-Urbano-171542830093757\/\" \/>\n<meta property=\"article:published_time\" content=\"2021-04-19T00:31:42+00:00\" \/>\n<meta property=\"article:modified_time\" content=\"2021-04-19T00:35:14+00:00\" \/>\n<meta property=\"og:image\" content=\"https:\/\/experienciadevida.com.ar\/portalurbano\/wp-content\/uploads\/2020\/08\/PLAZA-1.jpg\" \/>\n\t<meta property=\"og:image:width\" content=\"765\" \/>\n\t<meta property=\"og:image:height\" content=\"510\" \/>\n\t<meta property=\"og:image:type\" content=\"image\/jpeg\" \/>\n<meta name=\"author\" content=\"admpu17wp\" \/>\n<meta name=\"twitter:card\" content=\"summary_large_image\" \/>\n<meta name=\"twitter:creator\" content=\"@portalurbanook\" \/>\n<meta name=\"twitter:site\" content=\"@portalurbanook\" \/>\n<meta name=\"twitter:label1\" content=\"Escrito por\" \/>\n\t<meta name=\"twitter:data1\" content=\"admpu17wp\" \/>\n\t<meta name=\"twitter:label2\" content=\"Tiempo de lectura\" \/>\n\t<meta name=\"twitter:data2\" content=\"2 minutos\" \/>\n<script type=\"application\/ld+json\" class=\"yoast-schema-graph\">{\"@context\":\"https:\/\/schema.org\",\"@graph\":[{\"@type\":\"Article\",\"@id\":\"https:\/\/experienciadevida.com.ar\/portalurbano\/coronavirus-en-la-provincia-el-conurbano-en-fase-2-y-varios-distritos-del-interior-en-la-3\/#article\",\"isPartOf\":{\"@id\":\"https:\/\/experienciadevida.com.ar\/portalurbano\/coronavirus-en-la-provincia-el-conurbano-en-fase-2-y-varios-distritos-del-interior-en-la-3\/\"},\"author\":{\"name\":\"admpu17wp\",\"@id\":\"https:\/\/experienciadevida.com.ar\/portalurbano\/#\/schema\/person\/02dd326b1c4b056e9cc972486934a3a7\"},\"headline\":\"Coronavirus en la provincia: el conurbano en fase 2 y varios distritos del interior en la 3\",\"datePublished\":\"2021-04-19T00:31:42+00:00\",\"dateModified\":\"2021-04-19T00:35:14+00:00\",\"mainEntityOfPage\":{\"@id\":\"https:\/\/experienciadevida.com.ar\/portalurbano\/coronavirus-en-la-provincia-el-conurbano-en-fase-2-y-varios-distritos-del-interior-en-la-3\/\"},\"wordCount\":294,\"publisher\":{\"@id\":\"https:\/\/experienciadevida.com.ar\/portalurbano\/#organization\"},\"articleSection\":[\"Ciudad\",\"Destacadas 2\"],\"inLanguage\":\"es\"},{\"@type\":\"WebPage\",\"@id\":\"https:\/\/experienciadevida.com.ar\/portalurbano\/coronavirus-en-la-provincia-el-conurbano-en-fase-2-y-varios-distritos-del-interior-en-la-3\/\",\"url\":\"https:\/\/experienciadevida.com.ar\/portalurbano\/coronavirus-en-la-provincia-el-conurbano-en-fase-2-y-varios-distritos-del-interior-en-la-3\/\",\"name\":\"Coronavirus en la Provincia: conurbano en fase 2 y fase 3 en el interior\",\"isPartOf\":{\"@id\":\"https:\/\/experienciadevida.com.ar\/portalurbano\/#website\"},\"datePublished\":\"2021-04-19T00:31:42+00:00\",\"dateModified\":\"2021-04-19T00:35:14+00:00\",\"description\":\"Coronavirus en la provincia: el conurbano en fase 2 y varios distritos del interior en la 3, el Gobierno oficializ\u00f3 el nuevo r\u00e9gimen.\",\"breadcrumb\":{\"@id\":\"https:\/\/experienciadevida.com.ar\/portalurbano\/coronavirus-en-la-provincia-el-conurbano-en-fase-2-y-varios-distritos-del-interior-en-la-3\/#breadcrumb\"},\"inLanguage\":\"es\",\"potentialAction\":[{\"@type\":\"ReadAction\",\"target\":[\"https:\/\/experienciadevida.com.ar\/portalurbano\/coronavirus-en-la-provincia-el-conurbano-en-fase-2-y-varios-distritos-del-interior-en-la-3\/\"]}]},{\"@type\":\"BreadcrumbList\",\"@id\":\"https:\/\/experienciadevida.com.ar\/portalurbano\/coronavirus-en-la-provincia-el-conurbano-en-fase-2-y-varios-distritos-del-interior-en-la-3\/#breadcrumb\",\"itemListElement\":[{\"@type\":\"ListItem\",\"position\":1,\"name\":\"Portada\",\"item\":\"https:\/\/experienciadevida.com.ar\/portalurbano\/\"},{\"@type\":\"ListItem\",\"position\":2,\"name\":\"Coronavirus en la provincia: el conurbano en fase 2 y varios distritos del interior en la 3\"}]},{\"@type\":\"WebSite\",\"@id\":\"https:\/\/experienciadevida.com.ar\/portalurbano\/#website\",\"url\":\"https:\/\/experienciadevida.com.ar\/portalurbano\/\",\"name\":\"\",\"description\":\"\",\"publisher\":{\"@id\":\"https:\/\/experienciadevida.com.ar\/portalurbano\/#organization\"},\"potentialAction\":[{\"@type\":\"SearchAction\",\"target\":{\"@type\":\"EntryPoint\",\"urlTemplate\":\"https:\/\/experienciadevida.com.ar\/portalurbano\/?s={search_term_string}\"},\"query-input\":\"required name=search_term_string\"}],\"inLanguage\":\"es\"},{\"@type\":\"Organization\",\"@id\":\"https:\/\/experienciadevida.com.ar\/portalurbano\/#organization\",\"name\":\"Portal Urbano\",\"url\":\"https:\/\/experienciadevida.com.ar\/portalurbano\/\",\"logo\":{\"@type\":\"ImageObject\",\"inLanguage\":\"es\",\"@id\":\"https:\/\/experienciadevida.com.ar\/portalurbano\/#\/schema\/logo\/image\/\",\"url\":\"https:\/\/experienciadevida.com.ar\/portalurbano\/wp-content\/uploads\/2019\/09\/Logo-Original.png\",\"contentUrl\":\"https:\/\/experienciadevida.com.ar\/portalurbano\/wp-content\/uploads\/2019\/09\/Logo-Original.png\",\"width\":2236,\"height\":1216,\"caption\":\"Portal Urbano\"},\"image\":{\"@id\":\"https:\/\/experienciadevida.com.ar\/portalurbano\/#\/schema\/logo\/image\/\"},\"sameAs\":[\"https:\/\/www.facebook.com\/Portal-Urbano-171542830093757\/\",\"https:\/\/twitter.com\/portalurbanook\",\"https:\/\/www.instagram.com\/_portalurbano\/\",\"https:\/\/www.youtube.com\/channel\/UCXhagIfszH8KxFiOok79zbA?view_as=subscriber\"]},{\"@type\":\"Person\",\"@id\":\"https:\/\/experienciadevida.com.ar\/portalurbano\/#\/schema\/person\/02dd326b1c4b056e9cc972486934a3a7\",\"name\":\"admpu17wp\",\"image\":{\"@type\":\"ImageObject\",\"inLanguage\":\"es\",\"@id\":\"https:\/\/experienciadevida.com.ar\/portalurbano\/#\/schema\/person\/image\/\",\"url\":\"https:\/\/secure.gravatar.com\/avatar\/830d4c57adaae6630765e449a6908047?s=96&d=mm&r=g\",\"contentUrl\":\"https:\/\/secure.gravatar.com\/avatar\/830d4c57adaae6630765e449a6908047?s=96&d=mm&r=g\",\"caption\":\"admpu17wp\"}}]}<\/script>\n<!-- \/ Yoast SEO plugin. -->","yoast_head_json":{"title":"Coronavirus en la Provincia: conurbano en fase 2 y fase 3 en el interior","description":"Coronavirus en la provincia: el conurbano en fase 2 y varios distritos del interior en la 3, el Gobierno oficializ\u00f3 el nuevo r\u00e9gimen.","robots":{"index":"index","follow":"follow","max-snippet":"max-snippet:-1","max-image-preview":"max-image-preview:large","max-video-preview":"max-video-preview:-1"},"canonical":"https:\/\/experienciadevida.com.ar\/portalurbano\/coronavirus-en-la-provincia-el-conurbano-en-fase-2-y-varios-distritos-del-interior-en-la-3\/","og_locale":"es_ES","og_type":"article","og_title":"Coronavirus en la Provincia: conurbano en fase 2 y fase 3 en el interior","og_description":"Coronavirus en la provincia: el conurbano en fase 2 y varios distritos del interior en la 3, el Gobierno oficializ\u00f3 el nuevo r\u00e9gimen.","og_url":"https:\/\/experienciadevida.com.ar\/portalurbano\/coronavirus-en-la-provincia-el-conurbano-en-fase-2-y-varios-distritos-del-interior-en-la-3\/","article_publisher":"https:\/\/www.facebook.com\/Portal-Urbano-171542830093757\/","article_published_time":"2021-04-19T00:31:42+00:00","article_modified_time":"2021-04-19T00:35:14+00:00","og_image":[{"width":765,"height":510,"url":"https:\/\/experienciadevida.com.ar\/portalurbano\/wp-content\/uploads\/2020\/08\/PLAZA-1.jpg","type":"image\/jpeg"}],"author":"admpu17wp","twitter_card":"summary_large_image","twitter_creator":"@portalurbanook","twitter_site":"@portalurbanook","twitter_misc":{"Escrito por":"admpu17wp","Tiempo de lectura":"2 minutos"},"schema":{"@context":"https:\/\/schema.org","@graph":[{"@type":"Article","@id":"https:\/\/experienciadevida.com.ar\/portalurbano\/coronavirus-en-la-provincia-el-conurbano-en-fase-2-y-varios-distritos-del-interior-en-la-3\/#article","isPartOf":{"@id":"https:\/\/experienciadevida.com.ar\/portalurbano\/coronavirus-en-la-provincia-el-conurbano-en-fase-2-y-varios-distritos-del-interior-en-la-3\/"},"author":{"name":"admpu17wp","@id":"https:\/\/experienciadevida.com.ar\/portalurbano\/#\/schema\/person\/02dd326b1c4b056e9cc972486934a3a7"},"headline":"Coronavirus en la provincia: el conurbano en fase 2 y varios distritos del interior en la 3","datePublished":"2021-04-19T00:31:42+00:00","dateModified":"2021-04-19T00:35:14+00:00","mainEntityOfPage":{"@id":"https:\/\/experienciadevida.com.ar\/portalurbano\/coronavirus-en-la-provincia-el-conurbano-en-fase-2-y-varios-distritos-del-interior-en-la-3\/"},"wordCount":294,"publisher":{"@id":"https:\/\/experienciadevida.com.ar\/portalurbano\/#organization"},"articleSection":["Ciudad","Destacadas 2"],"inLanguage":"es"},{"@type":"WebPage","@id":"https:\/\/experienciadevida.com.ar\/portalurbano\/coronavirus-en-la-provincia-el-conurbano-en-fase-2-y-varios-distritos-del-interior-en-la-3\/","url":"https:\/\/experienciadevida.com.ar\/portalurbano\/coronavirus-en-la-provincia-el-conurbano-en-fase-2-y-varios-distritos-del-interior-en-la-3\/","name":"Coronavirus en la Provincia: conurbano en fase 2 y fase 3 en el interior","isPartOf":{"@id":"https:\/\/experienciadevida.com.ar\/portalurbano\/#website"},"datePublished":"2021-04-19T00:31:42+00:00","dateModified":"2021-04-19T00:35:14+00:00","description":"Coronavirus en la provincia: el conurbano en fase 2 y varios distritos del interior en la 3, el Gobierno oficializ\u00f3 el nuevo r\u00e9gimen.","breadcrumb":{"@id":"https:\/\/experienciadevida.com.ar\/portalurbano\/coronavirus-en-la-provincia-el-conurbano-en-fase-2-y-varios-distritos-del-interior-en-la-3\/#breadcrumb"},"inLanguage":"es","potentialAction":[{"@type":"ReadAction","target":["https:\/\/experienciadevida.com.ar\/portalurbano\/coronavirus-en-la-provincia-el-conurbano-en-fase-2-y-varios-distritos-del-interior-en-la-3\/"]}]},{"@type":"BreadcrumbList","@id":"https:\/\/experienciadevida.com.ar\/portalurbano\/coronavirus-en-la-provincia-el-conurbano-en-fase-2-y-varios-distritos-del-interior-en-la-3\/#breadcrumb","itemListElement":[{"@type":"ListItem","position":1,"name":"Portada","item":"https:\/\/experienciadevida.com.ar\/portalurbano\/"},{"@type":"ListItem","position":2,"name":"Coronavirus en la provincia: el conurbano en fase 2 y varios distritos del interior en la 3"}]},{"@type":"WebSite","@id":"https:\/\/experienciadevida.com.ar\/portalurbano\/#website","url":"https:\/\/experienciadevida.com.ar\/portalurbano\/","name":"","description":"","publisher":{"@id":"https:\/\/experienciadevida.com.ar\/portalurbano\/#organization"},"potentialAction":[{"@type":"SearchAction","target":{"@type":"EntryPoint","urlTemplate":"https:\/\/experienciadevida.com.ar\/portalurbano\/?s={search_term_string}"},"query-input":"required name=search_term_string"}],"inLanguage":"es"},{"@type":"Organization","@id":"https:\/\/experienciadevida.com.ar\/portalurbano\/#organization","name":"Portal Urbano","url":"https:\/\/experienciadevida.com.ar\/portalurbano\/","logo":{"@type":"ImageObject","inLanguage":"es","@id":"https:\/\/experienciadevida.com.ar\/portalurbano\/#\/schema\/logo\/image\/","url":"https:\/\/experienciadevida.com.ar\/portalurbano\/wp-content\/uploads\/2019\/09\/Logo-Original.png","contentUrl":"https:\/\/experienciadevida.com.ar\/portalurbano\/wp-content\/uploads\/2019\/09\/Logo-Original.png","width":2236,"height":1216,"caption":"Portal Urbano"},"image":{"@id":"https:\/\/experienciadevida.com.ar\/portalurbano\/#\/schema\/logo\/image\/"},"sameAs":["https:\/\/www.facebook.com\/Portal-Urbano-171542830093757\/","https:\/\/twitter.com\/portalurbanook","https:\/\/www.instagram.com\/_portalurbano\/","https:\/\/www.youtube.com\/channel\/UCXhagIfszH8KxFiOok79zbA?view_as=subscriber"]},{"@type":"Person","@id":"https:\/\/experienciadevida.com.ar\/portalurbano\/#\/schema\/person\/02dd326b1c4b056e9cc972486934a3a7","name":"admpu17wp","image":{"@type":"ImageObject","inLanguage":"es","@id":"https:\/\/experienciadevida.com.ar\/portalurbano\/#\/schema\/person\/image\/","url":"https:\/\/secure.gravatar.com\/avatar\/830d4c57adaae6630765e449a6908047?s=96&d=mm&r=g","contentUrl":"https:\/\/secure.gravatar.com\/avatar\/830d4c57adaae6630765e449a6908047?s=96&d=mm&r=g","caption":"admpu17wp"}}]}},"featured_image_urls":{"full":["https:\/\/experienciadevida.com.ar\/portalurbano\/wp-content\/uploads\/2020\/08\/PLAZA-1.jpg",765,510,false],"thumbnail":["https:\/\/experienciadevida.com.ar\/portalurbano\/wp-content\/uploads\/2020\/08\/PLAZA-1-150x150.jpg",150,150,true],"medium":["https:\/\/experienciadevida.com.ar\/portalurbano\/wp-content\/uploads\/2020\/08\/PLAZA-1-300x200.jpg",300,200,true],"medium_large":["https:\/\/experienciadevida.com.ar\/portalurbano\/wp-content\/uploads\/2020\/08\/PLAZA-1.jpg",640,427,false],"large":["https:\/\/experienciadevida.com.ar\/portalurbano\/wp-content\/uploads\/2020\/08\/PLAZA-1.jpg",640,427,false],"ug_big":["https:\/\/experienciadevida.com.ar\/portalurbano\/wp-content\/uploads\/2020\/08\/PLAZA-1.jpg",765,510,false],"1536x1536":["https:\/\/experienciadevida.com.ar\/portalurbano\/wp-content\/uploads\/2020\/08\/PLAZA-1.jpg",765,510,false],"2048x2048":["https:\/\/experienciadevida.com.ar\/portalurbano\/wp-content\/uploads\/2020\/08\/PLAZA-1.jpg",765,510,false],"newsever-slider-full":["https:\/\/experienciadevida.com.ar\/portalurbano\/wp-content\/uploads\/2020\/08\/PLAZA-1.jpg",765,510,false],"newsever-featured":["https:\/\/experienciadevida.com.ar\/portalurbano\/wp-content\/uploads\/2020\/08\/PLAZA-1.jpg",765,510,false],"newsever-medium":["https:\/\/experienciadevida.com.ar\/portalurbano\/wp-content\/uploads\/2020\/08\/PLAZA-1.jpg",713,475,false],"web-stories-poster-portrait":["https:\/\/experienciadevida.com.ar\/portalurbano\/wp-content\/uploads\/2020\/08\/PLAZA-1.jpg",640,427,false],"web-stories-publisher-logo":["https:\/\/experienciadevida.com.ar\/portalurbano\/wp-content\/uploads\/2020\/08\/PLAZA-1.jpg",96,64,false],"web-stories-thumbnail":["https:\/\/experienciadevida.com.ar\/portalurbano\/wp-content\/uploads\/2020\/08\/PLAZA-1.jpg",150,100,false]},"author_info":{"display_name":"admpu17wp","author_link":"https:\/\/experienciadevida.com.ar\/portalurbano\/author\/admpu17wp\/"},"category_info":"<a href=\"https:\/\/experienciadevida.com.ar\/portalurbano\/category\/ciudad\/\" rel=\"category tag\">Ciudad<\/a> <a href=\"https:\/\/experienciadevida.com.ar\/portalurbano\/category\/destacadas-2\/\" rel=\"category tag\">Destacadas 2<\/a>","tag_info":"Destacadas 2","comment_count":"0","amp_enabled":true,"_links":{"self":[{"href":"https:\/\/experienciadevida.com.ar\/portalurbano\/wp-json\/wp\/v2\/posts\/140593"}],"collection":[{"href":"https:\/\/experienciadevida.com.ar\/portalurbano\/wp-json\/wp\/v2\/posts"}],"about":[{"href":"https:\/\/experienciadevida.com.ar\/portalurbano\/wp-json\/wp\/v2\/types\/post"}],"author":[{"embeddable":true,"href":"https:\/\/experienciadevida.com.ar\/portalurbano\/wp-json\/wp\/v2\/users\/1"}],"replies":[{"embeddable":true,"href":"https:\/\/experienciadevida.com.ar\/portalurbano\/wp-json\/wp\/v2\/comments?post=140593"}],"version-history":[{"count":2,"href":"https:\/\/experienciadevida.com.ar\/portalurbano\/wp-json\/wp\/v2\/posts\/140593\/revisions"}],"predecessor-version":[{"id":140604,"href":"https:\/\/experienciadevida.com.ar\/portalurbano\/wp-json\/wp\/v2\/posts\/140593\/revisions\/140604"}],"wp:featuredmedia":[{"embeddable":true,"href":"https:\/\/experienciadevida.com.ar\/portalurbano\/wp-json\/wp\/v2\/media\/118889"}],"wp:attachment":[{"href":"https:\/\/experienciadevida.com.ar\/portalurbano\/wp-json\/wp\/v2\/media?parent=140593"}],"wp:term":[{"taxonomy":"category","embeddable":true,"href":"https:\/\/experienciadevida.com.ar\/portalurbano\/wp-json\/wp\/v2\/categories?post=140593"},{"taxonomy":"post_tag","embeddable":true,"href":"https:\/\/experienciadevida.com.ar\/portalurbano\/wp-json\/wp\/v2\/tags?post=140593"}],"curies":[{"name":"wp","href":"https:\/\/api.w.org\/{rel}","templated":true}]}}