{"id":140498,"date":"2021-04-17T12:22:40","date_gmt":"2021-04-17T15:22:40","guid":{"rendered":"https:\/\/experienciadevida.com.ar\/portalurbano\/?p=140498"},"modified":"2021-04-17T12:35:17","modified_gmt":"2021-04-17T15:35:17","slug":"piden-informes-sobre-la-situacion-de-terrenos-de-propiedad-municipal","status":"publish","type":"post","link":"https:\/\/experienciadevida.com.ar\/portalurbano\/piden-informes-sobre-la-situacion-de-terrenos-de-propiedad-municipal\/","title":{"rendered":"Piden informes sobre la situaci\u00f3n de terrenos de propiedad Municipal"},"content":{"rendered":"<p>Piden informes sobre la situaci\u00f3n de terrenos de propiedad Municipal, desde el <a href=\"https:\/\/www.facebook.com\/comiteradicalolavarria\">bloque de la UCR<\/a> presentaron un proyecto de resoluci\u00f3n solicitando al DEM una pronta respuesta a los pedidos de informes aprobados respecto de la situaci\u00f3n de terrenos propiedad municipal.<\/p>\n<p>Es por la creciente demanda de terrenos y viviendas de los vecinos del Partido de Olavarr\u00eda. Los pedidos de informes dirigidos al DEM son vinculados a la situaci\u00f3n actual de los inmuebles, tierras o lotes de patrimonio Municipal.<\/p>\n<p>El sustancial aumento de los valores de la tierra urbana, resulta evidente no solo en la ciudad cabecera sino tambi\u00e9n en el resto de las localidades, lo que ocasiona dificultad para la adquisici\u00f3n de los mismos.<\/p>\n<p>Piden informes sobre la situaci\u00f3n de terrenos de propiedad Municipal, por otro lado, es necesaria la implementaci\u00f3n de pol\u00edticas activas las cuales, mediante diferentes instrumentos, tiendan a garantizar el derecho constitucional a una vivienda digna, en el que la disponibilidad de tierras es un componente fundamental. Un adecuado manejo de la tierra debe propender a materializar recursos disponibles para planes de viviendas y aprovechamiento integral de los misimos.<\/p>\n<p>Por ello desde el Bloque UCR proponen solicitar al DEM una pronta respuesta a los pedidos de informes aprobados por el cuerpo deliberativo respecto de la situaci\u00f3n de terrenos de propiedad municipal.<\/p>\n<p>Adem\u00e1s solicitar que realice todos los hechos y actos suficientes y necesarios para la adquisici\u00f3n de nuevos terrenos, los cuales garanticen la aplicaci\u00f3n de pol\u00edticas p\u00fablicas, para una posterior materializaci\u00f3n\u00a0 de planes de viviendas tendientes a mejorar la situaci\u00f3n habitacional de la ciudad.<\/p>\n","protected":false},"excerpt":{"rendered":"<p>Piden informes sobre la situaci\u00f3n de terrenos de propiedad Municipal, desde el bloque de la&#8230;<\/p>\n","protected":false},"author":1,"featured_media":139510,"comment_status":"closed","ping_status":"closed","sticky":false,"template":"","format":"standard","meta":{"content-type":""},"categories":[27,64],"tags":[],"nelio_content":{"isAutoShareEnabled":false,"autoShareEndMode":"default","automationSources":{"useContentSentences":true,"useSocialTemplates":true,"useCustomSentences":false,"customSentences":[]},"followers":[1],"suggestedReferences":[],"includedReferences":[],"efiUrl":"","efiAlt":"","highlights":[]},"yoast_head":"<!-- This site is optimized with the Yoast SEO plugin v20.7 - https:\/\/yoast.com\/wordpress\/plugins\/seo\/ -->\n<title>Piden informes sobre la situaci\u00f3n de terrenos de propiedad municipal<\/title>\n<meta name=\"description\" content=\"Piden informes sobre la situaci\u00f3n de terrenos de propiedad Municipal, desde el bloque de la UCR presentaron un proyecto de resoluci\u00f3n\" \/>\n<meta name=\"robots\" content=\"index, follow, max-snippet:-1, max-image-preview:large, max-video-preview:-1\" \/>\n<link rel=\"canonical\" href=\"https:\/\/experienciadevida.com.ar\/portalurbano\/piden-informes-sobre-la-situacion-de-terrenos-de-propiedad-municipal\/\" \/>\n<meta property=\"og:locale\" content=\"es_ES\" \/>\n<meta property=\"og:type\" content=\"article\" \/>\n<meta property=\"og:title\" content=\"Piden informes sobre la situaci\u00f3n de terrenos de propiedad municipal\" \/>\n<meta property=\"og:description\" content=\"Piden informes sobre la situaci\u00f3n de terrenos de propiedad Municipal, desde el bloque de la UCR presentaron un proyecto de resoluci\u00f3n\" \/>\n<meta property=\"og:url\" content=\"https:\/\/experienciadevida.com.ar\/portalurbano\/piden-informes-sobre-la-situacion-de-terrenos-de-propiedad-municipal\/\" \/>\n<meta property=\"article:publisher\" content=\"https:\/\/www.facebook.com\/Portal-Urbano-171542830093757\/\" \/>\n<meta property=\"article:published_time\" content=\"2021-04-17T15:22:40+00:00\" \/>\n<meta property=\"article:modified_time\" content=\"2021-04-17T15:35:17+00:00\" \/>\n<meta property=\"og:image\" content=\"https:\/\/experienciadevida.com.ar\/portalurbano\/wp-content\/uploads\/2021\/04\/Tierra7.jpg\" \/>\n\t<meta property=\"og:image:width\" content=\"765\" \/>\n\t<meta property=\"og:image:height\" content=\"510\" \/>\n\t<meta property=\"og:image:type\" content=\"image\/jpeg\" \/>\n<meta name=\"author\" content=\"admpu17wp\" \/>\n<meta name=\"twitter:card\" content=\"summary_large_image\" \/>\n<meta name=\"twitter:creator\" content=\"@portalurbanook\" \/>\n<meta name=\"twitter:site\" content=\"@portalurbanook\" \/>\n<meta name=\"twitter:label1\" content=\"Escrito por\" \/>\n\t<meta name=\"twitter:data1\" content=\"admpu17wp\" \/>\n\t<meta name=\"twitter:label2\" content=\"Tiempo de lectura\" \/>\n\t<meta name=\"twitter:data2\" content=\"2 minutos\" \/>\n<script type=\"application\/ld+json\" class=\"yoast-schema-graph\">{\"@context\":\"https:\/\/schema.org\",\"@graph\":[{\"@type\":\"Article\",\"@id\":\"https:\/\/experienciadevida.com.ar\/portalurbano\/piden-informes-sobre-la-situacion-de-terrenos-de-propiedad-municipal\/#article\",\"isPartOf\":{\"@id\":\"https:\/\/experienciadevida.com.ar\/portalurbano\/piden-informes-sobre-la-situacion-de-terrenos-de-propiedad-municipal\/\"},\"author\":{\"name\":\"admpu17wp\",\"@id\":\"https:\/\/experienciadevida.com.ar\/portalurbano\/#\/schema\/person\/02dd326b1c4b056e9cc972486934a3a7\"},\"headline\":\"Piden informes sobre la situaci\u00f3n de terrenos de propiedad Municipal\",\"datePublished\":\"2021-04-17T15:22:40+00:00\",\"dateModified\":\"2021-04-17T15:35:17+00:00\",\"mainEntityOfPage\":{\"@id\":\"https:\/\/experienciadevida.com.ar\/portalurbano\/piden-informes-sobre-la-situacion-de-terrenos-de-propiedad-municipal\/\"},\"wordCount\":287,\"publisher\":{\"@id\":\"https:\/\/experienciadevida.com.ar\/portalurbano\/#organization\"},\"articleSection\":[\"Ciudad\",\"Destacadas 2\"],\"inLanguage\":\"es\"},{\"@type\":\"WebPage\",\"@id\":\"https:\/\/experienciadevida.com.ar\/portalurbano\/piden-informes-sobre-la-situacion-de-terrenos-de-propiedad-municipal\/\",\"url\":\"https:\/\/experienciadevida.com.ar\/portalurbano\/piden-informes-sobre-la-situacion-de-terrenos-de-propiedad-municipal\/\",\"name\":\"Piden informes sobre la situaci\u00f3n de terrenos de propiedad municipal\",\"isPartOf\":{\"@id\":\"https:\/\/experienciadevida.com.ar\/portalurbano\/#website\"},\"datePublished\":\"2021-04-17T15:22:40+00:00\",\"dateModified\":\"2021-04-17T15:35:17+00:00\",\"description\":\"Piden informes sobre la situaci\u00f3n de terrenos de propiedad Municipal, desde el bloque de la UCR presentaron un proyecto de resoluci\u00f3n\",\"breadcrumb\":{\"@id\":\"https:\/\/experienciadevida.com.ar\/portalurbano\/piden-informes-sobre-la-situacion-de-terrenos-de-propiedad-municipal\/#breadcrumb\"},\"inLanguage\":\"es\",\"potentialAction\":[{\"@type\":\"ReadAction\",\"target\":[\"https:\/\/experienciadevida.com.ar\/portalurbano\/piden-informes-sobre-la-situacion-de-terrenos-de-propiedad-municipal\/\"]}]},{\"@type\":\"BreadcrumbList\",\"@id\":\"https:\/\/experienciadevida.com.ar\/portalurbano\/piden-informes-sobre-la-situacion-de-terrenos-de-propiedad-municipal\/#breadcrumb\",\"itemListElement\":[{\"@type\":\"ListItem\",\"position\":1,\"name\":\"Portada\",\"item\":\"https:\/\/experienciadevida.com.ar\/portalurbano\/\"},{\"@type\":\"ListItem\",\"position\":2,\"name\":\"Piden informes sobre la situaci\u00f3n de terrenos de propiedad Municipal\"}]},{\"@type\":\"WebSite\",\"@id\":\"https:\/\/experienciadevida.com.ar\/portalurbano\/#website\",\"url\":\"https:\/\/experienciadevida.com.ar\/portalurbano\/\",\"name\":\"\",\"description\":\"\",\"publisher\":{\"@id\":\"https:\/\/experienciadevida.com.ar\/portalurbano\/#organization\"},\"potentialAction\":[{\"@type\":\"SearchAction\",\"target\":{\"@type\":\"EntryPoint\",\"urlTemplate\":\"https:\/\/experienciadevida.com.ar\/portalurbano\/?s={search_term_string}\"},\"query-input\":\"required name=search_term_string\"}],\"inLanguage\":\"es\"},{\"@type\":\"Organization\",\"@id\":\"https:\/\/experienciadevida.com.ar\/portalurbano\/#organization\",\"name\":\"Portal Urbano\",\"url\":\"https:\/\/experienciadevida.com.ar\/portalurbano\/\",\"logo\":{\"@type\":\"ImageObject\",\"inLanguage\":\"es\",\"@id\":\"https:\/\/experienciadevida.com.ar\/portalurbano\/#\/schema\/logo\/image\/\",\"url\":\"https:\/\/experienciadevida.com.ar\/portalurbano\/wp-content\/uploads\/2019\/09\/Logo-Original.png\",\"contentUrl\":\"https:\/\/experienciadevida.com.ar\/portalurbano\/wp-content\/uploads\/2019\/09\/Logo-Original.png\",\"width\":2236,\"height\":1216,\"caption\":\"Portal Urbano\"},\"image\":{\"@id\":\"https:\/\/experienciadevida.com.ar\/portalurbano\/#\/schema\/logo\/image\/\"},\"sameAs\":[\"https:\/\/www.facebook.com\/Portal-Urbano-171542830093757\/\",\"https:\/\/twitter.com\/portalurbanook\",\"https:\/\/www.instagram.com\/_portalurbano\/\",\"https:\/\/www.youtube.com\/channel\/UCXhagIfszH8KxFiOok79zbA?view_as=subscriber\"]},{\"@type\":\"Person\",\"@id\":\"https:\/\/experienciadevida.com.ar\/portalurbano\/#\/schema\/person\/02dd326b1c4b056e9cc972486934a3a7\",\"name\":\"admpu17wp\",\"image\":{\"@type\":\"ImageObject\",\"inLanguage\":\"es\",\"@id\":\"https:\/\/experienciadevida.com.ar\/portalurbano\/#\/schema\/person\/image\/\",\"url\":\"https:\/\/secure.gravatar.com\/avatar\/830d4c57adaae6630765e449a6908047?s=96&d=mm&r=g\",\"contentUrl\":\"https:\/\/secure.gravatar.com\/avatar\/830d4c57adaae6630765e449a6908047?s=96&d=mm&r=g\",\"caption\":\"admpu17wp\"}}]}<\/script>\n<!-- \/ Yoast SEO plugin. -->","yoast_head_json":{"title":"Piden informes sobre la situaci\u00f3n de terrenos de propiedad municipal","description":"Piden informes sobre la situaci\u00f3n de terrenos de propiedad Municipal, desde el bloque de la UCR presentaron un proyecto de resoluci\u00f3n","robots":{"index":"index","follow":"follow","max-snippet":"max-snippet:-1","max-image-preview":"max-image-preview:large","max-video-preview":"max-video-preview:-1"},"canonical":"https:\/\/experienciadevida.com.ar\/portalurbano\/piden-informes-sobre-la-situacion-de-terrenos-de-propiedad-municipal\/","og_locale":"es_ES","og_type":"article","og_title":"Piden informes sobre la situaci\u00f3n de terrenos de propiedad municipal","og_description":"Piden informes sobre la situaci\u00f3n de terrenos de propiedad Municipal, desde el bloque de la UCR presentaron un proyecto de resoluci\u00f3n","og_url":"https:\/\/experienciadevida.com.ar\/portalurbano\/piden-informes-sobre-la-situacion-de-terrenos-de-propiedad-municipal\/","article_publisher":"https:\/\/www.facebook.com\/Portal-Urbano-171542830093757\/","article_published_time":"2021-04-17T15:22:40+00:00","article_modified_time":"2021-04-17T15:35:17+00:00","og_image":[{"width":765,"height":510,"url":"https:\/\/experienciadevida.com.ar\/portalurbano\/wp-content\/uploads\/2021\/04\/Tierra7.jpg","type":"image\/jpeg"}],"author":"admpu17wp","twitter_card":"summary_large_image","twitter_creator":"@portalurbanook","twitter_site":"@portalurbanook","twitter_misc":{"Escrito por":"admpu17wp","Tiempo de lectura":"2 minutos"},"schema":{"@context":"https:\/\/schema.org","@graph":[{"@type":"Article","@id":"https:\/\/experienciadevida.com.ar\/portalurbano\/piden-informes-sobre-la-situacion-de-terrenos-de-propiedad-municipal\/#article","isPartOf":{"@id":"https:\/\/experienciadevida.com.ar\/portalurbano\/piden-informes-sobre-la-situacion-de-terrenos-de-propiedad-municipal\/"},"author":{"name":"admpu17wp","@id":"https:\/\/experienciadevida.com.ar\/portalurbano\/#\/schema\/person\/02dd326b1c4b056e9cc972486934a3a7"},"headline":"Piden informes sobre la situaci\u00f3n de terrenos de propiedad Municipal","datePublished":"2021-04-17T15:22:40+00:00","dateModified":"2021-04-17T15:35:17+00:00","mainEntityOfPage":{"@id":"https:\/\/experienciadevida.com.ar\/portalurbano\/piden-informes-sobre-la-situacion-de-terrenos-de-propiedad-municipal\/"},"wordCount":287,"publisher":{"@id":"https:\/\/experienciadevida.com.ar\/portalurbano\/#organization"},"articleSection":["Ciudad","Destacadas 2"],"inLanguage":"es"},{"@type":"WebPage","@id":"https:\/\/experienciadevida.com.ar\/portalurbano\/piden-informes-sobre-la-situacion-de-terrenos-de-propiedad-municipal\/","url":"https:\/\/experienciadevida.com.ar\/portalurbano\/piden-informes-sobre-la-situacion-de-terrenos-de-propiedad-municipal\/","name":"Piden informes sobre la situaci\u00f3n de terrenos de propiedad municipal","isPartOf":{"@id":"https:\/\/experienciadevida.com.ar\/portalurbano\/#website"},"datePublished":"2021-04-17T15:22:40+00:00","dateModified":"2021-04-17T15:35:17+00:00","description":"Piden informes sobre la situaci\u00f3n de terrenos de propiedad Municipal, desde el bloque de la UCR presentaron un proyecto de resoluci\u00f3n","breadcrumb":{"@id":"https:\/\/experienciadevida.com.ar\/portalurbano\/piden-informes-sobre-la-situacion-de-terrenos-de-propiedad-municipal\/#breadcrumb"},"inLanguage":"es","potentialAction":[{"@type":"ReadAction","target":["https:\/\/experienciadevida.com.ar\/portalurbano\/piden-informes-sobre-la-situacion-de-terrenos-de-propiedad-municipal\/"]}]},{"@type":"BreadcrumbList","@id":"https:\/\/experienciadevida.com.ar\/portalurbano\/piden-informes-sobre-la-situacion-de-terrenos-de-propiedad-municipal\/#breadcrumb","itemListElement":[{"@type":"ListItem","position":1,"name":"Portada","item":"https:\/\/experienciadevida.com.ar\/portalurbano\/"},{"@type":"ListItem","position":2,"name":"Piden informes sobre la situaci\u00f3n de terrenos de propiedad Municipal"}]},{"@type":"WebSite","@id":"https:\/\/experienciadevida.com.ar\/portalurbano\/#website","url":"https:\/\/experienciadevida.com.ar\/portalurbano\/","name":"","description":"","publisher":{"@id":"https:\/\/experienciadevida.com.ar\/portalurbano\/#organization"},"potentialAction":[{"@type":"SearchAction","target":{"@type":"EntryPoint","urlTemplate":"https:\/\/experienciadevida.com.ar\/portalurbano\/?s={search_term_string}"},"query-input":"required name=search_term_string"}],"inLanguage":"es"},{"@type":"Organization","@id":"https:\/\/experienciadevida.com.ar\/portalurbano\/#organization","name":"Portal Urbano","url":"https:\/\/experienciadevida.com.ar\/portalurbano\/","logo":{"@type":"ImageObject","inLanguage":"es","@id":"https:\/\/experienciadevida.com.ar\/portalurbano\/#\/schema\/logo\/image\/","url":"https:\/\/experienciadevida.com.ar\/portalurbano\/wp-content\/uploads\/2019\/09\/Logo-Original.png","contentUrl":"https:\/\/experienciadevida.com.ar\/portalurbano\/wp-content\/uploads\/2019\/09\/Logo-Original.png","width":2236,"height":1216,"caption":"Portal Urbano"},"image":{"@id":"https:\/\/experienciadevida.com.ar\/portalurbano\/#\/schema\/logo\/image\/"},"sameAs":["https:\/\/www.facebook.com\/Portal-Urbano-171542830093757\/","https:\/\/twitter.com\/portalurbanook","https:\/\/www.instagram.com\/_portalurbano\/","https:\/\/www.youtube.com\/channel\/UCXhagIfszH8KxFiOok79zbA?view_as=subscriber"]},{"@type":"Person","@id":"https:\/\/experienciadevida.com.ar\/portalurbano\/#\/schema\/person\/02dd326b1c4b056e9cc972486934a3a7","name":"admpu17wp","image":{"@type":"ImageObject","inLanguage":"es","@id":"https:\/\/experienciadevida.com.ar\/portalurbano\/#\/schema\/person\/image\/","url":"https:\/\/secure.gravatar.com\/avatar\/830d4c57adaae6630765e449a6908047?s=96&d=mm&r=g","contentUrl":"https:\/\/secure.gravatar.com\/avatar\/830d4c57adaae6630765e449a6908047?s=96&d=mm&r=g","caption":"admpu17wp"}}]}},"featured_image_urls":{"full":["https:\/\/experienciadevida.com.ar\/portalurbano\/wp-content\/uploads\/2021\/04\/Tierra7.jpg",765,510,false],"thumbnail":["https:\/\/experienciadevida.com.ar\/portalurbano\/wp-content\/uploads\/2021\/04\/Tierra7-150x150.jpg",150,150,true],"medium":["https:\/\/experienciadevida.com.ar\/portalurbano\/wp-content\/uploads\/2021\/04\/Tierra7-300x200.jpg",300,200,true],"medium_large":["https:\/\/experienciadevida.com.ar\/portalurbano\/wp-content\/uploads\/2021\/04\/Tierra7.jpg",640,427,false],"large":["https:\/\/experienciadevida.com.ar\/portalurbano\/wp-content\/uploads\/2021\/04\/Tierra7.jpg",640,427,false],"ug_big":["https:\/\/experienciadevida.com.ar\/portalurbano\/wp-content\/uploads\/2021\/04\/Tierra7.jpg",765,510,false],"1536x1536":["https:\/\/experienciadevida.com.ar\/portalurbano\/wp-content\/uploads\/2021\/04\/Tierra7.jpg",765,510,false],"2048x2048":["https:\/\/experienciadevida.com.ar\/portalurbano\/wp-content\/uploads\/2021\/04\/Tierra7.jpg",765,510,false],"newsever-slider-full":["https:\/\/experienciadevida.com.ar\/portalurbano\/wp-content\/uploads\/2021\/04\/Tierra7.jpg",765,510,false],"newsever-featured":["https:\/\/experienciadevida.com.ar\/portalurbano\/wp-content\/uploads\/2021\/04\/Tierra7.jpg",765,510,false],"newsever-medium":["https:\/\/experienciadevida.com.ar\/portalurbano\/wp-content\/uploads\/2021\/04\/Tierra7.jpg",713,475,false],"web-stories-poster-portrait":["https:\/\/experienciadevida.com.ar\/portalurbano\/wp-content\/uploads\/2021\/04\/Tierra7.jpg",640,427,false],"web-stories-publisher-logo":["https:\/\/experienciadevida.com.ar\/portalurbano\/wp-content\/uploads\/2021\/04\/Tierra7.jpg",96,64,false],"web-stories-thumbnail":["https:\/\/experienciadevida.com.ar\/portalurbano\/wp-content\/uploads\/2021\/04\/Tierra7.jpg",150,100,false]},"author_info":{"display_name":"admpu17wp","author_link":"https:\/\/experienciadevida.com.ar\/portalurbano\/author\/admpu17wp\/"},"category_info":"<a href=\"https:\/\/experienciadevida.com.ar\/portalurbano\/category\/ciudad\/\" rel=\"category tag\">Ciudad<\/a> <a href=\"https:\/\/experienciadevida.com.ar\/portalurbano\/category\/destacadas-2\/\" rel=\"category tag\">Destacadas 2<\/a>","tag_info":"Destacadas 2","comment_count":"0","amp_enabled":true,"_links":{"self":[{"href":"https:\/\/experienciadevida.com.ar\/portalurbano\/wp-json\/wp\/v2\/posts\/140498"}],"collection":[{"href":"https:\/\/experienciadevida.com.ar\/portalurbano\/wp-json\/wp\/v2\/posts"}],"about":[{"href":"https:\/\/experienciadevida.com.ar\/portalurbano\/wp-json\/wp\/v2\/types\/post"}],"author":[{"embeddable":true,"href":"https:\/\/experienciadevida.com.ar\/portalurbano\/wp-json\/wp\/v2\/users\/1"}],"replies":[{"embeddable":true,"href":"https:\/\/experienciadevida.com.ar\/portalurbano\/wp-json\/wp\/v2\/comments?post=140498"}],"version-history":[{"count":5,"href":"https:\/\/experienciadevida.com.ar\/portalurbano\/wp-json\/wp\/v2\/posts\/140498\/revisions"}],"predecessor-version":[{"id":140503,"href":"https:\/\/experienciadevida.com.ar\/portalurbano\/wp-json\/wp\/v2\/posts\/140498\/revisions\/140503"}],"wp:featuredmedia":[{"embeddable":true,"href":"https:\/\/experienciadevida.com.ar\/portalurbano\/wp-json\/wp\/v2\/media\/139510"}],"wp:attachment":[{"href":"https:\/\/experienciadevida.com.ar\/portalurbano\/wp-json\/wp\/v2\/media?parent=140498"}],"wp:term":[{"taxonomy":"category","embeddable":true,"href":"https:\/\/experienciadevida.com.ar\/portalurbano\/wp-json\/wp\/v2\/categories?post=140498"},{"taxonomy":"post_tag","embeddable":true,"href":"https:\/\/experienciadevida.com.ar\/portalurbano\/wp-json\/wp\/v2\/tags?post=140498"}],"curies":[{"name":"wp","href":"https:\/\/api.w.org\/{rel}","templated":true}]}}