{"id":140473,"date":"2021-04-16T22:54:28","date_gmt":"2021-04-17T01:54:28","guid":{"rendered":"https:\/\/experienciadevida.com.ar\/portalurbano\/?p=140473"},"modified":"2021-04-16T23:13:59","modified_gmt":"2021-04-17T02:13:59","slug":"reclamos-del-personal-de-salud-estamos-agotados-no-damos-abasto","status":"publish","type":"post","link":"https:\/\/experienciadevida.com.ar\/portalurbano\/reclamos-del-personal-de-salud-estamos-agotados-no-damos-abasto\/","title":{"rendered":"Reclamos del personal de salud: &#8220;estamos agotados, no damos abasto&#8221;"},"content":{"rendered":"<p>En una conferencia de prensa convocada con car\u00e1cter de urgente por el \u00a0sindicato de trabajadores Municipales de Olavarr\u00eda y encabezada por <strong>Jose Stuppia, secretario general de Municipales<\/strong>, junto a personal de enfermer\u00eda encabezada por la <strong>trabajadora de Terapia Intensiva Graciela Sal\u00edas brindaron detalles de la situaci\u00f3n que est\u00e1n pasando<\/strong><strong>\u00a0 y expreso ; <\/strong>queremos exponer que venimos trabajando con escases de recursos humanos, esta situaci\u00f3n no se da solamente en la pandemia de covid, sino que venimos desde antes trabajando en guardias de a 2 enfermeros.<\/p>\n<p>Es insostenible por nuestra salud f\u00edsica y mental, estamos realmente agotados, no podemos seguir trabajando en esta situaci\u00f3n, este planteo ya lo hemos realizado desde coordinaci\u00f3n de enfermer\u00eda a quien nosotros le hemos solicitado que nos provean de recursos humanos, tampoco lo han hecho, tanto la direcci\u00f3n de enfermer\u00eda como los directivos Dra Guanuco, el Dr. Caputo han estado presente en reuniones, y todo han quedado en promesas.<\/p>\n<p>Queremos que la sociedad sepa c\u00f3mo estamos trabajando;\u00a0 dos enfermeros para todo un \u00e1rea de terapia intensiva. Tenemos en realidad 9 camas, de ese n\u00famero el 100% es de ocupaci\u00f3n efectiva, esta ocupaci\u00f3n no es del d\u00eda de la fecha.<\/p>\n<p>Nosotros tenemos registros que avalan lo que estoy diciendo, esta ocupaci\u00f3n de camas viene desde hace mucho tiempo y as\u00ed estamos trabajando , el personal de salud estamos totalmente\u00a0 agotados.<\/p>\n<p>Lo que queremos es personal que sea contratado que vengan a cubrir los puestos que est\u00e1n faltando. Anterior a la pandemia \u00e9ramos 5\u00a0 enfermeros por guardia \u00a0en el \u00e1rea de terapia intensiva, ahora hemos quedado 3 y en algunas guardias 2. Es imposible poder brindar una calidad de asistencia\u00a0 como corresponde porque nos demanda much\u00edsimo tiempo estar trabajando con un paciente.<\/p>\n<p>Los pacientes ya de por si son complejizados y nos lleva \u00a0m\u00e1s o menos unas 3 horas recorrer \u00a0tres o cuatro camas por la complejidad que tiene estos paciente, por esto \u00a0no damos abasto.<\/p>\n<p>Puntualmente este es nuestro reclamo pero nosotros estamos trabajando desde el inicio de la pandemia ahora no recortaron las vacaciones y los art\u00edculos algunos Hemos llegado a tomarnos escasamente una semana de vacaciones.<\/p>\n<h3><strong><\/p>\n<div class=\"penci-pullqoute align-none\">\n<blockquote><p>Yo me pregunto, no nos merecemos una \u00a0semana de vacaciones trabajando como estamos trabajando expreso Salias<\/p><\/blockquote>\n<\/div>\n<p><\/strong><\/h3>\n<h3>\n<div class=\"penci-pullqoute align-none\">\n<blockquote><p>Es realmente imposible seguir trabajando en esta situaci\u00f3n.<\/p><\/blockquote>\n<\/div>\n<\/h3>\n<p>Lo que pedimos es\u00a0 que nos restablezcan los cinco enfermeros por Guardia como ten\u00edamos anterior a la pandemia. tenemos el \u00e1rea cr\u00edtica que est\u00e1 distribuida, una que es la parte intensiva\u00a0 y una parte que es la intermedia y anteriormente conocida como unidad coronaria. En el \u00e1rea intensiva tenemos 9 camas y en el \u00e1rea intermedia, tenemos 8 camas las dos areas en este momento cuenta con 100% de ocupaci\u00f3n efectiva, pero nosotros lo que podemos decir que estamos desbordados porque es mucho la ocupaci\u00f3n de camas que tenemos y es poco el personal que tenemos afectado al \u00e1rea, as\u00ed que realmente estamos agotados y desbastados, esta es la palabra que yo emplear\u00eda. Hay que tener en cuenta que estamos trabajando desde el 20 de marzo del a\u00f1o pasado algunos sin vacaciones y con poco descanso.<\/p>\n<p>En el cierre de la conferencia Stuppia expreso; la falta de recursos humanos tampoco hace que al paciente se le den los cuidados que necesitan, por ejemplo es imposible higienizar un paciente, esto no se puede realizar por la falta de personal.<\/p>\n<p>Nosotros los que pedimos son recursos humanos, hay gente que ya est\u00e1 preparada para ingresar, no s\u00e9 porque se ha tardado tanto, gracias a\u00a0 dios el recurso humano esta. Lo que necesitamos que se tome una decisi\u00f3n para que ingresen enfermeros, m\u00e9dicos al hospital, pero adem\u00e1s queremos que ingresen con todas las garant\u00edas que tengan como trabajador y derechos. En muchas \u00e1reas falta personal.<\/p>\n<p>Lo que queremos visibilizar en esta conferencia de prensa, es lograr una soluci\u00f3n, sino tomaremos otras medidas. La organizaci\u00f3n est\u00e1 acostumbrada a\u00a0 tomar medidas cuando no se respetan los derechos de los trabajadores y esta no va a ser la excepci\u00f3n.<\/p>\n<p>Lo que creemos que en algunas l\u00edneas del ejecutivo muchos funcionarios son antisindicales o que desprecian como se nota al recurso humano. Nosotros desde la organizaci\u00f3n vamos hacer lo imposible para poner en \u00a0valor el recurso humano de todos los compa\u00f1eros<\/p>\n<p>Asimismo pidieron a la poblaci\u00f3n &#8220;que se cuide&#8221;. &#8220;Nosotros vemos los informes que se publican todos los d\u00edas pero nosotros sabemos que realmente las camas est\u00e1n ocupadas al 100%&#8221;<\/p>\n","protected":false},"excerpt":{"rendered":"<p>En una conferencia de prensa convocada con car\u00e1cter de urgente por el \u00a0sindicato de trabajadores&#8230;<\/p>\n","protected":false},"author":1,"featured_media":140474,"comment_status":"closed","ping_status":"closed","sticky":false,"template":"","format":"standard","meta":{"content-type":""},"categories":[27,64],"tags":[],"nelio_content":{"isAutoShareEnabled":false,"autoShareEndMode":"default","automationSources":{"useContentSentences":true,"useSocialTemplates":true,"useCustomSentences":false,"customSentences":[]},"followers":[1],"suggestedReferences":[],"includedReferences":[],"efiUrl":"","efiAlt":"","highlights":[]},"yoast_head":"<!-- This site is optimized with the Yoast SEO plugin v20.7 - https:\/\/yoast.com\/wordpress\/plugins\/seo\/ -->\n<title>Reclamos del personal de salud: &quot;estamos agotados, no damos abasto&quot;<\/title>\n<meta name=\"description\" content=\"Stuppia . En una conferencia de prensa convocada con car\u00e1cter de urgente por el \u00a0sindicato de trabajadores Municipales de Olavarr\u00eda\" \/>\n<meta name=\"robots\" content=\"index, follow, max-snippet:-1, max-image-preview:large, max-video-preview:-1\" \/>\n<link rel=\"canonical\" href=\"https:\/\/experienciadevida.com.ar\/portalurbano\/reclamos-del-personal-de-salud-estamos-agotados-no-damos-abasto\/\" \/>\n<meta property=\"og:locale\" content=\"es_ES\" \/>\n<meta property=\"og:type\" content=\"article\" \/>\n<meta property=\"og:title\" content=\"Reclamos del personal de salud: &quot;estamos agotados, no damos abasto&quot;\" \/>\n<meta property=\"og:description\" content=\"Stuppia . En una conferencia de prensa convocada con car\u00e1cter de urgente por el \u00a0sindicato de trabajadores Municipales de Olavarr\u00eda\" \/>\n<meta property=\"og:url\" content=\"https:\/\/experienciadevida.com.ar\/portalurbano\/reclamos-del-personal-de-salud-estamos-agotados-no-damos-abasto\/\" \/>\n<meta property=\"article:publisher\" content=\"https:\/\/www.facebook.com\/Portal-Urbano-171542830093757\/\" \/>\n<meta property=\"article:published_time\" content=\"2021-04-17T01:54:28+00:00\" \/>\n<meta property=\"article:modified_time\" content=\"2021-04-17T02:13:59+00:00\" \/>\n<meta property=\"og:image\" content=\"https:\/\/experienciadevida.com.ar\/portalurbano\/wp-content\/uploads\/2021\/04\/conferencia_salud-e1618622646191.jpg\" \/>\n\t<meta property=\"og:image:width\" content=\"800\" \/>\n\t<meta property=\"og:image:height\" content=\"485\" \/>\n\t<meta property=\"og:image:type\" content=\"image\/jpeg\" \/>\n<meta name=\"author\" content=\"admpu17wp\" \/>\n<meta name=\"twitter:card\" content=\"summary_large_image\" \/>\n<meta name=\"twitter:creator\" content=\"@portalurbanook\" \/>\n<meta name=\"twitter:site\" content=\"@portalurbanook\" \/>\n<meta name=\"twitter:label1\" content=\"Escrito por\" \/>\n\t<meta name=\"twitter:data1\" content=\"admpu17wp\" \/>\n\t<meta name=\"twitter:label2\" content=\"Tiempo de lectura\" \/>\n\t<meta name=\"twitter:data2\" content=\"4 minutos\" \/>\n<script type=\"application\/ld+json\" class=\"yoast-schema-graph\">{\"@context\":\"https:\/\/schema.org\",\"@graph\":[{\"@type\":\"Article\",\"@id\":\"https:\/\/experienciadevida.com.ar\/portalurbano\/reclamos-del-personal-de-salud-estamos-agotados-no-damos-abasto\/#article\",\"isPartOf\":{\"@id\":\"https:\/\/experienciadevida.com.ar\/portalurbano\/reclamos-del-personal-de-salud-estamos-agotados-no-damos-abasto\/\"},\"author\":{\"name\":\"admpu17wp\",\"@id\":\"https:\/\/experienciadevida.com.ar\/portalurbano\/#\/schema\/person\/02dd326b1c4b056e9cc972486934a3a7\"},\"headline\":\"Reclamos del personal de salud: &#8220;estamos agotados, no damos abasto&#8221;\",\"datePublished\":\"2021-04-17T01:54:28+00:00\",\"dateModified\":\"2021-04-17T02:13:59+00:00\",\"mainEntityOfPage\":{\"@id\":\"https:\/\/experienciadevida.com.ar\/portalurbano\/reclamos-del-personal-de-salud-estamos-agotados-no-damos-abasto\/\"},\"wordCount\":773,\"publisher\":{\"@id\":\"https:\/\/experienciadevida.com.ar\/portalurbano\/#organization\"},\"articleSection\":[\"Ciudad\",\"Destacadas 2\"],\"inLanguage\":\"es\"},{\"@type\":\"WebPage\",\"@id\":\"https:\/\/experienciadevida.com.ar\/portalurbano\/reclamos-del-personal-de-salud-estamos-agotados-no-damos-abasto\/\",\"url\":\"https:\/\/experienciadevida.com.ar\/portalurbano\/reclamos-del-personal-de-salud-estamos-agotados-no-damos-abasto\/\",\"name\":\"Reclamos del personal de salud: \\\"estamos agotados, no damos abasto\\\"\",\"isPartOf\":{\"@id\":\"https:\/\/experienciadevida.com.ar\/portalurbano\/#website\"},\"datePublished\":\"2021-04-17T01:54:28+00:00\",\"dateModified\":\"2021-04-17T02:13:59+00:00\",\"description\":\"Stuppia . En una conferencia de prensa convocada con car\u00e1cter de urgente por el \u00a0sindicato de trabajadores Municipales de Olavarr\u00eda\",\"breadcrumb\":{\"@id\":\"https:\/\/experienciadevida.com.ar\/portalurbano\/reclamos-del-personal-de-salud-estamos-agotados-no-damos-abasto\/#breadcrumb\"},\"inLanguage\":\"es\",\"potentialAction\":[{\"@type\":\"ReadAction\",\"target\":[\"https:\/\/experienciadevida.com.ar\/portalurbano\/reclamos-del-personal-de-salud-estamos-agotados-no-damos-abasto\/\"]}]},{\"@type\":\"BreadcrumbList\",\"@id\":\"https:\/\/experienciadevida.com.ar\/portalurbano\/reclamos-del-personal-de-salud-estamos-agotados-no-damos-abasto\/#breadcrumb\",\"itemListElement\":[{\"@type\":\"ListItem\",\"position\":1,\"name\":\"Portada\",\"item\":\"https:\/\/experienciadevida.com.ar\/portalurbano\/\"},{\"@type\":\"ListItem\",\"position\":2,\"name\":\"Reclamos del personal de salud: \u00abestamos agotados, no damos abasto\u00bb\"}]},{\"@type\":\"WebSite\",\"@id\":\"https:\/\/experienciadevida.com.ar\/portalurbano\/#website\",\"url\":\"https:\/\/experienciadevida.com.ar\/portalurbano\/\",\"name\":\"\",\"description\":\"\",\"publisher\":{\"@id\":\"https:\/\/experienciadevida.com.ar\/portalurbano\/#organization\"},\"potentialAction\":[{\"@type\":\"SearchAction\",\"target\":{\"@type\":\"EntryPoint\",\"urlTemplate\":\"https:\/\/experienciadevida.com.ar\/portalurbano\/?s={search_term_string}\"},\"query-input\":\"required name=search_term_string\"}],\"inLanguage\":\"es\"},{\"@type\":\"Organization\",\"@id\":\"https:\/\/experienciadevida.com.ar\/portalurbano\/#organization\",\"name\":\"Portal Urbano\",\"url\":\"https:\/\/experienciadevida.com.ar\/portalurbano\/\",\"logo\":{\"@type\":\"ImageObject\",\"inLanguage\":\"es\",\"@id\":\"https:\/\/experienciadevida.com.ar\/portalurbano\/#\/schema\/logo\/image\/\",\"url\":\"https:\/\/experienciadevida.com.ar\/portalurbano\/wp-content\/uploads\/2019\/09\/Logo-Original.png\",\"contentUrl\":\"https:\/\/experienciadevida.com.ar\/portalurbano\/wp-content\/uploads\/2019\/09\/Logo-Original.png\",\"width\":2236,\"height\":1216,\"caption\":\"Portal Urbano\"},\"image\":{\"@id\":\"https:\/\/experienciadevida.com.ar\/portalurbano\/#\/schema\/logo\/image\/\"},\"sameAs\":[\"https:\/\/www.facebook.com\/Portal-Urbano-171542830093757\/\",\"https:\/\/twitter.com\/portalurbanook\",\"https:\/\/www.instagram.com\/_portalurbano\/\",\"https:\/\/www.youtube.com\/channel\/UCXhagIfszH8KxFiOok79zbA?view_as=subscriber\"]},{\"@type\":\"Person\",\"@id\":\"https:\/\/experienciadevida.com.ar\/portalurbano\/#\/schema\/person\/02dd326b1c4b056e9cc972486934a3a7\",\"name\":\"admpu17wp\",\"image\":{\"@type\":\"ImageObject\",\"inLanguage\":\"es\",\"@id\":\"https:\/\/experienciadevida.com.ar\/portalurbano\/#\/schema\/person\/image\/\",\"url\":\"https:\/\/secure.gravatar.com\/avatar\/830d4c57adaae6630765e449a6908047?s=96&d=mm&r=g\",\"contentUrl\":\"https:\/\/secure.gravatar.com\/avatar\/830d4c57adaae6630765e449a6908047?s=96&d=mm&r=g\",\"caption\":\"admpu17wp\"}}]}<\/script>\n<!-- \/ Yoast SEO plugin. -->","yoast_head_json":{"title":"Reclamos del personal de salud: \"estamos agotados, no damos abasto\"","description":"Stuppia . En una conferencia de prensa convocada con car\u00e1cter de urgente por el \u00a0sindicato de trabajadores Municipales de Olavarr\u00eda","robots":{"index":"index","follow":"follow","max-snippet":"max-snippet:-1","max-image-preview":"max-image-preview:large","max-video-preview":"max-video-preview:-1"},"canonical":"https:\/\/experienciadevida.com.ar\/portalurbano\/reclamos-del-personal-de-salud-estamos-agotados-no-damos-abasto\/","og_locale":"es_ES","og_type":"article","og_title":"Reclamos del personal de salud: \"estamos agotados, no damos abasto\"","og_description":"Stuppia . En una conferencia de prensa convocada con car\u00e1cter de urgente por el \u00a0sindicato de trabajadores Municipales de Olavarr\u00eda","og_url":"https:\/\/experienciadevida.com.ar\/portalurbano\/reclamos-del-personal-de-salud-estamos-agotados-no-damos-abasto\/","article_publisher":"https:\/\/www.facebook.com\/Portal-Urbano-171542830093757\/","article_published_time":"2021-04-17T01:54:28+00:00","article_modified_time":"2021-04-17T02:13:59+00:00","og_image":[{"width":800,"height":485,"url":"https:\/\/experienciadevida.com.ar\/portalurbano\/wp-content\/uploads\/2021\/04\/conferencia_salud-e1618622646191.jpg","type":"image\/jpeg"}],"author":"admpu17wp","twitter_card":"summary_large_image","twitter_creator":"@portalurbanook","twitter_site":"@portalurbanook","twitter_misc":{"Escrito por":"admpu17wp","Tiempo de lectura":"4 minutos"},"schema":{"@context":"https:\/\/schema.org","@graph":[{"@type":"Article","@id":"https:\/\/experienciadevida.com.ar\/portalurbano\/reclamos-del-personal-de-salud-estamos-agotados-no-damos-abasto\/#article","isPartOf":{"@id":"https:\/\/experienciadevida.com.ar\/portalurbano\/reclamos-del-personal-de-salud-estamos-agotados-no-damos-abasto\/"},"author":{"name":"admpu17wp","@id":"https:\/\/experienciadevida.com.ar\/portalurbano\/#\/schema\/person\/02dd326b1c4b056e9cc972486934a3a7"},"headline":"Reclamos del personal de salud: &#8220;estamos agotados, no damos abasto&#8221;","datePublished":"2021-04-17T01:54:28+00:00","dateModified":"2021-04-17T02:13:59+00:00","mainEntityOfPage":{"@id":"https:\/\/experienciadevida.com.ar\/portalurbano\/reclamos-del-personal-de-salud-estamos-agotados-no-damos-abasto\/"},"wordCount":773,"publisher":{"@id":"https:\/\/experienciadevida.com.ar\/portalurbano\/#organization"},"articleSection":["Ciudad","Destacadas 2"],"inLanguage":"es"},{"@type":"WebPage","@id":"https:\/\/experienciadevida.com.ar\/portalurbano\/reclamos-del-personal-de-salud-estamos-agotados-no-damos-abasto\/","url":"https:\/\/experienciadevida.com.ar\/portalurbano\/reclamos-del-personal-de-salud-estamos-agotados-no-damos-abasto\/","name":"Reclamos del personal de salud: \"estamos agotados, no damos abasto\"","isPartOf":{"@id":"https:\/\/experienciadevida.com.ar\/portalurbano\/#website"},"datePublished":"2021-04-17T01:54:28+00:00","dateModified":"2021-04-17T02:13:59+00:00","description":"Stuppia . En una conferencia de prensa convocada con car\u00e1cter de urgente por el \u00a0sindicato de trabajadores Municipales de Olavarr\u00eda","breadcrumb":{"@id":"https:\/\/experienciadevida.com.ar\/portalurbano\/reclamos-del-personal-de-salud-estamos-agotados-no-damos-abasto\/#breadcrumb"},"inLanguage":"es","potentialAction":[{"@type":"ReadAction","target":["https:\/\/experienciadevida.com.ar\/portalurbano\/reclamos-del-personal-de-salud-estamos-agotados-no-damos-abasto\/"]}]},{"@type":"BreadcrumbList","@id":"https:\/\/experienciadevida.com.ar\/portalurbano\/reclamos-del-personal-de-salud-estamos-agotados-no-damos-abasto\/#breadcrumb","itemListElement":[{"@type":"ListItem","position":1,"name":"Portada","item":"https:\/\/experienciadevida.com.ar\/portalurbano\/"},{"@type":"ListItem","position":2,"name":"Reclamos del personal de salud: \u00abestamos agotados, no damos abasto\u00bb"}]},{"@type":"WebSite","@id":"https:\/\/experienciadevida.com.ar\/portalurbano\/#website","url":"https:\/\/experienciadevida.com.ar\/portalurbano\/","name":"","description":"","publisher":{"@id":"https:\/\/experienciadevida.com.ar\/portalurbano\/#organization"},"potentialAction":[{"@type":"SearchAction","target":{"@type":"EntryPoint","urlTemplate":"https:\/\/experienciadevida.com.ar\/portalurbano\/?s={search_term_string}"},"query-input":"required name=search_term_string"}],"inLanguage":"es"},{"@type":"Organization","@id":"https:\/\/experienciadevida.com.ar\/portalurbano\/#organization","name":"Portal Urbano","url":"https:\/\/experienciadevida.com.ar\/portalurbano\/","logo":{"@type":"ImageObject","inLanguage":"es","@id":"https:\/\/experienciadevida.com.ar\/portalurbano\/#\/schema\/logo\/image\/","url":"https:\/\/experienciadevida.com.ar\/portalurbano\/wp-content\/uploads\/2019\/09\/Logo-Original.png","contentUrl":"https:\/\/experienciadevida.com.ar\/portalurbano\/wp-content\/uploads\/2019\/09\/Logo-Original.png","width":2236,"height":1216,"caption":"Portal Urbano"},"image":{"@id":"https:\/\/experienciadevida.com.ar\/portalurbano\/#\/schema\/logo\/image\/"},"sameAs":["https:\/\/www.facebook.com\/Portal-Urbano-171542830093757\/","https:\/\/twitter.com\/portalurbanook","https:\/\/www.instagram.com\/_portalurbano\/","https:\/\/www.youtube.com\/channel\/UCXhagIfszH8KxFiOok79zbA?view_as=subscriber"]},{"@type":"Person","@id":"https:\/\/experienciadevida.com.ar\/portalurbano\/#\/schema\/person\/02dd326b1c4b056e9cc972486934a3a7","name":"admpu17wp","image":{"@type":"ImageObject","inLanguage":"es","@id":"https:\/\/experienciadevida.com.ar\/portalurbano\/#\/schema\/person\/image\/","url":"https:\/\/secure.gravatar.com\/avatar\/830d4c57adaae6630765e449a6908047?s=96&d=mm&r=g","contentUrl":"https:\/\/secure.gravatar.com\/avatar\/830d4c57adaae6630765e449a6908047?s=96&d=mm&r=g","caption":"admpu17wp"}}]}},"featured_image_urls":{"full":["https:\/\/experienciadevida.com.ar\/portalurbano\/wp-content\/uploads\/2021\/04\/conferencia_salud-e1618622646191.jpg",800,485,false],"thumbnail":["https:\/\/experienciadevida.com.ar\/portalurbano\/wp-content\/uploads\/2021\/04\/conferencia_salud-150x150.jpg",150,150,true],"medium":["https:\/\/experienciadevida.com.ar\/portalurbano\/wp-content\/uploads\/2021\/04\/conferencia_salud-300x182.jpg",300,182,true],"medium_large":["https:\/\/experienciadevida.com.ar\/portalurbano\/wp-content\/uploads\/2021\/04\/conferencia_salud-768x466.jpg",640,388,true],"large":["https:\/\/experienciadevida.com.ar\/portalurbano\/wp-content\/uploads\/2021\/04\/conferencia_salud-e1618622646191.jpg",640,388,false],"ug_big":["https:\/\/experienciadevida.com.ar\/portalurbano\/wp-content\/uploads\/2021\/04\/conferencia_salud-768x466.jpg",768,466,true],"1536x1536":["https:\/\/experienciadevida.com.ar\/portalurbano\/wp-content\/uploads\/2021\/04\/conferencia_salud-e1618622646191.jpg",800,485,false],"2048x2048":["https:\/\/experienciadevida.com.ar\/portalurbano\/wp-content\/uploads\/2021\/04\/conferencia_salud-e1618622646191.jpg",800,485,false],"newsever-slider-full":["https:\/\/experienciadevida.com.ar\/portalurbano\/wp-content\/uploads\/2021\/04\/conferencia_salud-e1618622646191.jpg",800,485,false],"newsever-featured":["https:\/\/experienciadevida.com.ar\/portalurbano\/wp-content\/uploads\/2021\/04\/conferencia_salud-e1618622646191.jpg",800,485,false],"newsever-medium":["https:\/\/experienciadevida.com.ar\/portalurbano\/wp-content\/uploads\/2021\/04\/conferencia_salud-e1618622646191.jpg",720,437,false],"web-stories-poster-portrait":["https:\/\/experienciadevida.com.ar\/portalurbano\/wp-content\/uploads\/2021\/04\/conferencia_salud-e1618622646191.jpg",640,388,false],"web-stories-publisher-logo":["https:\/\/experienciadevida.com.ar\/portalurbano\/wp-content\/uploads\/2021\/04\/conferencia_salud-e1618622646191.jpg",96,58,false],"web-stories-thumbnail":["https:\/\/experienciadevida.com.ar\/portalurbano\/wp-content\/uploads\/2021\/04\/conferencia_salud-e1618622646191.jpg",150,91,false]},"author_info":{"display_name":"admpu17wp","author_link":"https:\/\/experienciadevida.com.ar\/portalurbano\/author\/admpu17wp\/"},"category_info":"<a href=\"https:\/\/experienciadevida.com.ar\/portalurbano\/category\/ciudad\/\" rel=\"category tag\">Ciudad<\/a> <a href=\"https:\/\/experienciadevida.com.ar\/portalurbano\/category\/destacadas-2\/\" rel=\"category tag\">Destacadas 2<\/a>","tag_info":"Destacadas 2","comment_count":"0","amp_enabled":true,"_links":{"self":[{"href":"https:\/\/experienciadevida.com.ar\/portalurbano\/wp-json\/wp\/v2\/posts\/140473"}],"collection":[{"href":"https:\/\/experienciadevida.com.ar\/portalurbano\/wp-json\/wp\/v2\/posts"}],"about":[{"href":"https:\/\/experienciadevida.com.ar\/portalurbano\/wp-json\/wp\/v2\/types\/post"}],"author":[{"embeddable":true,"href":"https:\/\/experienciadevida.com.ar\/portalurbano\/wp-json\/wp\/v2\/users\/1"}],"replies":[{"embeddable":true,"href":"https:\/\/experienciadevida.com.ar\/portalurbano\/wp-json\/wp\/v2\/comments?post=140473"}],"version-history":[{"count":13,"href":"https:\/\/experienciadevida.com.ar\/portalurbano\/wp-json\/wp\/v2\/posts\/140473\/revisions"}],"predecessor-version":[{"id":140487,"href":"https:\/\/experienciadevida.com.ar\/portalurbano\/wp-json\/wp\/v2\/posts\/140473\/revisions\/140487"}],"wp:featuredmedia":[{"embeddable":true,"href":"https:\/\/experienciadevida.com.ar\/portalurbano\/wp-json\/wp\/v2\/media\/140474"}],"wp:attachment":[{"href":"https:\/\/experienciadevida.com.ar\/portalurbano\/wp-json\/wp\/v2\/media?parent=140473"}],"wp:term":[{"taxonomy":"category","embeddable":true,"href":"https:\/\/experienciadevida.com.ar\/portalurbano\/wp-json\/wp\/v2\/categories?post=140473"},{"taxonomy":"post_tag","embeddable":true,"href":"https:\/\/experienciadevida.com.ar\/portalurbano\/wp-json\/wp\/v2\/tags?post=140473"}],"curies":[{"name":"wp","href":"https:\/\/api.w.org\/{rel}","templated":true}]}}