{"id":140395,"date":"2021-04-16T11:53:42","date_gmt":"2021-04-16T14:53:42","guid":{"rendered":"https:\/\/experienciadevida.com.ar\/portalurbano\/?p=140395"},"modified":"2021-04-16T12:02:52","modified_gmt":"2021-04-16T15:02:52","slug":"aprobaron-sanciones-por-el-no-uso-del-barbijo-y-fiestas-clandestinas","status":"publish","type":"post","link":"https:\/\/experienciadevida.com.ar\/portalurbano\/aprobaron-sanciones-por-el-no-uso-del-barbijo-y-fiestas-clandestinas\/","title":{"rendered":"Aprobaron sanciones por el no uso del barbijo y fiestas clandestinas"},"content":{"rendered":"<p>Aprobaron sanciones por el no uso del barbijo y fiestas clandestinas en una sesi\u00f3n especial que pidi\u00f3 el bloque de juntos por el cambio que se realiz\u00f3 de manera virtual este viernes.<\/p>\n<p>El primero en tomar la palabra fue Mart\u00edn Endere quien fue uno de los que impuls\u00f3 el proyecto de tomar medidas de protecci\u00f3n sanitaria con el objetivo de contener el virus de Covid-19 y sus variantes.<\/p>\n<p><a href=\"https:\/\/experienciadevida.com.ar\/portalurbano\/comenzo-la-sesion-del-concejo-deliberante-de-manera-virtual\/\">Endere explic\u00f3 los alcances de la ordenanza<\/a> que fue aprobada de manera un\u00e1nime por el resto de los bloques de concejales.<\/p>\n<p>Aprobaron sanciones por el no uso del barbijo y fiestas clandestinas, Santell\u00e1n remarc\u00f3 que desde el primer d\u00eda se pusieron a disposici\u00f3n y tuvieron la conducta de no utilizar la situaci\u00f3n pand\u00e9mica desde la pol\u00edtica, &#8220;pod\u00edamos estar todos juntos enfrentando esto, para que todos salgamos de esta terrible situaci\u00f3n que estamos viviendo y reflexionar sobre los que nos ha pasado el \u00faltimo a\u00f1o.\u00a0 La aparici\u00f3n del virus no estaba dentro de ning\u00fan plan de Gobierno antes de asumir&#8221;.<\/p>\n<p>&#8220;Cuando Mart\u00edn se acerc\u00f3 al bloque a plantearnos esta situaci\u00f3n que ya la hab\u00edamos analizado anteriormente nos pusimos a disposici\u00f3n. Estamos viviendo momentos muy dif\u00edciles, vecinos pierden su vida a causa de la enfermedad por lo que hacemos un llamado para bajar todo tipo\u00a0 de manifestaciones pol\u00edticas y trabajar de manera conjunta para el bien com\u00fan&#8221;.<\/p>\n<p>Por otro lado, &#8220;nos tenemos que poner a trabajar para los vecinos\u00a0 y aportar proyectos\u00a0 para tratar de buscar soluciones, y dejar dejar de lado las diferencias. En Olavarr\u00eda no todo est\u00e1 tan mal, se esta vacunando y cuantas mayores personas est\u00e9n vacunadas vamos a estar mejor&#8221;.<\/p>\n<p>Luego tom\u00f3 la palabra el edil Eduardo <a href=\"https:\/\/www.facebook.com\/rodriguezolav\">Rodr\u00edguez<\/a> quien remarc\u00f3 y destac\u00f3 la importancia de realizar esta sesi\u00f3n especial y de manera virtual &#8220;son medidas necesarias para apoyar\u00a0 a la gente que trabaja en el sistema de salud, y a los trabajadores esenciales pero tambi\u00e9n a todos los Olavarrienses que se cuidan todos los d\u00edas. Debe primar la unidad de todos los Olavarrienses ya que vivimos en un contexto dif\u00edcil de extrema gravedad con vecinos que la est\u00e1n pasando muy mal o fallecieron a causa de la enfermedad&#8221;.<\/p>\n<p>&#8220;Esperemos que la pandemia pase pronto pero nos quedan unas semanas dif\u00edciles de afrontar y tenemos que trabajar todos juntos&#8221;.<\/p>\n<p>Al finalizar Cenizo el Presidente del HCD agradeci\u00f3 a todos por la disposici\u00f3n y a los equipos t\u00e9cnicos del concejo para que esta sesi\u00f3n pueda realizarse. El proyecto fue aprobado por unanimidad.<\/p>\n","protected":false},"excerpt":{"rendered":"<p>Aprobaron sanciones por el no uso del barbijo y fiestas clandestinas en una sesi\u00f3n especial&#8230;<\/p>\n","protected":false},"author":1,"featured_media":140396,"comment_status":"closed","ping_status":"closed","sticky":false,"template":"","format":"standard","meta":{"content-type":""},"categories":[64,43],"tags":[],"nelio_content":{"isAutoShareEnabled":false,"autoShareEndMode":"default","automationSources":{"useContentSentences":true,"useSocialTemplates":true,"useCustomSentences":false,"customSentences":[]},"followers":[1],"suggestedReferences":[],"includedReferences":[],"efiUrl":"","efiAlt":"","highlights":[]},"yoast_head":"<!-- This site is optimized with the Yoast SEO plugin v20.7 - https:\/\/yoast.com\/wordpress\/plugins\/seo\/ -->\n<title>Aprobaron sanciones por el no uso del barbijo y fiestas clandestinas<\/title>\n<meta name=\"description\" content=\"Aprobaron sanciones por el no uso del barbijo y fiestas clandestinas en una sesi\u00f3n especial que pidi\u00f3 el bloque de juntos por el cambio\" \/>\n<meta name=\"robots\" content=\"index, follow, max-snippet:-1, max-image-preview:large, max-video-preview:-1\" \/>\n<link rel=\"canonical\" href=\"https:\/\/experienciadevida.com.ar\/portalurbano\/aprobaron-sanciones-por-el-no-uso-del-barbijo-y-fiestas-clandestinas\/\" \/>\n<meta property=\"og:locale\" content=\"es_ES\" \/>\n<meta property=\"og:type\" content=\"article\" \/>\n<meta property=\"og:title\" content=\"Aprobaron sanciones por el no uso del barbijo y fiestas clandestinas\" \/>\n<meta property=\"og:description\" content=\"Aprobaron sanciones por el no uso del barbijo y fiestas clandestinas en una sesi\u00f3n especial que pidi\u00f3 el bloque de juntos por el cambio\" \/>\n<meta property=\"og:url\" content=\"https:\/\/experienciadevida.com.ar\/portalurbano\/aprobaron-sanciones-por-el-no-uso-del-barbijo-y-fiestas-clandestinas\/\" \/>\n<meta property=\"article:publisher\" content=\"https:\/\/www.facebook.com\/Portal-Urbano-171542830093757\/\" \/>\n<meta property=\"article:published_time\" content=\"2021-04-16T14:53:42+00:00\" \/>\n<meta property=\"article:modified_time\" content=\"2021-04-16T15:02:52+00:00\" \/>\n<meta property=\"og:image\" content=\"https:\/\/experienciadevida.com.ar\/portalurbano\/wp-content\/uploads\/2021\/04\/Aprobaron-sanciones-por-el-no.png\" \/>\n\t<meta property=\"og:image:width\" content=\"847\" \/>\n\t<meta property=\"og:image:height\" content=\"474\" \/>\n\t<meta property=\"og:image:type\" content=\"image\/png\" \/>\n<meta name=\"author\" content=\"admpu17wp\" \/>\n<meta name=\"twitter:card\" content=\"summary_large_image\" \/>\n<meta name=\"twitter:creator\" content=\"@portalurbanook\" \/>\n<meta name=\"twitter:site\" content=\"@portalurbanook\" \/>\n<meta name=\"twitter:label1\" content=\"Escrito por\" \/>\n\t<meta name=\"twitter:data1\" content=\"admpu17wp\" \/>\n\t<meta name=\"twitter:label2\" content=\"Tiempo de lectura\" \/>\n\t<meta name=\"twitter:data2\" content=\"2 minutos\" \/>\n<script type=\"application\/ld+json\" class=\"yoast-schema-graph\">{\"@context\":\"https:\/\/schema.org\",\"@graph\":[{\"@type\":\"Article\",\"@id\":\"https:\/\/experienciadevida.com.ar\/portalurbano\/aprobaron-sanciones-por-el-no-uso-del-barbijo-y-fiestas-clandestinas\/#article\",\"isPartOf\":{\"@id\":\"https:\/\/experienciadevida.com.ar\/portalurbano\/aprobaron-sanciones-por-el-no-uso-del-barbijo-y-fiestas-clandestinas\/\"},\"author\":{\"name\":\"admpu17wp\",\"@id\":\"https:\/\/experienciadevida.com.ar\/portalurbano\/#\/schema\/person\/02dd326b1c4b056e9cc972486934a3a7\"},\"headline\":\"Aprobaron sanciones por el no uso del barbijo y fiestas clandestinas\",\"datePublished\":\"2021-04-16T14:53:42+00:00\",\"dateModified\":\"2021-04-16T15:02:52+00:00\",\"mainEntityOfPage\":{\"@id\":\"https:\/\/experienciadevida.com.ar\/portalurbano\/aprobaron-sanciones-por-el-no-uso-del-barbijo-y-fiestas-clandestinas\/\"},\"wordCount\":455,\"publisher\":{\"@id\":\"https:\/\/experienciadevida.com.ar\/portalurbano\/#organization\"},\"articleSection\":[\"Destacadas 2\",\"Pol\u00edtica\"],\"inLanguage\":\"es\"},{\"@type\":\"WebPage\",\"@id\":\"https:\/\/experienciadevida.com.ar\/portalurbano\/aprobaron-sanciones-por-el-no-uso-del-barbijo-y-fiestas-clandestinas\/\",\"url\":\"https:\/\/experienciadevida.com.ar\/portalurbano\/aprobaron-sanciones-por-el-no-uso-del-barbijo-y-fiestas-clandestinas\/\",\"name\":\"Aprobaron sanciones por el no uso del barbijo y fiestas clandestinas\",\"isPartOf\":{\"@id\":\"https:\/\/experienciadevida.com.ar\/portalurbano\/#website\"},\"datePublished\":\"2021-04-16T14:53:42+00:00\",\"dateModified\":\"2021-04-16T15:02:52+00:00\",\"description\":\"Aprobaron sanciones por el no uso del barbijo y fiestas clandestinas en una sesi\u00f3n especial que pidi\u00f3 el bloque de juntos por el cambio\",\"breadcrumb\":{\"@id\":\"https:\/\/experienciadevida.com.ar\/portalurbano\/aprobaron-sanciones-por-el-no-uso-del-barbijo-y-fiestas-clandestinas\/#breadcrumb\"},\"inLanguage\":\"es\",\"potentialAction\":[{\"@type\":\"ReadAction\",\"target\":[\"https:\/\/experienciadevida.com.ar\/portalurbano\/aprobaron-sanciones-por-el-no-uso-del-barbijo-y-fiestas-clandestinas\/\"]}]},{\"@type\":\"BreadcrumbList\",\"@id\":\"https:\/\/experienciadevida.com.ar\/portalurbano\/aprobaron-sanciones-por-el-no-uso-del-barbijo-y-fiestas-clandestinas\/#breadcrumb\",\"itemListElement\":[{\"@type\":\"ListItem\",\"position\":1,\"name\":\"Portada\",\"item\":\"https:\/\/experienciadevida.com.ar\/portalurbano\/\"},{\"@type\":\"ListItem\",\"position\":2,\"name\":\"Aprobaron sanciones por el no uso del barbijo y fiestas clandestinas\"}]},{\"@type\":\"WebSite\",\"@id\":\"https:\/\/experienciadevida.com.ar\/portalurbano\/#website\",\"url\":\"https:\/\/experienciadevida.com.ar\/portalurbano\/\",\"name\":\"\",\"description\":\"\",\"publisher\":{\"@id\":\"https:\/\/experienciadevida.com.ar\/portalurbano\/#organization\"},\"potentialAction\":[{\"@type\":\"SearchAction\",\"target\":{\"@type\":\"EntryPoint\",\"urlTemplate\":\"https:\/\/experienciadevida.com.ar\/portalurbano\/?s={search_term_string}\"},\"query-input\":\"required name=search_term_string\"}],\"inLanguage\":\"es\"},{\"@type\":\"Organization\",\"@id\":\"https:\/\/experienciadevida.com.ar\/portalurbano\/#organization\",\"name\":\"Portal Urbano\",\"url\":\"https:\/\/experienciadevida.com.ar\/portalurbano\/\",\"logo\":{\"@type\":\"ImageObject\",\"inLanguage\":\"es\",\"@id\":\"https:\/\/experienciadevida.com.ar\/portalurbano\/#\/schema\/logo\/image\/\",\"url\":\"https:\/\/experienciadevida.com.ar\/portalurbano\/wp-content\/uploads\/2019\/09\/Logo-Original.png\",\"contentUrl\":\"https:\/\/experienciadevida.com.ar\/portalurbano\/wp-content\/uploads\/2019\/09\/Logo-Original.png\",\"width\":2236,\"height\":1216,\"caption\":\"Portal Urbano\"},\"image\":{\"@id\":\"https:\/\/experienciadevida.com.ar\/portalurbano\/#\/schema\/logo\/image\/\"},\"sameAs\":[\"https:\/\/www.facebook.com\/Portal-Urbano-171542830093757\/\",\"https:\/\/twitter.com\/portalurbanook\",\"https:\/\/www.instagram.com\/_portalurbano\/\",\"https:\/\/www.youtube.com\/channel\/UCXhagIfszH8KxFiOok79zbA?view_as=subscriber\"]},{\"@type\":\"Person\",\"@id\":\"https:\/\/experienciadevida.com.ar\/portalurbano\/#\/schema\/person\/02dd326b1c4b056e9cc972486934a3a7\",\"name\":\"admpu17wp\",\"image\":{\"@type\":\"ImageObject\",\"inLanguage\":\"es\",\"@id\":\"https:\/\/experienciadevida.com.ar\/portalurbano\/#\/schema\/person\/image\/\",\"url\":\"https:\/\/secure.gravatar.com\/avatar\/830d4c57adaae6630765e449a6908047?s=96&d=mm&r=g\",\"contentUrl\":\"https:\/\/secure.gravatar.com\/avatar\/830d4c57adaae6630765e449a6908047?s=96&d=mm&r=g\",\"caption\":\"admpu17wp\"}}]}<\/script>\n<!-- \/ Yoast SEO plugin. -->","yoast_head_json":{"title":"Aprobaron sanciones por el no uso del barbijo y fiestas clandestinas","description":"Aprobaron sanciones por el no uso del barbijo y fiestas clandestinas en una sesi\u00f3n especial que pidi\u00f3 el bloque de juntos por el cambio","robots":{"index":"index","follow":"follow","max-snippet":"max-snippet:-1","max-image-preview":"max-image-preview:large","max-video-preview":"max-video-preview:-1"},"canonical":"https:\/\/experienciadevida.com.ar\/portalurbano\/aprobaron-sanciones-por-el-no-uso-del-barbijo-y-fiestas-clandestinas\/","og_locale":"es_ES","og_type":"article","og_title":"Aprobaron sanciones por el no uso del barbijo y fiestas clandestinas","og_description":"Aprobaron sanciones por el no uso del barbijo y fiestas clandestinas en una sesi\u00f3n especial que pidi\u00f3 el bloque de juntos por el cambio","og_url":"https:\/\/experienciadevida.com.ar\/portalurbano\/aprobaron-sanciones-por-el-no-uso-del-barbijo-y-fiestas-clandestinas\/","article_publisher":"https:\/\/www.facebook.com\/Portal-Urbano-171542830093757\/","article_published_time":"2021-04-16T14:53:42+00:00","article_modified_time":"2021-04-16T15:02:52+00:00","og_image":[{"width":847,"height":474,"url":"https:\/\/experienciadevida.com.ar\/portalurbano\/wp-content\/uploads\/2021\/04\/Aprobaron-sanciones-por-el-no.png","type":"image\/png"}],"author":"admpu17wp","twitter_card":"summary_large_image","twitter_creator":"@portalurbanook","twitter_site":"@portalurbanook","twitter_misc":{"Escrito por":"admpu17wp","Tiempo de lectura":"2 minutos"},"schema":{"@context":"https:\/\/schema.org","@graph":[{"@type":"Article","@id":"https:\/\/experienciadevida.com.ar\/portalurbano\/aprobaron-sanciones-por-el-no-uso-del-barbijo-y-fiestas-clandestinas\/#article","isPartOf":{"@id":"https:\/\/experienciadevida.com.ar\/portalurbano\/aprobaron-sanciones-por-el-no-uso-del-barbijo-y-fiestas-clandestinas\/"},"author":{"name":"admpu17wp","@id":"https:\/\/experienciadevida.com.ar\/portalurbano\/#\/schema\/person\/02dd326b1c4b056e9cc972486934a3a7"},"headline":"Aprobaron sanciones por el no uso del barbijo y fiestas clandestinas","datePublished":"2021-04-16T14:53:42+00:00","dateModified":"2021-04-16T15:02:52+00:00","mainEntityOfPage":{"@id":"https:\/\/experienciadevida.com.ar\/portalurbano\/aprobaron-sanciones-por-el-no-uso-del-barbijo-y-fiestas-clandestinas\/"},"wordCount":455,"publisher":{"@id":"https:\/\/experienciadevida.com.ar\/portalurbano\/#organization"},"articleSection":["Destacadas 2","Pol\u00edtica"],"inLanguage":"es"},{"@type":"WebPage","@id":"https:\/\/experienciadevida.com.ar\/portalurbano\/aprobaron-sanciones-por-el-no-uso-del-barbijo-y-fiestas-clandestinas\/","url":"https:\/\/experienciadevida.com.ar\/portalurbano\/aprobaron-sanciones-por-el-no-uso-del-barbijo-y-fiestas-clandestinas\/","name":"Aprobaron sanciones por el no uso del barbijo y fiestas clandestinas","isPartOf":{"@id":"https:\/\/experienciadevida.com.ar\/portalurbano\/#website"},"datePublished":"2021-04-16T14:53:42+00:00","dateModified":"2021-04-16T15:02:52+00:00","description":"Aprobaron sanciones por el no uso del barbijo y fiestas clandestinas en una sesi\u00f3n especial que pidi\u00f3 el bloque de juntos por el cambio","breadcrumb":{"@id":"https:\/\/experienciadevida.com.ar\/portalurbano\/aprobaron-sanciones-por-el-no-uso-del-barbijo-y-fiestas-clandestinas\/#breadcrumb"},"inLanguage":"es","potentialAction":[{"@type":"ReadAction","target":["https:\/\/experienciadevida.com.ar\/portalurbano\/aprobaron-sanciones-por-el-no-uso-del-barbijo-y-fiestas-clandestinas\/"]}]},{"@type":"BreadcrumbList","@id":"https:\/\/experienciadevida.com.ar\/portalurbano\/aprobaron-sanciones-por-el-no-uso-del-barbijo-y-fiestas-clandestinas\/#breadcrumb","itemListElement":[{"@type":"ListItem","position":1,"name":"Portada","item":"https:\/\/experienciadevida.com.ar\/portalurbano\/"},{"@type":"ListItem","position":2,"name":"Aprobaron sanciones por el no uso del barbijo y fiestas clandestinas"}]},{"@type":"WebSite","@id":"https:\/\/experienciadevida.com.ar\/portalurbano\/#website","url":"https:\/\/experienciadevida.com.ar\/portalurbano\/","name":"","description":"","publisher":{"@id":"https:\/\/experienciadevida.com.ar\/portalurbano\/#organization"},"potentialAction":[{"@type":"SearchAction","target":{"@type":"EntryPoint","urlTemplate":"https:\/\/experienciadevida.com.ar\/portalurbano\/?s={search_term_string}"},"query-input":"required name=search_term_string"}],"inLanguage":"es"},{"@type":"Organization","@id":"https:\/\/experienciadevida.com.ar\/portalurbano\/#organization","name":"Portal Urbano","url":"https:\/\/experienciadevida.com.ar\/portalurbano\/","logo":{"@type":"ImageObject","inLanguage":"es","@id":"https:\/\/experienciadevida.com.ar\/portalurbano\/#\/schema\/logo\/image\/","url":"https:\/\/experienciadevida.com.ar\/portalurbano\/wp-content\/uploads\/2019\/09\/Logo-Original.png","contentUrl":"https:\/\/experienciadevida.com.ar\/portalurbano\/wp-content\/uploads\/2019\/09\/Logo-Original.png","width":2236,"height":1216,"caption":"Portal Urbano"},"image":{"@id":"https:\/\/experienciadevida.com.ar\/portalurbano\/#\/schema\/logo\/image\/"},"sameAs":["https:\/\/www.facebook.com\/Portal-Urbano-171542830093757\/","https:\/\/twitter.com\/portalurbanook","https:\/\/www.instagram.com\/_portalurbano\/","https:\/\/www.youtube.com\/channel\/UCXhagIfszH8KxFiOok79zbA?view_as=subscriber"]},{"@type":"Person","@id":"https:\/\/experienciadevida.com.ar\/portalurbano\/#\/schema\/person\/02dd326b1c4b056e9cc972486934a3a7","name":"admpu17wp","image":{"@type":"ImageObject","inLanguage":"es","@id":"https:\/\/experienciadevida.com.ar\/portalurbano\/#\/schema\/person\/image\/","url":"https:\/\/secure.gravatar.com\/avatar\/830d4c57adaae6630765e449a6908047?s=96&d=mm&r=g","contentUrl":"https:\/\/secure.gravatar.com\/avatar\/830d4c57adaae6630765e449a6908047?s=96&d=mm&r=g","caption":"admpu17wp"}}]}},"featured_image_urls":{"full":["https:\/\/experienciadevida.com.ar\/portalurbano\/wp-content\/uploads\/2021\/04\/Aprobaron-sanciones-por-el-no.png",847,474,false],"thumbnail":["https:\/\/experienciadevida.com.ar\/portalurbano\/wp-content\/uploads\/2021\/04\/Aprobaron-sanciones-por-el-no-150x150.png",150,150,true],"medium":["https:\/\/experienciadevida.com.ar\/portalurbano\/wp-content\/uploads\/2021\/04\/Aprobaron-sanciones-por-el-no-300x168.png",300,168,true],"medium_large":["https:\/\/experienciadevida.com.ar\/portalurbano\/wp-content\/uploads\/2021\/04\/Aprobaron-sanciones-por-el-no-768x430.png",640,358,true],"large":["https:\/\/experienciadevida.com.ar\/portalurbano\/wp-content\/uploads\/2021\/04\/Aprobaron-sanciones-por-el-no.png",640,358,false],"ug_big":["https:\/\/experienciadevida.com.ar\/portalurbano\/wp-content\/uploads\/2021\/04\/Aprobaron-sanciones-por-el-no-768x430.png",768,430,true],"1536x1536":["https:\/\/experienciadevida.com.ar\/portalurbano\/wp-content\/uploads\/2021\/04\/Aprobaron-sanciones-por-el-no.png",847,474,false],"2048x2048":["https:\/\/experienciadevida.com.ar\/portalurbano\/wp-content\/uploads\/2021\/04\/Aprobaron-sanciones-por-el-no.png",847,474,false],"newsever-slider-full":["https:\/\/experienciadevida.com.ar\/portalurbano\/wp-content\/uploads\/2021\/04\/Aprobaron-sanciones-por-el-no.png",847,474,false],"newsever-featured":["https:\/\/experienciadevida.com.ar\/portalurbano\/wp-content\/uploads\/2021\/04\/Aprobaron-sanciones-por-el-no.png",847,474,false],"newsever-medium":["https:\/\/experienciadevida.com.ar\/portalurbano\/wp-content\/uploads\/2021\/04\/Aprobaron-sanciones-por-el-no.png",720,403,false],"web-stories-poster-portrait":["https:\/\/experienciadevida.com.ar\/portalurbano\/wp-content\/uploads\/2021\/04\/Aprobaron-sanciones-por-el-no.png",640,358,false],"web-stories-publisher-logo":["https:\/\/experienciadevida.com.ar\/portalurbano\/wp-content\/uploads\/2021\/04\/Aprobaron-sanciones-por-el-no.png",96,54,false],"web-stories-thumbnail":["https:\/\/experienciadevida.com.ar\/portalurbano\/wp-content\/uploads\/2021\/04\/Aprobaron-sanciones-por-el-no.png",150,84,false]},"author_info":{"display_name":"admpu17wp","author_link":"https:\/\/experienciadevida.com.ar\/portalurbano\/author\/admpu17wp\/"},"category_info":"<a href=\"https:\/\/experienciadevida.com.ar\/portalurbano\/category\/destacadas-2\/\" rel=\"category tag\">Destacadas 2<\/a> <a href=\"https:\/\/experienciadevida.com.ar\/portalurbano\/category\/politica\/\" rel=\"category tag\">Pol\u00edtica<\/a>","tag_info":"Pol\u00edtica","comment_count":"0","amp_enabled":true,"_links":{"self":[{"href":"https:\/\/experienciadevida.com.ar\/portalurbano\/wp-json\/wp\/v2\/posts\/140395"}],"collection":[{"href":"https:\/\/experienciadevida.com.ar\/portalurbano\/wp-json\/wp\/v2\/posts"}],"about":[{"href":"https:\/\/experienciadevida.com.ar\/portalurbano\/wp-json\/wp\/v2\/types\/post"}],"author":[{"embeddable":true,"href":"https:\/\/experienciadevida.com.ar\/portalurbano\/wp-json\/wp\/v2\/users\/1"}],"replies":[{"embeddable":true,"href":"https:\/\/experienciadevida.com.ar\/portalurbano\/wp-json\/wp\/v2\/comments?post=140395"}],"version-history":[{"count":3,"href":"https:\/\/experienciadevida.com.ar\/portalurbano\/wp-json\/wp\/v2\/posts\/140395\/revisions"}],"predecessor-version":[{"id":140401,"href":"https:\/\/experienciadevida.com.ar\/portalurbano\/wp-json\/wp\/v2\/posts\/140395\/revisions\/140401"}],"wp:featuredmedia":[{"embeddable":true,"href":"https:\/\/experienciadevida.com.ar\/portalurbano\/wp-json\/wp\/v2\/media\/140396"}],"wp:attachment":[{"href":"https:\/\/experienciadevida.com.ar\/portalurbano\/wp-json\/wp\/v2\/media?parent=140395"}],"wp:term":[{"taxonomy":"category","embeddable":true,"href":"https:\/\/experienciadevida.com.ar\/portalurbano\/wp-json\/wp\/v2\/categories?post=140395"},{"taxonomy":"post_tag","embeddable":true,"href":"https:\/\/experienciadevida.com.ar\/portalurbano\/wp-json\/wp\/v2\/tags?post=140395"}],"curies":[{"name":"wp","href":"https:\/\/api.w.org\/{rel}","templated":true}]}}