{"id":140387,"date":"2021-04-16T10:39:02","date_gmt":"2021-04-16T13:39:02","guid":{"rendered":"https:\/\/experienciadevida.com.ar\/portalurbano\/?p=140387"},"modified":"2021-04-16T10:52:12","modified_gmt":"2021-04-16T13:52:12","slug":"comenzo-la-sesion-del-concejo-deliberante-de-manera-virtual","status":"publish","type":"post","link":"https:\/\/experienciadevida.com.ar\/portalurbano\/comenzo-la-sesion-del-concejo-deliberante-de-manera-virtual\/","title":{"rendered":"Comenz\u00f3 la sesi\u00f3n del Concejo Deliberante de manera virtual"},"content":{"rendered":"<p>Este viernes comenz\u00f3 la sesi\u00f3n especial del Concejo Deliberante, a las 9 de la ma\u00f1ana, la misma se realiza de manera virtual y es transmitida a trav\u00e9s de su perfil de youtube.<\/p>\n<p>La sesi\u00f3n fue pedida por el bloque de Juntos por el cambio, y el expediente a tratar es el expediente 85\/2021 un proyecto de ordenanza medidas de protecci\u00f3n sanitaria con el objetivo de contener el virus Covid-19\u00a0 y sus variantes.<\/p>\n<p>El primero en tomar la palabra fue Mart\u00edn Endere &#8220;quer\u00eda agradecer y dar mis respetos al sistema de salud en su totalidad y particularmente al sistema de salud de Olavarr\u00eda entendiendo por sistema de salud desde los m\u00e9dicos, enfermeros, personal de limpieza, personal administrativo. Al d\u00eda de la fecha llevamos 13 meses de pandemia, ininterrumpidos donde ha sido un\u00a0 sector que ha trabajado\u00a0 a diario y nos ha permitido sostener un sistema de salud que hasta el d\u00eda de hoy nos viene cuidando, de los 13 meses de pandemia estamos abordando el peor mes que nos toca desde marzo del 2020&#8221;.<\/p>\n<p>&#8220;En octubre del a\u00f1o pasado hubo una situaci\u00f3n compleja que dicta de lo que est\u00e1 sucediendo en este mes de abril, para que tomemos dimensi\u00f3n de donde estamos parados me fui hasta marzo del 2021 precisamente el 27 de marzo no hace ni siquiera un mes Olavarr\u00eda ten\u00eda 372 casos, el 30 de marzo esa cifra se hab\u00eda duplicado con 617 casos, el 6 de abril 989 casos (es cuando el poder ejecutivo toma la primer medida ante el aumento de los casos y empieza a tratar de contener esta segunda ola), el 12 de abril ya los casos eran m\u00e1s de mil 100\u00a0 y ayer el \u00faltimo reporte emitido por el DEM da cuenta de que los casos son sensiblemente menores&#8221;.<\/p>\n<p>Por otro lado remarc\u00f3 &#8220;hay un dato que es importante marcar, lamentablemente entre el 12 de abril y el 15 en 3 d\u00edas hemos sufrido el fallecimiento de 13 personas,\u00a0 en lo que va de abril ya son casi 35 personas fallecidas,\u00a0 todos sabemos que gran parte de parar esta segunda ola depende de cada uno de nosotros y a veces hay que hacer esa reflexi\u00f3n del sufrimiento y hasta que no nos toca\u00a0 de cerca no nos damos cuenta y no implementamos medidas que debimos implementar&#8221;.<\/p>\n<p>&#8220;El objetivo de la ordenanza es colaborar en los comportamientos sociales, epidemiol\u00f3gicamente se ha determinado que\u00a0 \u00a0la mayor cantidad de los contagios est\u00e1 o se viene dando en reuniones sociales, en relajamiento de las personas en la no utilizaci\u00f3n del barbijo, no mantener la distancia y de eso se trata la ordenanza. Ser\u00e1 aplicable a todas aquellas personas que incurra en algunos de los incumplimiento, las sanciones van desde amonestaci\u00f3n tareas comunitarias, multa y clausura&#8221;.<\/p>\n<p>A su vez uno de los puntos refiere &#8220;al incumplimiento de medidas de protecci\u00f3n personal, falta de barbijo que es esencial, en este caso puede ser sancionado, realizar tareas comunitarias o multados&#8221;.<\/p>\n<p>El proyecto fue aprobado de manera un\u00e1nime.<\/p>\n","protected":false},"excerpt":{"rendered":"<p>Este viernes comenz\u00f3 la sesi\u00f3n especial del Concejo Deliberante, a las 9 de la ma\u00f1ana,&#8230;<\/p>\n","protected":false},"author":1,"featured_media":140388,"comment_status":"closed","ping_status":"closed","sticky":false,"template":"","format":"standard","meta":{"content-type":""},"categories":[27,64],"tags":[],"nelio_content":{"isAutoShareEnabled":false,"autoShareEndMode":"default","automationSources":{"useContentSentences":true,"useSocialTemplates":true,"useCustomSentences":false,"customSentences":[]},"followers":[1],"suggestedReferences":[],"includedReferences":[],"efiUrl":"","efiAlt":"","highlights":[]},"yoast_head":"<!-- This site is optimized with the Yoast SEO plugin v20.7 - https:\/\/yoast.com\/wordpress\/plugins\/seo\/ -->\n<title>Comenz\u00f3 la sesi\u00f3n del Concejo Deliberante de manera virtual -<\/title>\n<meta name=\"robots\" content=\"index, follow, max-snippet:-1, max-image-preview:large, max-video-preview:-1\" \/>\n<link rel=\"canonical\" href=\"https:\/\/experienciadevida.com.ar\/portalurbano\/comenzo-la-sesion-del-concejo-deliberante-de-manera-virtual\/\" \/>\n<meta property=\"og:locale\" content=\"es_ES\" \/>\n<meta property=\"og:type\" content=\"article\" \/>\n<meta property=\"og:title\" content=\"Comenz\u00f3 la sesi\u00f3n del Concejo Deliberante de manera virtual -\" \/>\n<meta property=\"og:description\" content=\"Este viernes comenz\u00f3 la sesi\u00f3n especial del Concejo Deliberante, a las 9 de la ma\u00f1ana,...\" \/>\n<meta property=\"og:url\" content=\"https:\/\/experienciadevida.com.ar\/portalurbano\/comenzo-la-sesion-del-concejo-deliberante-de-manera-virtual\/\" \/>\n<meta property=\"article:publisher\" content=\"https:\/\/www.facebook.com\/Portal-Urbano-171542830093757\/\" \/>\n<meta property=\"article:published_time\" content=\"2021-04-16T13:39:02+00:00\" \/>\n<meta property=\"article:modified_time\" content=\"2021-04-16T13:52:12+00:00\" \/>\n<meta property=\"og:image\" content=\"https:\/\/experienciadevida.com.ar\/portalurbano\/wp-content\/uploads\/2021\/04\/Sesion-especial.png\" \/>\n\t<meta property=\"og:image:width\" content=\"851\" \/>\n\t<meta property=\"og:image:height\" content=\"470\" \/>\n\t<meta property=\"og:image:type\" content=\"image\/png\" \/>\n<meta name=\"author\" content=\"admpu17wp\" \/>\n<meta name=\"twitter:card\" content=\"summary_large_image\" \/>\n<meta name=\"twitter:creator\" content=\"@portalurbanook\" \/>\n<meta name=\"twitter:site\" content=\"@portalurbanook\" \/>\n<meta name=\"twitter:label1\" content=\"Escrito por\" \/>\n\t<meta name=\"twitter:data1\" content=\"admpu17wp\" \/>\n\t<meta name=\"twitter:label2\" content=\"Tiempo de lectura\" \/>\n\t<meta name=\"twitter:data2\" content=\"3 minutos\" \/>\n<script type=\"application\/ld+json\" class=\"yoast-schema-graph\">{\"@context\":\"https:\/\/schema.org\",\"@graph\":[{\"@type\":\"Article\",\"@id\":\"https:\/\/experienciadevida.com.ar\/portalurbano\/comenzo-la-sesion-del-concejo-deliberante-de-manera-virtual\/#article\",\"isPartOf\":{\"@id\":\"https:\/\/experienciadevida.com.ar\/portalurbano\/comenzo-la-sesion-del-concejo-deliberante-de-manera-virtual\/\"},\"author\":{\"name\":\"admpu17wp\",\"@id\":\"https:\/\/experienciadevida.com.ar\/portalurbano\/#\/schema\/person\/02dd326b1c4b056e9cc972486934a3a7\"},\"headline\":\"Comenz\u00f3 la sesi\u00f3n del Concejo Deliberante de manera virtual\",\"datePublished\":\"2021-04-16T13:39:02+00:00\",\"dateModified\":\"2021-04-16T13:52:12+00:00\",\"mainEntityOfPage\":{\"@id\":\"https:\/\/experienciadevida.com.ar\/portalurbano\/comenzo-la-sesion-del-concejo-deliberante-de-manera-virtual\/\"},\"wordCount\":512,\"publisher\":{\"@id\":\"https:\/\/experienciadevida.com.ar\/portalurbano\/#organization\"},\"articleSection\":[\"Ciudad\",\"Destacadas 2\"],\"inLanguage\":\"es\"},{\"@type\":\"WebPage\",\"@id\":\"https:\/\/experienciadevida.com.ar\/portalurbano\/comenzo-la-sesion-del-concejo-deliberante-de-manera-virtual\/\",\"url\":\"https:\/\/experienciadevida.com.ar\/portalurbano\/comenzo-la-sesion-del-concejo-deliberante-de-manera-virtual\/\",\"name\":\"Comenz\u00f3 la sesi\u00f3n del Concejo Deliberante de manera virtual -\",\"isPartOf\":{\"@id\":\"https:\/\/experienciadevida.com.ar\/portalurbano\/#website\"},\"datePublished\":\"2021-04-16T13:39:02+00:00\",\"dateModified\":\"2021-04-16T13:52:12+00:00\",\"breadcrumb\":{\"@id\":\"https:\/\/experienciadevida.com.ar\/portalurbano\/comenzo-la-sesion-del-concejo-deliberante-de-manera-virtual\/#breadcrumb\"},\"inLanguage\":\"es\",\"potentialAction\":[{\"@type\":\"ReadAction\",\"target\":[\"https:\/\/experienciadevida.com.ar\/portalurbano\/comenzo-la-sesion-del-concejo-deliberante-de-manera-virtual\/\"]}]},{\"@type\":\"BreadcrumbList\",\"@id\":\"https:\/\/experienciadevida.com.ar\/portalurbano\/comenzo-la-sesion-del-concejo-deliberante-de-manera-virtual\/#breadcrumb\",\"itemListElement\":[{\"@type\":\"ListItem\",\"position\":1,\"name\":\"Portada\",\"item\":\"https:\/\/experienciadevida.com.ar\/portalurbano\/\"},{\"@type\":\"ListItem\",\"position\":2,\"name\":\"Comenz\u00f3 la sesi\u00f3n del Concejo Deliberante de manera virtual\"}]},{\"@type\":\"WebSite\",\"@id\":\"https:\/\/experienciadevida.com.ar\/portalurbano\/#website\",\"url\":\"https:\/\/experienciadevida.com.ar\/portalurbano\/\",\"name\":\"\",\"description\":\"\",\"publisher\":{\"@id\":\"https:\/\/experienciadevida.com.ar\/portalurbano\/#organization\"},\"potentialAction\":[{\"@type\":\"SearchAction\",\"target\":{\"@type\":\"EntryPoint\",\"urlTemplate\":\"https:\/\/experienciadevida.com.ar\/portalurbano\/?s={search_term_string}\"},\"query-input\":\"required name=search_term_string\"}],\"inLanguage\":\"es\"},{\"@type\":\"Organization\",\"@id\":\"https:\/\/experienciadevida.com.ar\/portalurbano\/#organization\",\"name\":\"Portal Urbano\",\"url\":\"https:\/\/experienciadevida.com.ar\/portalurbano\/\",\"logo\":{\"@type\":\"ImageObject\",\"inLanguage\":\"es\",\"@id\":\"https:\/\/experienciadevida.com.ar\/portalurbano\/#\/schema\/logo\/image\/\",\"url\":\"https:\/\/experienciadevida.com.ar\/portalurbano\/wp-content\/uploads\/2019\/09\/Logo-Original.png\",\"contentUrl\":\"https:\/\/experienciadevida.com.ar\/portalurbano\/wp-content\/uploads\/2019\/09\/Logo-Original.png\",\"width\":2236,\"height\":1216,\"caption\":\"Portal Urbano\"},\"image\":{\"@id\":\"https:\/\/experienciadevida.com.ar\/portalurbano\/#\/schema\/logo\/image\/\"},\"sameAs\":[\"https:\/\/www.facebook.com\/Portal-Urbano-171542830093757\/\",\"https:\/\/twitter.com\/portalurbanook\",\"https:\/\/www.instagram.com\/_portalurbano\/\",\"https:\/\/www.youtube.com\/channel\/UCXhagIfszH8KxFiOok79zbA?view_as=subscriber\"]},{\"@type\":\"Person\",\"@id\":\"https:\/\/experienciadevida.com.ar\/portalurbano\/#\/schema\/person\/02dd326b1c4b056e9cc972486934a3a7\",\"name\":\"admpu17wp\",\"image\":{\"@type\":\"ImageObject\",\"inLanguage\":\"es\",\"@id\":\"https:\/\/experienciadevida.com.ar\/portalurbano\/#\/schema\/person\/image\/\",\"url\":\"https:\/\/secure.gravatar.com\/avatar\/830d4c57adaae6630765e449a6908047?s=96&d=mm&r=g\",\"contentUrl\":\"https:\/\/secure.gravatar.com\/avatar\/830d4c57adaae6630765e449a6908047?s=96&d=mm&r=g\",\"caption\":\"admpu17wp\"}}]}<\/script>\n<!-- \/ Yoast SEO plugin. -->","yoast_head_json":{"title":"Comenz\u00f3 la sesi\u00f3n del Concejo Deliberante de manera virtual -","robots":{"index":"index","follow":"follow","max-snippet":"max-snippet:-1","max-image-preview":"max-image-preview:large","max-video-preview":"max-video-preview:-1"},"canonical":"https:\/\/experienciadevida.com.ar\/portalurbano\/comenzo-la-sesion-del-concejo-deliberante-de-manera-virtual\/","og_locale":"es_ES","og_type":"article","og_title":"Comenz\u00f3 la sesi\u00f3n del Concejo Deliberante de manera virtual -","og_description":"Este viernes comenz\u00f3 la sesi\u00f3n especial del Concejo Deliberante, a las 9 de la ma\u00f1ana,...","og_url":"https:\/\/experienciadevida.com.ar\/portalurbano\/comenzo-la-sesion-del-concejo-deliberante-de-manera-virtual\/","article_publisher":"https:\/\/www.facebook.com\/Portal-Urbano-171542830093757\/","article_published_time":"2021-04-16T13:39:02+00:00","article_modified_time":"2021-04-16T13:52:12+00:00","og_image":[{"width":851,"height":470,"url":"https:\/\/experienciadevida.com.ar\/portalurbano\/wp-content\/uploads\/2021\/04\/Sesion-especial.png","type":"image\/png"}],"author":"admpu17wp","twitter_card":"summary_large_image","twitter_creator":"@portalurbanook","twitter_site":"@portalurbanook","twitter_misc":{"Escrito por":"admpu17wp","Tiempo de lectura":"3 minutos"},"schema":{"@context":"https:\/\/schema.org","@graph":[{"@type":"Article","@id":"https:\/\/experienciadevida.com.ar\/portalurbano\/comenzo-la-sesion-del-concejo-deliberante-de-manera-virtual\/#article","isPartOf":{"@id":"https:\/\/experienciadevida.com.ar\/portalurbano\/comenzo-la-sesion-del-concejo-deliberante-de-manera-virtual\/"},"author":{"name":"admpu17wp","@id":"https:\/\/experienciadevida.com.ar\/portalurbano\/#\/schema\/person\/02dd326b1c4b056e9cc972486934a3a7"},"headline":"Comenz\u00f3 la sesi\u00f3n del Concejo Deliberante de manera virtual","datePublished":"2021-04-16T13:39:02+00:00","dateModified":"2021-04-16T13:52:12+00:00","mainEntityOfPage":{"@id":"https:\/\/experienciadevida.com.ar\/portalurbano\/comenzo-la-sesion-del-concejo-deliberante-de-manera-virtual\/"},"wordCount":512,"publisher":{"@id":"https:\/\/experienciadevida.com.ar\/portalurbano\/#organization"},"articleSection":["Ciudad","Destacadas 2"],"inLanguage":"es"},{"@type":"WebPage","@id":"https:\/\/experienciadevida.com.ar\/portalurbano\/comenzo-la-sesion-del-concejo-deliberante-de-manera-virtual\/","url":"https:\/\/experienciadevida.com.ar\/portalurbano\/comenzo-la-sesion-del-concejo-deliberante-de-manera-virtual\/","name":"Comenz\u00f3 la sesi\u00f3n del Concejo Deliberante de manera virtual -","isPartOf":{"@id":"https:\/\/experienciadevida.com.ar\/portalurbano\/#website"},"datePublished":"2021-04-16T13:39:02+00:00","dateModified":"2021-04-16T13:52:12+00:00","breadcrumb":{"@id":"https:\/\/experienciadevida.com.ar\/portalurbano\/comenzo-la-sesion-del-concejo-deliberante-de-manera-virtual\/#breadcrumb"},"inLanguage":"es","potentialAction":[{"@type":"ReadAction","target":["https:\/\/experienciadevida.com.ar\/portalurbano\/comenzo-la-sesion-del-concejo-deliberante-de-manera-virtual\/"]}]},{"@type":"BreadcrumbList","@id":"https:\/\/experienciadevida.com.ar\/portalurbano\/comenzo-la-sesion-del-concejo-deliberante-de-manera-virtual\/#breadcrumb","itemListElement":[{"@type":"ListItem","position":1,"name":"Portada","item":"https:\/\/experienciadevida.com.ar\/portalurbano\/"},{"@type":"ListItem","position":2,"name":"Comenz\u00f3 la sesi\u00f3n del Concejo Deliberante de manera virtual"}]},{"@type":"WebSite","@id":"https:\/\/experienciadevida.com.ar\/portalurbano\/#website","url":"https:\/\/experienciadevida.com.ar\/portalurbano\/","name":"","description":"","publisher":{"@id":"https:\/\/experienciadevida.com.ar\/portalurbano\/#organization"},"potentialAction":[{"@type":"SearchAction","target":{"@type":"EntryPoint","urlTemplate":"https:\/\/experienciadevida.com.ar\/portalurbano\/?s={search_term_string}"},"query-input":"required name=search_term_string"}],"inLanguage":"es"},{"@type":"Organization","@id":"https:\/\/experienciadevida.com.ar\/portalurbano\/#organization","name":"Portal Urbano","url":"https:\/\/experienciadevida.com.ar\/portalurbano\/","logo":{"@type":"ImageObject","inLanguage":"es","@id":"https:\/\/experienciadevida.com.ar\/portalurbano\/#\/schema\/logo\/image\/","url":"https:\/\/experienciadevida.com.ar\/portalurbano\/wp-content\/uploads\/2019\/09\/Logo-Original.png","contentUrl":"https:\/\/experienciadevida.com.ar\/portalurbano\/wp-content\/uploads\/2019\/09\/Logo-Original.png","width":2236,"height":1216,"caption":"Portal Urbano"},"image":{"@id":"https:\/\/experienciadevida.com.ar\/portalurbano\/#\/schema\/logo\/image\/"},"sameAs":["https:\/\/www.facebook.com\/Portal-Urbano-171542830093757\/","https:\/\/twitter.com\/portalurbanook","https:\/\/www.instagram.com\/_portalurbano\/","https:\/\/www.youtube.com\/channel\/UCXhagIfszH8KxFiOok79zbA?view_as=subscriber"]},{"@type":"Person","@id":"https:\/\/experienciadevida.com.ar\/portalurbano\/#\/schema\/person\/02dd326b1c4b056e9cc972486934a3a7","name":"admpu17wp","image":{"@type":"ImageObject","inLanguage":"es","@id":"https:\/\/experienciadevida.com.ar\/portalurbano\/#\/schema\/person\/image\/","url":"https:\/\/secure.gravatar.com\/avatar\/830d4c57adaae6630765e449a6908047?s=96&d=mm&r=g","contentUrl":"https:\/\/secure.gravatar.com\/avatar\/830d4c57adaae6630765e449a6908047?s=96&d=mm&r=g","caption":"admpu17wp"}}]}},"featured_image_urls":{"full":["https:\/\/experienciadevida.com.ar\/portalurbano\/wp-content\/uploads\/2021\/04\/Sesion-especial.png",851,470,false],"thumbnail":["https:\/\/experienciadevida.com.ar\/portalurbano\/wp-content\/uploads\/2021\/04\/Sesion-especial-150x150.png",150,150,true],"medium":["https:\/\/experienciadevida.com.ar\/portalurbano\/wp-content\/uploads\/2021\/04\/Sesion-especial-300x166.png",300,166,true],"medium_large":["https:\/\/experienciadevida.com.ar\/portalurbano\/wp-content\/uploads\/2021\/04\/Sesion-especial-768x424.png",640,353,true],"large":["https:\/\/experienciadevida.com.ar\/portalurbano\/wp-content\/uploads\/2021\/04\/Sesion-especial.png",640,353,false],"ug_big":["https:\/\/experienciadevida.com.ar\/portalurbano\/wp-content\/uploads\/2021\/04\/Sesion-especial-768x424.png",768,424,true],"1536x1536":["https:\/\/experienciadevida.com.ar\/portalurbano\/wp-content\/uploads\/2021\/04\/Sesion-especial.png",851,470,false],"2048x2048":["https:\/\/experienciadevida.com.ar\/portalurbano\/wp-content\/uploads\/2021\/04\/Sesion-especial.png",851,470,false],"newsever-slider-full":["https:\/\/experienciadevida.com.ar\/portalurbano\/wp-content\/uploads\/2021\/04\/Sesion-especial.png",851,470,false],"newsever-featured":["https:\/\/experienciadevida.com.ar\/portalurbano\/wp-content\/uploads\/2021\/04\/Sesion-especial.png",851,470,false],"newsever-medium":["https:\/\/experienciadevida.com.ar\/portalurbano\/wp-content\/uploads\/2021\/04\/Sesion-especial.png",720,398,false],"web-stories-poster-portrait":["https:\/\/experienciadevida.com.ar\/portalurbano\/wp-content\/uploads\/2021\/04\/Sesion-especial.png",640,353,false],"web-stories-publisher-logo":["https:\/\/experienciadevida.com.ar\/portalurbano\/wp-content\/uploads\/2021\/04\/Sesion-especial.png",96,53,false],"web-stories-thumbnail":["https:\/\/experienciadevida.com.ar\/portalurbano\/wp-content\/uploads\/2021\/04\/Sesion-especial.png",150,83,false]},"author_info":{"display_name":"admpu17wp","author_link":"https:\/\/experienciadevida.com.ar\/portalurbano\/author\/admpu17wp\/"},"category_info":"<a href=\"https:\/\/experienciadevida.com.ar\/portalurbano\/category\/ciudad\/\" rel=\"category tag\">Ciudad<\/a> <a href=\"https:\/\/experienciadevida.com.ar\/portalurbano\/category\/destacadas-2\/\" rel=\"category tag\">Destacadas 2<\/a>","tag_info":"Destacadas 2","comment_count":"0","amp_enabled":true,"_links":{"self":[{"href":"https:\/\/experienciadevida.com.ar\/portalurbano\/wp-json\/wp\/v2\/posts\/140387"}],"collection":[{"href":"https:\/\/experienciadevida.com.ar\/portalurbano\/wp-json\/wp\/v2\/posts"}],"about":[{"href":"https:\/\/experienciadevida.com.ar\/portalurbano\/wp-json\/wp\/v2\/types\/post"}],"author":[{"embeddable":true,"href":"https:\/\/experienciadevida.com.ar\/portalurbano\/wp-json\/wp\/v2\/users\/1"}],"replies":[{"embeddable":true,"href":"https:\/\/experienciadevida.com.ar\/portalurbano\/wp-json\/wp\/v2\/comments?post=140387"}],"version-history":[{"count":4,"href":"https:\/\/experienciadevida.com.ar\/portalurbano\/wp-json\/wp\/v2\/posts\/140387\/revisions"}],"predecessor-version":[{"id":140392,"href":"https:\/\/experienciadevida.com.ar\/portalurbano\/wp-json\/wp\/v2\/posts\/140387\/revisions\/140392"}],"wp:featuredmedia":[{"embeddable":true,"href":"https:\/\/experienciadevida.com.ar\/portalurbano\/wp-json\/wp\/v2\/media\/140388"}],"wp:attachment":[{"href":"https:\/\/experienciadevida.com.ar\/portalurbano\/wp-json\/wp\/v2\/media?parent=140387"}],"wp:term":[{"taxonomy":"category","embeddable":true,"href":"https:\/\/experienciadevida.com.ar\/portalurbano\/wp-json\/wp\/v2\/categories?post=140387"},{"taxonomy":"post_tag","embeddable":true,"href":"https:\/\/experienciadevida.com.ar\/portalurbano\/wp-json\/wp\/v2\/tags?post=140387"}],"curies":[{"name":"wp","href":"https:\/\/api.w.org\/{rel}","templated":true}]}}