{"id":140339,"date":"2021-04-15T20:38:33","date_gmt":"2021-04-15T23:38:33","guid":{"rendered":"https:\/\/experienciadevida.com.ar\/portalurbano\/?p=140339"},"modified":"2021-04-15T20:39:05","modified_gmt":"2021-04-15T23:39:05","slug":"galli-los-alumnos-olavarrienses-pueden-continuar-con-la-presencialidad-en-las-aulas","status":"publish","type":"post","link":"https:\/\/experienciadevida.com.ar\/portalurbano\/galli-los-alumnos-olavarrienses-pueden-continuar-con-la-presencialidad-en-las-aulas\/","title":{"rendered":"Galli: &#8220;Los alumnos Olavarrienses pueden continuar con la presencialidad en las aulas&#8221;"},"content":{"rendered":"<p>Galli: &#8220;Los alumnos Olavarrienses pueden continuar con la presencialidad en las aulas&#8221;, as\u00ed lo mencion\u00f3 el Intendente a trav\u00e9s de sus redes sociales luego del anuncio del Gobernador Axel Kicillof.<\/p>\n<p>&#8220;Las medidas que tomamos para contener el aumento de casos desde el pasado 23 de marzo nos permitieron frenar el avance vertiginoso del virus en nuestro Partido y hoy nos podemos mantener en la denominada fase 3 que establece la provincia&#8221;.<\/p>\n<p>Por otro lado, &#8220;esta condici\u00f3n nos permiti\u00f3, tras los anuncios del Gobernador Kicillof que los alumnos Olavarrienses puedan continuar con la presencialidad en las aulas, que para nosotros es muy importante. Hoy vimos un marcado descenso en la positividad en el resultado de los testeos, pero no tenemos que bajar la guardia&#8221;.<\/p>\n<p>&#8220;Vamos a continuar rastreando, testeando y aislando a los positivos porque es la mejor manera de evitar la propagaci\u00f3n del virus. Lo hemos repetido hasta el cansancio: los contagios no est\u00e1n en las aulas. Debemos seguir cuid\u00e1ndonos y respetar las medidas de bioseguridad para poder hacer frente a la pandemia y volver a la nueva normalidad lo antes posible&#8221;.<\/p>\n","protected":false},"excerpt":{"rendered":"<p>Galli: &#8220;Los alumnos Olavarrienses pueden continuar con la presencialidad en las aulas&#8221;, as\u00ed lo mencion\u00f3&#8230;<\/p>\n","protected":false},"author":1,"featured_media":108827,"comment_status":"closed","ping_status":"closed","sticky":false,"template":"","format":"standard","meta":{"content-type":""},"categories":[27,64],"tags":[],"nelio_content":{"isAutoShareEnabled":false,"autoShareEndMode":"default","automationSources":{"useContentSentences":true,"useSocialTemplates":true,"useCustomSentences":false,"customSentences":[]},"followers":[1],"suggestedReferences":[],"includedReferences":[],"efiUrl":"","efiAlt":"","highlights":[]},"yoast_head":"<!-- This site is optimized with the Yoast SEO plugin v20.7 - https:\/\/yoast.com\/wordpress\/plugins\/seo\/ -->\n<title>Galli: &quot;Los alumnos Olavarrienses pueden continuar con la presencialidad en las aulas&quot; -<\/title>\n<meta name=\"robots\" content=\"index, follow, max-snippet:-1, max-image-preview:large, max-video-preview:-1\" \/>\n<link rel=\"canonical\" href=\"https:\/\/experienciadevida.com.ar\/portalurbano\/galli-los-alumnos-olavarrienses-pueden-continuar-con-la-presencialidad-en-las-aulas\/\" \/>\n<meta property=\"og:locale\" content=\"es_ES\" \/>\n<meta property=\"og:type\" content=\"article\" \/>\n<meta property=\"og:title\" content=\"Galli: &quot;Los alumnos Olavarrienses pueden continuar con la presencialidad en las aulas&quot; -\" \/>\n<meta property=\"og:description\" content=\"Galli: &#8220;Los alumnos Olavarrienses pueden continuar con la presencialidad en las aulas&#8221;, as\u00ed lo mencion\u00f3...\" \/>\n<meta property=\"og:url\" content=\"https:\/\/experienciadevida.com.ar\/portalurbano\/galli-los-alumnos-olavarrienses-pueden-continuar-con-la-presencialidad-en-las-aulas\/\" \/>\n<meta property=\"article:publisher\" content=\"https:\/\/www.facebook.com\/Portal-Urbano-171542830093757\/\" \/>\n<meta property=\"article:published_time\" content=\"2021-04-15T23:38:33+00:00\" \/>\n<meta property=\"article:modified_time\" content=\"2021-04-15T23:39:05+00:00\" \/>\n<meta property=\"og:image\" content=\"https:\/\/experienciadevida.com.ar\/portalurbano\/wp-content\/uploads\/2020\/05\/Ezequiel-Galli-1024x683-1-e1588896178313.jpg\" \/>\n\t<meta property=\"og:image:width\" content=\"800\" \/>\n\t<meta property=\"og:image:height\" content=\"534\" \/>\n\t<meta property=\"og:image:type\" content=\"image\/jpeg\" \/>\n<meta name=\"author\" content=\"admpu17wp\" \/>\n<meta name=\"twitter:card\" content=\"summary_large_image\" \/>\n<meta name=\"twitter:creator\" content=\"@portalurbanook\" \/>\n<meta name=\"twitter:site\" content=\"@portalurbanook\" \/>\n<meta name=\"twitter:label1\" content=\"Escrito por\" \/>\n\t<meta name=\"twitter:data1\" content=\"admpu17wp\" \/>\n\t<meta name=\"twitter:label2\" content=\"Tiempo de lectura\" \/>\n\t<meta name=\"twitter:data2\" content=\"1 minuto\" \/>\n<script type=\"application\/ld+json\" class=\"yoast-schema-graph\">{\"@context\":\"https:\/\/schema.org\",\"@graph\":[{\"@type\":\"Article\",\"@id\":\"https:\/\/experienciadevida.com.ar\/portalurbano\/galli-los-alumnos-olavarrienses-pueden-continuar-con-la-presencialidad-en-las-aulas\/#article\",\"isPartOf\":{\"@id\":\"https:\/\/experienciadevida.com.ar\/portalurbano\/galli-los-alumnos-olavarrienses-pueden-continuar-con-la-presencialidad-en-las-aulas\/\"},\"author\":{\"name\":\"admpu17wp\",\"@id\":\"https:\/\/experienciadevida.com.ar\/portalurbano\/#\/schema\/person\/02dd326b1c4b056e9cc972486934a3a7\"},\"headline\":\"Galli: &#8220;Los alumnos Olavarrienses pueden continuar con la presencialidad en las aulas&#8221;\",\"datePublished\":\"2021-04-15T23:38:33+00:00\",\"dateModified\":\"2021-04-15T23:39:05+00:00\",\"mainEntityOfPage\":{\"@id\":\"https:\/\/experienciadevida.com.ar\/portalurbano\/galli-los-alumnos-olavarrienses-pueden-continuar-con-la-presencialidad-en-las-aulas\/\"},\"wordCount\":197,\"publisher\":{\"@id\":\"https:\/\/experienciadevida.com.ar\/portalurbano\/#organization\"},\"articleSection\":[\"Ciudad\",\"Destacadas 2\"],\"inLanguage\":\"es\"},{\"@type\":\"WebPage\",\"@id\":\"https:\/\/experienciadevida.com.ar\/portalurbano\/galli-los-alumnos-olavarrienses-pueden-continuar-con-la-presencialidad-en-las-aulas\/\",\"url\":\"https:\/\/experienciadevida.com.ar\/portalurbano\/galli-los-alumnos-olavarrienses-pueden-continuar-con-la-presencialidad-en-las-aulas\/\",\"name\":\"Galli: \\\"Los alumnos Olavarrienses pueden continuar con la presencialidad en las aulas\\\" -\",\"isPartOf\":{\"@id\":\"https:\/\/experienciadevida.com.ar\/portalurbano\/#website\"},\"datePublished\":\"2021-04-15T23:38:33+00:00\",\"dateModified\":\"2021-04-15T23:39:05+00:00\",\"breadcrumb\":{\"@id\":\"https:\/\/experienciadevida.com.ar\/portalurbano\/galli-los-alumnos-olavarrienses-pueden-continuar-con-la-presencialidad-en-las-aulas\/#breadcrumb\"},\"inLanguage\":\"es\",\"potentialAction\":[{\"@type\":\"ReadAction\",\"target\":[\"https:\/\/experienciadevida.com.ar\/portalurbano\/galli-los-alumnos-olavarrienses-pueden-continuar-con-la-presencialidad-en-las-aulas\/\"]}]},{\"@type\":\"BreadcrumbList\",\"@id\":\"https:\/\/experienciadevida.com.ar\/portalurbano\/galli-los-alumnos-olavarrienses-pueden-continuar-con-la-presencialidad-en-las-aulas\/#breadcrumb\",\"itemListElement\":[{\"@type\":\"ListItem\",\"position\":1,\"name\":\"Portada\",\"item\":\"https:\/\/experienciadevida.com.ar\/portalurbano\/\"},{\"@type\":\"ListItem\",\"position\":2,\"name\":\"Galli: \u00abLos alumnos Olavarrienses pueden continuar con la presencialidad en las aulas\u00bb\"}]},{\"@type\":\"WebSite\",\"@id\":\"https:\/\/experienciadevida.com.ar\/portalurbano\/#website\",\"url\":\"https:\/\/experienciadevida.com.ar\/portalurbano\/\",\"name\":\"\",\"description\":\"\",\"publisher\":{\"@id\":\"https:\/\/experienciadevida.com.ar\/portalurbano\/#organization\"},\"potentialAction\":[{\"@type\":\"SearchAction\",\"target\":{\"@type\":\"EntryPoint\",\"urlTemplate\":\"https:\/\/experienciadevida.com.ar\/portalurbano\/?s={search_term_string}\"},\"query-input\":\"required name=search_term_string\"}],\"inLanguage\":\"es\"},{\"@type\":\"Organization\",\"@id\":\"https:\/\/experienciadevida.com.ar\/portalurbano\/#organization\",\"name\":\"Portal Urbano\",\"url\":\"https:\/\/experienciadevida.com.ar\/portalurbano\/\",\"logo\":{\"@type\":\"ImageObject\",\"inLanguage\":\"es\",\"@id\":\"https:\/\/experienciadevida.com.ar\/portalurbano\/#\/schema\/logo\/image\/\",\"url\":\"https:\/\/experienciadevida.com.ar\/portalurbano\/wp-content\/uploads\/2019\/09\/Logo-Original.png\",\"contentUrl\":\"https:\/\/experienciadevida.com.ar\/portalurbano\/wp-content\/uploads\/2019\/09\/Logo-Original.png\",\"width\":2236,\"height\":1216,\"caption\":\"Portal Urbano\"},\"image\":{\"@id\":\"https:\/\/experienciadevida.com.ar\/portalurbano\/#\/schema\/logo\/image\/\"},\"sameAs\":[\"https:\/\/www.facebook.com\/Portal-Urbano-171542830093757\/\",\"https:\/\/twitter.com\/portalurbanook\",\"https:\/\/www.instagram.com\/_portalurbano\/\",\"https:\/\/www.youtube.com\/channel\/UCXhagIfszH8KxFiOok79zbA?view_as=subscriber\"]},{\"@type\":\"Person\",\"@id\":\"https:\/\/experienciadevida.com.ar\/portalurbano\/#\/schema\/person\/02dd326b1c4b056e9cc972486934a3a7\",\"name\":\"admpu17wp\",\"image\":{\"@type\":\"ImageObject\",\"inLanguage\":\"es\",\"@id\":\"https:\/\/experienciadevida.com.ar\/portalurbano\/#\/schema\/person\/image\/\",\"url\":\"https:\/\/secure.gravatar.com\/avatar\/830d4c57adaae6630765e449a6908047?s=96&d=mm&r=g\",\"contentUrl\":\"https:\/\/secure.gravatar.com\/avatar\/830d4c57adaae6630765e449a6908047?s=96&d=mm&r=g\",\"caption\":\"admpu17wp\"}}]}<\/script>\n<!-- \/ Yoast SEO plugin. -->","yoast_head_json":{"title":"Galli: \"Los alumnos Olavarrienses pueden continuar con la presencialidad en las aulas\" -","robots":{"index":"index","follow":"follow","max-snippet":"max-snippet:-1","max-image-preview":"max-image-preview:large","max-video-preview":"max-video-preview:-1"},"canonical":"https:\/\/experienciadevida.com.ar\/portalurbano\/galli-los-alumnos-olavarrienses-pueden-continuar-con-la-presencialidad-en-las-aulas\/","og_locale":"es_ES","og_type":"article","og_title":"Galli: \"Los alumnos Olavarrienses pueden continuar con la presencialidad en las aulas\" -","og_description":"Galli: &#8220;Los alumnos Olavarrienses pueden continuar con la presencialidad en las aulas&#8221;, as\u00ed lo mencion\u00f3...","og_url":"https:\/\/experienciadevida.com.ar\/portalurbano\/galli-los-alumnos-olavarrienses-pueden-continuar-con-la-presencialidad-en-las-aulas\/","article_publisher":"https:\/\/www.facebook.com\/Portal-Urbano-171542830093757\/","article_published_time":"2021-04-15T23:38:33+00:00","article_modified_time":"2021-04-15T23:39:05+00:00","og_image":[{"width":800,"height":534,"url":"https:\/\/experienciadevida.com.ar\/portalurbano\/wp-content\/uploads\/2020\/05\/Ezequiel-Galli-1024x683-1-e1588896178313.jpg","type":"image\/jpeg"}],"author":"admpu17wp","twitter_card":"summary_large_image","twitter_creator":"@portalurbanook","twitter_site":"@portalurbanook","twitter_misc":{"Escrito por":"admpu17wp","Tiempo de lectura":"1 minuto"},"schema":{"@context":"https:\/\/schema.org","@graph":[{"@type":"Article","@id":"https:\/\/experienciadevida.com.ar\/portalurbano\/galli-los-alumnos-olavarrienses-pueden-continuar-con-la-presencialidad-en-las-aulas\/#article","isPartOf":{"@id":"https:\/\/experienciadevida.com.ar\/portalurbano\/galli-los-alumnos-olavarrienses-pueden-continuar-con-la-presencialidad-en-las-aulas\/"},"author":{"name":"admpu17wp","@id":"https:\/\/experienciadevida.com.ar\/portalurbano\/#\/schema\/person\/02dd326b1c4b056e9cc972486934a3a7"},"headline":"Galli: &#8220;Los alumnos Olavarrienses pueden continuar con la presencialidad en las aulas&#8221;","datePublished":"2021-04-15T23:38:33+00:00","dateModified":"2021-04-15T23:39:05+00:00","mainEntityOfPage":{"@id":"https:\/\/experienciadevida.com.ar\/portalurbano\/galli-los-alumnos-olavarrienses-pueden-continuar-con-la-presencialidad-en-las-aulas\/"},"wordCount":197,"publisher":{"@id":"https:\/\/experienciadevida.com.ar\/portalurbano\/#organization"},"articleSection":["Ciudad","Destacadas 2"],"inLanguage":"es"},{"@type":"WebPage","@id":"https:\/\/experienciadevida.com.ar\/portalurbano\/galli-los-alumnos-olavarrienses-pueden-continuar-con-la-presencialidad-en-las-aulas\/","url":"https:\/\/experienciadevida.com.ar\/portalurbano\/galli-los-alumnos-olavarrienses-pueden-continuar-con-la-presencialidad-en-las-aulas\/","name":"Galli: \"Los alumnos Olavarrienses pueden continuar con la presencialidad en las aulas\" -","isPartOf":{"@id":"https:\/\/experienciadevida.com.ar\/portalurbano\/#website"},"datePublished":"2021-04-15T23:38:33+00:00","dateModified":"2021-04-15T23:39:05+00:00","breadcrumb":{"@id":"https:\/\/experienciadevida.com.ar\/portalurbano\/galli-los-alumnos-olavarrienses-pueden-continuar-con-la-presencialidad-en-las-aulas\/#breadcrumb"},"inLanguage":"es","potentialAction":[{"@type":"ReadAction","target":["https:\/\/experienciadevida.com.ar\/portalurbano\/galli-los-alumnos-olavarrienses-pueden-continuar-con-la-presencialidad-en-las-aulas\/"]}]},{"@type":"BreadcrumbList","@id":"https:\/\/experienciadevida.com.ar\/portalurbano\/galli-los-alumnos-olavarrienses-pueden-continuar-con-la-presencialidad-en-las-aulas\/#breadcrumb","itemListElement":[{"@type":"ListItem","position":1,"name":"Portada","item":"https:\/\/experienciadevida.com.ar\/portalurbano\/"},{"@type":"ListItem","position":2,"name":"Galli: \u00abLos alumnos Olavarrienses pueden continuar con la presencialidad en las aulas\u00bb"}]},{"@type":"WebSite","@id":"https:\/\/experienciadevida.com.ar\/portalurbano\/#website","url":"https:\/\/experienciadevida.com.ar\/portalurbano\/","name":"","description":"","publisher":{"@id":"https:\/\/experienciadevida.com.ar\/portalurbano\/#organization"},"potentialAction":[{"@type":"SearchAction","target":{"@type":"EntryPoint","urlTemplate":"https:\/\/experienciadevida.com.ar\/portalurbano\/?s={search_term_string}"},"query-input":"required name=search_term_string"}],"inLanguage":"es"},{"@type":"Organization","@id":"https:\/\/experienciadevida.com.ar\/portalurbano\/#organization","name":"Portal Urbano","url":"https:\/\/experienciadevida.com.ar\/portalurbano\/","logo":{"@type":"ImageObject","inLanguage":"es","@id":"https:\/\/experienciadevida.com.ar\/portalurbano\/#\/schema\/logo\/image\/","url":"https:\/\/experienciadevida.com.ar\/portalurbano\/wp-content\/uploads\/2019\/09\/Logo-Original.png","contentUrl":"https:\/\/experienciadevida.com.ar\/portalurbano\/wp-content\/uploads\/2019\/09\/Logo-Original.png","width":2236,"height":1216,"caption":"Portal Urbano"},"image":{"@id":"https:\/\/experienciadevida.com.ar\/portalurbano\/#\/schema\/logo\/image\/"},"sameAs":["https:\/\/www.facebook.com\/Portal-Urbano-171542830093757\/","https:\/\/twitter.com\/portalurbanook","https:\/\/www.instagram.com\/_portalurbano\/","https:\/\/www.youtube.com\/channel\/UCXhagIfszH8KxFiOok79zbA?view_as=subscriber"]},{"@type":"Person","@id":"https:\/\/experienciadevida.com.ar\/portalurbano\/#\/schema\/person\/02dd326b1c4b056e9cc972486934a3a7","name":"admpu17wp","image":{"@type":"ImageObject","inLanguage":"es","@id":"https:\/\/experienciadevida.com.ar\/portalurbano\/#\/schema\/person\/image\/","url":"https:\/\/secure.gravatar.com\/avatar\/830d4c57adaae6630765e449a6908047?s=96&d=mm&r=g","contentUrl":"https:\/\/secure.gravatar.com\/avatar\/830d4c57adaae6630765e449a6908047?s=96&d=mm&r=g","caption":"admpu17wp"}}]}},"featured_image_urls":{"full":["https:\/\/experienciadevida.com.ar\/portalurbano\/wp-content\/uploads\/2020\/05\/Ezequiel-Galli-1024x683-1-e1588896178313.jpg",800,534,false],"thumbnail":["https:\/\/experienciadevida.com.ar\/portalurbano\/wp-content\/uploads\/2020\/05\/Ezequiel-Galli-1024x683-1-150x150.jpg",150,150,true],"medium":["https:\/\/experienciadevida.com.ar\/portalurbano\/wp-content\/uploads\/2020\/05\/Ezequiel-Galli-1024x683-1-300x200.jpg",300,200,true],"medium_large":["https:\/\/experienciadevida.com.ar\/portalurbano\/wp-content\/uploads\/2020\/05\/Ezequiel-Galli-1024x683-1-768x512.jpg",640,427,true],"large":["https:\/\/experienciadevida.com.ar\/portalurbano\/wp-content\/uploads\/2020\/05\/Ezequiel-Galli-1024x683-1-e1588896178313.jpg",640,427,false],"ug_big":["https:\/\/experienciadevida.com.ar\/portalurbano\/wp-content\/uploads\/2020\/05\/Ezequiel-Galli-1024x683-1-768x512.jpg",768,512,true],"1536x1536":["https:\/\/experienciadevida.com.ar\/portalurbano\/wp-content\/uploads\/2020\/05\/Ezequiel-Galli-1024x683-1-e1588896178313.jpg",800,534,false],"2048x2048":["https:\/\/experienciadevida.com.ar\/portalurbano\/wp-content\/uploads\/2020\/05\/Ezequiel-Galli-1024x683-1-e1588896178313.jpg",800,534,false],"newsever-slider-full":["https:\/\/experienciadevida.com.ar\/portalurbano\/wp-content\/uploads\/2020\/05\/Ezequiel-Galli-1024x683-1-e1588896178313.jpg",800,534,false],"newsever-featured":["https:\/\/experienciadevida.com.ar\/portalurbano\/wp-content\/uploads\/2020\/05\/Ezequiel-Galli-1024x683-1-e1588896178313.jpg",800,534,false],"newsever-medium":["https:\/\/experienciadevida.com.ar\/portalurbano\/wp-content\/uploads\/2020\/05\/Ezequiel-Galli-1024x683-1-e1588896178313.jpg",712,475,false],"web-stories-poster-portrait":["https:\/\/experienciadevida.com.ar\/portalurbano\/wp-content\/uploads\/2020\/05\/Ezequiel-Galli-1024x683-1-e1588896178313.jpg",640,427,false],"web-stories-publisher-logo":["https:\/\/experienciadevida.com.ar\/portalurbano\/wp-content\/uploads\/2020\/05\/Ezequiel-Galli-1024x683-1-e1588896178313.jpg",96,64,false],"web-stories-thumbnail":["https:\/\/experienciadevida.com.ar\/portalurbano\/wp-content\/uploads\/2020\/05\/Ezequiel-Galli-1024x683-1-e1588896178313.jpg",150,100,false]},"author_info":{"display_name":"admpu17wp","author_link":"https:\/\/experienciadevida.com.ar\/portalurbano\/author\/admpu17wp\/"},"category_info":"<a href=\"https:\/\/experienciadevida.com.ar\/portalurbano\/category\/ciudad\/\" rel=\"category tag\">Ciudad<\/a> <a href=\"https:\/\/experienciadevida.com.ar\/portalurbano\/category\/destacadas-2\/\" rel=\"category tag\">Destacadas 2<\/a>","tag_info":"Destacadas 2","comment_count":"0","amp_enabled":true,"_links":{"self":[{"href":"https:\/\/experienciadevida.com.ar\/portalurbano\/wp-json\/wp\/v2\/posts\/140339"}],"collection":[{"href":"https:\/\/experienciadevida.com.ar\/portalurbano\/wp-json\/wp\/v2\/posts"}],"about":[{"href":"https:\/\/experienciadevida.com.ar\/portalurbano\/wp-json\/wp\/v2\/types\/post"}],"author":[{"embeddable":true,"href":"https:\/\/experienciadevida.com.ar\/portalurbano\/wp-json\/wp\/v2\/users\/1"}],"replies":[{"embeddable":true,"href":"https:\/\/experienciadevida.com.ar\/portalurbano\/wp-json\/wp\/v2\/comments?post=140339"}],"version-history":[{"count":2,"href":"https:\/\/experienciadevida.com.ar\/portalurbano\/wp-json\/wp\/v2\/posts\/140339\/revisions"}],"predecessor-version":[{"id":140341,"href":"https:\/\/experienciadevida.com.ar\/portalurbano\/wp-json\/wp\/v2\/posts\/140339\/revisions\/140341"}],"wp:featuredmedia":[{"embeddable":true,"href":"https:\/\/experienciadevida.com.ar\/portalurbano\/wp-json\/wp\/v2\/media\/108827"}],"wp:attachment":[{"href":"https:\/\/experienciadevida.com.ar\/portalurbano\/wp-json\/wp\/v2\/media?parent=140339"}],"wp:term":[{"taxonomy":"category","embeddable":true,"href":"https:\/\/experienciadevida.com.ar\/portalurbano\/wp-json\/wp\/v2\/categories?post=140339"},{"taxonomy":"post_tag","embeddable":true,"href":"https:\/\/experienciadevida.com.ar\/portalurbano\/wp-json\/wp\/v2\/tags?post=140339"}],"curies":[{"name":"wp","href":"https:\/\/api.w.org\/{rel}","templated":true}]}}