{"id":140285,"date":"2021-04-15T13:07:50","date_gmt":"2021-04-15T16:07:50","guid":{"rendered":"https:\/\/experienciadevida.com.ar\/portalurbano\/?p=140285"},"modified":"2021-04-15T13:08:09","modified_gmt":"2021-04-15T16:08:09","slug":"gollan-tenemos-que-estar-todos-del-mismo-lado-en-contra-del-coronavirus","status":"publish","type":"post","link":"https:\/\/experienciadevida.com.ar\/portalurbano\/gollan-tenemos-que-estar-todos-del-mismo-lado-en-contra-del-coronavirus\/","title":{"rendered":"Gollan: \u201cTenemos que estar todos del mismo lado, en contra del coronavirus\u201d"},"content":{"rendered":"<p>Gollan: \u201cTenemos que estar todos del mismo lado, en contra del coronavirus\u201d, &#8220;en t\u00e9rminos pol\u00edticos nos podemos matar\u201d, afirm\u00f3 el ministro de Salud bonaerense, \u201cpero ahora tenemos que estar alineados\u201d.<\/p>\n<p>El ministro de Salud de la provincia de Buenos Aires, Daniel Gollan, defendi\u00f3 este jueves las medidas anunciadas por el presidente Alberto Fern\u00e1ndez ante el aumento de casos de coronavirus en la regi\u00f3n del AMBA y pidi\u00f3 a todos los sectores pol\u00edticos \u201cestar del mismo lado\u201d para enfrentar la segunda ola de la pandemia.<\/p>\n<p>\u201cEl a\u00f1o pasado actuamos muy en coincidencia y en consonancia, yo creo que no hab\u00eda metido la cola la baja pol\u00edtica. Ahora tenemos que estar en contra del coronavirus, despu\u00e9s, en t\u00e9rminos pol\u00edticos y electorales, mat\u00e9monos, pero ahora tenemos que estar del mismo lado\u201d, exhort\u00f3 el ministro.<\/p>\n<p>Situaci\u00f3n cr\u00edtica:<\/p>\n<p>Daniel Gollan explic\u00f3 las restricciones que buscan parar la velocidad de contagios en el conglomerado del AMBA y asegur\u00f3 que las medidas fueron consensuadas con \u201ctodas las l\u00edneas t\u00e9cnicas\u201d de cada jurisdicci\u00f3n.<\/p>\n<p>\u201cNosotros hablamos permanentemente con las l\u00edneas t\u00e9cnicas (de las carteras de Salud), y la nuestra y las de otras provincias es la misma: estamos en una situaci\u00f3n cr\u00edtica\u201d, dijo Gollan y luego subray\u00f3: \u201cYo puedo asegurar que estamos todos en l\u00ednea ya que la situaci\u00f3n es cr\u00edtica, que hay que tomar medidas fuertes\u201d.<\/p>\n<p>Al ser consultado sobre la suspensi\u00f3n de las clases presenciales por 15 d\u00edas en el AMBA, una decisi\u00f3n que d\u00edas antes se hab\u00eda descartado, Gollan argument\u00f3 que \u201clos cambios se van produciendo en base a la realidad\u201d y se\u00f1al\u00f3 que esa revisi\u00f3n \u201cno es pol\u00e9mica\u201d.<\/p>\n<p>\u201cPol\u00e9mico lo vuelven algunas personas que siempre quieren generar alguna situaci\u00f3n de conflicto que no tenemos que tener ahora, tenemos que estar todos alineados\u201d, remarc\u00f3.<\/p>\n<p>Vacunaciones:<\/p>\n<p>Por otro lado, en relaci\u00f3n a la joven de Merlo que se aplic\u00f3 la vacuna contra el coronavirus tras presentarse falsamente como \u201cpersonal de salud\u201d, el funcionario cont\u00f3 que el caso ya est\u00e1 en la Justicia.<\/p>\n<p>\u201cLa chica fragu\u00f3, falsific\u00f3 una declaraci\u00f3n jurada con certificaci\u00f3n, ya tiene su correspondiente causa penal y est\u00e1 actuando la Justicia\u201d, remarc\u00f3.<\/p>\n<p>Sobre esta \u00faltima situaci\u00f3n, Gollan se\u00f1al\u00f3 que frente a \u201ccasos de gente que burla el sistema\u201d el Ministerio de Salud bonaerense \u201cno puede poner un fiscal dentro de cada centro de vacunaci\u00f3n\u201d.<\/p>\n<p>Y asegur\u00f3 que el programa Buenos Aires Vacunate \u201ces un sistema sanitario, no un programa policial\u201d, tras lo cual advirti\u00f3 que quienes adulteren o falsifiquen su condici\u00f3n para acceder a la vacunaci\u00f3n de modo irregular \u201cse comer\u00e1n una causa penal\u201d.<\/p>\n<p>Por otro lado, Gollan enfatiz\u00f3 en que en un mes y medio se habr\u00e1n vacunado a 5 millones de bonaerenses, y que con eso se bajar\u00e1 la mortalidad, \u201cque es el primer gran objetivo\u201d.<\/p>\n<p>\u201cEn la Provincia esta semana terminamos con el 100% de los mayores de 70, si en un mes y medio o dos podemos tener a toda la poblaci\u00f3n de riesgo protegida hay otra esperanza muy diferente a la del a\u00f1o pasado\u201d, proyect\u00f3.<\/p>\n<p>Fuente: DIB<\/p>\n","protected":false},"excerpt":{"rendered":"<p>Gollan: \u201cTenemos que estar todos del mismo lado, en contra del coronavirus\u201d, &#8220;en t\u00e9rminos pol\u00edticos&#8230;<\/p>\n","protected":false},"author":1,"featured_media":140286,"comment_status":"closed","ping_status":"closed","sticky":false,"template":"","format":"standard","meta":{"content-type":""},"categories":[71,39],"tags":[],"nelio_content":{"isAutoShareEnabled":false,"autoShareEndMode":"default","automationSources":{"useContentSentences":true,"useSocialTemplates":true,"useCustomSentences":false,"customSentences":[]},"followers":[1],"suggestedReferences":[],"includedReferences":[],"efiUrl":"","efiAlt":"","highlights":[]},"yoast_head":"<!-- This site is optimized with the Yoast SEO plugin v20.7 - https:\/\/yoast.com\/wordpress\/plugins\/seo\/ -->\n<title>Gollan: &quot;Tenemos que estar todos del mismo lado en contra del Covid&quot;<\/title>\n<meta name=\"description\" content=\"Gollan: \u201cTenemos que estar todos del mismo lado, en contra del coronavirus\u201d, &quot;en t\u00e9rminos pol\u00edticos nos podemos matar\u201d afirm\u00f3.\" \/>\n<meta name=\"robots\" content=\"index, follow, max-snippet:-1, max-image-preview:large, max-video-preview:-1\" \/>\n<link rel=\"canonical\" href=\"https:\/\/experienciadevida.com.ar\/portalurbano\/gollan-tenemos-que-estar-todos-del-mismo-lado-en-contra-del-coronavirus\/\" \/>\n<meta property=\"og:locale\" content=\"es_ES\" \/>\n<meta property=\"og:type\" content=\"article\" \/>\n<meta property=\"og:title\" content=\"Gollan: &quot;Tenemos que estar todos del mismo lado en contra del Covid&quot;\" \/>\n<meta property=\"og:description\" content=\"Gollan: \u201cTenemos que estar todos del mismo lado, en contra del coronavirus\u201d, &quot;en t\u00e9rminos pol\u00edticos nos podemos matar\u201d afirm\u00f3.\" \/>\n<meta property=\"og:url\" content=\"https:\/\/experienciadevida.com.ar\/portalurbano\/gollan-tenemos-que-estar-todos-del-mismo-lado-en-contra-del-coronavirus\/\" \/>\n<meta property=\"article:publisher\" content=\"https:\/\/www.facebook.com\/Portal-Urbano-171542830093757\/\" \/>\n<meta property=\"article:published_time\" content=\"2021-04-15T16:07:50+00:00\" \/>\n<meta property=\"article:modified_time\" content=\"2021-04-15T16:08:09+00:00\" \/>\n<meta property=\"og:image\" content=\"https:\/\/experienciadevida.com.ar\/portalurbano\/wp-content\/uploads\/2021\/04\/Gollan.jpg\" \/>\n\t<meta property=\"og:image:width\" content=\"696\" \/>\n\t<meta property=\"og:image:height\" content=\"392\" \/>\n\t<meta property=\"og:image:type\" content=\"image\/jpeg\" \/>\n<meta name=\"author\" content=\"admpu17wp\" \/>\n<meta name=\"twitter:card\" content=\"summary_large_image\" \/>\n<meta name=\"twitter:creator\" content=\"@portalurbanook\" \/>\n<meta name=\"twitter:site\" content=\"@portalurbanook\" \/>\n<meta name=\"twitter:label1\" content=\"Escrito por\" \/>\n\t<meta name=\"twitter:data1\" content=\"admpu17wp\" \/>\n\t<meta name=\"twitter:label2\" content=\"Tiempo de lectura\" \/>\n\t<meta name=\"twitter:data2\" content=\"3 minutos\" \/>\n<script type=\"application\/ld+json\" class=\"yoast-schema-graph\">{\"@context\":\"https:\/\/schema.org\",\"@graph\":[{\"@type\":\"Article\",\"@id\":\"https:\/\/experienciadevida.com.ar\/portalurbano\/gollan-tenemos-que-estar-todos-del-mismo-lado-en-contra-del-coronavirus\/#article\",\"isPartOf\":{\"@id\":\"https:\/\/experienciadevida.com.ar\/portalurbano\/gollan-tenemos-que-estar-todos-del-mismo-lado-en-contra-del-coronavirus\/\"},\"author\":{\"name\":\"admpu17wp\",\"@id\":\"https:\/\/experienciadevida.com.ar\/portalurbano\/#\/schema\/person\/02dd326b1c4b056e9cc972486934a3a7\"},\"headline\":\"Gollan: \u201cTenemos que estar todos del mismo lado, en contra del coronavirus\u201d\",\"datePublished\":\"2021-04-15T16:07:50+00:00\",\"dateModified\":\"2021-04-15T16:08:09+00:00\",\"mainEntityOfPage\":{\"@id\":\"https:\/\/experienciadevida.com.ar\/portalurbano\/gollan-tenemos-que-estar-todos-del-mismo-lado-en-contra-del-coronavirus\/\"},\"wordCount\":550,\"publisher\":{\"@id\":\"https:\/\/experienciadevida.com.ar\/portalurbano\/#organization\"},\"articleSection\":[\"Coronavirus\",\"Naci\u00f3n\"],\"inLanguage\":\"es\"},{\"@type\":\"WebPage\",\"@id\":\"https:\/\/experienciadevida.com.ar\/portalurbano\/gollan-tenemos-que-estar-todos-del-mismo-lado-en-contra-del-coronavirus\/\",\"url\":\"https:\/\/experienciadevida.com.ar\/portalurbano\/gollan-tenemos-que-estar-todos-del-mismo-lado-en-contra-del-coronavirus\/\",\"name\":\"Gollan: \\\"Tenemos que estar todos del mismo lado en contra del Covid\\\"\",\"isPartOf\":{\"@id\":\"https:\/\/experienciadevida.com.ar\/portalurbano\/#website\"},\"datePublished\":\"2021-04-15T16:07:50+00:00\",\"dateModified\":\"2021-04-15T16:08:09+00:00\",\"description\":\"Gollan: \u201cTenemos que estar todos del mismo lado, en contra del coronavirus\u201d, \\\"en t\u00e9rminos pol\u00edticos nos podemos matar\u201d afirm\u00f3.\",\"breadcrumb\":{\"@id\":\"https:\/\/experienciadevida.com.ar\/portalurbano\/gollan-tenemos-que-estar-todos-del-mismo-lado-en-contra-del-coronavirus\/#breadcrumb\"},\"inLanguage\":\"es\",\"potentialAction\":[{\"@type\":\"ReadAction\",\"target\":[\"https:\/\/experienciadevida.com.ar\/portalurbano\/gollan-tenemos-que-estar-todos-del-mismo-lado-en-contra-del-coronavirus\/\"]}]},{\"@type\":\"BreadcrumbList\",\"@id\":\"https:\/\/experienciadevida.com.ar\/portalurbano\/gollan-tenemos-que-estar-todos-del-mismo-lado-en-contra-del-coronavirus\/#breadcrumb\",\"itemListElement\":[{\"@type\":\"ListItem\",\"position\":1,\"name\":\"Portada\",\"item\":\"https:\/\/experienciadevida.com.ar\/portalurbano\/\"},{\"@type\":\"ListItem\",\"position\":2,\"name\":\"Gollan: \u201cTenemos que estar todos del mismo lado, en contra del coronavirus\u201d\"}]},{\"@type\":\"WebSite\",\"@id\":\"https:\/\/experienciadevida.com.ar\/portalurbano\/#website\",\"url\":\"https:\/\/experienciadevida.com.ar\/portalurbano\/\",\"name\":\"\",\"description\":\"\",\"publisher\":{\"@id\":\"https:\/\/experienciadevida.com.ar\/portalurbano\/#organization\"},\"potentialAction\":[{\"@type\":\"SearchAction\",\"target\":{\"@type\":\"EntryPoint\",\"urlTemplate\":\"https:\/\/experienciadevida.com.ar\/portalurbano\/?s={search_term_string}\"},\"query-input\":\"required name=search_term_string\"}],\"inLanguage\":\"es\"},{\"@type\":\"Organization\",\"@id\":\"https:\/\/experienciadevida.com.ar\/portalurbano\/#organization\",\"name\":\"Portal Urbano\",\"url\":\"https:\/\/experienciadevida.com.ar\/portalurbano\/\",\"logo\":{\"@type\":\"ImageObject\",\"inLanguage\":\"es\",\"@id\":\"https:\/\/experienciadevida.com.ar\/portalurbano\/#\/schema\/logo\/image\/\",\"url\":\"https:\/\/experienciadevida.com.ar\/portalurbano\/wp-content\/uploads\/2019\/09\/Logo-Original.png\",\"contentUrl\":\"https:\/\/experienciadevida.com.ar\/portalurbano\/wp-content\/uploads\/2019\/09\/Logo-Original.png\",\"width\":2236,\"height\":1216,\"caption\":\"Portal Urbano\"},\"image\":{\"@id\":\"https:\/\/experienciadevida.com.ar\/portalurbano\/#\/schema\/logo\/image\/\"},\"sameAs\":[\"https:\/\/www.facebook.com\/Portal-Urbano-171542830093757\/\",\"https:\/\/twitter.com\/portalurbanook\",\"https:\/\/www.instagram.com\/_portalurbano\/\",\"https:\/\/www.youtube.com\/channel\/UCXhagIfszH8KxFiOok79zbA?view_as=subscriber\"]},{\"@type\":\"Person\",\"@id\":\"https:\/\/experienciadevida.com.ar\/portalurbano\/#\/schema\/person\/02dd326b1c4b056e9cc972486934a3a7\",\"name\":\"admpu17wp\",\"image\":{\"@type\":\"ImageObject\",\"inLanguage\":\"es\",\"@id\":\"https:\/\/experienciadevida.com.ar\/portalurbano\/#\/schema\/person\/image\/\",\"url\":\"https:\/\/secure.gravatar.com\/avatar\/830d4c57adaae6630765e449a6908047?s=96&d=mm&r=g\",\"contentUrl\":\"https:\/\/secure.gravatar.com\/avatar\/830d4c57adaae6630765e449a6908047?s=96&d=mm&r=g\",\"caption\":\"admpu17wp\"}}]}<\/script>\n<!-- \/ Yoast SEO plugin. -->","yoast_head_json":{"title":"Gollan: \"Tenemos que estar todos del mismo lado en contra del Covid\"","description":"Gollan: \u201cTenemos que estar todos del mismo lado, en contra del coronavirus\u201d, \"en t\u00e9rminos pol\u00edticos nos podemos matar\u201d afirm\u00f3.","robots":{"index":"index","follow":"follow","max-snippet":"max-snippet:-1","max-image-preview":"max-image-preview:large","max-video-preview":"max-video-preview:-1"},"canonical":"https:\/\/experienciadevida.com.ar\/portalurbano\/gollan-tenemos-que-estar-todos-del-mismo-lado-en-contra-del-coronavirus\/","og_locale":"es_ES","og_type":"article","og_title":"Gollan: \"Tenemos que estar todos del mismo lado en contra del Covid\"","og_description":"Gollan: \u201cTenemos que estar todos del mismo lado, en contra del coronavirus\u201d, \"en t\u00e9rminos pol\u00edticos nos podemos matar\u201d afirm\u00f3.","og_url":"https:\/\/experienciadevida.com.ar\/portalurbano\/gollan-tenemos-que-estar-todos-del-mismo-lado-en-contra-del-coronavirus\/","article_publisher":"https:\/\/www.facebook.com\/Portal-Urbano-171542830093757\/","article_published_time":"2021-04-15T16:07:50+00:00","article_modified_time":"2021-04-15T16:08:09+00:00","og_image":[{"width":696,"height":392,"url":"https:\/\/experienciadevida.com.ar\/portalurbano\/wp-content\/uploads\/2021\/04\/Gollan.jpg","type":"image\/jpeg"}],"author":"admpu17wp","twitter_card":"summary_large_image","twitter_creator":"@portalurbanook","twitter_site":"@portalurbanook","twitter_misc":{"Escrito por":"admpu17wp","Tiempo de lectura":"3 minutos"},"schema":{"@context":"https:\/\/schema.org","@graph":[{"@type":"Article","@id":"https:\/\/experienciadevida.com.ar\/portalurbano\/gollan-tenemos-que-estar-todos-del-mismo-lado-en-contra-del-coronavirus\/#article","isPartOf":{"@id":"https:\/\/experienciadevida.com.ar\/portalurbano\/gollan-tenemos-que-estar-todos-del-mismo-lado-en-contra-del-coronavirus\/"},"author":{"name":"admpu17wp","@id":"https:\/\/experienciadevida.com.ar\/portalurbano\/#\/schema\/person\/02dd326b1c4b056e9cc972486934a3a7"},"headline":"Gollan: \u201cTenemos que estar todos del mismo lado, en contra del coronavirus\u201d","datePublished":"2021-04-15T16:07:50+00:00","dateModified":"2021-04-15T16:08:09+00:00","mainEntityOfPage":{"@id":"https:\/\/experienciadevida.com.ar\/portalurbano\/gollan-tenemos-que-estar-todos-del-mismo-lado-en-contra-del-coronavirus\/"},"wordCount":550,"publisher":{"@id":"https:\/\/experienciadevida.com.ar\/portalurbano\/#organization"},"articleSection":["Coronavirus","Naci\u00f3n"],"inLanguage":"es"},{"@type":"WebPage","@id":"https:\/\/experienciadevida.com.ar\/portalurbano\/gollan-tenemos-que-estar-todos-del-mismo-lado-en-contra-del-coronavirus\/","url":"https:\/\/experienciadevida.com.ar\/portalurbano\/gollan-tenemos-que-estar-todos-del-mismo-lado-en-contra-del-coronavirus\/","name":"Gollan: \"Tenemos que estar todos del mismo lado en contra del Covid\"","isPartOf":{"@id":"https:\/\/experienciadevida.com.ar\/portalurbano\/#website"},"datePublished":"2021-04-15T16:07:50+00:00","dateModified":"2021-04-15T16:08:09+00:00","description":"Gollan: \u201cTenemos que estar todos del mismo lado, en contra del coronavirus\u201d, \"en t\u00e9rminos pol\u00edticos nos podemos matar\u201d afirm\u00f3.","breadcrumb":{"@id":"https:\/\/experienciadevida.com.ar\/portalurbano\/gollan-tenemos-que-estar-todos-del-mismo-lado-en-contra-del-coronavirus\/#breadcrumb"},"inLanguage":"es","potentialAction":[{"@type":"ReadAction","target":["https:\/\/experienciadevida.com.ar\/portalurbano\/gollan-tenemos-que-estar-todos-del-mismo-lado-en-contra-del-coronavirus\/"]}]},{"@type":"BreadcrumbList","@id":"https:\/\/experienciadevida.com.ar\/portalurbano\/gollan-tenemos-que-estar-todos-del-mismo-lado-en-contra-del-coronavirus\/#breadcrumb","itemListElement":[{"@type":"ListItem","position":1,"name":"Portada","item":"https:\/\/experienciadevida.com.ar\/portalurbano\/"},{"@type":"ListItem","position":2,"name":"Gollan: \u201cTenemos que estar todos del mismo lado, en contra del coronavirus\u201d"}]},{"@type":"WebSite","@id":"https:\/\/experienciadevida.com.ar\/portalurbano\/#website","url":"https:\/\/experienciadevida.com.ar\/portalurbano\/","name":"","description":"","publisher":{"@id":"https:\/\/experienciadevida.com.ar\/portalurbano\/#organization"},"potentialAction":[{"@type":"SearchAction","target":{"@type":"EntryPoint","urlTemplate":"https:\/\/experienciadevida.com.ar\/portalurbano\/?s={search_term_string}"},"query-input":"required name=search_term_string"}],"inLanguage":"es"},{"@type":"Organization","@id":"https:\/\/experienciadevida.com.ar\/portalurbano\/#organization","name":"Portal Urbano","url":"https:\/\/experienciadevida.com.ar\/portalurbano\/","logo":{"@type":"ImageObject","inLanguage":"es","@id":"https:\/\/experienciadevida.com.ar\/portalurbano\/#\/schema\/logo\/image\/","url":"https:\/\/experienciadevida.com.ar\/portalurbano\/wp-content\/uploads\/2019\/09\/Logo-Original.png","contentUrl":"https:\/\/experienciadevida.com.ar\/portalurbano\/wp-content\/uploads\/2019\/09\/Logo-Original.png","width":2236,"height":1216,"caption":"Portal Urbano"},"image":{"@id":"https:\/\/experienciadevida.com.ar\/portalurbano\/#\/schema\/logo\/image\/"},"sameAs":["https:\/\/www.facebook.com\/Portal-Urbano-171542830093757\/","https:\/\/twitter.com\/portalurbanook","https:\/\/www.instagram.com\/_portalurbano\/","https:\/\/www.youtube.com\/channel\/UCXhagIfszH8KxFiOok79zbA?view_as=subscriber"]},{"@type":"Person","@id":"https:\/\/experienciadevida.com.ar\/portalurbano\/#\/schema\/person\/02dd326b1c4b056e9cc972486934a3a7","name":"admpu17wp","image":{"@type":"ImageObject","inLanguage":"es","@id":"https:\/\/experienciadevida.com.ar\/portalurbano\/#\/schema\/person\/image\/","url":"https:\/\/secure.gravatar.com\/avatar\/830d4c57adaae6630765e449a6908047?s=96&d=mm&r=g","contentUrl":"https:\/\/secure.gravatar.com\/avatar\/830d4c57adaae6630765e449a6908047?s=96&d=mm&r=g","caption":"admpu17wp"}}]}},"featured_image_urls":{"full":["https:\/\/experienciadevida.com.ar\/portalurbano\/wp-content\/uploads\/2021\/04\/Gollan.jpg",696,392,false],"thumbnail":["https:\/\/experienciadevida.com.ar\/portalurbano\/wp-content\/uploads\/2021\/04\/Gollan-150x150.jpg",150,150,true],"medium":["https:\/\/experienciadevida.com.ar\/portalurbano\/wp-content\/uploads\/2021\/04\/Gollan-300x169.jpg",300,169,true],"medium_large":["https:\/\/experienciadevida.com.ar\/portalurbano\/wp-content\/uploads\/2021\/04\/Gollan.jpg",640,360,false],"large":["https:\/\/experienciadevida.com.ar\/portalurbano\/wp-content\/uploads\/2021\/04\/Gollan.jpg",640,360,false],"ug_big":["https:\/\/experienciadevida.com.ar\/portalurbano\/wp-content\/uploads\/2021\/04\/Gollan.jpg",696,392,false],"1536x1536":["https:\/\/experienciadevida.com.ar\/portalurbano\/wp-content\/uploads\/2021\/04\/Gollan.jpg",696,392,false],"2048x2048":["https:\/\/experienciadevida.com.ar\/portalurbano\/wp-content\/uploads\/2021\/04\/Gollan.jpg",696,392,false],"newsever-slider-full":["https:\/\/experienciadevida.com.ar\/portalurbano\/wp-content\/uploads\/2021\/04\/Gollan.jpg",696,392,false],"newsever-featured":["https:\/\/experienciadevida.com.ar\/portalurbano\/wp-content\/uploads\/2021\/04\/Gollan.jpg",696,392,false],"newsever-medium":["https:\/\/experienciadevida.com.ar\/portalurbano\/wp-content\/uploads\/2021\/04\/Gollan.jpg",696,392,false],"web-stories-poster-portrait":["https:\/\/experienciadevida.com.ar\/portalurbano\/wp-content\/uploads\/2021\/04\/Gollan.jpg",640,360,false],"web-stories-publisher-logo":["https:\/\/experienciadevida.com.ar\/portalurbano\/wp-content\/uploads\/2021\/04\/Gollan.jpg",96,54,false],"web-stories-thumbnail":["https:\/\/experienciadevida.com.ar\/portalurbano\/wp-content\/uploads\/2021\/04\/Gollan.jpg",150,84,false]},"author_info":{"display_name":"admpu17wp","author_link":"https:\/\/experienciadevida.com.ar\/portalurbano\/author\/admpu17wp\/"},"category_info":"<a href=\"https:\/\/experienciadevida.com.ar\/portalurbano\/category\/nacion\/coronavirus\/\" rel=\"category tag\">Coronavirus<\/a> <a href=\"https:\/\/experienciadevida.com.ar\/portalurbano\/category\/nacion\/\" rel=\"category tag\">Naci\u00f3n<\/a>","tag_info":"Naci\u00f3n","comment_count":"0","amp_enabled":true,"_links":{"self":[{"href":"https:\/\/experienciadevida.com.ar\/portalurbano\/wp-json\/wp\/v2\/posts\/140285"}],"collection":[{"href":"https:\/\/experienciadevida.com.ar\/portalurbano\/wp-json\/wp\/v2\/posts"}],"about":[{"href":"https:\/\/experienciadevida.com.ar\/portalurbano\/wp-json\/wp\/v2\/types\/post"}],"author":[{"embeddable":true,"href":"https:\/\/experienciadevida.com.ar\/portalurbano\/wp-json\/wp\/v2\/users\/1"}],"replies":[{"embeddable":true,"href":"https:\/\/experienciadevida.com.ar\/portalurbano\/wp-json\/wp\/v2\/comments?post=140285"}],"version-history":[{"count":2,"href":"https:\/\/experienciadevida.com.ar\/portalurbano\/wp-json\/wp\/v2\/posts\/140285\/revisions"}],"predecessor-version":[{"id":140288,"href":"https:\/\/experienciadevida.com.ar\/portalurbano\/wp-json\/wp\/v2\/posts\/140285\/revisions\/140288"}],"wp:featuredmedia":[{"embeddable":true,"href":"https:\/\/experienciadevida.com.ar\/portalurbano\/wp-json\/wp\/v2\/media\/140286"}],"wp:attachment":[{"href":"https:\/\/experienciadevida.com.ar\/portalurbano\/wp-json\/wp\/v2\/media?parent=140285"}],"wp:term":[{"taxonomy":"category","embeddable":true,"href":"https:\/\/experienciadevida.com.ar\/portalurbano\/wp-json\/wp\/v2\/categories?post=140285"},{"taxonomy":"post_tag","embeddable":true,"href":"https:\/\/experienciadevida.com.ar\/portalurbano\/wp-json\/wp\/v2\/tags?post=140285"}],"curies":[{"name":"wp","href":"https:\/\/api.w.org\/{rel}","templated":true}]}}