{"id":140281,"date":"2021-04-15T13:02:29","date_gmt":"2021-04-15T16:02:29","guid":{"rendered":"https:\/\/experienciadevida.com.ar\/portalurbano\/?p=140281"},"modified":"2021-04-15T13:02:50","modified_gmt":"2021-04-15T16:02:50","slug":"el-gobierno-no-descarta-volver-a-frenar-los-desalojos-y-congelar-los-alquileres","status":"publish","type":"post","link":"https:\/\/experienciadevida.com.ar\/portalurbano\/el-gobierno-no-descarta-volver-a-frenar-los-desalojos-y-congelar-los-alquileres\/","title":{"rendered":"El Gobierno no descarta volver a frenar los desalojos y congelar los alquileres"},"content":{"rendered":"<p>El Gobierno no descarta volver a frenar los desalojos y congelar los alquileres, &#8220;mientras la excepci\u00f3n siga, tenemos que seguir en un mundo excepcional&#8221;, indic\u00f3 Alberto Fern\u00e1ndez.<\/p>\n<p>El Gobierno nacional estudia volver a congelar el precio de los alquileres y frenar nuevamente los desalojos, ante las nuevas restricciones que regir\u00e1n en principio hasta fin de mes para intentar frenar la segunda ola de contagios de coronavirus.<\/p>\n<p>El presidente Alberto Fern\u00e1ndez plante\u00f3 este jueves que le preocupa de manera particular la situaci\u00f3n de los inquilinos y la posibilidad que pierdan su vivienda ante falta de pagos motivadas por la \u201csituaci\u00f3n excepcional\u201d de la pandemia, \u201cque est\u00e1 de vuelta\u201d.<\/p>\n<p>El Gobierno no descarta volver a frenar los desalojos y congelar los alquileres, por eso adelant\u00f3 que en su retorno a la actividad, tras permanecer aislado 14 d\u00edas por dar positivo de Covid-19, se reunir\u00e1 con el ministro de Desarrollo Territorial y H\u00e1bitat, Jorge Ferraresi, para definir los pasos a seguir en ese sentido.<\/p>\n<p>\u201cUna de las primeras cosas que tengo que hacer en mi regreso a casa de Gobierno es llamar a Jorge Ferraresi para hablar de ese tema (en referencia a los alquileres y desalojos), que me preocupa. El momento de excepci\u00f3n no ha desaparecido. Pas\u00f3 una primera hora y ahora viene una segunda ola, mucho m\u00e1s complicada\u201d, dijo el Presidente.<\/p>\n<p>Y agreg\u00f3: \u201cQuiero que todos entiendan que aparecen variantes del virus todo el tiempo, ac\u00e1 y en todo el mundo. Tenemos que ser muy cuidadosos. Mientras la excepci\u00f3n siga, tenemos que seguir pensando en un mundo excepcional\u201d.<\/p>\n<p>El Gobierno no descarta volver a frenar los desalojos, que quedaron liberados desde el 1\u00b0 de abril \u00faltimo tras un a\u00f1o de congelamiento en el marco de las medidas definidas en 2020 para enfrentar los efectos de la pandemia. La actualizaci\u00f3n de los contratos de locaci\u00f3n gener\u00f3 el rechazo de las asociaciones de inquilinos, que alertaron por las familias que se quedar\u00edan en la calle y las condiciones de hacinamiento en las viviendas en el marco de la situaci\u00f3n sanitaria.<\/p>\n<p>A modo de respuesta, el Gobierno defini\u00f3 un protocolo para asistir a familias que est\u00e9n cerca de sufrir un desalojo. Se aplicar\u00e1 a los locatarios de vivienda \u00fanica y familiar en reg\u00edmenes de alquileres formales (una porci\u00f3n menor de los contratos), es decir, aquellos que est\u00e9n declarados ante la Administraci\u00f3n Federal de Ingresos P\u00fablicos.<\/p>\n<p>Fuente: DIB<\/p>\n","protected":false},"excerpt":{"rendered":"<p>El Gobierno no descarta volver a frenar los desalojos y congelar los alquileres, &#8220;mientras la&#8230;<\/p>\n","protected":false},"author":1,"featured_media":140282,"comment_status":"closed","ping_status":"closed","sticky":false,"template":"","format":"standard","meta":{"content-type":""},"categories":[39],"tags":[],"nelio_content":{"isAutoShareEnabled":false,"autoShareEndMode":"default","automationSources":{"useContentSentences":true,"useSocialTemplates":true,"useCustomSentences":false,"customSentences":[]},"followers":[1],"suggestedReferences":[],"includedReferences":[],"efiUrl":"","efiAlt":"","highlights":[]},"yoast_head":"<!-- This site is optimized with the Yoast SEO plugin v20.7 - https:\/\/yoast.com\/wordpress\/plugins\/seo\/ -->\n<title>El Gobierno no descarta volver a frenar los desalojos y congelar alquileres<\/title>\n<meta name=\"description\" content=\"El Gobierno no descarta volver a frenar los desalojos y congelar los alquileres, &quot;mientras la excepci\u00f3n siga, tenemos que seguir&quot;\" \/>\n<meta name=\"robots\" content=\"index, follow, max-snippet:-1, max-image-preview:large, max-video-preview:-1\" \/>\n<link rel=\"canonical\" href=\"https:\/\/experienciadevida.com.ar\/portalurbano\/el-gobierno-no-descarta-volver-a-frenar-los-desalojos-y-congelar-los-alquileres\/\" \/>\n<meta property=\"og:locale\" content=\"es_ES\" \/>\n<meta property=\"og:type\" content=\"article\" \/>\n<meta property=\"og:title\" content=\"El Gobierno no descarta volver a frenar los desalojos y congelar alquileres\" \/>\n<meta property=\"og:description\" content=\"El Gobierno no descarta volver a frenar los desalojos y congelar los alquileres, &quot;mientras la excepci\u00f3n siga, tenemos que seguir&quot;\" \/>\n<meta property=\"og:url\" content=\"https:\/\/experienciadevida.com.ar\/portalurbano\/el-gobierno-no-descarta-volver-a-frenar-los-desalojos-y-congelar-los-alquileres\/\" \/>\n<meta property=\"article:publisher\" content=\"https:\/\/www.facebook.com\/Portal-Urbano-171542830093757\/\" \/>\n<meta property=\"article:published_time\" content=\"2021-04-15T16:02:29+00:00\" \/>\n<meta property=\"article:modified_time\" content=\"2021-04-15T16:02:50+00:00\" \/>\n<meta property=\"og:image\" content=\"https:\/\/experienciadevida.com.ar\/portalurbano\/wp-content\/uploads\/2021\/04\/El-Gobierno-no-descarta-volver.jpg\" \/>\n\t<meta property=\"og:image:width\" content=\"696\" \/>\n\t<meta property=\"og:image:height\" content=\"464\" \/>\n\t<meta property=\"og:image:type\" content=\"image\/jpeg\" \/>\n<meta name=\"author\" content=\"admpu17wp\" \/>\n<meta name=\"twitter:card\" content=\"summary_large_image\" \/>\n<meta name=\"twitter:creator\" content=\"@portalurbanook\" \/>\n<meta name=\"twitter:site\" content=\"@portalurbanook\" \/>\n<meta name=\"twitter:label1\" content=\"Escrito por\" \/>\n\t<meta name=\"twitter:data1\" content=\"admpu17wp\" \/>\n\t<meta name=\"twitter:label2\" content=\"Tiempo de lectura\" \/>\n\t<meta name=\"twitter:data2\" content=\"2 minutos\" \/>\n<script type=\"application\/ld+json\" class=\"yoast-schema-graph\">{\"@context\":\"https:\/\/schema.org\",\"@graph\":[{\"@type\":\"Article\",\"@id\":\"https:\/\/experienciadevida.com.ar\/portalurbano\/el-gobierno-no-descarta-volver-a-frenar-los-desalojos-y-congelar-los-alquileres\/#article\",\"isPartOf\":{\"@id\":\"https:\/\/experienciadevida.com.ar\/portalurbano\/el-gobierno-no-descarta-volver-a-frenar-los-desalojos-y-congelar-los-alquileres\/\"},\"author\":{\"name\":\"admpu17wp\",\"@id\":\"https:\/\/experienciadevida.com.ar\/portalurbano\/#\/schema\/person\/02dd326b1c4b056e9cc972486934a3a7\"},\"headline\":\"El Gobierno no descarta volver a frenar los desalojos y congelar los alquileres\",\"datePublished\":\"2021-04-15T16:02:29+00:00\",\"dateModified\":\"2021-04-15T16:02:50+00:00\",\"mainEntityOfPage\":{\"@id\":\"https:\/\/experienciadevida.com.ar\/portalurbano\/el-gobierno-no-descarta-volver-a-frenar-los-desalojos-y-congelar-los-alquileres\/\"},\"wordCount\":425,\"publisher\":{\"@id\":\"https:\/\/experienciadevida.com.ar\/portalurbano\/#organization\"},\"articleSection\":[\"Naci\u00f3n\"],\"inLanguage\":\"es\"},{\"@type\":\"WebPage\",\"@id\":\"https:\/\/experienciadevida.com.ar\/portalurbano\/el-gobierno-no-descarta-volver-a-frenar-los-desalojos-y-congelar-los-alquileres\/\",\"url\":\"https:\/\/experienciadevida.com.ar\/portalurbano\/el-gobierno-no-descarta-volver-a-frenar-los-desalojos-y-congelar-los-alquileres\/\",\"name\":\"El Gobierno no descarta volver a frenar los desalojos y congelar alquileres\",\"isPartOf\":{\"@id\":\"https:\/\/experienciadevida.com.ar\/portalurbano\/#website\"},\"datePublished\":\"2021-04-15T16:02:29+00:00\",\"dateModified\":\"2021-04-15T16:02:50+00:00\",\"description\":\"El Gobierno no descarta volver a frenar los desalojos y congelar los alquileres, \\\"mientras la excepci\u00f3n siga, tenemos que seguir\\\"\",\"breadcrumb\":{\"@id\":\"https:\/\/experienciadevida.com.ar\/portalurbano\/el-gobierno-no-descarta-volver-a-frenar-los-desalojos-y-congelar-los-alquileres\/#breadcrumb\"},\"inLanguage\":\"es\",\"potentialAction\":[{\"@type\":\"ReadAction\",\"target\":[\"https:\/\/experienciadevida.com.ar\/portalurbano\/el-gobierno-no-descarta-volver-a-frenar-los-desalojos-y-congelar-los-alquileres\/\"]}]},{\"@type\":\"BreadcrumbList\",\"@id\":\"https:\/\/experienciadevida.com.ar\/portalurbano\/el-gobierno-no-descarta-volver-a-frenar-los-desalojos-y-congelar-los-alquileres\/#breadcrumb\",\"itemListElement\":[{\"@type\":\"ListItem\",\"position\":1,\"name\":\"Portada\",\"item\":\"https:\/\/experienciadevida.com.ar\/portalurbano\/\"},{\"@type\":\"ListItem\",\"position\":2,\"name\":\"El Gobierno no descarta volver a frenar los desalojos y congelar los alquileres\"}]},{\"@type\":\"WebSite\",\"@id\":\"https:\/\/experienciadevida.com.ar\/portalurbano\/#website\",\"url\":\"https:\/\/experienciadevida.com.ar\/portalurbano\/\",\"name\":\"\",\"description\":\"\",\"publisher\":{\"@id\":\"https:\/\/experienciadevida.com.ar\/portalurbano\/#organization\"},\"potentialAction\":[{\"@type\":\"SearchAction\",\"target\":{\"@type\":\"EntryPoint\",\"urlTemplate\":\"https:\/\/experienciadevida.com.ar\/portalurbano\/?s={search_term_string}\"},\"query-input\":\"required name=search_term_string\"}],\"inLanguage\":\"es\"},{\"@type\":\"Organization\",\"@id\":\"https:\/\/experienciadevida.com.ar\/portalurbano\/#organization\",\"name\":\"Portal Urbano\",\"url\":\"https:\/\/experienciadevida.com.ar\/portalurbano\/\",\"logo\":{\"@type\":\"ImageObject\",\"inLanguage\":\"es\",\"@id\":\"https:\/\/experienciadevida.com.ar\/portalurbano\/#\/schema\/logo\/image\/\",\"url\":\"https:\/\/experienciadevida.com.ar\/portalurbano\/wp-content\/uploads\/2019\/09\/Logo-Original.png\",\"contentUrl\":\"https:\/\/experienciadevida.com.ar\/portalurbano\/wp-content\/uploads\/2019\/09\/Logo-Original.png\",\"width\":2236,\"height\":1216,\"caption\":\"Portal Urbano\"},\"image\":{\"@id\":\"https:\/\/experienciadevida.com.ar\/portalurbano\/#\/schema\/logo\/image\/\"},\"sameAs\":[\"https:\/\/www.facebook.com\/Portal-Urbano-171542830093757\/\",\"https:\/\/twitter.com\/portalurbanook\",\"https:\/\/www.instagram.com\/_portalurbano\/\",\"https:\/\/www.youtube.com\/channel\/UCXhagIfszH8KxFiOok79zbA?view_as=subscriber\"]},{\"@type\":\"Person\",\"@id\":\"https:\/\/experienciadevida.com.ar\/portalurbano\/#\/schema\/person\/02dd326b1c4b056e9cc972486934a3a7\",\"name\":\"admpu17wp\",\"image\":{\"@type\":\"ImageObject\",\"inLanguage\":\"es\",\"@id\":\"https:\/\/experienciadevida.com.ar\/portalurbano\/#\/schema\/person\/image\/\",\"url\":\"https:\/\/secure.gravatar.com\/avatar\/830d4c57adaae6630765e449a6908047?s=96&d=mm&r=g\",\"contentUrl\":\"https:\/\/secure.gravatar.com\/avatar\/830d4c57adaae6630765e449a6908047?s=96&d=mm&r=g\",\"caption\":\"admpu17wp\"}}]}<\/script>\n<!-- \/ Yoast SEO plugin. -->","yoast_head_json":{"title":"El Gobierno no descarta volver a frenar los desalojos y congelar alquileres","description":"El Gobierno no descarta volver a frenar los desalojos y congelar los alquileres, \"mientras la excepci\u00f3n siga, tenemos que seguir\"","robots":{"index":"index","follow":"follow","max-snippet":"max-snippet:-1","max-image-preview":"max-image-preview:large","max-video-preview":"max-video-preview:-1"},"canonical":"https:\/\/experienciadevida.com.ar\/portalurbano\/el-gobierno-no-descarta-volver-a-frenar-los-desalojos-y-congelar-los-alquileres\/","og_locale":"es_ES","og_type":"article","og_title":"El Gobierno no descarta volver a frenar los desalojos y congelar alquileres","og_description":"El Gobierno no descarta volver a frenar los desalojos y congelar los alquileres, \"mientras la excepci\u00f3n siga, tenemos que seguir\"","og_url":"https:\/\/experienciadevida.com.ar\/portalurbano\/el-gobierno-no-descarta-volver-a-frenar-los-desalojos-y-congelar-los-alquileres\/","article_publisher":"https:\/\/www.facebook.com\/Portal-Urbano-171542830093757\/","article_published_time":"2021-04-15T16:02:29+00:00","article_modified_time":"2021-04-15T16:02:50+00:00","og_image":[{"width":696,"height":464,"url":"https:\/\/experienciadevida.com.ar\/portalurbano\/wp-content\/uploads\/2021\/04\/El-Gobierno-no-descarta-volver.jpg","type":"image\/jpeg"}],"author":"admpu17wp","twitter_card":"summary_large_image","twitter_creator":"@portalurbanook","twitter_site":"@portalurbanook","twitter_misc":{"Escrito por":"admpu17wp","Tiempo de lectura":"2 minutos"},"schema":{"@context":"https:\/\/schema.org","@graph":[{"@type":"Article","@id":"https:\/\/experienciadevida.com.ar\/portalurbano\/el-gobierno-no-descarta-volver-a-frenar-los-desalojos-y-congelar-los-alquileres\/#article","isPartOf":{"@id":"https:\/\/experienciadevida.com.ar\/portalurbano\/el-gobierno-no-descarta-volver-a-frenar-los-desalojos-y-congelar-los-alquileres\/"},"author":{"name":"admpu17wp","@id":"https:\/\/experienciadevida.com.ar\/portalurbano\/#\/schema\/person\/02dd326b1c4b056e9cc972486934a3a7"},"headline":"El Gobierno no descarta volver a frenar los desalojos y congelar los alquileres","datePublished":"2021-04-15T16:02:29+00:00","dateModified":"2021-04-15T16:02:50+00:00","mainEntityOfPage":{"@id":"https:\/\/experienciadevida.com.ar\/portalurbano\/el-gobierno-no-descarta-volver-a-frenar-los-desalojos-y-congelar-los-alquileres\/"},"wordCount":425,"publisher":{"@id":"https:\/\/experienciadevida.com.ar\/portalurbano\/#organization"},"articleSection":["Naci\u00f3n"],"inLanguage":"es"},{"@type":"WebPage","@id":"https:\/\/experienciadevida.com.ar\/portalurbano\/el-gobierno-no-descarta-volver-a-frenar-los-desalojos-y-congelar-los-alquileres\/","url":"https:\/\/experienciadevida.com.ar\/portalurbano\/el-gobierno-no-descarta-volver-a-frenar-los-desalojos-y-congelar-los-alquileres\/","name":"El Gobierno no descarta volver a frenar los desalojos y congelar alquileres","isPartOf":{"@id":"https:\/\/experienciadevida.com.ar\/portalurbano\/#website"},"datePublished":"2021-04-15T16:02:29+00:00","dateModified":"2021-04-15T16:02:50+00:00","description":"El Gobierno no descarta volver a frenar los desalojos y congelar los alquileres, \"mientras la excepci\u00f3n siga, tenemos que seguir\"","breadcrumb":{"@id":"https:\/\/experienciadevida.com.ar\/portalurbano\/el-gobierno-no-descarta-volver-a-frenar-los-desalojos-y-congelar-los-alquileres\/#breadcrumb"},"inLanguage":"es","potentialAction":[{"@type":"ReadAction","target":["https:\/\/experienciadevida.com.ar\/portalurbano\/el-gobierno-no-descarta-volver-a-frenar-los-desalojos-y-congelar-los-alquileres\/"]}]},{"@type":"BreadcrumbList","@id":"https:\/\/experienciadevida.com.ar\/portalurbano\/el-gobierno-no-descarta-volver-a-frenar-los-desalojos-y-congelar-los-alquileres\/#breadcrumb","itemListElement":[{"@type":"ListItem","position":1,"name":"Portada","item":"https:\/\/experienciadevida.com.ar\/portalurbano\/"},{"@type":"ListItem","position":2,"name":"El Gobierno no descarta volver a frenar los desalojos y congelar los alquileres"}]},{"@type":"WebSite","@id":"https:\/\/experienciadevida.com.ar\/portalurbano\/#website","url":"https:\/\/experienciadevida.com.ar\/portalurbano\/","name":"","description":"","publisher":{"@id":"https:\/\/experienciadevida.com.ar\/portalurbano\/#organization"},"potentialAction":[{"@type":"SearchAction","target":{"@type":"EntryPoint","urlTemplate":"https:\/\/experienciadevida.com.ar\/portalurbano\/?s={search_term_string}"},"query-input":"required name=search_term_string"}],"inLanguage":"es"},{"@type":"Organization","@id":"https:\/\/experienciadevida.com.ar\/portalurbano\/#organization","name":"Portal Urbano","url":"https:\/\/experienciadevida.com.ar\/portalurbano\/","logo":{"@type":"ImageObject","inLanguage":"es","@id":"https:\/\/experienciadevida.com.ar\/portalurbano\/#\/schema\/logo\/image\/","url":"https:\/\/experienciadevida.com.ar\/portalurbano\/wp-content\/uploads\/2019\/09\/Logo-Original.png","contentUrl":"https:\/\/experienciadevida.com.ar\/portalurbano\/wp-content\/uploads\/2019\/09\/Logo-Original.png","width":2236,"height":1216,"caption":"Portal Urbano"},"image":{"@id":"https:\/\/experienciadevida.com.ar\/portalurbano\/#\/schema\/logo\/image\/"},"sameAs":["https:\/\/www.facebook.com\/Portal-Urbano-171542830093757\/","https:\/\/twitter.com\/portalurbanook","https:\/\/www.instagram.com\/_portalurbano\/","https:\/\/www.youtube.com\/channel\/UCXhagIfszH8KxFiOok79zbA?view_as=subscriber"]},{"@type":"Person","@id":"https:\/\/experienciadevida.com.ar\/portalurbano\/#\/schema\/person\/02dd326b1c4b056e9cc972486934a3a7","name":"admpu17wp","image":{"@type":"ImageObject","inLanguage":"es","@id":"https:\/\/experienciadevida.com.ar\/portalurbano\/#\/schema\/person\/image\/","url":"https:\/\/secure.gravatar.com\/avatar\/830d4c57adaae6630765e449a6908047?s=96&d=mm&r=g","contentUrl":"https:\/\/secure.gravatar.com\/avatar\/830d4c57adaae6630765e449a6908047?s=96&d=mm&r=g","caption":"admpu17wp"}}]}},"featured_image_urls":{"full":["https:\/\/experienciadevida.com.ar\/portalurbano\/wp-content\/uploads\/2021\/04\/El-Gobierno-no-descarta-volver.jpg",696,464,false],"thumbnail":["https:\/\/experienciadevida.com.ar\/portalurbano\/wp-content\/uploads\/2021\/04\/El-Gobierno-no-descarta-volver-150x150.jpg",150,150,true],"medium":["https:\/\/experienciadevida.com.ar\/portalurbano\/wp-content\/uploads\/2021\/04\/El-Gobierno-no-descarta-volver-300x200.jpg",300,200,true],"medium_large":["https:\/\/experienciadevida.com.ar\/portalurbano\/wp-content\/uploads\/2021\/04\/El-Gobierno-no-descarta-volver.jpg",640,427,false],"large":["https:\/\/experienciadevida.com.ar\/portalurbano\/wp-content\/uploads\/2021\/04\/El-Gobierno-no-descarta-volver.jpg",640,427,false],"ug_big":["https:\/\/experienciadevida.com.ar\/portalurbano\/wp-content\/uploads\/2021\/04\/El-Gobierno-no-descarta-volver.jpg",696,464,false],"1536x1536":["https:\/\/experienciadevida.com.ar\/portalurbano\/wp-content\/uploads\/2021\/04\/El-Gobierno-no-descarta-volver.jpg",696,464,false],"2048x2048":["https:\/\/experienciadevida.com.ar\/portalurbano\/wp-content\/uploads\/2021\/04\/El-Gobierno-no-descarta-volver.jpg",696,464,false],"newsever-slider-full":["https:\/\/experienciadevida.com.ar\/portalurbano\/wp-content\/uploads\/2021\/04\/El-Gobierno-no-descarta-volver.jpg",696,464,false],"newsever-featured":["https:\/\/experienciadevida.com.ar\/portalurbano\/wp-content\/uploads\/2021\/04\/El-Gobierno-no-descarta-volver.jpg",696,464,false],"newsever-medium":["https:\/\/experienciadevida.com.ar\/portalurbano\/wp-content\/uploads\/2021\/04\/El-Gobierno-no-descarta-volver.jpg",696,464,false],"web-stories-poster-portrait":["https:\/\/experienciadevida.com.ar\/portalurbano\/wp-content\/uploads\/2021\/04\/El-Gobierno-no-descarta-volver.jpg",640,427,false],"web-stories-publisher-logo":["https:\/\/experienciadevida.com.ar\/portalurbano\/wp-content\/uploads\/2021\/04\/El-Gobierno-no-descarta-volver.jpg",96,64,false],"web-stories-thumbnail":["https:\/\/experienciadevida.com.ar\/portalurbano\/wp-content\/uploads\/2021\/04\/El-Gobierno-no-descarta-volver.jpg",150,100,false]},"author_info":{"display_name":"admpu17wp","author_link":"https:\/\/experienciadevida.com.ar\/portalurbano\/author\/admpu17wp\/"},"category_info":"<a href=\"https:\/\/experienciadevida.com.ar\/portalurbano\/category\/nacion\/\" rel=\"category tag\">Naci\u00f3n<\/a>","tag_info":"Naci\u00f3n","comment_count":"0","amp_enabled":true,"_links":{"self":[{"href":"https:\/\/experienciadevida.com.ar\/portalurbano\/wp-json\/wp\/v2\/posts\/140281"}],"collection":[{"href":"https:\/\/experienciadevida.com.ar\/portalurbano\/wp-json\/wp\/v2\/posts"}],"about":[{"href":"https:\/\/experienciadevida.com.ar\/portalurbano\/wp-json\/wp\/v2\/types\/post"}],"author":[{"embeddable":true,"href":"https:\/\/experienciadevida.com.ar\/portalurbano\/wp-json\/wp\/v2\/users\/1"}],"replies":[{"embeddable":true,"href":"https:\/\/experienciadevida.com.ar\/portalurbano\/wp-json\/wp\/v2\/comments?post=140281"}],"version-history":[{"count":2,"href":"https:\/\/experienciadevida.com.ar\/portalurbano\/wp-json\/wp\/v2\/posts\/140281\/revisions"}],"predecessor-version":[{"id":140284,"href":"https:\/\/experienciadevida.com.ar\/portalurbano\/wp-json\/wp\/v2\/posts\/140281\/revisions\/140284"}],"wp:featuredmedia":[{"embeddable":true,"href":"https:\/\/experienciadevida.com.ar\/portalurbano\/wp-json\/wp\/v2\/media\/140282"}],"wp:attachment":[{"href":"https:\/\/experienciadevida.com.ar\/portalurbano\/wp-json\/wp\/v2\/media?parent=140281"}],"wp:term":[{"taxonomy":"category","embeddable":true,"href":"https:\/\/experienciadevida.com.ar\/portalurbano\/wp-json\/wp\/v2\/categories?post=140281"},{"taxonomy":"post_tag","embeddable":true,"href":"https:\/\/experienciadevida.com.ar\/portalurbano\/wp-json\/wp\/v2\/tags?post=140281"}],"curies":[{"name":"wp","href":"https:\/\/api.w.org\/{rel}","templated":true}]}}