{"id":140240,"date":"2021-04-14T20:53:27","date_gmt":"2021-04-14T23:53:27","guid":{"rendered":"https:\/\/experienciadevida.com.ar\/portalurbano\/?p=140240"},"modified":"2021-04-14T20:54:14","modified_gmt":"2021-04-14T23:54:14","slug":"politicas-de-continuidad-en-la-dupla-electa-para-conducir-la-facso-entre-2021-y-2025","status":"publish","type":"post","link":"https:\/\/experienciadevida.com.ar\/portalurbano\/politicas-de-continuidad-en-la-dupla-electa-para-conducir-la-facso-entre-2021-y-2025\/","title":{"rendered":"Pol\u00edticas de continuidad en la dupla electa para conducir la FACSO entre 2021 y 2025"},"content":{"rendered":"<p>Pol\u00edticas de continuidad en la dupla electa para conducir la FACSO entre 2021 y 2025, la f\u00f3rmula integrada por Gabriela Gamberini, como Decana y Mar\u00eda Luz Endere como Vicedecana, fue electa para conducir la Facultad de Ciencias Sociales durante el per\u00edodo 2021 &#8211; 2025.<\/p>\n<p>Durante la ma\u00f1ana de este mi\u00e9rcoles, y bajo estrictos protocolos de bioseguridad, se realiz\u00f3 la reuni\u00f3n extraordinaria del Consejo Acad\u00e9mico de la Facultad de Ciencias Sociales de la UNICEN con el objetivo de elegir autoridades. Durante la misma fue electa por amplia mayor\u00eda la f\u00f3rmula integrada por la Lic. Gabriela Gamberini como Decana y la Dra. Mar\u00eda Luz Endere como Vicedecana, para el per\u00edodo de gesti\u00f3n 2021 &#8211; 2025.<\/p>\n<p>La reuni\u00f3n de Consejo Acad\u00e9mico, de car\u00e1cter extraordinario, cont\u00f3 con la presencia de la totalidad de consejeros y consejeras (12) que integran el Consejo Acad\u00e9mico, \u00f3rgano m\u00e1ximo en la toma de decisiones en la Facultad. Tal como lo establece el Estatuto, en su art. 35, la sesi\u00f3n comenz\u00f3 con el discurso de la Decana, quien cedi\u00f3 la presidencia del \u00f3rgano al Dr. Carlos Paz, consejero acad\u00e9mico que llev\u00f3 adelante la misma.<\/p>\n<p>Pol\u00edticas de continuidad en la dupla electa para conducir la FACSO entre 2021-2025, hicieron uso de la palabra representantes de los claustros docentes, graduados, estudiantes y no docentes, resaltando las m\u00faltiples l\u00edneas de acci\u00f3n desarrolladas en acad\u00e9mica, investigaci\u00f3n, extensi\u00f3n y brindando propuestas a profundizar en distintas \u00e1reas de trabajo en los pr\u00f3ximos a\u00f1os. Fue el Dr. Gustavo Flensborg y la Dra. M\u00f3nica Cohendoz, consejero\/a acad\u00e9mico\/a por el claustro de Docentes, quienes elevaron la presentaci\u00f3n de la f\u00f3rmula integrada por Gamberini y Endere, que, con una amplia mayor\u00eda, se proclam\u00f3 como ganadora.<\/p>\n<p>Luego de la votaci\u00f3n, que se realiz\u00f3 a mano alzada y registr\u00f3 11 votos positivos y 1 abstenci\u00f3n, tomaron la palabra las autoridades electas. En primer t\u00e9rmino, la Lic. Gamberini agradeci\u00f3 el trabajo junto a la Dra. Mar\u00eda Gutierrez durante los \u00faltimos cuatro a\u00f1os al frente de la FACSO; a cada uno de los claustros representados en el Consejo Acad\u00e9mico y al actual equipo de gesti\u00f3n. La Decana re-electa resalt\u00f3 las pol\u00edticas implementadas durante su gesti\u00f3n e invit\u00f3 a reflexionar a los presentes \u201cqu\u00e9 y c\u00f3mo pensamos y construimos la Facultad de Ciencias Sociales, en un contexto signado por las complejidades del presente, la impronta del pasado y los pr\u00f3ximos desaf\u00edos \u201d.<\/p>\n<p>Al respecto, expres\u00f3 \u201centre lo conocido y lo novedoso, emerge -necesariamente- un proceso de revisi\u00f3n y de reinvenci\u00f3n institucional para dotar de nuevos sentidos a la agenda institucional en relaci\u00f3n con la formaci\u00f3n profesional, la investigaci\u00f3n, la extensi\u00f3n universitaria y con un modelo de gesti\u00f3n m\u00e1s din\u00e1mico y colaborativo. Sin dudas, no ser\u00e1n tiempos f\u00e1ciles, pero el tiempo por-venir pone de relevancia el papel estrat\u00e9gico de las ciencias sociales y de la universidad p\u00fablica y convoca a repensar el perfil institucional de la facultad con una mirada estrat\u00e9gica de futuro\u201d<\/p>\n<p>Pol\u00edticas de continuidad en la dupla electa para conducir la FACSO, en referencia a una clara continuidad en las pol\u00edticas de gesti\u00f3n, ahora acompa\u00f1ada por la Dra. Endere, Gamberini marco l\u00edneas de acci\u00f3n que incluyen aperturas y evaluaci\u00f3n de nuevas carreras, el fortalecimiento de plantas docentes y fomento de la evaluaci\u00f3n, la implementaci\u00f3n de sistemas de mejoras en la gesti\u00f3n acad\u00e9mica, el an\u00e1lisis de planes de estudios desde una perspectiva de g\u00e9nero, la formalizaci\u00f3n de un espacio de graduados\/as, la actualizaci\u00f3n del reglamento de ense\u00f1anza y promoci\u00f3n, el fortalecimiento de \u00e1reas como Sociales Virtual, Medios de Comunicaci\u00f3n Propios, sostenimiento de Programas institucionales y del Centro Cultural Universitario, adem\u00e1s de un plan de obras y de mejoras en las condiciones edilicias y de infraestructura.<\/p>\n<p>La Dra. Endere, agradeci\u00f3 el voto de confianza y se\u00f1al\u00f3 que se abocar\u00e1 a consolidar las l\u00edneas de investigaci\u00f3n y postgrado que comenz\u00f3 la Dra. Guti\u00e9rrez, en el apoyo a j\u00f3venes cient\u00edficos y en la proyecci\u00f3n nacional e internacional. Adem\u00e1s, indic\u00f3 que se trabajar\u00e1 en la promoci\u00f3n de las ciencias sociales a los fines de generar impactos que mejoren la calidad de vida de la comunidad. Y finaliz\u00f3, \u201cnos proponemos trabajar para la mejora de la Facultad a partir de din\u00e1micas participativas\u201d.<\/p>\n<p>La reuni\u00f3n extraordinaria culmin\u00f3 con un agradecimiento a la Vicedecana saliente, Dra. Mar\u00eda Guti\u00e9rrez, quien agradeci\u00f3 a la comunidad universitaria por acompa\u00f1arla durante los cuatro a\u00f1os en los que estuvo a cargo del vicedecanato y resalt\u00f3 el gran aprendizaje que constituy\u00f3 en su formaci\u00f3n profesional el cargo de gesti\u00f3n que desempe\u00f1\u00f3.<\/p>\n<p>Pol\u00edticas de continuidad en la dupla electa para conducir la FACSO, acompa\u00f1aron el acto acto eleccionario el Secretario General, Ing. Guillermo Cicconi, la Secretaria Acad\u00e9mica, Lic. Gabriela Loustaunau y el Secretario de Extensi\u00f3n, Bienestar y Transferencia, Lic. Nicol\u00e1s Casado.<\/p>\n<p>Dada la imposibilidad de contar con p\u00fablico presente, desde la unidad acad\u00e9mica se transmiti\u00f3 el acto electivo en vivo por la cuenta institucional de Instagram, que sirvi\u00f3 para que la comunidad universitaria siguiera al instante uno de los actos m\u00e1s importantes y trascendentes para la vida democr\u00e1tica de una instituci\u00f3n universitaria.<br \/>\nPerfiles<\/p>\n<p>La Lic. Gabriela Gamberini, es Profesora y Licenciada en Ciencias de la Educaci\u00f3n, graduada de la UNICEN ingreso a la Facso en el a\u00f1o 1998. Es docente de los profesorados, integra el NACT IFIPRACD.Ed. Cuenta con una amplia experiencia en la gesti\u00f3n universitaria, integr\u00f3 durante ocho a\u00f1os como Vicedecana la gesti\u00f3n junto al Dr. Rafael Curtoni y cuatro a\u00f1os como Decana en la f\u00f3rmula que compuso junto a la Dra. Mar\u00eda Guti\u00e9rrez. Adem\u00e1s, fue vicedirectora de la Escuela Nacional Adolfo P\u00e9rez Esquivel de la UNICEN en su proceso fundacional.<\/p>\n<p>La Dra. Mar\u00eda Luz Endere es abogada, Licenciada en Antropolog\u00eda con orientaci\u00f3n Arqueolog\u00eda y Doctora en Arqueolog\u00eda, lleg\u00f3 a la Facultad de Ciencias Sociales en 1988 y es una de las primeras egresadas de esta Casa de Estudios. Actualmente, se desempe\u00f1a como investigadora en la Unidad Ejecutora INCUAPA-CONICET, dirige el Doctorado de Arqueolog\u00eda, siendo docente de grado y postgrado. Es la primera graduada de la Facultad de Ciencias Sociales que llega al cargo de Vicedecana.<\/p>\n","protected":false},"excerpt":{"rendered":"<p>Pol\u00edticas de continuidad en la dupla electa para conducir la FACSO entre 2021 y 2025,&#8230;<\/p>\n","protected":false},"author":1,"featured_media":140241,"comment_status":"closed","ping_status":"closed","sticky":false,"template":"","format":"standard","meta":{"content-type":""},"categories":[64,31],"tags":[],"nelio_content":{"isAutoShareEnabled":false,"autoShareEndMode":"default","automationSources":{"useContentSentences":true,"useSocialTemplates":true,"useCustomSentences":false,"customSentences":[]},"followers":[1],"suggestedReferences":[],"includedReferences":[],"efiUrl":"","efiAlt":"","highlights":[]},"yoast_head":"<!-- This site is optimized with the Yoast SEO plugin v20.7 - https:\/\/yoast.com\/wordpress\/plugins\/seo\/ -->\n<title>Pol\u00edticas de continuidad en la dupla electa para conducir la FACSO entre 2021 y 2025 -<\/title>\n<meta name=\"robots\" content=\"index, follow, max-snippet:-1, max-image-preview:large, max-video-preview:-1\" \/>\n<link rel=\"canonical\" href=\"https:\/\/experienciadevida.com.ar\/portalurbano\/politicas-de-continuidad-en-la-dupla-electa-para-conducir-la-facso-entre-2021-y-2025\/\" \/>\n<meta property=\"og:locale\" content=\"es_ES\" \/>\n<meta property=\"og:type\" content=\"article\" \/>\n<meta property=\"og:title\" content=\"Pol\u00edticas de continuidad en la dupla electa para conducir la FACSO entre 2021 y 2025 -\" \/>\n<meta property=\"og:description\" content=\"Pol\u00edticas de continuidad en la dupla electa para conducir la FACSO entre 2021 y 2025,...\" \/>\n<meta property=\"og:url\" content=\"https:\/\/experienciadevida.com.ar\/portalurbano\/politicas-de-continuidad-en-la-dupla-electa-para-conducir-la-facso-entre-2021-y-2025\/\" \/>\n<meta property=\"article:publisher\" content=\"https:\/\/www.facebook.com\/Portal-Urbano-171542830093757\/\" \/>\n<meta property=\"article:published_time\" content=\"2021-04-14T23:53:27+00:00\" \/>\n<meta property=\"article:modified_time\" content=\"2021-04-14T23:54:14+00:00\" \/>\n<meta property=\"og:image\" content=\"https:\/\/experienciadevida.com.ar\/portalurbano\/wp-content\/uploads\/2021\/04\/Politicas-de-continuidad-en-la.jpg\" \/>\n\t<meta property=\"og:image:width\" content=\"800\" \/>\n\t<meta property=\"og:image:height\" content=\"349\" \/>\n\t<meta property=\"og:image:type\" content=\"image\/jpeg\" \/>\n<meta name=\"author\" content=\"admpu17wp\" \/>\n<meta name=\"twitter:card\" content=\"summary_large_image\" \/>\n<meta name=\"twitter:creator\" content=\"@portalurbanook\" \/>\n<meta name=\"twitter:site\" content=\"@portalurbanook\" \/>\n<meta name=\"twitter:label1\" content=\"Escrito por\" \/>\n\t<meta name=\"twitter:data1\" content=\"admpu17wp\" \/>\n\t<meta name=\"twitter:label2\" content=\"Tiempo de lectura\" \/>\n\t<meta name=\"twitter:data2\" content=\"5 minutos\" \/>\n<script type=\"application\/ld+json\" class=\"yoast-schema-graph\">{\"@context\":\"https:\/\/schema.org\",\"@graph\":[{\"@type\":\"Article\",\"@id\":\"https:\/\/experienciadevida.com.ar\/portalurbano\/politicas-de-continuidad-en-la-dupla-electa-para-conducir-la-facso-entre-2021-y-2025\/#article\",\"isPartOf\":{\"@id\":\"https:\/\/experienciadevida.com.ar\/portalurbano\/politicas-de-continuidad-en-la-dupla-electa-para-conducir-la-facso-entre-2021-y-2025\/\"},\"author\":{\"name\":\"admpu17wp\",\"@id\":\"https:\/\/experienciadevida.com.ar\/portalurbano\/#\/schema\/person\/02dd326b1c4b056e9cc972486934a3a7\"},\"headline\":\"Pol\u00edticas de continuidad en la dupla electa para conducir la FACSO entre 2021 y 2025\",\"datePublished\":\"2021-04-14T23:53:27+00:00\",\"dateModified\":\"2021-04-14T23:54:14+00:00\",\"mainEntityOfPage\":{\"@id\":\"https:\/\/experienciadevida.com.ar\/portalurbano\/politicas-de-continuidad-en-la-dupla-electa-para-conducir-la-facso-entre-2021-y-2025\/\"},\"wordCount\":1117,\"publisher\":{\"@id\":\"https:\/\/experienciadevida.com.ar\/portalurbano\/#organization\"},\"articleSection\":[\"Destacadas 2\",\"Educaci\u00f3n\"],\"inLanguage\":\"es\"},{\"@type\":\"WebPage\",\"@id\":\"https:\/\/experienciadevida.com.ar\/portalurbano\/politicas-de-continuidad-en-la-dupla-electa-para-conducir-la-facso-entre-2021-y-2025\/\",\"url\":\"https:\/\/experienciadevida.com.ar\/portalurbano\/politicas-de-continuidad-en-la-dupla-electa-para-conducir-la-facso-entre-2021-y-2025\/\",\"name\":\"Pol\u00edticas de continuidad en la dupla electa para conducir la FACSO entre 2021 y 2025 -\",\"isPartOf\":{\"@id\":\"https:\/\/experienciadevida.com.ar\/portalurbano\/#website\"},\"datePublished\":\"2021-04-14T23:53:27+00:00\",\"dateModified\":\"2021-04-14T23:54:14+00:00\",\"breadcrumb\":{\"@id\":\"https:\/\/experienciadevida.com.ar\/portalurbano\/politicas-de-continuidad-en-la-dupla-electa-para-conducir-la-facso-entre-2021-y-2025\/#breadcrumb\"},\"inLanguage\":\"es\",\"potentialAction\":[{\"@type\":\"ReadAction\",\"target\":[\"https:\/\/experienciadevida.com.ar\/portalurbano\/politicas-de-continuidad-en-la-dupla-electa-para-conducir-la-facso-entre-2021-y-2025\/\"]}]},{\"@type\":\"BreadcrumbList\",\"@id\":\"https:\/\/experienciadevida.com.ar\/portalurbano\/politicas-de-continuidad-en-la-dupla-electa-para-conducir-la-facso-entre-2021-y-2025\/#breadcrumb\",\"itemListElement\":[{\"@type\":\"ListItem\",\"position\":1,\"name\":\"Portada\",\"item\":\"https:\/\/experienciadevida.com.ar\/portalurbano\/\"},{\"@type\":\"ListItem\",\"position\":2,\"name\":\"Pol\u00edticas de continuidad en la dupla electa para conducir la FACSO entre 2021 y 2025\"}]},{\"@type\":\"WebSite\",\"@id\":\"https:\/\/experienciadevida.com.ar\/portalurbano\/#website\",\"url\":\"https:\/\/experienciadevida.com.ar\/portalurbano\/\",\"name\":\"\",\"description\":\"\",\"publisher\":{\"@id\":\"https:\/\/experienciadevida.com.ar\/portalurbano\/#organization\"},\"potentialAction\":[{\"@type\":\"SearchAction\",\"target\":{\"@type\":\"EntryPoint\",\"urlTemplate\":\"https:\/\/experienciadevida.com.ar\/portalurbano\/?s={search_term_string}\"},\"query-input\":\"required name=search_term_string\"}],\"inLanguage\":\"es\"},{\"@type\":\"Organization\",\"@id\":\"https:\/\/experienciadevida.com.ar\/portalurbano\/#organization\",\"name\":\"Portal Urbano\",\"url\":\"https:\/\/experienciadevida.com.ar\/portalurbano\/\",\"logo\":{\"@type\":\"ImageObject\",\"inLanguage\":\"es\",\"@id\":\"https:\/\/experienciadevida.com.ar\/portalurbano\/#\/schema\/logo\/image\/\",\"url\":\"https:\/\/experienciadevida.com.ar\/portalurbano\/wp-content\/uploads\/2019\/09\/Logo-Original.png\",\"contentUrl\":\"https:\/\/experienciadevida.com.ar\/portalurbano\/wp-content\/uploads\/2019\/09\/Logo-Original.png\",\"width\":2236,\"height\":1216,\"caption\":\"Portal Urbano\"},\"image\":{\"@id\":\"https:\/\/experienciadevida.com.ar\/portalurbano\/#\/schema\/logo\/image\/\"},\"sameAs\":[\"https:\/\/www.facebook.com\/Portal-Urbano-171542830093757\/\",\"https:\/\/twitter.com\/portalurbanook\",\"https:\/\/www.instagram.com\/_portalurbano\/\",\"https:\/\/www.youtube.com\/channel\/UCXhagIfszH8KxFiOok79zbA?view_as=subscriber\"]},{\"@type\":\"Person\",\"@id\":\"https:\/\/experienciadevida.com.ar\/portalurbano\/#\/schema\/person\/02dd326b1c4b056e9cc972486934a3a7\",\"name\":\"admpu17wp\",\"image\":{\"@type\":\"ImageObject\",\"inLanguage\":\"es\",\"@id\":\"https:\/\/experienciadevida.com.ar\/portalurbano\/#\/schema\/person\/image\/\",\"url\":\"https:\/\/secure.gravatar.com\/avatar\/830d4c57adaae6630765e449a6908047?s=96&d=mm&r=g\",\"contentUrl\":\"https:\/\/secure.gravatar.com\/avatar\/830d4c57adaae6630765e449a6908047?s=96&d=mm&r=g\",\"caption\":\"admpu17wp\"}}]}<\/script>\n<!-- \/ Yoast SEO plugin. -->","yoast_head_json":{"title":"Pol\u00edticas de continuidad en la dupla electa para conducir la FACSO entre 2021 y 2025 -","robots":{"index":"index","follow":"follow","max-snippet":"max-snippet:-1","max-image-preview":"max-image-preview:large","max-video-preview":"max-video-preview:-1"},"canonical":"https:\/\/experienciadevida.com.ar\/portalurbano\/politicas-de-continuidad-en-la-dupla-electa-para-conducir-la-facso-entre-2021-y-2025\/","og_locale":"es_ES","og_type":"article","og_title":"Pol\u00edticas de continuidad en la dupla electa para conducir la FACSO entre 2021 y 2025 -","og_description":"Pol\u00edticas de continuidad en la dupla electa para conducir la FACSO entre 2021 y 2025,...","og_url":"https:\/\/experienciadevida.com.ar\/portalurbano\/politicas-de-continuidad-en-la-dupla-electa-para-conducir-la-facso-entre-2021-y-2025\/","article_publisher":"https:\/\/www.facebook.com\/Portal-Urbano-171542830093757\/","article_published_time":"2021-04-14T23:53:27+00:00","article_modified_time":"2021-04-14T23:54:14+00:00","og_image":[{"width":800,"height":349,"url":"https:\/\/experienciadevida.com.ar\/portalurbano\/wp-content\/uploads\/2021\/04\/Politicas-de-continuidad-en-la.jpg","type":"image\/jpeg"}],"author":"admpu17wp","twitter_card":"summary_large_image","twitter_creator":"@portalurbanook","twitter_site":"@portalurbanook","twitter_misc":{"Escrito por":"admpu17wp","Tiempo de lectura":"5 minutos"},"schema":{"@context":"https:\/\/schema.org","@graph":[{"@type":"Article","@id":"https:\/\/experienciadevida.com.ar\/portalurbano\/politicas-de-continuidad-en-la-dupla-electa-para-conducir-la-facso-entre-2021-y-2025\/#article","isPartOf":{"@id":"https:\/\/experienciadevida.com.ar\/portalurbano\/politicas-de-continuidad-en-la-dupla-electa-para-conducir-la-facso-entre-2021-y-2025\/"},"author":{"name":"admpu17wp","@id":"https:\/\/experienciadevida.com.ar\/portalurbano\/#\/schema\/person\/02dd326b1c4b056e9cc972486934a3a7"},"headline":"Pol\u00edticas de continuidad en la dupla electa para conducir la FACSO entre 2021 y 2025","datePublished":"2021-04-14T23:53:27+00:00","dateModified":"2021-04-14T23:54:14+00:00","mainEntityOfPage":{"@id":"https:\/\/experienciadevida.com.ar\/portalurbano\/politicas-de-continuidad-en-la-dupla-electa-para-conducir-la-facso-entre-2021-y-2025\/"},"wordCount":1117,"publisher":{"@id":"https:\/\/experienciadevida.com.ar\/portalurbano\/#organization"},"articleSection":["Destacadas 2","Educaci\u00f3n"],"inLanguage":"es"},{"@type":"WebPage","@id":"https:\/\/experienciadevida.com.ar\/portalurbano\/politicas-de-continuidad-en-la-dupla-electa-para-conducir-la-facso-entre-2021-y-2025\/","url":"https:\/\/experienciadevida.com.ar\/portalurbano\/politicas-de-continuidad-en-la-dupla-electa-para-conducir-la-facso-entre-2021-y-2025\/","name":"Pol\u00edticas de continuidad en la dupla electa para conducir la FACSO entre 2021 y 2025 -","isPartOf":{"@id":"https:\/\/experienciadevida.com.ar\/portalurbano\/#website"},"datePublished":"2021-04-14T23:53:27+00:00","dateModified":"2021-04-14T23:54:14+00:00","breadcrumb":{"@id":"https:\/\/experienciadevida.com.ar\/portalurbano\/politicas-de-continuidad-en-la-dupla-electa-para-conducir-la-facso-entre-2021-y-2025\/#breadcrumb"},"inLanguage":"es","potentialAction":[{"@type":"ReadAction","target":["https:\/\/experienciadevida.com.ar\/portalurbano\/politicas-de-continuidad-en-la-dupla-electa-para-conducir-la-facso-entre-2021-y-2025\/"]}]},{"@type":"BreadcrumbList","@id":"https:\/\/experienciadevida.com.ar\/portalurbano\/politicas-de-continuidad-en-la-dupla-electa-para-conducir-la-facso-entre-2021-y-2025\/#breadcrumb","itemListElement":[{"@type":"ListItem","position":1,"name":"Portada","item":"https:\/\/experienciadevida.com.ar\/portalurbano\/"},{"@type":"ListItem","position":2,"name":"Pol\u00edticas de continuidad en la dupla electa para conducir la FACSO entre 2021 y 2025"}]},{"@type":"WebSite","@id":"https:\/\/experienciadevida.com.ar\/portalurbano\/#website","url":"https:\/\/experienciadevida.com.ar\/portalurbano\/","name":"","description":"","publisher":{"@id":"https:\/\/experienciadevida.com.ar\/portalurbano\/#organization"},"potentialAction":[{"@type":"SearchAction","target":{"@type":"EntryPoint","urlTemplate":"https:\/\/experienciadevida.com.ar\/portalurbano\/?s={search_term_string}"},"query-input":"required name=search_term_string"}],"inLanguage":"es"},{"@type":"Organization","@id":"https:\/\/experienciadevida.com.ar\/portalurbano\/#organization","name":"Portal Urbano","url":"https:\/\/experienciadevida.com.ar\/portalurbano\/","logo":{"@type":"ImageObject","inLanguage":"es","@id":"https:\/\/experienciadevida.com.ar\/portalurbano\/#\/schema\/logo\/image\/","url":"https:\/\/experienciadevida.com.ar\/portalurbano\/wp-content\/uploads\/2019\/09\/Logo-Original.png","contentUrl":"https:\/\/experienciadevida.com.ar\/portalurbano\/wp-content\/uploads\/2019\/09\/Logo-Original.png","width":2236,"height":1216,"caption":"Portal Urbano"},"image":{"@id":"https:\/\/experienciadevida.com.ar\/portalurbano\/#\/schema\/logo\/image\/"},"sameAs":["https:\/\/www.facebook.com\/Portal-Urbano-171542830093757\/","https:\/\/twitter.com\/portalurbanook","https:\/\/www.instagram.com\/_portalurbano\/","https:\/\/www.youtube.com\/channel\/UCXhagIfszH8KxFiOok79zbA?view_as=subscriber"]},{"@type":"Person","@id":"https:\/\/experienciadevida.com.ar\/portalurbano\/#\/schema\/person\/02dd326b1c4b056e9cc972486934a3a7","name":"admpu17wp","image":{"@type":"ImageObject","inLanguage":"es","@id":"https:\/\/experienciadevida.com.ar\/portalurbano\/#\/schema\/person\/image\/","url":"https:\/\/secure.gravatar.com\/avatar\/830d4c57adaae6630765e449a6908047?s=96&d=mm&r=g","contentUrl":"https:\/\/secure.gravatar.com\/avatar\/830d4c57adaae6630765e449a6908047?s=96&d=mm&r=g","caption":"admpu17wp"}}]}},"featured_image_urls":{"full":["https:\/\/experienciadevida.com.ar\/portalurbano\/wp-content\/uploads\/2021\/04\/Politicas-de-continuidad-en-la.jpg",800,349,false],"thumbnail":["https:\/\/experienciadevida.com.ar\/portalurbano\/wp-content\/uploads\/2021\/04\/Politicas-de-continuidad-en-la-150x150.jpg",150,150,true],"medium":["https:\/\/experienciadevida.com.ar\/portalurbano\/wp-content\/uploads\/2021\/04\/Politicas-de-continuidad-en-la-300x131.jpg",300,131,true],"medium_large":["https:\/\/experienciadevida.com.ar\/portalurbano\/wp-content\/uploads\/2021\/04\/Politicas-de-continuidad-en-la-768x335.jpg",640,279,true],"large":["https:\/\/experienciadevida.com.ar\/portalurbano\/wp-content\/uploads\/2021\/04\/Politicas-de-continuidad-en-la.jpg",640,279,false],"ug_big":["https:\/\/experienciadevida.com.ar\/portalurbano\/wp-content\/uploads\/2021\/04\/Politicas-de-continuidad-en-la-768x335.jpg",768,335,true],"1536x1536":["https:\/\/experienciadevida.com.ar\/portalurbano\/wp-content\/uploads\/2021\/04\/Politicas-de-continuidad-en-la.jpg",800,349,false],"2048x2048":["https:\/\/experienciadevida.com.ar\/portalurbano\/wp-content\/uploads\/2021\/04\/Politicas-de-continuidad-en-la.jpg",800,349,false],"newsever-slider-full":["https:\/\/experienciadevida.com.ar\/portalurbano\/wp-content\/uploads\/2021\/04\/Politicas-de-continuidad-en-la.jpg",800,349,false],"newsever-featured":["https:\/\/experienciadevida.com.ar\/portalurbano\/wp-content\/uploads\/2021\/04\/Politicas-de-continuidad-en-la.jpg",800,349,false],"newsever-medium":["https:\/\/experienciadevida.com.ar\/portalurbano\/wp-content\/uploads\/2021\/04\/Politicas-de-continuidad-en-la.jpg",720,314,false],"web-stories-poster-portrait":["https:\/\/experienciadevida.com.ar\/portalurbano\/wp-content\/uploads\/2021\/04\/Politicas-de-continuidad-en-la.jpg",640,279,false],"web-stories-publisher-logo":["https:\/\/experienciadevida.com.ar\/portalurbano\/wp-content\/uploads\/2021\/04\/Politicas-de-continuidad-en-la.jpg",96,42,false],"web-stories-thumbnail":["https:\/\/experienciadevida.com.ar\/portalurbano\/wp-content\/uploads\/2021\/04\/Politicas-de-continuidad-en-la.jpg",150,65,false]},"author_info":{"display_name":"admpu17wp","author_link":"https:\/\/experienciadevida.com.ar\/portalurbano\/author\/admpu17wp\/"},"category_info":"<a href=\"https:\/\/experienciadevida.com.ar\/portalurbano\/category\/destacadas-2\/\" rel=\"category tag\">Destacadas 2<\/a> <a href=\"https:\/\/experienciadevida.com.ar\/portalurbano\/category\/ciudad\/educacion\/\" rel=\"category tag\">Educaci\u00f3n<\/a>","tag_info":"Educaci\u00f3n","comment_count":"0","amp_enabled":true,"_links":{"self":[{"href":"https:\/\/experienciadevida.com.ar\/portalurbano\/wp-json\/wp\/v2\/posts\/140240"}],"collection":[{"href":"https:\/\/experienciadevida.com.ar\/portalurbano\/wp-json\/wp\/v2\/posts"}],"about":[{"href":"https:\/\/experienciadevida.com.ar\/portalurbano\/wp-json\/wp\/v2\/types\/post"}],"author":[{"embeddable":true,"href":"https:\/\/experienciadevida.com.ar\/portalurbano\/wp-json\/wp\/v2\/users\/1"}],"replies":[{"embeddable":true,"href":"https:\/\/experienciadevida.com.ar\/portalurbano\/wp-json\/wp\/v2\/comments?post=140240"}],"version-history":[{"count":1,"href":"https:\/\/experienciadevida.com.ar\/portalurbano\/wp-json\/wp\/v2\/posts\/140240\/revisions"}],"predecessor-version":[{"id":140242,"href":"https:\/\/experienciadevida.com.ar\/portalurbano\/wp-json\/wp\/v2\/posts\/140240\/revisions\/140242"}],"wp:featuredmedia":[{"embeddable":true,"href":"https:\/\/experienciadevida.com.ar\/portalurbano\/wp-json\/wp\/v2\/media\/140241"}],"wp:attachment":[{"href":"https:\/\/experienciadevida.com.ar\/portalurbano\/wp-json\/wp\/v2\/media?parent=140240"}],"wp:term":[{"taxonomy":"category","embeddable":true,"href":"https:\/\/experienciadevida.com.ar\/portalurbano\/wp-json\/wp\/v2\/categories?post=140240"},{"taxonomy":"post_tag","embeddable":true,"href":"https:\/\/experienciadevida.com.ar\/portalurbano\/wp-json\/wp\/v2\/tags?post=140240"}],"curies":[{"name":"wp","href":"https:\/\/api.w.org\/{rel}","templated":true}]}}