{"id":140189,"date":"2021-04-14T11:22:24","date_gmt":"2021-04-14T14:22:24","guid":{"rendered":"https:\/\/experienciadevida.com.ar\/portalurbano\/?p=140189"},"modified":"2021-04-14T11:22:48","modified_gmt":"2021-04-14T14:22:48","slug":"fuerte-pedido-de-vizzotti-solo-salgamos-a-trabajar-y-a-llevar-los-chicos-al-colegio","status":"publish","type":"post","link":"https:\/\/experienciadevida.com.ar\/portalurbano\/fuerte-pedido-de-vizzotti-solo-salgamos-a-trabajar-y-a-llevar-los-chicos-al-colegio\/","title":{"rendered":"Fuerte pedido de Vizzotti: \u201cSolo salgamos a trabajar y a llevar los chicos al colegio\u201d"},"content":{"rendered":"<p>Fuerte pedido de Vizzotti: \u201cSolo salgamos a trabajar y a llevar los chicos al colegio\u201d, &#8220;la situaci\u00f3n es delicada&#8221; reconoci\u00f3 la Ministra en conferencia de prensa, y reconoci\u00f3 que &#8220;el sistema de salud est\u00e1 en tensi\u00f3n&#8221; por la suba de casos.<\/p>\n<p>La ministra de Salud, Carla Vizzotti, sostuvo este mi\u00e9rcoles que \u201cla situaci\u00f3n es delicada\u201d por el avance de la segunda ola de coronavirus en el pa\u00eds, dijo que \u201cel sistema de salud est\u00e1 en tensi\u00f3n, sobre todo las camas de terapia intensiva\u201d y pidi\u00f3 solo salir de la casa para ir a trabajar o llevar a los hijos a la escuela.<\/p>\n<p>En conferencia de prensa, Vizzotti pidi\u00f3 a toda la ciudadan\u00eda \u201cevitar toda actividad que no sea prioritaria\u201d, en el marco del aumento de casos de Covid.19. \u201cSolo salgamos a trabajar, a llevar los chicos al colegio y hacer actividades indispensables. Les pedimos postergar todo lo que se pueda\u201d, dijo. E insisti\u00f3: \u201cVamos a tener que postergar festejos, cumplea\u00f1os, bautismos, reuniones sociales y de amigos: es clave para disminuir la transmisi\u00f3n\u201d.<\/p>\n<p>Fuerte pedido de Vizzotti, la Funcionaria afirm\u00f3 que Argentina est\u00e1 \u201cen un momento cr\u00edtico\u201d de la pandemia de coronavirus y agreg\u00f3 que esa situaci\u00f3n \u201cno es s\u00f3lo desde lo sanitario, sino tambi\u00e9n desde lo social y emocional\u201d. \u201cLa situaci\u00f3n es delicada, estamos preocupados. Nuestro sistema de salud est\u00e1 en tensi\u00f3n. El aumento acelerado de casos hizo que se ponga en tensi\u00f3n las camas en el sector privado y p\u00fablico\u201d, alert\u00f3.<\/p>\n<p>\u201cSi no cumplimos los protocolos, va a ser muy dif\u00edcil detener la segunda ola. Durante el a\u00f1o pasado, pudimos. A fin de a\u00f1o, con el aumento sorpresivo de casos tambi\u00e9n pudimos. No hay nadie que no est\u00e9 cansado y preocupado por su salud y su econom\u00eda. Somos conscientes de eso y vamos a acompa\u00f1ar a cada argentino. Pero la pandemia no termin\u00f3\u201d, afirm\u00f3.<\/p>\n<p>Asimismo, la funcionaria destac\u00f3 que reci\u00e9n se llevan cinco medidas de las nuevas restricciones anunciadas el viernes pasado y que todav\u00eda no se ven los resultados, aunque desde el Gobierno est\u00e1n \u201cmonitoreando hora a hora la situaci\u00f3n\u201d. Y agreg\u00f3: \u201cEl n\u00famero de casos no va a ser el \u00fanico par\u00e1metro para tomar decisiones. Se est\u00e1 evaluando permanentemente. Cuando sea oportuno y consensuado veremos si hace falta tomar m\u00e1s medidas\u201d.<\/p>\n<p>Fuerte pedido de Vizzotti por otra parte, la funcionaria se\u00f1al\u00f3 que el \u00faltimo DNU dictado por el Gobierno nacional \u201cle da la potestad a gobernadores de ampliar y ajustar las medidas\u201d restrictivas para mitigar los efectos de la segunda ola. \u201cLa eficacia de las medidas dependen de la implementaci\u00f3n y la fiscalizaci\u00f3n en las distintas jurisdicciones, as\u00ed como los controles\u201d, explic\u00f3.<\/p>\n<p>Fuente: DIB<\/p>\n","protected":false},"excerpt":{"rendered":"<p>Fuerte pedido de Vizzotti: \u201cSolo salgamos a trabajar y a llevar los chicos al colegio\u201d,&#8230;<\/p>\n","protected":false},"author":1,"featured_media":140190,"comment_status":"closed","ping_status":"closed","sticky":false,"template":"","format":"standard","meta":{"content-type":""},"categories":[71,39],"tags":[],"nelio_content":{"isAutoShareEnabled":false,"autoShareEndMode":"default","automationSources":{"useContentSentences":true,"useSocialTemplates":true,"useCustomSentences":false,"customSentences":[]},"followers":[1],"suggestedReferences":[],"includedReferences":[],"efiUrl":"","efiAlt":"","highlights":[]},"yoast_head":"<!-- This site is optimized with the Yoast SEO plugin v20.7 - https:\/\/yoast.com\/wordpress\/plugins\/seo\/ -->\n<title>Fuerte pedido de Vizzotti: &quot;S\u00f3lo salgamos a trabajar y llevar a los chicos&quot;<\/title>\n<meta name=\"description\" content=\"Fuerte pedido de Vizzotti: \u201cSolo salgamos a trabajar y a llevar los chicos al colegio\u201d, &quot;la situaci\u00f3n es delicada&quot; reconoci\u00f3 la Ministra.\" \/>\n<meta name=\"robots\" content=\"index, follow, max-snippet:-1, max-image-preview:large, max-video-preview:-1\" \/>\n<link rel=\"canonical\" href=\"https:\/\/experienciadevida.com.ar\/portalurbano\/fuerte-pedido-de-vizzotti-solo-salgamos-a-trabajar-y-a-llevar-los-chicos-al-colegio\/\" \/>\n<meta property=\"og:locale\" content=\"es_ES\" \/>\n<meta property=\"og:type\" content=\"article\" \/>\n<meta property=\"og:title\" content=\"Fuerte pedido de Vizzotti: &quot;S\u00f3lo salgamos a trabajar y llevar a los chicos&quot;\" \/>\n<meta property=\"og:description\" content=\"Fuerte pedido de Vizzotti: \u201cSolo salgamos a trabajar y a llevar los chicos al colegio\u201d, &quot;la situaci\u00f3n es delicada&quot; reconoci\u00f3 la Ministra.\" \/>\n<meta property=\"og:url\" content=\"https:\/\/experienciadevida.com.ar\/portalurbano\/fuerte-pedido-de-vizzotti-solo-salgamos-a-trabajar-y-a-llevar-los-chicos-al-colegio\/\" \/>\n<meta property=\"article:publisher\" content=\"https:\/\/www.facebook.com\/Portal-Urbano-171542830093757\/\" \/>\n<meta property=\"article:published_time\" content=\"2021-04-14T14:22:24+00:00\" \/>\n<meta property=\"article:modified_time\" content=\"2021-04-14T14:22:48+00:00\" \/>\n<meta property=\"og:image\" content=\"https:\/\/experienciadevida.com.ar\/portalurbano\/wp-content\/uploads\/2021\/04\/Fuerte-pedido-de-Vizzotti.jpeg\" \/>\n\t<meta property=\"og:image:width\" content=\"696\" \/>\n\t<meta property=\"og:image:height\" content=\"464\" \/>\n\t<meta property=\"og:image:type\" content=\"image\/jpeg\" \/>\n<meta name=\"author\" content=\"admpu17wp\" \/>\n<meta name=\"twitter:card\" content=\"summary_large_image\" \/>\n<meta name=\"twitter:creator\" content=\"@portalurbanook\" \/>\n<meta name=\"twitter:site\" content=\"@portalurbanook\" \/>\n<meta name=\"twitter:label1\" content=\"Escrito por\" \/>\n\t<meta name=\"twitter:data1\" content=\"admpu17wp\" \/>\n\t<meta name=\"twitter:label2\" content=\"Tiempo de lectura\" \/>\n\t<meta name=\"twitter:data2\" content=\"2 minutos\" \/>\n<script type=\"application\/ld+json\" class=\"yoast-schema-graph\">{\"@context\":\"https:\/\/schema.org\",\"@graph\":[{\"@type\":\"Article\",\"@id\":\"https:\/\/experienciadevida.com.ar\/portalurbano\/fuerte-pedido-de-vizzotti-solo-salgamos-a-trabajar-y-a-llevar-los-chicos-al-colegio\/#article\",\"isPartOf\":{\"@id\":\"https:\/\/experienciadevida.com.ar\/portalurbano\/fuerte-pedido-de-vizzotti-solo-salgamos-a-trabajar-y-a-llevar-los-chicos-al-colegio\/\"},\"author\":{\"name\":\"admpu17wp\",\"@id\":\"https:\/\/experienciadevida.com.ar\/portalurbano\/#\/schema\/person\/02dd326b1c4b056e9cc972486934a3a7\"},\"headline\":\"Fuerte pedido de Vizzotti: \u201cSolo salgamos a trabajar y a llevar los chicos al colegio\u201d\",\"datePublished\":\"2021-04-14T14:22:24+00:00\",\"dateModified\":\"2021-04-14T14:22:48+00:00\",\"mainEntityOfPage\":{\"@id\":\"https:\/\/experienciadevida.com.ar\/portalurbano\/fuerte-pedido-de-vizzotti-solo-salgamos-a-trabajar-y-a-llevar-los-chicos-al-colegio\/\"},\"wordCount\":485,\"publisher\":{\"@id\":\"https:\/\/experienciadevida.com.ar\/portalurbano\/#organization\"},\"articleSection\":[\"Coronavirus\",\"Naci\u00f3n\"],\"inLanguage\":\"es\"},{\"@type\":\"WebPage\",\"@id\":\"https:\/\/experienciadevida.com.ar\/portalurbano\/fuerte-pedido-de-vizzotti-solo-salgamos-a-trabajar-y-a-llevar-los-chicos-al-colegio\/\",\"url\":\"https:\/\/experienciadevida.com.ar\/portalurbano\/fuerte-pedido-de-vizzotti-solo-salgamos-a-trabajar-y-a-llevar-los-chicos-al-colegio\/\",\"name\":\"Fuerte pedido de Vizzotti: \\\"S\u00f3lo salgamos a trabajar y llevar a los chicos\\\"\",\"isPartOf\":{\"@id\":\"https:\/\/experienciadevida.com.ar\/portalurbano\/#website\"},\"datePublished\":\"2021-04-14T14:22:24+00:00\",\"dateModified\":\"2021-04-14T14:22:48+00:00\",\"description\":\"Fuerte pedido de Vizzotti: \u201cSolo salgamos a trabajar y a llevar los chicos al colegio\u201d, \\\"la situaci\u00f3n es delicada\\\" reconoci\u00f3 la Ministra.\",\"breadcrumb\":{\"@id\":\"https:\/\/experienciadevida.com.ar\/portalurbano\/fuerte-pedido-de-vizzotti-solo-salgamos-a-trabajar-y-a-llevar-los-chicos-al-colegio\/#breadcrumb\"},\"inLanguage\":\"es\",\"potentialAction\":[{\"@type\":\"ReadAction\",\"target\":[\"https:\/\/experienciadevida.com.ar\/portalurbano\/fuerte-pedido-de-vizzotti-solo-salgamos-a-trabajar-y-a-llevar-los-chicos-al-colegio\/\"]}]},{\"@type\":\"BreadcrumbList\",\"@id\":\"https:\/\/experienciadevida.com.ar\/portalurbano\/fuerte-pedido-de-vizzotti-solo-salgamos-a-trabajar-y-a-llevar-los-chicos-al-colegio\/#breadcrumb\",\"itemListElement\":[{\"@type\":\"ListItem\",\"position\":1,\"name\":\"Portada\",\"item\":\"https:\/\/experienciadevida.com.ar\/portalurbano\/\"},{\"@type\":\"ListItem\",\"position\":2,\"name\":\"Fuerte pedido de Vizzotti: \u201cSolo salgamos a trabajar y a llevar los chicos al colegio\u201d\"}]},{\"@type\":\"WebSite\",\"@id\":\"https:\/\/experienciadevida.com.ar\/portalurbano\/#website\",\"url\":\"https:\/\/experienciadevida.com.ar\/portalurbano\/\",\"name\":\"\",\"description\":\"\",\"publisher\":{\"@id\":\"https:\/\/experienciadevida.com.ar\/portalurbano\/#organization\"},\"potentialAction\":[{\"@type\":\"SearchAction\",\"target\":{\"@type\":\"EntryPoint\",\"urlTemplate\":\"https:\/\/experienciadevida.com.ar\/portalurbano\/?s={search_term_string}\"},\"query-input\":\"required name=search_term_string\"}],\"inLanguage\":\"es\"},{\"@type\":\"Organization\",\"@id\":\"https:\/\/experienciadevida.com.ar\/portalurbano\/#organization\",\"name\":\"Portal Urbano\",\"url\":\"https:\/\/experienciadevida.com.ar\/portalurbano\/\",\"logo\":{\"@type\":\"ImageObject\",\"inLanguage\":\"es\",\"@id\":\"https:\/\/experienciadevida.com.ar\/portalurbano\/#\/schema\/logo\/image\/\",\"url\":\"https:\/\/experienciadevida.com.ar\/portalurbano\/wp-content\/uploads\/2019\/09\/Logo-Original.png\",\"contentUrl\":\"https:\/\/experienciadevida.com.ar\/portalurbano\/wp-content\/uploads\/2019\/09\/Logo-Original.png\",\"width\":2236,\"height\":1216,\"caption\":\"Portal Urbano\"},\"image\":{\"@id\":\"https:\/\/experienciadevida.com.ar\/portalurbano\/#\/schema\/logo\/image\/\"},\"sameAs\":[\"https:\/\/www.facebook.com\/Portal-Urbano-171542830093757\/\",\"https:\/\/twitter.com\/portalurbanook\",\"https:\/\/www.instagram.com\/_portalurbano\/\",\"https:\/\/www.youtube.com\/channel\/UCXhagIfszH8KxFiOok79zbA?view_as=subscriber\"]},{\"@type\":\"Person\",\"@id\":\"https:\/\/experienciadevida.com.ar\/portalurbano\/#\/schema\/person\/02dd326b1c4b056e9cc972486934a3a7\",\"name\":\"admpu17wp\",\"image\":{\"@type\":\"ImageObject\",\"inLanguage\":\"es\",\"@id\":\"https:\/\/experienciadevida.com.ar\/portalurbano\/#\/schema\/person\/image\/\",\"url\":\"https:\/\/secure.gravatar.com\/avatar\/830d4c57adaae6630765e449a6908047?s=96&d=mm&r=g\",\"contentUrl\":\"https:\/\/secure.gravatar.com\/avatar\/830d4c57adaae6630765e449a6908047?s=96&d=mm&r=g\",\"caption\":\"admpu17wp\"}}]}<\/script>\n<!-- \/ Yoast SEO plugin. -->","yoast_head_json":{"title":"Fuerte pedido de Vizzotti: \"S\u00f3lo salgamos a trabajar y llevar a los chicos\"","description":"Fuerte pedido de Vizzotti: \u201cSolo salgamos a trabajar y a llevar los chicos al colegio\u201d, \"la situaci\u00f3n es delicada\" reconoci\u00f3 la Ministra.","robots":{"index":"index","follow":"follow","max-snippet":"max-snippet:-1","max-image-preview":"max-image-preview:large","max-video-preview":"max-video-preview:-1"},"canonical":"https:\/\/experienciadevida.com.ar\/portalurbano\/fuerte-pedido-de-vizzotti-solo-salgamos-a-trabajar-y-a-llevar-los-chicos-al-colegio\/","og_locale":"es_ES","og_type":"article","og_title":"Fuerte pedido de Vizzotti: \"S\u00f3lo salgamos a trabajar y llevar a los chicos\"","og_description":"Fuerte pedido de Vizzotti: \u201cSolo salgamos a trabajar y a llevar los chicos al colegio\u201d, \"la situaci\u00f3n es delicada\" reconoci\u00f3 la Ministra.","og_url":"https:\/\/experienciadevida.com.ar\/portalurbano\/fuerte-pedido-de-vizzotti-solo-salgamos-a-trabajar-y-a-llevar-los-chicos-al-colegio\/","article_publisher":"https:\/\/www.facebook.com\/Portal-Urbano-171542830093757\/","article_published_time":"2021-04-14T14:22:24+00:00","article_modified_time":"2021-04-14T14:22:48+00:00","og_image":[{"width":696,"height":464,"url":"https:\/\/experienciadevida.com.ar\/portalurbano\/wp-content\/uploads\/2021\/04\/Fuerte-pedido-de-Vizzotti.jpeg","type":"image\/jpeg"}],"author":"admpu17wp","twitter_card":"summary_large_image","twitter_creator":"@portalurbanook","twitter_site":"@portalurbanook","twitter_misc":{"Escrito por":"admpu17wp","Tiempo de lectura":"2 minutos"},"schema":{"@context":"https:\/\/schema.org","@graph":[{"@type":"Article","@id":"https:\/\/experienciadevida.com.ar\/portalurbano\/fuerte-pedido-de-vizzotti-solo-salgamos-a-trabajar-y-a-llevar-los-chicos-al-colegio\/#article","isPartOf":{"@id":"https:\/\/experienciadevida.com.ar\/portalurbano\/fuerte-pedido-de-vizzotti-solo-salgamos-a-trabajar-y-a-llevar-los-chicos-al-colegio\/"},"author":{"name":"admpu17wp","@id":"https:\/\/experienciadevida.com.ar\/portalurbano\/#\/schema\/person\/02dd326b1c4b056e9cc972486934a3a7"},"headline":"Fuerte pedido de Vizzotti: \u201cSolo salgamos a trabajar y a llevar los chicos al colegio\u201d","datePublished":"2021-04-14T14:22:24+00:00","dateModified":"2021-04-14T14:22:48+00:00","mainEntityOfPage":{"@id":"https:\/\/experienciadevida.com.ar\/portalurbano\/fuerte-pedido-de-vizzotti-solo-salgamos-a-trabajar-y-a-llevar-los-chicos-al-colegio\/"},"wordCount":485,"publisher":{"@id":"https:\/\/experienciadevida.com.ar\/portalurbano\/#organization"},"articleSection":["Coronavirus","Naci\u00f3n"],"inLanguage":"es"},{"@type":"WebPage","@id":"https:\/\/experienciadevida.com.ar\/portalurbano\/fuerte-pedido-de-vizzotti-solo-salgamos-a-trabajar-y-a-llevar-los-chicos-al-colegio\/","url":"https:\/\/experienciadevida.com.ar\/portalurbano\/fuerte-pedido-de-vizzotti-solo-salgamos-a-trabajar-y-a-llevar-los-chicos-al-colegio\/","name":"Fuerte pedido de Vizzotti: \"S\u00f3lo salgamos a trabajar y llevar a los chicos\"","isPartOf":{"@id":"https:\/\/experienciadevida.com.ar\/portalurbano\/#website"},"datePublished":"2021-04-14T14:22:24+00:00","dateModified":"2021-04-14T14:22:48+00:00","description":"Fuerte pedido de Vizzotti: \u201cSolo salgamos a trabajar y a llevar los chicos al colegio\u201d, \"la situaci\u00f3n es delicada\" reconoci\u00f3 la Ministra.","breadcrumb":{"@id":"https:\/\/experienciadevida.com.ar\/portalurbano\/fuerte-pedido-de-vizzotti-solo-salgamos-a-trabajar-y-a-llevar-los-chicos-al-colegio\/#breadcrumb"},"inLanguage":"es","potentialAction":[{"@type":"ReadAction","target":["https:\/\/experienciadevida.com.ar\/portalurbano\/fuerte-pedido-de-vizzotti-solo-salgamos-a-trabajar-y-a-llevar-los-chicos-al-colegio\/"]}]},{"@type":"BreadcrumbList","@id":"https:\/\/experienciadevida.com.ar\/portalurbano\/fuerte-pedido-de-vizzotti-solo-salgamos-a-trabajar-y-a-llevar-los-chicos-al-colegio\/#breadcrumb","itemListElement":[{"@type":"ListItem","position":1,"name":"Portada","item":"https:\/\/experienciadevida.com.ar\/portalurbano\/"},{"@type":"ListItem","position":2,"name":"Fuerte pedido de Vizzotti: \u201cSolo salgamos a trabajar y a llevar los chicos al colegio\u201d"}]},{"@type":"WebSite","@id":"https:\/\/experienciadevida.com.ar\/portalurbano\/#website","url":"https:\/\/experienciadevida.com.ar\/portalurbano\/","name":"","description":"","publisher":{"@id":"https:\/\/experienciadevida.com.ar\/portalurbano\/#organization"},"potentialAction":[{"@type":"SearchAction","target":{"@type":"EntryPoint","urlTemplate":"https:\/\/experienciadevida.com.ar\/portalurbano\/?s={search_term_string}"},"query-input":"required name=search_term_string"}],"inLanguage":"es"},{"@type":"Organization","@id":"https:\/\/experienciadevida.com.ar\/portalurbano\/#organization","name":"Portal Urbano","url":"https:\/\/experienciadevida.com.ar\/portalurbano\/","logo":{"@type":"ImageObject","inLanguage":"es","@id":"https:\/\/experienciadevida.com.ar\/portalurbano\/#\/schema\/logo\/image\/","url":"https:\/\/experienciadevida.com.ar\/portalurbano\/wp-content\/uploads\/2019\/09\/Logo-Original.png","contentUrl":"https:\/\/experienciadevida.com.ar\/portalurbano\/wp-content\/uploads\/2019\/09\/Logo-Original.png","width":2236,"height":1216,"caption":"Portal Urbano"},"image":{"@id":"https:\/\/experienciadevida.com.ar\/portalurbano\/#\/schema\/logo\/image\/"},"sameAs":["https:\/\/www.facebook.com\/Portal-Urbano-171542830093757\/","https:\/\/twitter.com\/portalurbanook","https:\/\/www.instagram.com\/_portalurbano\/","https:\/\/www.youtube.com\/channel\/UCXhagIfszH8KxFiOok79zbA?view_as=subscriber"]},{"@type":"Person","@id":"https:\/\/experienciadevida.com.ar\/portalurbano\/#\/schema\/person\/02dd326b1c4b056e9cc972486934a3a7","name":"admpu17wp","image":{"@type":"ImageObject","inLanguage":"es","@id":"https:\/\/experienciadevida.com.ar\/portalurbano\/#\/schema\/person\/image\/","url":"https:\/\/secure.gravatar.com\/avatar\/830d4c57adaae6630765e449a6908047?s=96&d=mm&r=g","contentUrl":"https:\/\/secure.gravatar.com\/avatar\/830d4c57adaae6630765e449a6908047?s=96&d=mm&r=g","caption":"admpu17wp"}}]}},"featured_image_urls":{"full":["https:\/\/experienciadevida.com.ar\/portalurbano\/wp-content\/uploads\/2021\/04\/Fuerte-pedido-de-Vizzotti.jpeg",696,464,false],"thumbnail":["https:\/\/experienciadevida.com.ar\/portalurbano\/wp-content\/uploads\/2021\/04\/Fuerte-pedido-de-Vizzotti-150x150.jpeg",150,150,true],"medium":["https:\/\/experienciadevida.com.ar\/portalurbano\/wp-content\/uploads\/2021\/04\/Fuerte-pedido-de-Vizzotti-300x200.jpeg",300,200,true],"medium_large":["https:\/\/experienciadevida.com.ar\/portalurbano\/wp-content\/uploads\/2021\/04\/Fuerte-pedido-de-Vizzotti.jpeg",640,427,false],"large":["https:\/\/experienciadevida.com.ar\/portalurbano\/wp-content\/uploads\/2021\/04\/Fuerte-pedido-de-Vizzotti.jpeg",640,427,false],"ug_big":["https:\/\/experienciadevida.com.ar\/portalurbano\/wp-content\/uploads\/2021\/04\/Fuerte-pedido-de-Vizzotti.jpeg",696,464,false],"1536x1536":["https:\/\/experienciadevida.com.ar\/portalurbano\/wp-content\/uploads\/2021\/04\/Fuerte-pedido-de-Vizzotti.jpeg",696,464,false],"2048x2048":["https:\/\/experienciadevida.com.ar\/portalurbano\/wp-content\/uploads\/2021\/04\/Fuerte-pedido-de-Vizzotti.jpeg",696,464,false],"newsever-slider-full":["https:\/\/experienciadevida.com.ar\/portalurbano\/wp-content\/uploads\/2021\/04\/Fuerte-pedido-de-Vizzotti.jpeg",696,464,false],"newsever-featured":["https:\/\/experienciadevida.com.ar\/portalurbano\/wp-content\/uploads\/2021\/04\/Fuerte-pedido-de-Vizzotti.jpeg",696,464,false],"newsever-medium":["https:\/\/experienciadevida.com.ar\/portalurbano\/wp-content\/uploads\/2021\/04\/Fuerte-pedido-de-Vizzotti.jpeg",696,464,false],"web-stories-poster-portrait":["https:\/\/experienciadevida.com.ar\/portalurbano\/wp-content\/uploads\/2021\/04\/Fuerte-pedido-de-Vizzotti.jpeg",640,427,false],"web-stories-publisher-logo":["https:\/\/experienciadevida.com.ar\/portalurbano\/wp-content\/uploads\/2021\/04\/Fuerte-pedido-de-Vizzotti.jpeg",96,64,false],"web-stories-thumbnail":["https:\/\/experienciadevida.com.ar\/portalurbano\/wp-content\/uploads\/2021\/04\/Fuerte-pedido-de-Vizzotti.jpeg",150,100,false]},"author_info":{"display_name":"admpu17wp","author_link":"https:\/\/experienciadevida.com.ar\/portalurbano\/author\/admpu17wp\/"},"category_info":"<a href=\"https:\/\/experienciadevida.com.ar\/portalurbano\/category\/nacion\/coronavirus\/\" rel=\"category tag\">Coronavirus<\/a> <a href=\"https:\/\/experienciadevida.com.ar\/portalurbano\/category\/nacion\/\" rel=\"category tag\">Naci\u00f3n<\/a>","tag_info":"Naci\u00f3n","comment_count":"0","amp_enabled":true,"_links":{"self":[{"href":"https:\/\/experienciadevida.com.ar\/portalurbano\/wp-json\/wp\/v2\/posts\/140189"}],"collection":[{"href":"https:\/\/experienciadevida.com.ar\/portalurbano\/wp-json\/wp\/v2\/posts"}],"about":[{"href":"https:\/\/experienciadevida.com.ar\/portalurbano\/wp-json\/wp\/v2\/types\/post"}],"author":[{"embeddable":true,"href":"https:\/\/experienciadevida.com.ar\/portalurbano\/wp-json\/wp\/v2\/users\/1"}],"replies":[{"embeddable":true,"href":"https:\/\/experienciadevida.com.ar\/portalurbano\/wp-json\/wp\/v2\/comments?post=140189"}],"version-history":[{"count":1,"href":"https:\/\/experienciadevida.com.ar\/portalurbano\/wp-json\/wp\/v2\/posts\/140189\/revisions"}],"predecessor-version":[{"id":140191,"href":"https:\/\/experienciadevida.com.ar\/portalurbano\/wp-json\/wp\/v2\/posts\/140189\/revisions\/140191"}],"wp:featuredmedia":[{"embeddable":true,"href":"https:\/\/experienciadevida.com.ar\/portalurbano\/wp-json\/wp\/v2\/media\/140190"}],"wp:attachment":[{"href":"https:\/\/experienciadevida.com.ar\/portalurbano\/wp-json\/wp\/v2\/media?parent=140189"}],"wp:term":[{"taxonomy":"category","embeddable":true,"href":"https:\/\/experienciadevida.com.ar\/portalurbano\/wp-json\/wp\/v2\/categories?post=140189"},{"taxonomy":"post_tag","embeddable":true,"href":"https:\/\/experienciadevida.com.ar\/portalurbano\/wp-json\/wp\/v2\/tags?post=140189"}],"curies":[{"name":"wp","href":"https:\/\/api.w.org\/{rel}","templated":true}]}}