{"id":140024,"date":"2021-04-13T10:14:35","date_gmt":"2021-04-13T13:14:35","guid":{"rendered":"https:\/\/experienciadevida.com.ar\/portalurbano\/?p=140024"},"modified":"2021-04-13T10:19:10","modified_gmt":"2021-04-13T13:19:10","slug":"solicitan-la-suspension-de-clases-presenciales-de-forma-temporal-ante-el-aumento-de-casos","status":"publish","type":"post","link":"https:\/\/experienciadevida.com.ar\/portalurbano\/solicitan-la-suspension-de-clases-presenciales-de-forma-temporal-ante-el-aumento-de-casos\/","title":{"rendered":"Solicitan la suspensi\u00f3n de clases presenciales de forma temporal ante el aumento de casos"},"content":{"rendered":"<p>Solicitan la suspensi\u00f3n de clases presenciales de forma temporal ante el aumento de casos, luego de una reuni\u00f3n de UEGD\u00a0 solicitada por el Frente de unidad docente de Olavarr\u00eda para analizar la situaci\u00f3n actual del distrito ante est\u00e1 segunda ola de contagios y la circulaci\u00f3n de las dos nuevas cepas del virus.<\/p>\n<p>Estuvieron presentes autoridades de salud del municipio, el Dr. Caputo, la Dra. Weis y el Dr. Luciano Gentile.<\/p>\n<p>Solicitan la suspensi\u00f3n de clases de forma temporal ante el aumento de casos, &#8220;En dicha reuni\u00f3n los sindicatos presentes expresamos nuestra preocupaci\u00f3n por el incremento de contagios y solicitamos la suspensi\u00f3n de las clases presenciales de forma temporal para que las escuelas sean lugares seguros para todos&#8221;.<\/p>\n<p>Por \u00faltimo &#8220;solicitamos que se nos brinde informaci\u00f3n epidemiol\u00f3gica actualizada diariamente sobre las escuelas y participar de la capacitaci\u00f3n con el referente de salud del municipio&#8221;<\/p>\n","protected":false},"excerpt":{"rendered":"<p>Solicitan la suspensi\u00f3n de clases presenciales de forma temporal ante el aumento de casos, luego&#8230;<\/p>\n","protected":false},"author":1,"featured_media":140025,"comment_status":"closed","ping_status":"closed","sticky":false,"template":"","format":"standard","meta":{"content-type":""},"categories":[27,64],"tags":[],"nelio_content":{"isAutoShareEnabled":false,"autoShareEndMode":"default","automationSources":{"useContentSentences":true,"useSocialTemplates":true,"useCustomSentences":false,"customSentences":[]},"followers":[1],"suggestedReferences":[],"includedReferences":[],"efiUrl":"","efiAlt":"","highlights":[]},"yoast_head":"<!-- This site is optimized with the Yoast SEO plugin v20.7 - https:\/\/yoast.com\/wordpress\/plugins\/seo\/ -->\n<title>Solicitan la suspensi\u00f3n de clases presenciales de forma temporal<\/title>\n<meta name=\"description\" content=\"Solicitan la suspensi\u00f3n de clases presenciales de forma temporal ante el aumento de casos, luego de una reuni\u00f3n de UEGD\u00a0\" \/>\n<meta name=\"robots\" content=\"index, follow, max-snippet:-1, max-image-preview:large, max-video-preview:-1\" \/>\n<link rel=\"canonical\" href=\"https:\/\/experienciadevida.com.ar\/portalurbano\/solicitan-la-suspension-de-clases-presenciales-de-forma-temporal-ante-el-aumento-de-casos\/\" \/>\n<meta property=\"og:locale\" content=\"es_ES\" \/>\n<meta property=\"og:type\" content=\"article\" \/>\n<meta property=\"og:title\" content=\"Solicitan la suspensi\u00f3n de clases presenciales de forma temporal\" \/>\n<meta property=\"og:description\" content=\"Solicitan la suspensi\u00f3n de clases presenciales de forma temporal ante el aumento de casos, luego de una reuni\u00f3n de UEGD\u00a0\" \/>\n<meta property=\"og:url\" content=\"https:\/\/experienciadevida.com.ar\/portalurbano\/solicitan-la-suspension-de-clases-presenciales-de-forma-temporal-ante-el-aumento-de-casos\/\" \/>\n<meta property=\"article:publisher\" content=\"https:\/\/www.facebook.com\/Portal-Urbano-171542830093757\/\" \/>\n<meta property=\"article:published_time\" content=\"2021-04-13T13:14:35+00:00\" \/>\n<meta property=\"article:modified_time\" content=\"2021-04-13T13:19:10+00:00\" \/>\n<meta property=\"og:image\" content=\"https:\/\/experienciadevida.com.ar\/portalurbano\/wp-content\/uploads\/2021\/04\/Solicitan-la-suspension-de-clases.jpg\" \/>\n\t<meta property=\"og:image:width\" content=\"1280\" \/>\n\t<meta property=\"og:image:height\" content=\"719\" \/>\n\t<meta property=\"og:image:type\" content=\"image\/jpeg\" \/>\n<meta name=\"author\" content=\"admpu17wp\" \/>\n<meta name=\"twitter:card\" content=\"summary_large_image\" \/>\n<meta name=\"twitter:creator\" content=\"@portalurbanook\" \/>\n<meta name=\"twitter:site\" content=\"@portalurbanook\" \/>\n<meta name=\"twitter:label1\" content=\"Escrito por\" \/>\n\t<meta name=\"twitter:data1\" content=\"admpu17wp\" \/>\n\t<meta name=\"twitter:label2\" content=\"Tiempo de lectura\" \/>\n\t<meta name=\"twitter:data2\" content=\"1 minuto\" \/>\n<script type=\"application\/ld+json\" class=\"yoast-schema-graph\">{\"@context\":\"https:\/\/schema.org\",\"@graph\":[{\"@type\":\"Article\",\"@id\":\"https:\/\/experienciadevida.com.ar\/portalurbano\/solicitan-la-suspension-de-clases-presenciales-de-forma-temporal-ante-el-aumento-de-casos\/#article\",\"isPartOf\":{\"@id\":\"https:\/\/experienciadevida.com.ar\/portalurbano\/solicitan-la-suspension-de-clases-presenciales-de-forma-temporal-ante-el-aumento-de-casos\/\"},\"author\":{\"name\":\"admpu17wp\",\"@id\":\"https:\/\/experienciadevida.com.ar\/portalurbano\/#\/schema\/person\/02dd326b1c4b056e9cc972486934a3a7\"},\"headline\":\"Solicitan la suspensi\u00f3n de clases presenciales de forma temporal ante el aumento de casos\",\"datePublished\":\"2021-04-13T13:14:35+00:00\",\"dateModified\":\"2021-04-13T13:19:10+00:00\",\"mainEntityOfPage\":{\"@id\":\"https:\/\/experienciadevida.com.ar\/portalurbano\/solicitan-la-suspension-de-clases-presenciales-de-forma-temporal-ante-el-aumento-de-casos\/\"},\"wordCount\":170,\"publisher\":{\"@id\":\"https:\/\/experienciadevida.com.ar\/portalurbano\/#organization\"},\"articleSection\":[\"Ciudad\",\"Destacadas 2\"],\"inLanguage\":\"es\"},{\"@type\":\"WebPage\",\"@id\":\"https:\/\/experienciadevida.com.ar\/portalurbano\/solicitan-la-suspension-de-clases-presenciales-de-forma-temporal-ante-el-aumento-de-casos\/\",\"url\":\"https:\/\/experienciadevida.com.ar\/portalurbano\/solicitan-la-suspension-de-clases-presenciales-de-forma-temporal-ante-el-aumento-de-casos\/\",\"name\":\"Solicitan la suspensi\u00f3n de clases presenciales de forma temporal\",\"isPartOf\":{\"@id\":\"https:\/\/experienciadevida.com.ar\/portalurbano\/#website\"},\"datePublished\":\"2021-04-13T13:14:35+00:00\",\"dateModified\":\"2021-04-13T13:19:10+00:00\",\"description\":\"Solicitan la suspensi\u00f3n de clases presenciales de forma temporal ante el aumento de casos, luego de una reuni\u00f3n de UEGD\u00a0\",\"breadcrumb\":{\"@id\":\"https:\/\/experienciadevida.com.ar\/portalurbano\/solicitan-la-suspension-de-clases-presenciales-de-forma-temporal-ante-el-aumento-de-casos\/#breadcrumb\"},\"inLanguage\":\"es\",\"potentialAction\":[{\"@type\":\"ReadAction\",\"target\":[\"https:\/\/experienciadevida.com.ar\/portalurbano\/solicitan-la-suspension-de-clases-presenciales-de-forma-temporal-ante-el-aumento-de-casos\/\"]}]},{\"@type\":\"BreadcrumbList\",\"@id\":\"https:\/\/experienciadevida.com.ar\/portalurbano\/solicitan-la-suspension-de-clases-presenciales-de-forma-temporal-ante-el-aumento-de-casos\/#breadcrumb\",\"itemListElement\":[{\"@type\":\"ListItem\",\"position\":1,\"name\":\"Portada\",\"item\":\"https:\/\/experienciadevida.com.ar\/portalurbano\/\"},{\"@type\":\"ListItem\",\"position\":2,\"name\":\"Solicitan la suspensi\u00f3n de clases presenciales de forma temporal ante el aumento de casos\"}]},{\"@type\":\"WebSite\",\"@id\":\"https:\/\/experienciadevida.com.ar\/portalurbano\/#website\",\"url\":\"https:\/\/experienciadevida.com.ar\/portalurbano\/\",\"name\":\"\",\"description\":\"\",\"publisher\":{\"@id\":\"https:\/\/experienciadevida.com.ar\/portalurbano\/#organization\"},\"potentialAction\":[{\"@type\":\"SearchAction\",\"target\":{\"@type\":\"EntryPoint\",\"urlTemplate\":\"https:\/\/experienciadevida.com.ar\/portalurbano\/?s={search_term_string}\"},\"query-input\":\"required name=search_term_string\"}],\"inLanguage\":\"es\"},{\"@type\":\"Organization\",\"@id\":\"https:\/\/experienciadevida.com.ar\/portalurbano\/#organization\",\"name\":\"Portal Urbano\",\"url\":\"https:\/\/experienciadevida.com.ar\/portalurbano\/\",\"logo\":{\"@type\":\"ImageObject\",\"inLanguage\":\"es\",\"@id\":\"https:\/\/experienciadevida.com.ar\/portalurbano\/#\/schema\/logo\/image\/\",\"url\":\"https:\/\/experienciadevida.com.ar\/portalurbano\/wp-content\/uploads\/2019\/09\/Logo-Original.png\",\"contentUrl\":\"https:\/\/experienciadevida.com.ar\/portalurbano\/wp-content\/uploads\/2019\/09\/Logo-Original.png\",\"width\":2236,\"height\":1216,\"caption\":\"Portal Urbano\"},\"image\":{\"@id\":\"https:\/\/experienciadevida.com.ar\/portalurbano\/#\/schema\/logo\/image\/\"},\"sameAs\":[\"https:\/\/www.facebook.com\/Portal-Urbano-171542830093757\/\",\"https:\/\/twitter.com\/portalurbanook\",\"https:\/\/www.instagram.com\/_portalurbano\/\",\"https:\/\/www.youtube.com\/channel\/UCXhagIfszH8KxFiOok79zbA?view_as=subscriber\"]},{\"@type\":\"Person\",\"@id\":\"https:\/\/experienciadevida.com.ar\/portalurbano\/#\/schema\/person\/02dd326b1c4b056e9cc972486934a3a7\",\"name\":\"admpu17wp\",\"image\":{\"@type\":\"ImageObject\",\"inLanguage\":\"es\",\"@id\":\"https:\/\/experienciadevida.com.ar\/portalurbano\/#\/schema\/person\/image\/\",\"url\":\"https:\/\/secure.gravatar.com\/avatar\/830d4c57adaae6630765e449a6908047?s=96&d=mm&r=g\",\"contentUrl\":\"https:\/\/secure.gravatar.com\/avatar\/830d4c57adaae6630765e449a6908047?s=96&d=mm&r=g\",\"caption\":\"admpu17wp\"}}]}<\/script>\n<!-- \/ Yoast SEO plugin. -->","yoast_head_json":{"title":"Solicitan la suspensi\u00f3n de clases presenciales de forma temporal","description":"Solicitan la suspensi\u00f3n de clases presenciales de forma temporal ante el aumento de casos, luego de una reuni\u00f3n de UEGD\u00a0","robots":{"index":"index","follow":"follow","max-snippet":"max-snippet:-1","max-image-preview":"max-image-preview:large","max-video-preview":"max-video-preview:-1"},"canonical":"https:\/\/experienciadevida.com.ar\/portalurbano\/solicitan-la-suspension-de-clases-presenciales-de-forma-temporal-ante-el-aumento-de-casos\/","og_locale":"es_ES","og_type":"article","og_title":"Solicitan la suspensi\u00f3n de clases presenciales de forma temporal","og_description":"Solicitan la suspensi\u00f3n de clases presenciales de forma temporal ante el aumento de casos, luego de una reuni\u00f3n de UEGD\u00a0","og_url":"https:\/\/experienciadevida.com.ar\/portalurbano\/solicitan-la-suspension-de-clases-presenciales-de-forma-temporal-ante-el-aumento-de-casos\/","article_publisher":"https:\/\/www.facebook.com\/Portal-Urbano-171542830093757\/","article_published_time":"2021-04-13T13:14:35+00:00","article_modified_time":"2021-04-13T13:19:10+00:00","og_image":[{"width":1280,"height":719,"url":"https:\/\/experienciadevida.com.ar\/portalurbano\/wp-content\/uploads\/2021\/04\/Solicitan-la-suspension-de-clases.jpg","type":"image\/jpeg"}],"author":"admpu17wp","twitter_card":"summary_large_image","twitter_creator":"@portalurbanook","twitter_site":"@portalurbanook","twitter_misc":{"Escrito por":"admpu17wp","Tiempo de lectura":"1 minuto"},"schema":{"@context":"https:\/\/schema.org","@graph":[{"@type":"Article","@id":"https:\/\/experienciadevida.com.ar\/portalurbano\/solicitan-la-suspension-de-clases-presenciales-de-forma-temporal-ante-el-aumento-de-casos\/#article","isPartOf":{"@id":"https:\/\/experienciadevida.com.ar\/portalurbano\/solicitan-la-suspension-de-clases-presenciales-de-forma-temporal-ante-el-aumento-de-casos\/"},"author":{"name":"admpu17wp","@id":"https:\/\/experienciadevida.com.ar\/portalurbano\/#\/schema\/person\/02dd326b1c4b056e9cc972486934a3a7"},"headline":"Solicitan la suspensi\u00f3n de clases presenciales de forma temporal ante el aumento de casos","datePublished":"2021-04-13T13:14:35+00:00","dateModified":"2021-04-13T13:19:10+00:00","mainEntityOfPage":{"@id":"https:\/\/experienciadevida.com.ar\/portalurbano\/solicitan-la-suspension-de-clases-presenciales-de-forma-temporal-ante-el-aumento-de-casos\/"},"wordCount":170,"publisher":{"@id":"https:\/\/experienciadevida.com.ar\/portalurbano\/#organization"},"articleSection":["Ciudad","Destacadas 2"],"inLanguage":"es"},{"@type":"WebPage","@id":"https:\/\/experienciadevida.com.ar\/portalurbano\/solicitan-la-suspension-de-clases-presenciales-de-forma-temporal-ante-el-aumento-de-casos\/","url":"https:\/\/experienciadevida.com.ar\/portalurbano\/solicitan-la-suspension-de-clases-presenciales-de-forma-temporal-ante-el-aumento-de-casos\/","name":"Solicitan la suspensi\u00f3n de clases presenciales de forma temporal","isPartOf":{"@id":"https:\/\/experienciadevida.com.ar\/portalurbano\/#website"},"datePublished":"2021-04-13T13:14:35+00:00","dateModified":"2021-04-13T13:19:10+00:00","description":"Solicitan la suspensi\u00f3n de clases presenciales de forma temporal ante el aumento de casos, luego de una reuni\u00f3n de UEGD\u00a0","breadcrumb":{"@id":"https:\/\/experienciadevida.com.ar\/portalurbano\/solicitan-la-suspension-de-clases-presenciales-de-forma-temporal-ante-el-aumento-de-casos\/#breadcrumb"},"inLanguage":"es","potentialAction":[{"@type":"ReadAction","target":["https:\/\/experienciadevida.com.ar\/portalurbano\/solicitan-la-suspension-de-clases-presenciales-de-forma-temporal-ante-el-aumento-de-casos\/"]}]},{"@type":"BreadcrumbList","@id":"https:\/\/experienciadevida.com.ar\/portalurbano\/solicitan-la-suspension-de-clases-presenciales-de-forma-temporal-ante-el-aumento-de-casos\/#breadcrumb","itemListElement":[{"@type":"ListItem","position":1,"name":"Portada","item":"https:\/\/experienciadevida.com.ar\/portalurbano\/"},{"@type":"ListItem","position":2,"name":"Solicitan la suspensi\u00f3n de clases presenciales de forma temporal ante el aumento de casos"}]},{"@type":"WebSite","@id":"https:\/\/experienciadevida.com.ar\/portalurbano\/#website","url":"https:\/\/experienciadevida.com.ar\/portalurbano\/","name":"","description":"","publisher":{"@id":"https:\/\/experienciadevida.com.ar\/portalurbano\/#organization"},"potentialAction":[{"@type":"SearchAction","target":{"@type":"EntryPoint","urlTemplate":"https:\/\/experienciadevida.com.ar\/portalurbano\/?s={search_term_string}"},"query-input":"required name=search_term_string"}],"inLanguage":"es"},{"@type":"Organization","@id":"https:\/\/experienciadevida.com.ar\/portalurbano\/#organization","name":"Portal Urbano","url":"https:\/\/experienciadevida.com.ar\/portalurbano\/","logo":{"@type":"ImageObject","inLanguage":"es","@id":"https:\/\/experienciadevida.com.ar\/portalurbano\/#\/schema\/logo\/image\/","url":"https:\/\/experienciadevida.com.ar\/portalurbano\/wp-content\/uploads\/2019\/09\/Logo-Original.png","contentUrl":"https:\/\/experienciadevida.com.ar\/portalurbano\/wp-content\/uploads\/2019\/09\/Logo-Original.png","width":2236,"height":1216,"caption":"Portal Urbano"},"image":{"@id":"https:\/\/experienciadevida.com.ar\/portalurbano\/#\/schema\/logo\/image\/"},"sameAs":["https:\/\/www.facebook.com\/Portal-Urbano-171542830093757\/","https:\/\/twitter.com\/portalurbanook","https:\/\/www.instagram.com\/_portalurbano\/","https:\/\/www.youtube.com\/channel\/UCXhagIfszH8KxFiOok79zbA?view_as=subscriber"]},{"@type":"Person","@id":"https:\/\/experienciadevida.com.ar\/portalurbano\/#\/schema\/person\/02dd326b1c4b056e9cc972486934a3a7","name":"admpu17wp","image":{"@type":"ImageObject","inLanguage":"es","@id":"https:\/\/experienciadevida.com.ar\/portalurbano\/#\/schema\/person\/image\/","url":"https:\/\/secure.gravatar.com\/avatar\/830d4c57adaae6630765e449a6908047?s=96&d=mm&r=g","contentUrl":"https:\/\/secure.gravatar.com\/avatar\/830d4c57adaae6630765e449a6908047?s=96&d=mm&r=g","caption":"admpu17wp"}}]}},"featured_image_urls":{"full":["https:\/\/experienciadevida.com.ar\/portalurbano\/wp-content\/uploads\/2021\/04\/Solicitan-la-suspension-de-clases.jpg",1280,719,false],"thumbnail":["https:\/\/experienciadevida.com.ar\/portalurbano\/wp-content\/uploads\/2021\/04\/Solicitan-la-suspension-de-clases-150x150.jpg",150,150,true],"medium":["https:\/\/experienciadevida.com.ar\/portalurbano\/wp-content\/uploads\/2021\/04\/Solicitan-la-suspension-de-clases-300x169.jpg",300,169,true],"medium_large":["https:\/\/experienciadevida.com.ar\/portalurbano\/wp-content\/uploads\/2021\/04\/Solicitan-la-suspension-de-clases-768x431.jpg",640,359,true],"large":["https:\/\/experienciadevida.com.ar\/portalurbano\/wp-content\/uploads\/2021\/04\/Solicitan-la-suspension-de-clases-1024x575.jpg",640,359,true],"ug_big":["https:\/\/experienciadevida.com.ar\/portalurbano\/wp-content\/uploads\/2021\/04\/Solicitan-la-suspension-de-clases-768x431.jpg",768,431,true],"1536x1536":["https:\/\/experienciadevida.com.ar\/portalurbano\/wp-content\/uploads\/2021\/04\/Solicitan-la-suspension-de-clases.jpg",1280,719,false],"2048x2048":["https:\/\/experienciadevida.com.ar\/portalurbano\/wp-content\/uploads\/2021\/04\/Solicitan-la-suspension-de-clases.jpg",1280,719,false],"newsever-slider-full":["https:\/\/experienciadevida.com.ar\/portalurbano\/wp-content\/uploads\/2021\/04\/Solicitan-la-suspension-de-clases.jpg",1280,719,false],"newsever-featured":["https:\/\/experienciadevida.com.ar\/portalurbano\/wp-content\/uploads\/2021\/04\/Solicitan-la-suspension-de-clases.jpg",1024,575,false],"newsever-medium":["https:\/\/experienciadevida.com.ar\/portalurbano\/wp-content\/uploads\/2021\/04\/Solicitan-la-suspension-de-clases.jpg",720,404,false],"web-stories-poster-portrait":["https:\/\/experienciadevida.com.ar\/portalurbano\/wp-content\/uploads\/2021\/04\/Solicitan-la-suspension-de-clases.jpg",640,360,false],"web-stories-publisher-logo":["https:\/\/experienciadevida.com.ar\/portalurbano\/wp-content\/uploads\/2021\/04\/Solicitan-la-suspension-de-clases.jpg",96,54,false],"web-stories-thumbnail":["https:\/\/experienciadevida.com.ar\/portalurbano\/wp-content\/uploads\/2021\/04\/Solicitan-la-suspension-de-clases.jpg",150,84,false]},"author_info":{"display_name":"admpu17wp","author_link":"https:\/\/experienciadevida.com.ar\/portalurbano\/author\/admpu17wp\/"},"category_info":"<a href=\"https:\/\/experienciadevida.com.ar\/portalurbano\/category\/ciudad\/\" rel=\"category tag\">Ciudad<\/a> <a href=\"https:\/\/experienciadevida.com.ar\/portalurbano\/category\/destacadas-2\/\" rel=\"category tag\">Destacadas 2<\/a>","tag_info":"Destacadas 2","comment_count":"0","amp_enabled":true,"_links":{"self":[{"href":"https:\/\/experienciadevida.com.ar\/portalurbano\/wp-json\/wp\/v2\/posts\/140024"}],"collection":[{"href":"https:\/\/experienciadevida.com.ar\/portalurbano\/wp-json\/wp\/v2\/posts"}],"about":[{"href":"https:\/\/experienciadevida.com.ar\/portalurbano\/wp-json\/wp\/v2\/types\/post"}],"author":[{"embeddable":true,"href":"https:\/\/experienciadevida.com.ar\/portalurbano\/wp-json\/wp\/v2\/users\/1"}],"replies":[{"embeddable":true,"href":"https:\/\/experienciadevida.com.ar\/portalurbano\/wp-json\/wp\/v2\/comments?post=140024"}],"version-history":[{"count":2,"href":"https:\/\/experienciadevida.com.ar\/portalurbano\/wp-json\/wp\/v2\/posts\/140024\/revisions"}],"predecessor-version":[{"id":140027,"href":"https:\/\/experienciadevida.com.ar\/portalurbano\/wp-json\/wp\/v2\/posts\/140024\/revisions\/140027"}],"wp:featuredmedia":[{"embeddable":true,"href":"https:\/\/experienciadevida.com.ar\/portalurbano\/wp-json\/wp\/v2\/media\/140025"}],"wp:attachment":[{"href":"https:\/\/experienciadevida.com.ar\/portalurbano\/wp-json\/wp\/v2\/media?parent=140024"}],"wp:term":[{"taxonomy":"category","embeddable":true,"href":"https:\/\/experienciadevida.com.ar\/portalurbano\/wp-json\/wp\/v2\/categories?post=140024"},{"taxonomy":"post_tag","embeddable":true,"href":"https:\/\/experienciadevida.com.ar\/portalurbano\/wp-json\/wp\/v2\/tags?post=140024"}],"curies":[{"name":"wp","href":"https:\/\/api.w.org\/{rel}","templated":true}]}}