{"id":140008,"date":"2021-04-12T22:07:13","date_gmt":"2021-04-13T01:07:13","guid":{"rendered":"https:\/\/experienciadevida.com.ar\/portalurbano\/?p=140008"},"modified":"2021-04-12T22:09:20","modified_gmt":"2021-04-13T01:09:20","slug":"un-gran-numero-de-comerciantes-participaron-de-la-charla-de-beneficios-anses","status":"publish","type":"post","link":"https:\/\/experienciadevida.com.ar\/portalurbano\/un-gran-numero-de-comerciantes-participaron-de-la-charla-de-beneficios-anses\/","title":{"rendered":"Un gran n\u00famero de comerciantes participaron de la charla de Beneficios ANSES"},"content":{"rendered":"<p>Un gran n\u00famero de comerciantes participaron de la charla de Beneficios ANSES, la misma estuvo a cargo del secretario General de ANSES Santiago Fraschina y el jefe de la delegaci\u00f3n local, Maximiliano Wesner.<\/p>\n<p>Se trata de un programa para aumentar el consumo y la venta de los comercios locales mediante una serie de promociones y descuentos. En Olavarr\u00eda hay 48.733 potenciales clientes.<\/p>\n<p>Un gran n\u00famero de comerciantes participaron de la charla de beneficios de ANSES, Santiago Fraschina y Maximiliano Wesner fueron los encargados de explicar los m\u00faltiples beneficios del programa que forma parte de un conjunto de pol\u00edticas p\u00fablicas de inclusi\u00f3n, en donde todas aquellas personas que reciben una prestaci\u00f3n pueden acceder a descuentos en sus compras cotidianas.<\/p>\n<p>Para cumplir esta misi\u00f3n, ANSES establece acuerdos con comercios de todo el pa\u00eds, que ofrecen descuentos y promociones a las compras abonadas con la tarjeta de d\u00e9bito de la seguridad social (del banco donde cobra la prestaci\u00f3n de ANSES).<\/p>\n<p>\u201cEl objetivo es que los beneficiarios de ANSES tengan un descuento y de esa forma potenciar las ventas de los comercios. Por su parte ANSES en sus p\u00e1ginas y redes se encarga de difundir los comercios que participan, repartir el material gr\u00e1fico y folleter\u00eda para la correcta comunicaci\u00f3n. Es un programa que estamos perfeccionando y ampliando para sumar m\u00e1s beneficiarios\u201d detall\u00f3 el Secretario General de ANSES Santiago Fraschina.<\/p>\n<p>En la misma l\u00ednea Maximiliano Wesner agreg\u00f3: \u201cEn Olavarr\u00eda hay 48.733 potenciales clientes que cobran con tarjeta de d\u00e9bito y que perciben alg\u00fan tipo de beneficio. Desde la p\u00e1gina de ANSES los beneficiarios pueden ver por localidad y por cercan\u00eda que comercios hay adheridos y es muy importante el trabajo de difusi\u00f3n que realizamos desde la sede para potenciar las ventas\u201d.<\/p>\n<p>Beneficios ANSES permite acceder a descuentos de un 10% en las compras realizadas los d\u00edas lunes en los comercios adheridos, abonando con tarjeta de d\u00e9bito. El descuento ser\u00e1 reintegrado en la cuenta del beneficiario dentro de los 7 d\u00edas h\u00e1biles de realizada la compra.<\/p>\n<p>Para m\u00e1s informaci\u00f3n los comerciantes interesados en sumarse pueden acceder a www.anses.gob.ar\/beneficios . Actualmente hay m\u00e1s de 5.300 puntos de venta distribuidos en todo el pa\u00eds.<\/p>\n","protected":false},"excerpt":{"rendered":"<p>Un gran n\u00famero de comerciantes participaron de la charla de Beneficios ANSES, la misma estuvo&#8230;<\/p>\n","protected":false},"author":1,"featured_media":140009,"comment_status":"closed","ping_status":"closed","sticky":false,"template":"","format":"standard","meta":{"content-type":""},"categories":[27,64],"tags":[],"nelio_content":{"isAutoShareEnabled":false,"autoShareEndMode":"default","automationSources":{"useContentSentences":true,"useSocialTemplates":true,"useCustomSentences":false,"customSentences":[]},"followers":[1],"suggestedReferences":[],"includedReferences":[],"efiUrl":"","efiAlt":"","highlights":[]},"yoast_head":"<!-- This site is optimized with the Yoast SEO plugin v20.7 - https:\/\/yoast.com\/wordpress\/plugins\/seo\/ -->\n<title>Un gran n\u00famero de comerciantes participaron de la charla de ANSES<\/title>\n<meta name=\"description\" content=\"Un gran n\u00famero de comerciantes participaron de la charla de Beneficios ANSES, la misma estuvo a cargo del secretario de ANSES.\" \/>\n<meta name=\"robots\" content=\"index, follow, max-snippet:-1, max-image-preview:large, max-video-preview:-1\" \/>\n<link rel=\"canonical\" href=\"https:\/\/experienciadevida.com.ar\/portalurbano\/un-gran-numero-de-comerciantes-participaron-de-la-charla-de-beneficios-anses\/\" \/>\n<meta property=\"og:locale\" content=\"es_ES\" \/>\n<meta property=\"og:type\" content=\"article\" \/>\n<meta property=\"og:title\" content=\"Un gran n\u00famero de comerciantes participaron de la charla de ANSES\" \/>\n<meta property=\"og:description\" content=\"Un gran n\u00famero de comerciantes participaron de la charla de Beneficios ANSES, la misma estuvo a cargo del secretario de ANSES.\" \/>\n<meta property=\"og:url\" content=\"https:\/\/experienciadevida.com.ar\/portalurbano\/un-gran-numero-de-comerciantes-participaron-de-la-charla-de-beneficios-anses\/\" \/>\n<meta property=\"article:publisher\" content=\"https:\/\/www.facebook.com\/Portal-Urbano-171542830093757\/\" \/>\n<meta property=\"article:published_time\" content=\"2021-04-13T01:07:13+00:00\" \/>\n<meta property=\"article:modified_time\" content=\"2021-04-13T01:09:20+00:00\" \/>\n<meta property=\"og:image\" content=\"https:\/\/experienciadevida.com.ar\/portalurbano\/wp-content\/uploads\/2021\/04\/Un-gran-numero-de-comerciantes.jpg\" \/>\n\t<meta property=\"og:image:width\" content=\"1280\" \/>\n\t<meta property=\"og:image:height\" content=\"624\" \/>\n\t<meta property=\"og:image:type\" content=\"image\/jpeg\" \/>\n<meta name=\"author\" content=\"admpu17wp\" \/>\n<meta name=\"twitter:card\" content=\"summary_large_image\" \/>\n<meta name=\"twitter:creator\" content=\"@portalurbanook\" \/>\n<meta name=\"twitter:site\" content=\"@portalurbanook\" \/>\n<meta name=\"twitter:label1\" content=\"Escrito por\" \/>\n\t<meta name=\"twitter:data1\" content=\"admpu17wp\" \/>\n\t<meta name=\"twitter:label2\" content=\"Tiempo de lectura\" \/>\n\t<meta name=\"twitter:data2\" content=\"2 minutos\" \/>\n<script type=\"application\/ld+json\" class=\"yoast-schema-graph\">{\"@context\":\"https:\/\/schema.org\",\"@graph\":[{\"@type\":\"Article\",\"@id\":\"https:\/\/experienciadevida.com.ar\/portalurbano\/un-gran-numero-de-comerciantes-participaron-de-la-charla-de-beneficios-anses\/#article\",\"isPartOf\":{\"@id\":\"https:\/\/experienciadevida.com.ar\/portalurbano\/un-gran-numero-de-comerciantes-participaron-de-la-charla-de-beneficios-anses\/\"},\"author\":{\"name\":\"admpu17wp\",\"@id\":\"https:\/\/experienciadevida.com.ar\/portalurbano\/#\/schema\/person\/02dd326b1c4b056e9cc972486934a3a7\"},\"headline\":\"Un gran n\u00famero de comerciantes participaron de la charla de Beneficios ANSES\",\"datePublished\":\"2021-04-13T01:07:13+00:00\",\"dateModified\":\"2021-04-13T01:09:20+00:00\",\"mainEntityOfPage\":{\"@id\":\"https:\/\/experienciadevida.com.ar\/portalurbano\/un-gran-numero-de-comerciantes-participaron-de-la-charla-de-beneficios-anses\/\"},\"wordCount\":400,\"publisher\":{\"@id\":\"https:\/\/experienciadevida.com.ar\/portalurbano\/#organization\"},\"articleSection\":[\"Ciudad\",\"Destacadas 2\"],\"inLanguage\":\"es\"},{\"@type\":\"WebPage\",\"@id\":\"https:\/\/experienciadevida.com.ar\/portalurbano\/un-gran-numero-de-comerciantes-participaron-de-la-charla-de-beneficios-anses\/\",\"url\":\"https:\/\/experienciadevida.com.ar\/portalurbano\/un-gran-numero-de-comerciantes-participaron-de-la-charla-de-beneficios-anses\/\",\"name\":\"Un gran n\u00famero de comerciantes participaron de la charla de ANSES\",\"isPartOf\":{\"@id\":\"https:\/\/experienciadevida.com.ar\/portalurbano\/#website\"},\"datePublished\":\"2021-04-13T01:07:13+00:00\",\"dateModified\":\"2021-04-13T01:09:20+00:00\",\"description\":\"Un gran n\u00famero de comerciantes participaron de la charla de Beneficios ANSES, la misma estuvo a cargo del secretario de ANSES.\",\"breadcrumb\":{\"@id\":\"https:\/\/experienciadevida.com.ar\/portalurbano\/un-gran-numero-de-comerciantes-participaron-de-la-charla-de-beneficios-anses\/#breadcrumb\"},\"inLanguage\":\"es\",\"potentialAction\":[{\"@type\":\"ReadAction\",\"target\":[\"https:\/\/experienciadevida.com.ar\/portalurbano\/un-gran-numero-de-comerciantes-participaron-de-la-charla-de-beneficios-anses\/\"]}]},{\"@type\":\"BreadcrumbList\",\"@id\":\"https:\/\/experienciadevida.com.ar\/portalurbano\/un-gran-numero-de-comerciantes-participaron-de-la-charla-de-beneficios-anses\/#breadcrumb\",\"itemListElement\":[{\"@type\":\"ListItem\",\"position\":1,\"name\":\"Portada\",\"item\":\"https:\/\/experienciadevida.com.ar\/portalurbano\/\"},{\"@type\":\"ListItem\",\"position\":2,\"name\":\"Un gran n\u00famero de comerciantes participaron de la charla de Beneficios ANSES\"}]},{\"@type\":\"WebSite\",\"@id\":\"https:\/\/experienciadevida.com.ar\/portalurbano\/#website\",\"url\":\"https:\/\/experienciadevida.com.ar\/portalurbano\/\",\"name\":\"\",\"description\":\"\",\"publisher\":{\"@id\":\"https:\/\/experienciadevida.com.ar\/portalurbano\/#organization\"},\"potentialAction\":[{\"@type\":\"SearchAction\",\"target\":{\"@type\":\"EntryPoint\",\"urlTemplate\":\"https:\/\/experienciadevida.com.ar\/portalurbano\/?s={search_term_string}\"},\"query-input\":\"required name=search_term_string\"}],\"inLanguage\":\"es\"},{\"@type\":\"Organization\",\"@id\":\"https:\/\/experienciadevida.com.ar\/portalurbano\/#organization\",\"name\":\"Portal Urbano\",\"url\":\"https:\/\/experienciadevida.com.ar\/portalurbano\/\",\"logo\":{\"@type\":\"ImageObject\",\"inLanguage\":\"es\",\"@id\":\"https:\/\/experienciadevida.com.ar\/portalurbano\/#\/schema\/logo\/image\/\",\"url\":\"https:\/\/experienciadevida.com.ar\/portalurbano\/wp-content\/uploads\/2019\/09\/Logo-Original.png\",\"contentUrl\":\"https:\/\/experienciadevida.com.ar\/portalurbano\/wp-content\/uploads\/2019\/09\/Logo-Original.png\",\"width\":2236,\"height\":1216,\"caption\":\"Portal Urbano\"},\"image\":{\"@id\":\"https:\/\/experienciadevida.com.ar\/portalurbano\/#\/schema\/logo\/image\/\"},\"sameAs\":[\"https:\/\/www.facebook.com\/Portal-Urbano-171542830093757\/\",\"https:\/\/twitter.com\/portalurbanook\",\"https:\/\/www.instagram.com\/_portalurbano\/\",\"https:\/\/www.youtube.com\/channel\/UCXhagIfszH8KxFiOok79zbA?view_as=subscriber\"]},{\"@type\":\"Person\",\"@id\":\"https:\/\/experienciadevida.com.ar\/portalurbano\/#\/schema\/person\/02dd326b1c4b056e9cc972486934a3a7\",\"name\":\"admpu17wp\",\"image\":{\"@type\":\"ImageObject\",\"inLanguage\":\"es\",\"@id\":\"https:\/\/experienciadevida.com.ar\/portalurbano\/#\/schema\/person\/image\/\",\"url\":\"https:\/\/secure.gravatar.com\/avatar\/830d4c57adaae6630765e449a6908047?s=96&d=mm&r=g\",\"contentUrl\":\"https:\/\/secure.gravatar.com\/avatar\/830d4c57adaae6630765e449a6908047?s=96&d=mm&r=g\",\"caption\":\"admpu17wp\"}}]}<\/script>\n<!-- \/ Yoast SEO plugin. -->","yoast_head_json":{"title":"Un gran n\u00famero de comerciantes participaron de la charla de ANSES","description":"Un gran n\u00famero de comerciantes participaron de la charla de Beneficios ANSES, la misma estuvo a cargo del secretario de ANSES.","robots":{"index":"index","follow":"follow","max-snippet":"max-snippet:-1","max-image-preview":"max-image-preview:large","max-video-preview":"max-video-preview:-1"},"canonical":"https:\/\/experienciadevida.com.ar\/portalurbano\/un-gran-numero-de-comerciantes-participaron-de-la-charla-de-beneficios-anses\/","og_locale":"es_ES","og_type":"article","og_title":"Un gran n\u00famero de comerciantes participaron de la charla de ANSES","og_description":"Un gran n\u00famero de comerciantes participaron de la charla de Beneficios ANSES, la misma estuvo a cargo del secretario de ANSES.","og_url":"https:\/\/experienciadevida.com.ar\/portalurbano\/un-gran-numero-de-comerciantes-participaron-de-la-charla-de-beneficios-anses\/","article_publisher":"https:\/\/www.facebook.com\/Portal-Urbano-171542830093757\/","article_published_time":"2021-04-13T01:07:13+00:00","article_modified_time":"2021-04-13T01:09:20+00:00","og_image":[{"width":1280,"height":624,"url":"https:\/\/experienciadevida.com.ar\/portalurbano\/wp-content\/uploads\/2021\/04\/Un-gran-numero-de-comerciantes.jpg","type":"image\/jpeg"}],"author":"admpu17wp","twitter_card":"summary_large_image","twitter_creator":"@portalurbanook","twitter_site":"@portalurbanook","twitter_misc":{"Escrito por":"admpu17wp","Tiempo de lectura":"2 minutos"},"schema":{"@context":"https:\/\/schema.org","@graph":[{"@type":"Article","@id":"https:\/\/experienciadevida.com.ar\/portalurbano\/un-gran-numero-de-comerciantes-participaron-de-la-charla-de-beneficios-anses\/#article","isPartOf":{"@id":"https:\/\/experienciadevida.com.ar\/portalurbano\/un-gran-numero-de-comerciantes-participaron-de-la-charla-de-beneficios-anses\/"},"author":{"name":"admpu17wp","@id":"https:\/\/experienciadevida.com.ar\/portalurbano\/#\/schema\/person\/02dd326b1c4b056e9cc972486934a3a7"},"headline":"Un gran n\u00famero de comerciantes participaron de la charla de Beneficios ANSES","datePublished":"2021-04-13T01:07:13+00:00","dateModified":"2021-04-13T01:09:20+00:00","mainEntityOfPage":{"@id":"https:\/\/experienciadevida.com.ar\/portalurbano\/un-gran-numero-de-comerciantes-participaron-de-la-charla-de-beneficios-anses\/"},"wordCount":400,"publisher":{"@id":"https:\/\/experienciadevida.com.ar\/portalurbano\/#organization"},"articleSection":["Ciudad","Destacadas 2"],"inLanguage":"es"},{"@type":"WebPage","@id":"https:\/\/experienciadevida.com.ar\/portalurbano\/un-gran-numero-de-comerciantes-participaron-de-la-charla-de-beneficios-anses\/","url":"https:\/\/experienciadevida.com.ar\/portalurbano\/un-gran-numero-de-comerciantes-participaron-de-la-charla-de-beneficios-anses\/","name":"Un gran n\u00famero de comerciantes participaron de la charla de ANSES","isPartOf":{"@id":"https:\/\/experienciadevida.com.ar\/portalurbano\/#website"},"datePublished":"2021-04-13T01:07:13+00:00","dateModified":"2021-04-13T01:09:20+00:00","description":"Un gran n\u00famero de comerciantes participaron de la charla de Beneficios ANSES, la misma estuvo a cargo del secretario de ANSES.","breadcrumb":{"@id":"https:\/\/experienciadevida.com.ar\/portalurbano\/un-gran-numero-de-comerciantes-participaron-de-la-charla-de-beneficios-anses\/#breadcrumb"},"inLanguage":"es","potentialAction":[{"@type":"ReadAction","target":["https:\/\/experienciadevida.com.ar\/portalurbano\/un-gran-numero-de-comerciantes-participaron-de-la-charla-de-beneficios-anses\/"]}]},{"@type":"BreadcrumbList","@id":"https:\/\/experienciadevida.com.ar\/portalurbano\/un-gran-numero-de-comerciantes-participaron-de-la-charla-de-beneficios-anses\/#breadcrumb","itemListElement":[{"@type":"ListItem","position":1,"name":"Portada","item":"https:\/\/experienciadevida.com.ar\/portalurbano\/"},{"@type":"ListItem","position":2,"name":"Un gran n\u00famero de comerciantes participaron de la charla de Beneficios ANSES"}]},{"@type":"WebSite","@id":"https:\/\/experienciadevida.com.ar\/portalurbano\/#website","url":"https:\/\/experienciadevida.com.ar\/portalurbano\/","name":"","description":"","publisher":{"@id":"https:\/\/experienciadevida.com.ar\/portalurbano\/#organization"},"potentialAction":[{"@type":"SearchAction","target":{"@type":"EntryPoint","urlTemplate":"https:\/\/experienciadevida.com.ar\/portalurbano\/?s={search_term_string}"},"query-input":"required name=search_term_string"}],"inLanguage":"es"},{"@type":"Organization","@id":"https:\/\/experienciadevida.com.ar\/portalurbano\/#organization","name":"Portal Urbano","url":"https:\/\/experienciadevida.com.ar\/portalurbano\/","logo":{"@type":"ImageObject","inLanguage":"es","@id":"https:\/\/experienciadevida.com.ar\/portalurbano\/#\/schema\/logo\/image\/","url":"https:\/\/experienciadevida.com.ar\/portalurbano\/wp-content\/uploads\/2019\/09\/Logo-Original.png","contentUrl":"https:\/\/experienciadevida.com.ar\/portalurbano\/wp-content\/uploads\/2019\/09\/Logo-Original.png","width":2236,"height":1216,"caption":"Portal Urbano"},"image":{"@id":"https:\/\/experienciadevida.com.ar\/portalurbano\/#\/schema\/logo\/image\/"},"sameAs":["https:\/\/www.facebook.com\/Portal-Urbano-171542830093757\/","https:\/\/twitter.com\/portalurbanook","https:\/\/www.instagram.com\/_portalurbano\/","https:\/\/www.youtube.com\/channel\/UCXhagIfszH8KxFiOok79zbA?view_as=subscriber"]},{"@type":"Person","@id":"https:\/\/experienciadevida.com.ar\/portalurbano\/#\/schema\/person\/02dd326b1c4b056e9cc972486934a3a7","name":"admpu17wp","image":{"@type":"ImageObject","inLanguage":"es","@id":"https:\/\/experienciadevida.com.ar\/portalurbano\/#\/schema\/person\/image\/","url":"https:\/\/secure.gravatar.com\/avatar\/830d4c57adaae6630765e449a6908047?s=96&d=mm&r=g","contentUrl":"https:\/\/secure.gravatar.com\/avatar\/830d4c57adaae6630765e449a6908047?s=96&d=mm&r=g","caption":"admpu17wp"}}]}},"featured_image_urls":{"full":["https:\/\/experienciadevida.com.ar\/portalurbano\/wp-content\/uploads\/2021\/04\/Un-gran-numero-de-comerciantes.jpg",1280,624,false],"thumbnail":["https:\/\/experienciadevida.com.ar\/portalurbano\/wp-content\/uploads\/2021\/04\/Un-gran-numero-de-comerciantes-150x150.jpg",150,150,true],"medium":["https:\/\/experienciadevida.com.ar\/portalurbano\/wp-content\/uploads\/2021\/04\/Un-gran-numero-de-comerciantes-300x146.jpg",300,146,true],"medium_large":["https:\/\/experienciadevida.com.ar\/portalurbano\/wp-content\/uploads\/2021\/04\/Un-gran-numero-de-comerciantes-768x374.jpg",640,312,true],"large":["https:\/\/experienciadevida.com.ar\/portalurbano\/wp-content\/uploads\/2021\/04\/Un-gran-numero-de-comerciantes-1024x499.jpg",640,312,true],"ug_big":["https:\/\/experienciadevida.com.ar\/portalurbano\/wp-content\/uploads\/2021\/04\/Un-gran-numero-de-comerciantes-768x374.jpg",768,374,true],"1536x1536":["https:\/\/experienciadevida.com.ar\/portalurbano\/wp-content\/uploads\/2021\/04\/Un-gran-numero-de-comerciantes.jpg",1280,624,false],"2048x2048":["https:\/\/experienciadevida.com.ar\/portalurbano\/wp-content\/uploads\/2021\/04\/Un-gran-numero-de-comerciantes.jpg",1280,624,false],"newsever-slider-full":["https:\/\/experienciadevida.com.ar\/portalurbano\/wp-content\/uploads\/2021\/04\/Un-gran-numero-de-comerciantes.jpg",1280,624,false],"newsever-featured":["https:\/\/experienciadevida.com.ar\/portalurbano\/wp-content\/uploads\/2021\/04\/Un-gran-numero-de-comerciantes.jpg",1024,499,false],"newsever-medium":["https:\/\/experienciadevida.com.ar\/portalurbano\/wp-content\/uploads\/2021\/04\/Un-gran-numero-de-comerciantes.jpg",720,351,false],"web-stories-poster-portrait":["https:\/\/experienciadevida.com.ar\/portalurbano\/wp-content\/uploads\/2021\/04\/Un-gran-numero-de-comerciantes.jpg",640,312,false],"web-stories-publisher-logo":["https:\/\/experienciadevida.com.ar\/portalurbano\/wp-content\/uploads\/2021\/04\/Un-gran-numero-de-comerciantes.jpg",96,47,false],"web-stories-thumbnail":["https:\/\/experienciadevida.com.ar\/portalurbano\/wp-content\/uploads\/2021\/04\/Un-gran-numero-de-comerciantes.jpg",150,73,false]},"author_info":{"display_name":"admpu17wp","author_link":"https:\/\/experienciadevida.com.ar\/portalurbano\/author\/admpu17wp\/"},"category_info":"<a href=\"https:\/\/experienciadevida.com.ar\/portalurbano\/category\/ciudad\/\" rel=\"category tag\">Ciudad<\/a> <a href=\"https:\/\/experienciadevida.com.ar\/portalurbano\/category\/destacadas-2\/\" rel=\"category tag\">Destacadas 2<\/a>","tag_info":"Destacadas 2","comment_count":"0","amp_enabled":true,"_links":{"self":[{"href":"https:\/\/experienciadevida.com.ar\/portalurbano\/wp-json\/wp\/v2\/posts\/140008"}],"collection":[{"href":"https:\/\/experienciadevida.com.ar\/portalurbano\/wp-json\/wp\/v2\/posts"}],"about":[{"href":"https:\/\/experienciadevida.com.ar\/portalurbano\/wp-json\/wp\/v2\/types\/post"}],"author":[{"embeddable":true,"href":"https:\/\/experienciadevida.com.ar\/portalurbano\/wp-json\/wp\/v2\/users\/1"}],"replies":[{"embeddable":true,"href":"https:\/\/experienciadevida.com.ar\/portalurbano\/wp-json\/wp\/v2\/comments?post=140008"}],"version-history":[{"count":2,"href":"https:\/\/experienciadevida.com.ar\/portalurbano\/wp-json\/wp\/v2\/posts\/140008\/revisions"}],"predecessor-version":[{"id":140012,"href":"https:\/\/experienciadevida.com.ar\/portalurbano\/wp-json\/wp\/v2\/posts\/140008\/revisions\/140012"}],"wp:featuredmedia":[{"embeddable":true,"href":"https:\/\/experienciadevida.com.ar\/portalurbano\/wp-json\/wp\/v2\/media\/140009"}],"wp:attachment":[{"href":"https:\/\/experienciadevida.com.ar\/portalurbano\/wp-json\/wp\/v2\/media?parent=140008"}],"wp:term":[{"taxonomy":"category","embeddable":true,"href":"https:\/\/experienciadevida.com.ar\/portalurbano\/wp-json\/wp\/v2\/categories?post=140008"},{"taxonomy":"post_tag","embeddable":true,"href":"https:\/\/experienciadevida.com.ar\/portalurbano\/wp-json\/wp\/v2\/tags?post=140008"}],"curies":[{"name":"wp","href":"https:\/\/api.w.org\/{rel}","templated":true}]}}