{"id":139986,"date":"2021-04-12T15:19:04","date_gmt":"2021-04-12T18:19:04","guid":{"rendered":"https:\/\/experienciadevida.com.ar\/portalurbano\/?p=139986"},"modified":"2021-04-12T16:23:43","modified_gmt":"2021-04-12T19:23:43","slug":"el-municipio-firmo-el-decreto-de-fase-3-con-las-nuevas-restricciones-implementadas","status":"publish","type":"post","link":"https:\/\/experienciadevida.com.ar\/portalurbano\/el-municipio-firmo-el-decreto-de-fase-3-con-las-nuevas-restricciones-implementadas\/","title":{"rendered":"El Municipio firm\u00f3 el decreto de fase 3 con las nuevas restricciones implementadas"},"content":{"rendered":"<p>El <a href=\"https:\/\/www.facebook.com\/galliezequiel\">Municipio<\/a> firm\u00f3 el decreto de fase 3 con las nuevas restricciones implementadas, fue en la tarde de este lunes, el Intendente de nuestra ciudad firmo el decreto con las nuevas restricciones que rigen en nuestra ciudad.<\/p>\n<p>El Municipio acorde a los datos oficiales y de las diversas autoridades sanitarias a trav\u00e9s de las cuales dispuso la medida que la emergencia requer\u00eda en sus distintas fases y que Olavarr\u00eda retrocedi\u00f3 a fase 3 implement\u00f3 medidas de restricci\u00f3n.<\/p>\n<p>El Municipio firm\u00f3 el decreto de fase 3 con las nuevas restricciones tales restricciones se dispondr\u00e1n por un lapso de 14 d\u00edas con el objetivo de evaluar al t\u00e9rmino de ese plazo la situaci\u00f3n sanitaria\u00a0 y las correlativas medidas a tomar. De acuerdo a los requerimientos formulados por el comit\u00e9 de crisis es oportuno remarcarle a la sociedad la importancia de las medidas de bioseguridad tales como respetar el distanciamiento social, el lavado de manos, el uso de barbijo, estornudar o toser en el pliegue del codo, para poder continuar avanzando hacia una relativa nueva normalidad es fundamental continuar con los cuidados recomendados y no relajar las normas establecidas para combatir esta pandemia.<\/p>\n<p>Hasta el 19 de abril inclusive se suspenden las siguientes actividades:<\/p>\n<p>Reuniones sociales tanto al aire libre como en espacios cerrados con ventilaci\u00f3n, tanto en domicilios particulares como en espacios privados de acceso p\u00fablico.<\/p>\n<p>Talleres culturales.<\/p>\n<p>Feria de artesanos y emprendedores.<\/p>\n<p>Competencias deportivas.<\/p>\n<p>El funcionamiento de los espacios de culto.<\/p>\n<p>Los locales gastron\u00f3micos podr\u00e1n funcionar hasta las 24hs con reserva previa, la que debe ser realizada de manera remota, no pudiendo superar las cuatro personas por mesa, a excepci\u00f3n de grupo familiar primario, y de conformidad con el protocolo emitido por el ministerio de produccion, ciencia e innovaci\u00f3n.<\/p>\n<p>Por \u00faltimo se estableci\u00f3 la competencia al Juzgado de faltas local para el juzgamiento de las faltas y contravenciones consistentes en apertura de establecimiento comerciales, industriales\u00a0 y deportivas del partido que no cuenten con habilitaci\u00f3n espec\u00edfica para funcionar.<\/p>\n<p><strong>Punto por punto las actividades<\/strong><\/p>\n<ol>\n<li>Supermercados, almacenes, despensas, carnicer\u00edas, pescader\u00edas, fiambrer\u00edas, granjas y poller\u00edas, verduler\u00edas y fruter\u00edas, panader\u00edas y confiter\u00edas, ferreter\u00edas, art\u00edculos de limpieza y lavander\u00edas (6 a 20hs).<\/li>\n<li>Venta de insumos agropecuarios, mayoristas de venta de productos alimenticios, provisi\u00f3n de garrafas y le\u00f1a (6 a 20hs).<\/li>\n<li>Veterinarias, farmacias, venta de equipamientos m\u00e9dicos y medicamentos (6 a 20hs) y sin l\u00edmite de horario en el caso de urgencias o aquellas que est\u00e9n de turno<\/li>\n<li>Kioskos (6 a 20hs)<\/li>\n<li>M\u00e9dicos, odont\u00f3logos, centros de diagn\u00f3stico por im\u00e1genes, \u00f3pticas, kinesi\u00f3logos, nutricionistas, fonoudi\u00f3logos y psic\u00f3logos (6 a 20hs) con turnos previos y sin l\u00edmite de horario en el caso de urgencias.<\/li>\n<li>Laboratorios de an\u00e1lisis cl\u00ednicos (6 a 20hs) con turnos previos y sin l\u00edmite de horario en el caso de urgencias.<\/li>\n<li>Cervecer\u00edas y vinotecas podr\u00e1n funcionar hasta las 20hs y hasta las 21hs y para el retiro de los pedidos los clientes deber\u00e1n respetar el distanciamiento social que nunca podr\u00e1n superar los dos metros de distancia.<\/li>\n<li>Estaciones de servicio, servicios postales y distribuci\u00f3n de paqueter\u00eda funcionar\u00e1n sin restricci\u00f3n alguna.<\/li>\n<li>Registros de la propiedad del automotor, y de las personas podr\u00e1n funcionar de 6 a 20hs.<\/li>\n<li>Talleres para mantenimiento y reparaci\u00f3n de automotores y motocicletas al igual que fabricaci\u00f3n, venta y reparaci\u00f3n de neum\u00e1ticos, ambos rubros funcionar\u00e1n de 6 a 20hs.<\/li>\n<li>Venta de repuestos, partes y piezas para automotores,\u00a0 motocicletas\u00a0 y bicicletas de 6 a 20hs.<\/li>\n<li>Venta de art\u00edculos de librer\u00eda e insumos inform\u00e1ticos de 6 a 20hs.<\/li>\n<li>Las oficinas de obras sociales mutuales, medicina prepaga, de 6 a 20hs.<\/li>\n<li>Comercios de venta por mayor y menor de 6 a 20hs.<\/li>\n<li>Actividad aseguradora desarrollada por compa\u00f1\u00edas aseguradoras, reaseguradoras e intermediarios de 6 a 20hs.<\/li>\n<li>Oficios y profesionales de 6 a 20hs<\/li>\n<li>El personal del servicio dom\u00e9stico de\u00a0 6\u00a0 a 20hs.<\/li>\n<li>Establecimiento que desarrollen cobranzas de servicio e impuestos de 6 a 20hs.<\/li>\n<li>Agencia de ventas de automotores y veh\u00edculos de 6 a 20hs.<\/li>\n<li>Lavadero de automotores\u00a0 y veh\u00edculos de 6 a 20hs.<\/li>\n<li>Peluquer\u00edas y centros de est\u00e9tica de 6 a 20hs con turnos previamente asignados.<\/li>\n<li>Estacionamiento medido 9 a 20hs.<\/li>\n<li>Mudanzas y fletes 6\u00a0 a 20hs<\/li>\n<li>Agencia de loter\u00edas 6 a 20hs.<\/li>\n<li>Salas cinematogr\u00e1ficas 6 a 20hs con un aforo del 30% de capacidad<\/li>\n<\/ol>\n<p>Todas ellas deber\u00e1n funcionar de acuerdo a los protocolos de bioseguridad establecidos.<\/p>\n<p>Por otro lado, el funcionamiento de los servicios de comidas y bebidas para consumo en locales gastron\u00f3micos y &#8220;Food trucks&#8221; al aire libre.<\/p>\n<p>Los locales gastron\u00f3micos en lugares cerrados podr\u00e1n funcionar con un aforo del 30% de su capacidad, con reserva previa.<\/p>\n<p><strong>Actividades deportivas:<\/strong><\/p>\n<ol>\n<li>Canchas de p\u00e1del 8 a 20hs debiendo prever un horario exclusivo para mayores de 60.<\/li>\n<li>Running<\/li>\n<li>Ciclismo 6 a 20hs.<\/li>\n<li>Pesca en las lagunas blanca grande, blanca chica, el laguito, la mostaza de 7 a 19hs.<\/li>\n<li>Pesca en el arroyo 7 a 20hs.<\/li>\n<li>Tenis 8 a 22hs.<\/li>\n<li>Golf 8 a 19hs.<\/li>\n<li>Tiro individual 8 a 22hs debiendo prever un horario exclusivo para mayores de 60.<\/li>\n<li>Hipismo 8 a 19.<\/li>\n<li>Canotaje 8 a 19hs.<\/li>\n<li>Pat\u00edn carrera y pat\u00edn art\u00edstico en espacios abiertos.<\/li>\n<li>Arquer\u00eda en espacios abiertos hasta las 22hs .<\/li>\n<li>Kite Surfing de 8 a 18hs.<\/li>\n<li>Atletismo.<\/li>\n<li>Skate 10 a 20hs.<\/li>\n<li>Aeromodelismo 8 a 19hs<\/li>\n<li>.Preparaci\u00f3n f\u00edsica individual con entrenador personal en espacios abiertos 8 a 22hs.<\/li>\n<li>Parapente 8 a 18hs<\/li>\n<li>Gimnasios 6 a 22hs<\/li>\n<li>Crossfit 6 a 22hs<\/li>\n<li>Clases de pilates y yoga 6\u00a0 a 22<\/li>\n<li>Piletas climatizadas y natatorios 6 a 22hs<\/li>\n<li>Bochas 8 a 22hs.<\/li>\n<li>Pelota paleta 8 a 22<\/li>\n<li>Bowling 8 a 22hs.<\/li>\n<li>Tenis de mesa\u00a0 \u00a0y Badmington\u00a0 8 a 22hs.<\/li>\n<li>Boxeo y artes marciales sin contacto f\u00edsico sujeto a protocolo de gimnasios, los que podr\u00e1n funcionar de 8 a 22hs.<\/li>\n<li>Cinco quinllas, 8\u00a0 a 20hs.<\/li>\n<li>Reacondicionamiento f\u00edsico de los deportistas pertenecientes a confederaciones, asociaciones, fundaciones y federaciones, siempre que no implique una concurrencia superior a diez personas y sin contacto f\u00edsico las que podr\u00e1n realizarse hasta las 22hs.<\/li>\n<li>Colombofilia 22hs.<\/li>\n<li>Paintball de 8 a 20hs<\/li>\n<li>Deportes de conjunto hasta 10 personas en espacios abiertos o cerrados de amplia ventilaci\u00f3n natural, los que podr\u00e1n funcionar de 8 a 22hs.<\/li>\n<li>Clubes y complejos deportivos, 8 a 22hs<\/li>\n<\/ol>\n","protected":false},"excerpt":{"rendered":"<p>El Municipio firm\u00f3 el decreto de fase 3 con las nuevas restricciones implementadas, fue en&#8230;<\/p>\n","protected":false},"author":1,"featured_media":132529,"comment_status":"closed","ping_status":"closed","sticky":false,"template":"","format":"standard","meta":{"content-type":""},"categories":[27,64],"tags":[],"nelio_content":{"isAutoShareEnabled":false,"autoShareEndMode":"default","automationSources":{"useContentSentences":true,"useSocialTemplates":true,"useCustomSentences":false,"customSentences":[]},"followers":[1],"suggestedReferences":[],"includedReferences":[],"efiUrl":"","efiAlt":"","highlights":[]},"yoast_head":"<!-- This site is optimized with the Yoast SEO plugin v20.7 - https:\/\/yoast.com\/wordpress\/plugins\/seo\/ -->\n<title>El Municipio firm\u00f3 el decreto de fase 3 con las nuevas restricciones<\/title>\n<meta name=\"description\" content=\"El Municipio firm\u00f3 el decreto de fase 3 con las nuevas restricciones implementadas, fue en la tarde de este lunes, \u00bfqu\u00e9 dice punto por punto?\" \/>\n<meta name=\"robots\" content=\"index, follow, max-snippet:-1, max-image-preview:large, max-video-preview:-1\" \/>\n<link rel=\"canonical\" href=\"https:\/\/experienciadevida.com.ar\/portalurbano\/el-municipio-firmo-el-decreto-de-fase-3-con-las-nuevas-restricciones-implementadas\/\" \/>\n<meta property=\"og:locale\" content=\"es_ES\" \/>\n<meta property=\"og:type\" content=\"article\" \/>\n<meta property=\"og:title\" content=\"El Municipio firm\u00f3 el decreto de fase 3 con las nuevas restricciones\" \/>\n<meta property=\"og:description\" content=\"El Municipio firm\u00f3 el decreto de fase 3 con las nuevas restricciones implementadas, fue en la tarde de este lunes, \u00bfqu\u00e9 dice punto por punto?\" \/>\n<meta property=\"og:url\" content=\"https:\/\/experienciadevida.com.ar\/portalurbano\/el-municipio-firmo-el-decreto-de-fase-3-con-las-nuevas-restricciones-implementadas\/\" \/>\n<meta property=\"article:publisher\" content=\"https:\/\/www.facebook.com\/Portal-Urbano-171542830093757\/\" \/>\n<meta property=\"article:published_time\" content=\"2021-04-12T18:19:04+00:00\" \/>\n<meta property=\"article:modified_time\" content=\"2021-04-12T19:23:43+00:00\" \/>\n<meta property=\"og:image\" content=\"https:\/\/experienciadevida.com.ar\/portalurbano\/wp-content\/uploads\/2021\/01\/Restriccion-nocturna14.jpg\" \/>\n\t<meta property=\"og:image:width\" content=\"765\" \/>\n\t<meta property=\"og:image:height\" content=\"488\" \/>\n\t<meta property=\"og:image:type\" content=\"image\/jpeg\" \/>\n<meta name=\"author\" content=\"admpu17wp\" \/>\n<meta name=\"twitter:card\" content=\"summary_large_image\" \/>\n<meta name=\"twitter:creator\" content=\"@portalurbanook\" \/>\n<meta name=\"twitter:site\" content=\"@portalurbanook\" \/>\n<meta name=\"twitter:label1\" content=\"Escrito por\" \/>\n\t<meta name=\"twitter:data1\" content=\"admpu17wp\" \/>\n\t<meta name=\"twitter:label2\" content=\"Tiempo de lectura\" \/>\n\t<meta name=\"twitter:data2\" content=\"5 minutos\" \/>\n<script type=\"application\/ld+json\" class=\"yoast-schema-graph\">{\"@context\":\"https:\/\/schema.org\",\"@graph\":[{\"@type\":\"Article\",\"@id\":\"https:\/\/experienciadevida.com.ar\/portalurbano\/el-municipio-firmo-el-decreto-de-fase-3-con-las-nuevas-restricciones-implementadas\/#article\",\"isPartOf\":{\"@id\":\"https:\/\/experienciadevida.com.ar\/portalurbano\/el-municipio-firmo-el-decreto-de-fase-3-con-las-nuevas-restricciones-implementadas\/\"},\"author\":{\"name\":\"admpu17wp\",\"@id\":\"https:\/\/experienciadevida.com.ar\/portalurbano\/#\/schema\/person\/02dd326b1c4b056e9cc972486934a3a7\"},\"headline\":\"El Municipio firm\u00f3 el decreto de fase 3 con las nuevas restricciones implementadas\",\"datePublished\":\"2021-04-12T18:19:04+00:00\",\"dateModified\":\"2021-04-12T19:23:43+00:00\",\"mainEntityOfPage\":{\"@id\":\"https:\/\/experienciadevida.com.ar\/portalurbano\/el-municipio-firmo-el-decreto-de-fase-3-con-las-nuevas-restricciones-implementadas\/\"},\"wordCount\":1044,\"publisher\":{\"@id\":\"https:\/\/experienciadevida.com.ar\/portalurbano\/#organization\"},\"articleSection\":[\"Ciudad\",\"Destacadas 2\"],\"inLanguage\":\"es\"},{\"@type\":\"WebPage\",\"@id\":\"https:\/\/experienciadevida.com.ar\/portalurbano\/el-municipio-firmo-el-decreto-de-fase-3-con-las-nuevas-restricciones-implementadas\/\",\"url\":\"https:\/\/experienciadevida.com.ar\/portalurbano\/el-municipio-firmo-el-decreto-de-fase-3-con-las-nuevas-restricciones-implementadas\/\",\"name\":\"El Municipio firm\u00f3 el decreto de fase 3 con las nuevas restricciones\",\"isPartOf\":{\"@id\":\"https:\/\/experienciadevida.com.ar\/portalurbano\/#website\"},\"datePublished\":\"2021-04-12T18:19:04+00:00\",\"dateModified\":\"2021-04-12T19:23:43+00:00\",\"description\":\"El Municipio firm\u00f3 el decreto de fase 3 con las nuevas restricciones implementadas, fue en la tarde de este lunes, \u00bfqu\u00e9 dice punto por punto?\",\"breadcrumb\":{\"@id\":\"https:\/\/experienciadevida.com.ar\/portalurbano\/el-municipio-firmo-el-decreto-de-fase-3-con-las-nuevas-restricciones-implementadas\/#breadcrumb\"},\"inLanguage\":\"es\",\"potentialAction\":[{\"@type\":\"ReadAction\",\"target\":[\"https:\/\/experienciadevida.com.ar\/portalurbano\/el-municipio-firmo-el-decreto-de-fase-3-con-las-nuevas-restricciones-implementadas\/\"]}]},{\"@type\":\"BreadcrumbList\",\"@id\":\"https:\/\/experienciadevida.com.ar\/portalurbano\/el-municipio-firmo-el-decreto-de-fase-3-con-las-nuevas-restricciones-implementadas\/#breadcrumb\",\"itemListElement\":[{\"@type\":\"ListItem\",\"position\":1,\"name\":\"Portada\",\"item\":\"https:\/\/experienciadevida.com.ar\/portalurbano\/\"},{\"@type\":\"ListItem\",\"position\":2,\"name\":\"El Municipio firm\u00f3 el decreto de fase 3 con las nuevas restricciones implementadas\"}]},{\"@type\":\"WebSite\",\"@id\":\"https:\/\/experienciadevida.com.ar\/portalurbano\/#website\",\"url\":\"https:\/\/experienciadevida.com.ar\/portalurbano\/\",\"name\":\"\",\"description\":\"\",\"publisher\":{\"@id\":\"https:\/\/experienciadevida.com.ar\/portalurbano\/#organization\"},\"potentialAction\":[{\"@type\":\"SearchAction\",\"target\":{\"@type\":\"EntryPoint\",\"urlTemplate\":\"https:\/\/experienciadevida.com.ar\/portalurbano\/?s={search_term_string}\"},\"query-input\":\"required name=search_term_string\"}],\"inLanguage\":\"es\"},{\"@type\":\"Organization\",\"@id\":\"https:\/\/experienciadevida.com.ar\/portalurbano\/#organization\",\"name\":\"Portal Urbano\",\"url\":\"https:\/\/experienciadevida.com.ar\/portalurbano\/\",\"logo\":{\"@type\":\"ImageObject\",\"inLanguage\":\"es\",\"@id\":\"https:\/\/experienciadevida.com.ar\/portalurbano\/#\/schema\/logo\/image\/\",\"url\":\"https:\/\/experienciadevida.com.ar\/portalurbano\/wp-content\/uploads\/2019\/09\/Logo-Original.png\",\"contentUrl\":\"https:\/\/experienciadevida.com.ar\/portalurbano\/wp-content\/uploads\/2019\/09\/Logo-Original.png\",\"width\":2236,\"height\":1216,\"caption\":\"Portal Urbano\"},\"image\":{\"@id\":\"https:\/\/experienciadevida.com.ar\/portalurbano\/#\/schema\/logo\/image\/\"},\"sameAs\":[\"https:\/\/www.facebook.com\/Portal-Urbano-171542830093757\/\",\"https:\/\/twitter.com\/portalurbanook\",\"https:\/\/www.instagram.com\/_portalurbano\/\",\"https:\/\/www.youtube.com\/channel\/UCXhagIfszH8KxFiOok79zbA?view_as=subscriber\"]},{\"@type\":\"Person\",\"@id\":\"https:\/\/experienciadevida.com.ar\/portalurbano\/#\/schema\/person\/02dd326b1c4b056e9cc972486934a3a7\",\"name\":\"admpu17wp\",\"image\":{\"@type\":\"ImageObject\",\"inLanguage\":\"es\",\"@id\":\"https:\/\/experienciadevida.com.ar\/portalurbano\/#\/schema\/person\/image\/\",\"url\":\"https:\/\/secure.gravatar.com\/avatar\/830d4c57adaae6630765e449a6908047?s=96&d=mm&r=g\",\"contentUrl\":\"https:\/\/secure.gravatar.com\/avatar\/830d4c57adaae6630765e449a6908047?s=96&d=mm&r=g\",\"caption\":\"admpu17wp\"}}]}<\/script>\n<!-- \/ Yoast SEO plugin. -->","yoast_head_json":{"title":"El Municipio firm\u00f3 el decreto de fase 3 con las nuevas restricciones","description":"El Municipio firm\u00f3 el decreto de fase 3 con las nuevas restricciones implementadas, fue en la tarde de este lunes, \u00bfqu\u00e9 dice punto por punto?","robots":{"index":"index","follow":"follow","max-snippet":"max-snippet:-1","max-image-preview":"max-image-preview:large","max-video-preview":"max-video-preview:-1"},"canonical":"https:\/\/experienciadevida.com.ar\/portalurbano\/el-municipio-firmo-el-decreto-de-fase-3-con-las-nuevas-restricciones-implementadas\/","og_locale":"es_ES","og_type":"article","og_title":"El Municipio firm\u00f3 el decreto de fase 3 con las nuevas restricciones","og_description":"El Municipio firm\u00f3 el decreto de fase 3 con las nuevas restricciones implementadas, fue en la tarde de este lunes, \u00bfqu\u00e9 dice punto por punto?","og_url":"https:\/\/experienciadevida.com.ar\/portalurbano\/el-municipio-firmo-el-decreto-de-fase-3-con-las-nuevas-restricciones-implementadas\/","article_publisher":"https:\/\/www.facebook.com\/Portal-Urbano-171542830093757\/","article_published_time":"2021-04-12T18:19:04+00:00","article_modified_time":"2021-04-12T19:23:43+00:00","og_image":[{"width":765,"height":488,"url":"https:\/\/experienciadevida.com.ar\/portalurbano\/wp-content\/uploads\/2021\/01\/Restriccion-nocturna14.jpg","type":"image\/jpeg"}],"author":"admpu17wp","twitter_card":"summary_large_image","twitter_creator":"@portalurbanook","twitter_site":"@portalurbanook","twitter_misc":{"Escrito por":"admpu17wp","Tiempo de lectura":"5 minutos"},"schema":{"@context":"https:\/\/schema.org","@graph":[{"@type":"Article","@id":"https:\/\/experienciadevida.com.ar\/portalurbano\/el-municipio-firmo-el-decreto-de-fase-3-con-las-nuevas-restricciones-implementadas\/#article","isPartOf":{"@id":"https:\/\/experienciadevida.com.ar\/portalurbano\/el-municipio-firmo-el-decreto-de-fase-3-con-las-nuevas-restricciones-implementadas\/"},"author":{"name":"admpu17wp","@id":"https:\/\/experienciadevida.com.ar\/portalurbano\/#\/schema\/person\/02dd326b1c4b056e9cc972486934a3a7"},"headline":"El Municipio firm\u00f3 el decreto de fase 3 con las nuevas restricciones implementadas","datePublished":"2021-04-12T18:19:04+00:00","dateModified":"2021-04-12T19:23:43+00:00","mainEntityOfPage":{"@id":"https:\/\/experienciadevida.com.ar\/portalurbano\/el-municipio-firmo-el-decreto-de-fase-3-con-las-nuevas-restricciones-implementadas\/"},"wordCount":1044,"publisher":{"@id":"https:\/\/experienciadevida.com.ar\/portalurbano\/#organization"},"articleSection":["Ciudad","Destacadas 2"],"inLanguage":"es"},{"@type":"WebPage","@id":"https:\/\/experienciadevida.com.ar\/portalurbano\/el-municipio-firmo-el-decreto-de-fase-3-con-las-nuevas-restricciones-implementadas\/","url":"https:\/\/experienciadevida.com.ar\/portalurbano\/el-municipio-firmo-el-decreto-de-fase-3-con-las-nuevas-restricciones-implementadas\/","name":"El Municipio firm\u00f3 el decreto de fase 3 con las nuevas restricciones","isPartOf":{"@id":"https:\/\/experienciadevida.com.ar\/portalurbano\/#website"},"datePublished":"2021-04-12T18:19:04+00:00","dateModified":"2021-04-12T19:23:43+00:00","description":"El Municipio firm\u00f3 el decreto de fase 3 con las nuevas restricciones implementadas, fue en la tarde de este lunes, \u00bfqu\u00e9 dice punto por punto?","breadcrumb":{"@id":"https:\/\/experienciadevida.com.ar\/portalurbano\/el-municipio-firmo-el-decreto-de-fase-3-con-las-nuevas-restricciones-implementadas\/#breadcrumb"},"inLanguage":"es","potentialAction":[{"@type":"ReadAction","target":["https:\/\/experienciadevida.com.ar\/portalurbano\/el-municipio-firmo-el-decreto-de-fase-3-con-las-nuevas-restricciones-implementadas\/"]}]},{"@type":"BreadcrumbList","@id":"https:\/\/experienciadevida.com.ar\/portalurbano\/el-municipio-firmo-el-decreto-de-fase-3-con-las-nuevas-restricciones-implementadas\/#breadcrumb","itemListElement":[{"@type":"ListItem","position":1,"name":"Portada","item":"https:\/\/experienciadevida.com.ar\/portalurbano\/"},{"@type":"ListItem","position":2,"name":"El Municipio firm\u00f3 el decreto de fase 3 con las nuevas restricciones implementadas"}]},{"@type":"WebSite","@id":"https:\/\/experienciadevida.com.ar\/portalurbano\/#website","url":"https:\/\/experienciadevida.com.ar\/portalurbano\/","name":"","description":"","publisher":{"@id":"https:\/\/experienciadevida.com.ar\/portalurbano\/#organization"},"potentialAction":[{"@type":"SearchAction","target":{"@type":"EntryPoint","urlTemplate":"https:\/\/experienciadevida.com.ar\/portalurbano\/?s={search_term_string}"},"query-input":"required name=search_term_string"}],"inLanguage":"es"},{"@type":"Organization","@id":"https:\/\/experienciadevida.com.ar\/portalurbano\/#organization","name":"Portal Urbano","url":"https:\/\/experienciadevida.com.ar\/portalurbano\/","logo":{"@type":"ImageObject","inLanguage":"es","@id":"https:\/\/experienciadevida.com.ar\/portalurbano\/#\/schema\/logo\/image\/","url":"https:\/\/experienciadevida.com.ar\/portalurbano\/wp-content\/uploads\/2019\/09\/Logo-Original.png","contentUrl":"https:\/\/experienciadevida.com.ar\/portalurbano\/wp-content\/uploads\/2019\/09\/Logo-Original.png","width":2236,"height":1216,"caption":"Portal Urbano"},"image":{"@id":"https:\/\/experienciadevida.com.ar\/portalurbano\/#\/schema\/logo\/image\/"},"sameAs":["https:\/\/www.facebook.com\/Portal-Urbano-171542830093757\/","https:\/\/twitter.com\/portalurbanook","https:\/\/www.instagram.com\/_portalurbano\/","https:\/\/www.youtube.com\/channel\/UCXhagIfszH8KxFiOok79zbA?view_as=subscriber"]},{"@type":"Person","@id":"https:\/\/experienciadevida.com.ar\/portalurbano\/#\/schema\/person\/02dd326b1c4b056e9cc972486934a3a7","name":"admpu17wp","image":{"@type":"ImageObject","inLanguage":"es","@id":"https:\/\/experienciadevida.com.ar\/portalurbano\/#\/schema\/person\/image\/","url":"https:\/\/secure.gravatar.com\/avatar\/830d4c57adaae6630765e449a6908047?s=96&d=mm&r=g","contentUrl":"https:\/\/secure.gravatar.com\/avatar\/830d4c57adaae6630765e449a6908047?s=96&d=mm&r=g","caption":"admpu17wp"}}]}},"featured_image_urls":{"full":["https:\/\/experienciadevida.com.ar\/portalurbano\/wp-content\/uploads\/2021\/01\/Restriccion-nocturna14.jpg",765,488,false],"thumbnail":["https:\/\/experienciadevida.com.ar\/portalurbano\/wp-content\/uploads\/2021\/01\/Restriccion-nocturna14-150x150.jpg",150,150,true],"medium":["https:\/\/experienciadevida.com.ar\/portalurbano\/wp-content\/uploads\/2021\/01\/Restriccion-nocturna14-300x191.jpg",300,191,true],"medium_large":["https:\/\/experienciadevida.com.ar\/portalurbano\/wp-content\/uploads\/2021\/01\/Restriccion-nocturna14.jpg",640,408,false],"large":["https:\/\/experienciadevida.com.ar\/portalurbano\/wp-content\/uploads\/2021\/01\/Restriccion-nocturna14.jpg",640,408,false],"ug_big":["https:\/\/experienciadevida.com.ar\/portalurbano\/wp-content\/uploads\/2021\/01\/Restriccion-nocturna14.jpg",765,488,false],"1536x1536":["https:\/\/experienciadevida.com.ar\/portalurbano\/wp-content\/uploads\/2021\/01\/Restriccion-nocturna14.jpg",765,488,false],"2048x2048":["https:\/\/experienciadevida.com.ar\/portalurbano\/wp-content\/uploads\/2021\/01\/Restriccion-nocturna14.jpg",765,488,false],"newsever-slider-full":["https:\/\/experienciadevida.com.ar\/portalurbano\/wp-content\/uploads\/2021\/01\/Restriccion-nocturna14.jpg",765,488,false],"newsever-featured":["https:\/\/experienciadevida.com.ar\/portalurbano\/wp-content\/uploads\/2021\/01\/Restriccion-nocturna14.jpg",765,488,false],"newsever-medium":["https:\/\/experienciadevida.com.ar\/portalurbano\/wp-content\/uploads\/2021\/01\/Restriccion-nocturna14.jpg",720,459,false],"web-stories-poster-portrait":["https:\/\/experienciadevida.com.ar\/portalurbano\/wp-content\/uploads\/2021\/01\/Restriccion-nocturna14.jpg",640,408,false],"web-stories-publisher-logo":["https:\/\/experienciadevida.com.ar\/portalurbano\/wp-content\/uploads\/2021\/01\/Restriccion-nocturna14.jpg",96,61,false],"web-stories-thumbnail":["https:\/\/experienciadevida.com.ar\/portalurbano\/wp-content\/uploads\/2021\/01\/Restriccion-nocturna14.jpg",150,96,false]},"author_info":{"display_name":"admpu17wp","author_link":"https:\/\/experienciadevida.com.ar\/portalurbano\/author\/admpu17wp\/"},"category_info":"<a href=\"https:\/\/experienciadevida.com.ar\/portalurbano\/category\/ciudad\/\" rel=\"category tag\">Ciudad<\/a> <a href=\"https:\/\/experienciadevida.com.ar\/portalurbano\/category\/destacadas-2\/\" rel=\"category tag\">Destacadas 2<\/a>","tag_info":"Destacadas 2","comment_count":"0","amp_enabled":true,"_links":{"self":[{"href":"https:\/\/experienciadevida.com.ar\/portalurbano\/wp-json\/wp\/v2\/posts\/139986"}],"collection":[{"href":"https:\/\/experienciadevida.com.ar\/portalurbano\/wp-json\/wp\/v2\/posts"}],"about":[{"href":"https:\/\/experienciadevida.com.ar\/portalurbano\/wp-json\/wp\/v2\/types\/post"}],"author":[{"embeddable":true,"href":"https:\/\/experienciadevida.com.ar\/portalurbano\/wp-json\/wp\/v2\/users\/1"}],"replies":[{"embeddable":true,"href":"https:\/\/experienciadevida.com.ar\/portalurbano\/wp-json\/wp\/v2\/comments?post=139986"}],"version-history":[{"count":5,"href":"https:\/\/experienciadevida.com.ar\/portalurbano\/wp-json\/wp\/v2\/posts\/139986\/revisions"}],"predecessor-version":[{"id":139993,"href":"https:\/\/experienciadevida.com.ar\/portalurbano\/wp-json\/wp\/v2\/posts\/139986\/revisions\/139993"}],"wp:featuredmedia":[{"embeddable":true,"href":"https:\/\/experienciadevida.com.ar\/portalurbano\/wp-json\/wp\/v2\/media\/132529"}],"wp:attachment":[{"href":"https:\/\/experienciadevida.com.ar\/portalurbano\/wp-json\/wp\/v2\/media?parent=139986"}],"wp:term":[{"taxonomy":"category","embeddable":true,"href":"https:\/\/experienciadevida.com.ar\/portalurbano\/wp-json\/wp\/v2\/categories?post=139986"},{"taxonomy":"post_tag","embeddable":true,"href":"https:\/\/experienciadevida.com.ar\/portalurbano\/wp-json\/wp\/v2\/tags?post=139986"}],"curies":[{"name":"wp","href":"https:\/\/api.w.org\/{rel}","templated":true}]}}