{"id":139793,"date":"2021-04-10T11:38:51","date_gmt":"2021-04-10T14:38:51","guid":{"rendered":"https:\/\/experienciadevida.com.ar\/portalurbano\/?p=139793"},"modified":"2021-04-10T11:59:19","modified_gmt":"2021-04-10T14:59:19","slug":"toma-de-tierras-se-formara-una-mesa-de-gestion","status":"publish","type":"post","link":"https:\/\/experienciadevida.com.ar\/portalurbano\/toma-de-tierras-se-formara-una-mesa-de-gestion\/","title":{"rendered":"Toma de tierras: Se formar\u00e1 una mesa de gesti\u00f3n"},"content":{"rendered":"<p>Toma de tierras: Se formar\u00e1 una mesa de gesti\u00f3n, as\u00ed lo afirm\u00f3 el Subsecretario de H\u00e1bitat de la comunidad de la provincia de Buenos Aires Rub\u00e9n Pascolini, estuvo en nuestra ciudad en el d\u00eda de ayer para mediar sobre la tem\u00e1tica de la toma del barrio Lourdes.<\/p>\n<p>Aclar\u00f3 que quienes ocuparon las tierras siguieron un camino equivocado pero hay que formar una mesa de di\u00e1logo y realizar relevamientos. El Funcionario, se reuni\u00f3 con los Secretarios de Gobierno y de Desarrollo Humano y Calidad de Vida, Diego Robbiani, <a href=\"https:\/\/www.facebook.com\/FrenteDeTodosOlavarria\">concejales<\/a> y el Subsecretario de Miner\u00eda <a href=\"https:\/\/www.facebook.com\/FedericoAguile5\">Federico<\/a> Aguilera.<\/p>\n<p>El pr\u00f3ximo martes adem\u00e1s remarc\u00f3 que habr\u00e1 una reuni\u00f3n de varios organismos, consider\u00f3 que la idea es trabajar para obtener respuestas inmediatas y hay otras que llevan m\u00e1s tiempo.<\/p>\n<p>Con respecto a la denuncia que realiz\u00f3 el Intendente Municipal dijo que lo determinar\u00e1 la justicia pero que lo m\u00e1s importante es crear una mesa de di\u00e1logo para poder hacer una negociaci\u00f3n y un relevamiento.<\/p>\n<p>&#8220;Hoy junto con Federico Aguilera, concejales del Frente de Todos tuvimos una reuni\u00f3n con el Secretario de Gobierno, el Intendente y el secretario de h\u00e1bitat y regularizaci\u00f3n dominial, en relaci\u00f3n a la toma de tierras. La idea fue poner que la Provincia cumpla con sus responsabilidades junto al Municipio para poder de alguna manera resolver, un problema que tienen diferentes sectores de poder acceder a un lote, vivienda pero tambi\u00e9n consideramos un camino equivocado el de ocupar tierras, acordamos seguir la ley y hacer una mesa de gesti\u00f3n, relevamientos que nos permitan saber la situaci\u00f3n que hay en el lugar, ese es el compromiso que asumimos&#8221;.<\/p>\n<p>Por otro lado sobre la toma de tierras, &#8220;el martes que viene va a realizarse una reuni\u00f3n, de varios organismos de acuerdo al protocolo aprobado por la Corte Suprema, y a partir de esa reuni\u00f3n se van a llevar adelante tareas que tambi\u00e9n est\u00e1n protocolizadas. Nosotros entendemos que hay que generar respuestas que no tengan que ver con la ocupaci\u00f3n, que tengan que ver con las necesidades de familia que est\u00e9n ah\u00ed y de otras familias que tengan necesidad que no est\u00e1n en un registro, la idea es trabajar con el Municipio en dar respuestas inmediatas en algunos casos y otras que tienen otros tiempos. No es trabajar solamente en la respuesta inmediata sino generar un trabajo conjunto con el Municipio con distintas \u00e1reas&#8221;.<\/p>\n<p>&#8220;El d\u00e9ficit habitacional de la provincia es diverso, hay situaciones de hacinamiento, hace falta respuestas nuevas todo eso se va a ir trabajando con el Municipio&#8221;.<\/p>\n<p>Adem\u00e1s &#8220;el desalojo lo va a determinar la justicia que est\u00e1 cumpliendo&#8221;.<\/p>\n<p>&#8220;Yo creo que si trabajamos coordinadamente se puede conseguir que la gente tenga su terreno, la Provincia de Buenos Aires, el Gobernador el a\u00f1o pasado cuando anunci\u00f3 el plan bonaerense de suelo, vivienda y h\u00e1bitat comprometi\u00f3 a la provincia para que haga una inversi\u00f3n muy grande de millones de pesos, hacer 35 mil viviendas, reactivar viviendas que estaban paralizadas, hacer 85 mil lotes con servicios, m\u00e1s de 14 mil mejoramientos habitacionales, intervenciones en diferentes barrios de integraci\u00f3n, actas de escrituraci\u00f3n. El Gobierno provincial asumi\u00f3 un compromiso con la sociedad, que tiene que alcanzar los problemas que tiene Olavarr\u00eda&#8221;.<\/p>\n<p>Tambi\u00e9n &#8220;eso no lo hace solamente la provincia sino en conjunto con la municipalidad, para eso vinimos\u00a0 a convocarnos y trabajar en conjunto, hay algunas respuestas que pueden ser m\u00e1s r\u00e1pidas y otras que va a llevar m\u00e1s tiempo. La comunidad tambi\u00e9n tiene que ser parte de eso&#8221;.<\/p>\n<p>&#8220;Las autoridades municipales estuvieron de acuerdo en seguir por este camino, de generar acciones conjuntas. Es importante decir que la problem\u00e1tica estructural no se resuelve r\u00e1pido sino con mucha firmeza y paciencia, hay que generar suelo, hacerlo accesible que implica un compromiso importante, el Estado es fundamental, poner el Estado a al servicio de la gente&#8221;.<\/p>\n<p>Para finalizar mencion\u00f3 &#8220;hay una bater\u00eda de pol\u00edticas p\u00fablicas que est\u00e1n en marcha y que vinimos a poner a disposici\u00f3n del Gobierno local. El relevamiento se ir\u00e1 a hacer en conjunto entre Municipio\u00a0 y Provincia&#8221;.<\/p>\n<p>Fuente: Radio Olavarr\u00eda<\/p>\n","protected":false},"excerpt":{"rendered":"<p>Toma de tierras: Se formar\u00e1 una mesa de gesti\u00f3n, as\u00ed lo afirm\u00f3 el Subsecretario de&#8230;<\/p>\n","protected":false},"author":1,"featured_media":139794,"comment_status":"closed","ping_status":"closed","sticky":false,"template":"","format":"standard","meta":{"content-type":""},"categories":[27,64],"tags":[],"nelio_content":{"isAutoShareEnabled":false,"autoShareEndMode":"default","automationSources":{"useContentSentences":true,"useSocialTemplates":true,"useCustomSentences":false,"customSentences":[]},"followers":[1],"suggestedReferences":[],"includedReferences":[],"efiUrl":"","efiAlt":"","highlights":[]},"yoast_head":"<!-- This site is optimized with the Yoast SEO plugin v20.7 - https:\/\/yoast.com\/wordpress\/plugins\/seo\/ -->\n<title>Toma de tierras: Se formar\u00e1 una mesa de gesti\u00f3n junto al Municipio<\/title>\n<meta name=\"description\" content=\"Toma de tierras: Se formar\u00e1 una mesa de gesti\u00f3n, as\u00ed lo afirm\u00f3 el Subsecretario de H\u00e1bitat de la comunidad de la provincia de Buenos Aires\" \/>\n<meta name=\"robots\" content=\"index, follow, max-snippet:-1, max-image-preview:large, max-video-preview:-1\" \/>\n<link rel=\"canonical\" href=\"https:\/\/experienciadevida.com.ar\/portalurbano\/toma-de-tierras-se-formara-una-mesa-de-gestion\/\" \/>\n<meta property=\"og:locale\" content=\"es_ES\" \/>\n<meta property=\"og:type\" content=\"article\" \/>\n<meta property=\"og:title\" content=\"Toma de tierras: Se formar\u00e1 una mesa de gesti\u00f3n junto al Municipio\" \/>\n<meta property=\"og:description\" content=\"Toma de tierras: Se formar\u00e1 una mesa de gesti\u00f3n, as\u00ed lo afirm\u00f3 el Subsecretario de H\u00e1bitat de la comunidad de la provincia de Buenos Aires\" \/>\n<meta property=\"og:url\" content=\"https:\/\/experienciadevida.com.ar\/portalurbano\/toma-de-tierras-se-formara-una-mesa-de-gestion\/\" \/>\n<meta property=\"article:publisher\" content=\"https:\/\/www.facebook.com\/Portal-Urbano-171542830093757\/\" \/>\n<meta property=\"article:published_time\" content=\"2021-04-10T14:38:51+00:00\" \/>\n<meta property=\"article:modified_time\" content=\"2021-04-10T14:59:19+00:00\" \/>\n<meta property=\"og:image\" content=\"https:\/\/experienciadevida.com.ar\/portalurbano\/wp-content\/uploads\/2021\/04\/01b4de68-5407-4ba5-b48e-7050bd92d6a9.jpg\" \/>\n\t<meta property=\"og:image:width\" content=\"719\" \/>\n\t<meta property=\"og:image:height\" content=\"417\" \/>\n\t<meta property=\"og:image:type\" content=\"image\/jpeg\" \/>\n<meta name=\"author\" content=\"admpu17wp\" \/>\n<meta name=\"twitter:card\" content=\"summary_large_image\" \/>\n<meta name=\"twitter:creator\" content=\"@portalurbanook\" \/>\n<meta name=\"twitter:site\" content=\"@portalurbanook\" \/>\n<meta name=\"twitter:label1\" content=\"Escrito por\" \/>\n\t<meta name=\"twitter:data1\" content=\"admpu17wp\" \/>\n\t<meta name=\"twitter:label2\" content=\"Tiempo de lectura\" \/>\n\t<meta name=\"twitter:data2\" content=\"3 minutos\" \/>\n<script type=\"application\/ld+json\" class=\"yoast-schema-graph\">{\"@context\":\"https:\/\/schema.org\",\"@graph\":[{\"@type\":\"Article\",\"@id\":\"https:\/\/experienciadevida.com.ar\/portalurbano\/toma-de-tierras-se-formara-una-mesa-de-gestion\/#article\",\"isPartOf\":{\"@id\":\"https:\/\/experienciadevida.com.ar\/portalurbano\/toma-de-tierras-se-formara-una-mesa-de-gestion\/\"},\"author\":{\"name\":\"admpu17wp\",\"@id\":\"https:\/\/experienciadevida.com.ar\/portalurbano\/#\/schema\/person\/02dd326b1c4b056e9cc972486934a3a7\"},\"headline\":\"Toma de tierras: Se formar\u00e1 una mesa de gesti\u00f3n\",\"datePublished\":\"2021-04-10T14:38:51+00:00\",\"dateModified\":\"2021-04-10T14:59:19+00:00\",\"mainEntityOfPage\":{\"@id\":\"https:\/\/experienciadevida.com.ar\/portalurbano\/toma-de-tierras-se-formara-una-mesa-de-gestion\/\"},\"wordCount\":724,\"publisher\":{\"@id\":\"https:\/\/experienciadevida.com.ar\/portalurbano\/#organization\"},\"articleSection\":[\"Ciudad\",\"Destacadas 2\"],\"inLanguage\":\"es\"},{\"@type\":\"WebPage\",\"@id\":\"https:\/\/experienciadevida.com.ar\/portalurbano\/toma-de-tierras-se-formara-una-mesa-de-gestion\/\",\"url\":\"https:\/\/experienciadevida.com.ar\/portalurbano\/toma-de-tierras-se-formara-una-mesa-de-gestion\/\",\"name\":\"Toma de tierras: Se formar\u00e1 una mesa de gesti\u00f3n junto al Municipio\",\"isPartOf\":{\"@id\":\"https:\/\/experienciadevida.com.ar\/portalurbano\/#website\"},\"datePublished\":\"2021-04-10T14:38:51+00:00\",\"dateModified\":\"2021-04-10T14:59:19+00:00\",\"description\":\"Toma de tierras: Se formar\u00e1 una mesa de gesti\u00f3n, as\u00ed lo afirm\u00f3 el Subsecretario de H\u00e1bitat de la comunidad de la provincia de Buenos Aires\",\"breadcrumb\":{\"@id\":\"https:\/\/experienciadevida.com.ar\/portalurbano\/toma-de-tierras-se-formara-una-mesa-de-gestion\/#breadcrumb\"},\"inLanguage\":\"es\",\"potentialAction\":[{\"@type\":\"ReadAction\",\"target\":[\"https:\/\/experienciadevida.com.ar\/portalurbano\/toma-de-tierras-se-formara-una-mesa-de-gestion\/\"]}]},{\"@type\":\"BreadcrumbList\",\"@id\":\"https:\/\/experienciadevida.com.ar\/portalurbano\/toma-de-tierras-se-formara-una-mesa-de-gestion\/#breadcrumb\",\"itemListElement\":[{\"@type\":\"ListItem\",\"position\":1,\"name\":\"Portada\",\"item\":\"https:\/\/experienciadevida.com.ar\/portalurbano\/\"},{\"@type\":\"ListItem\",\"position\":2,\"name\":\"Toma de tierras: Se formar\u00e1 una mesa de gesti\u00f3n\"}]},{\"@type\":\"WebSite\",\"@id\":\"https:\/\/experienciadevida.com.ar\/portalurbano\/#website\",\"url\":\"https:\/\/experienciadevida.com.ar\/portalurbano\/\",\"name\":\"\",\"description\":\"\",\"publisher\":{\"@id\":\"https:\/\/experienciadevida.com.ar\/portalurbano\/#organization\"},\"potentialAction\":[{\"@type\":\"SearchAction\",\"target\":{\"@type\":\"EntryPoint\",\"urlTemplate\":\"https:\/\/experienciadevida.com.ar\/portalurbano\/?s={search_term_string}\"},\"query-input\":\"required name=search_term_string\"}],\"inLanguage\":\"es\"},{\"@type\":\"Organization\",\"@id\":\"https:\/\/experienciadevida.com.ar\/portalurbano\/#organization\",\"name\":\"Portal Urbano\",\"url\":\"https:\/\/experienciadevida.com.ar\/portalurbano\/\",\"logo\":{\"@type\":\"ImageObject\",\"inLanguage\":\"es\",\"@id\":\"https:\/\/experienciadevida.com.ar\/portalurbano\/#\/schema\/logo\/image\/\",\"url\":\"https:\/\/experienciadevida.com.ar\/portalurbano\/wp-content\/uploads\/2019\/09\/Logo-Original.png\",\"contentUrl\":\"https:\/\/experienciadevida.com.ar\/portalurbano\/wp-content\/uploads\/2019\/09\/Logo-Original.png\",\"width\":2236,\"height\":1216,\"caption\":\"Portal Urbano\"},\"image\":{\"@id\":\"https:\/\/experienciadevida.com.ar\/portalurbano\/#\/schema\/logo\/image\/\"},\"sameAs\":[\"https:\/\/www.facebook.com\/Portal-Urbano-171542830093757\/\",\"https:\/\/twitter.com\/portalurbanook\",\"https:\/\/www.instagram.com\/_portalurbano\/\",\"https:\/\/www.youtube.com\/channel\/UCXhagIfszH8KxFiOok79zbA?view_as=subscriber\"]},{\"@type\":\"Person\",\"@id\":\"https:\/\/experienciadevida.com.ar\/portalurbano\/#\/schema\/person\/02dd326b1c4b056e9cc972486934a3a7\",\"name\":\"admpu17wp\",\"image\":{\"@type\":\"ImageObject\",\"inLanguage\":\"es\",\"@id\":\"https:\/\/experienciadevida.com.ar\/portalurbano\/#\/schema\/person\/image\/\",\"url\":\"https:\/\/secure.gravatar.com\/avatar\/830d4c57adaae6630765e449a6908047?s=96&d=mm&r=g\",\"contentUrl\":\"https:\/\/secure.gravatar.com\/avatar\/830d4c57adaae6630765e449a6908047?s=96&d=mm&r=g\",\"caption\":\"admpu17wp\"}}]}<\/script>\n<!-- \/ Yoast SEO plugin. -->","yoast_head_json":{"title":"Toma de tierras: Se formar\u00e1 una mesa de gesti\u00f3n junto al Municipio","description":"Toma de tierras: Se formar\u00e1 una mesa de gesti\u00f3n, as\u00ed lo afirm\u00f3 el Subsecretario de H\u00e1bitat de la comunidad de la provincia de Buenos Aires","robots":{"index":"index","follow":"follow","max-snippet":"max-snippet:-1","max-image-preview":"max-image-preview:large","max-video-preview":"max-video-preview:-1"},"canonical":"https:\/\/experienciadevida.com.ar\/portalurbano\/toma-de-tierras-se-formara-una-mesa-de-gestion\/","og_locale":"es_ES","og_type":"article","og_title":"Toma de tierras: Se formar\u00e1 una mesa de gesti\u00f3n junto al Municipio","og_description":"Toma de tierras: Se formar\u00e1 una mesa de gesti\u00f3n, as\u00ed lo afirm\u00f3 el Subsecretario de H\u00e1bitat de la comunidad de la provincia de Buenos Aires","og_url":"https:\/\/experienciadevida.com.ar\/portalurbano\/toma-de-tierras-se-formara-una-mesa-de-gestion\/","article_publisher":"https:\/\/www.facebook.com\/Portal-Urbano-171542830093757\/","article_published_time":"2021-04-10T14:38:51+00:00","article_modified_time":"2021-04-10T14:59:19+00:00","og_image":[{"width":719,"height":417,"url":"https:\/\/experienciadevida.com.ar\/portalurbano\/wp-content\/uploads\/2021\/04\/01b4de68-5407-4ba5-b48e-7050bd92d6a9.jpg","type":"image\/jpeg"}],"author":"admpu17wp","twitter_card":"summary_large_image","twitter_creator":"@portalurbanook","twitter_site":"@portalurbanook","twitter_misc":{"Escrito por":"admpu17wp","Tiempo de lectura":"3 minutos"},"schema":{"@context":"https:\/\/schema.org","@graph":[{"@type":"Article","@id":"https:\/\/experienciadevida.com.ar\/portalurbano\/toma-de-tierras-se-formara-una-mesa-de-gestion\/#article","isPartOf":{"@id":"https:\/\/experienciadevida.com.ar\/portalurbano\/toma-de-tierras-se-formara-una-mesa-de-gestion\/"},"author":{"name":"admpu17wp","@id":"https:\/\/experienciadevida.com.ar\/portalurbano\/#\/schema\/person\/02dd326b1c4b056e9cc972486934a3a7"},"headline":"Toma de tierras: Se formar\u00e1 una mesa de gesti\u00f3n","datePublished":"2021-04-10T14:38:51+00:00","dateModified":"2021-04-10T14:59:19+00:00","mainEntityOfPage":{"@id":"https:\/\/experienciadevida.com.ar\/portalurbano\/toma-de-tierras-se-formara-una-mesa-de-gestion\/"},"wordCount":724,"publisher":{"@id":"https:\/\/experienciadevida.com.ar\/portalurbano\/#organization"},"articleSection":["Ciudad","Destacadas 2"],"inLanguage":"es"},{"@type":"WebPage","@id":"https:\/\/experienciadevida.com.ar\/portalurbano\/toma-de-tierras-se-formara-una-mesa-de-gestion\/","url":"https:\/\/experienciadevida.com.ar\/portalurbano\/toma-de-tierras-se-formara-una-mesa-de-gestion\/","name":"Toma de tierras: Se formar\u00e1 una mesa de gesti\u00f3n junto al Municipio","isPartOf":{"@id":"https:\/\/experienciadevida.com.ar\/portalurbano\/#website"},"datePublished":"2021-04-10T14:38:51+00:00","dateModified":"2021-04-10T14:59:19+00:00","description":"Toma de tierras: Se formar\u00e1 una mesa de gesti\u00f3n, as\u00ed lo afirm\u00f3 el Subsecretario de H\u00e1bitat de la comunidad de la provincia de Buenos Aires","breadcrumb":{"@id":"https:\/\/experienciadevida.com.ar\/portalurbano\/toma-de-tierras-se-formara-una-mesa-de-gestion\/#breadcrumb"},"inLanguage":"es","potentialAction":[{"@type":"ReadAction","target":["https:\/\/experienciadevida.com.ar\/portalurbano\/toma-de-tierras-se-formara-una-mesa-de-gestion\/"]}]},{"@type":"BreadcrumbList","@id":"https:\/\/experienciadevida.com.ar\/portalurbano\/toma-de-tierras-se-formara-una-mesa-de-gestion\/#breadcrumb","itemListElement":[{"@type":"ListItem","position":1,"name":"Portada","item":"https:\/\/experienciadevida.com.ar\/portalurbano\/"},{"@type":"ListItem","position":2,"name":"Toma de tierras: Se formar\u00e1 una mesa de gesti\u00f3n"}]},{"@type":"WebSite","@id":"https:\/\/experienciadevida.com.ar\/portalurbano\/#website","url":"https:\/\/experienciadevida.com.ar\/portalurbano\/","name":"","description":"","publisher":{"@id":"https:\/\/experienciadevida.com.ar\/portalurbano\/#organization"},"potentialAction":[{"@type":"SearchAction","target":{"@type":"EntryPoint","urlTemplate":"https:\/\/experienciadevida.com.ar\/portalurbano\/?s={search_term_string}"},"query-input":"required name=search_term_string"}],"inLanguage":"es"},{"@type":"Organization","@id":"https:\/\/experienciadevida.com.ar\/portalurbano\/#organization","name":"Portal Urbano","url":"https:\/\/experienciadevida.com.ar\/portalurbano\/","logo":{"@type":"ImageObject","inLanguage":"es","@id":"https:\/\/experienciadevida.com.ar\/portalurbano\/#\/schema\/logo\/image\/","url":"https:\/\/experienciadevida.com.ar\/portalurbano\/wp-content\/uploads\/2019\/09\/Logo-Original.png","contentUrl":"https:\/\/experienciadevida.com.ar\/portalurbano\/wp-content\/uploads\/2019\/09\/Logo-Original.png","width":2236,"height":1216,"caption":"Portal Urbano"},"image":{"@id":"https:\/\/experienciadevida.com.ar\/portalurbano\/#\/schema\/logo\/image\/"},"sameAs":["https:\/\/www.facebook.com\/Portal-Urbano-171542830093757\/","https:\/\/twitter.com\/portalurbanook","https:\/\/www.instagram.com\/_portalurbano\/","https:\/\/www.youtube.com\/channel\/UCXhagIfszH8KxFiOok79zbA?view_as=subscriber"]},{"@type":"Person","@id":"https:\/\/experienciadevida.com.ar\/portalurbano\/#\/schema\/person\/02dd326b1c4b056e9cc972486934a3a7","name":"admpu17wp","image":{"@type":"ImageObject","inLanguage":"es","@id":"https:\/\/experienciadevida.com.ar\/portalurbano\/#\/schema\/person\/image\/","url":"https:\/\/secure.gravatar.com\/avatar\/830d4c57adaae6630765e449a6908047?s=96&d=mm&r=g","contentUrl":"https:\/\/secure.gravatar.com\/avatar\/830d4c57adaae6630765e449a6908047?s=96&d=mm&r=g","caption":"admpu17wp"}}]}},"featured_image_urls":{"full":["https:\/\/experienciadevida.com.ar\/portalurbano\/wp-content\/uploads\/2021\/04\/01b4de68-5407-4ba5-b48e-7050bd92d6a9.jpg",719,417,false],"thumbnail":["https:\/\/experienciadevida.com.ar\/portalurbano\/wp-content\/uploads\/2021\/04\/01b4de68-5407-4ba5-b48e-7050bd92d6a9-150x150.jpg",150,150,true],"medium":["https:\/\/experienciadevida.com.ar\/portalurbano\/wp-content\/uploads\/2021\/04\/01b4de68-5407-4ba5-b48e-7050bd92d6a9-300x174.jpg",300,174,true],"medium_large":["https:\/\/experienciadevida.com.ar\/portalurbano\/wp-content\/uploads\/2021\/04\/01b4de68-5407-4ba5-b48e-7050bd92d6a9.jpg",640,371,false],"large":["https:\/\/experienciadevida.com.ar\/portalurbano\/wp-content\/uploads\/2021\/04\/01b4de68-5407-4ba5-b48e-7050bd92d6a9.jpg",640,371,false],"ug_big":["https:\/\/experienciadevida.com.ar\/portalurbano\/wp-content\/uploads\/2021\/04\/01b4de68-5407-4ba5-b48e-7050bd92d6a9.jpg",719,417,false],"1536x1536":["https:\/\/experienciadevida.com.ar\/portalurbano\/wp-content\/uploads\/2021\/04\/01b4de68-5407-4ba5-b48e-7050bd92d6a9.jpg",719,417,false],"2048x2048":["https:\/\/experienciadevida.com.ar\/portalurbano\/wp-content\/uploads\/2021\/04\/01b4de68-5407-4ba5-b48e-7050bd92d6a9.jpg",719,417,false],"newsever-slider-full":["https:\/\/experienciadevida.com.ar\/portalurbano\/wp-content\/uploads\/2021\/04\/01b4de68-5407-4ba5-b48e-7050bd92d6a9.jpg",719,417,false],"newsever-featured":["https:\/\/experienciadevida.com.ar\/portalurbano\/wp-content\/uploads\/2021\/04\/01b4de68-5407-4ba5-b48e-7050bd92d6a9.jpg",719,417,false],"newsever-medium":["https:\/\/experienciadevida.com.ar\/portalurbano\/wp-content\/uploads\/2021\/04\/01b4de68-5407-4ba5-b48e-7050bd92d6a9.jpg",719,417,false],"web-stories-poster-portrait":["https:\/\/experienciadevida.com.ar\/portalurbano\/wp-content\/uploads\/2021\/04\/01b4de68-5407-4ba5-b48e-7050bd92d6a9.jpg",640,371,false],"web-stories-publisher-logo":["https:\/\/experienciadevida.com.ar\/portalurbano\/wp-content\/uploads\/2021\/04\/01b4de68-5407-4ba5-b48e-7050bd92d6a9.jpg",96,56,false],"web-stories-thumbnail":["https:\/\/experienciadevida.com.ar\/portalurbano\/wp-content\/uploads\/2021\/04\/01b4de68-5407-4ba5-b48e-7050bd92d6a9.jpg",150,87,false]},"author_info":{"display_name":"admpu17wp","author_link":"https:\/\/experienciadevida.com.ar\/portalurbano\/author\/admpu17wp\/"},"category_info":"<a href=\"https:\/\/experienciadevida.com.ar\/portalurbano\/category\/ciudad\/\" rel=\"category tag\">Ciudad<\/a> <a href=\"https:\/\/experienciadevida.com.ar\/portalurbano\/category\/destacadas-2\/\" rel=\"category tag\">Destacadas 2<\/a>","tag_info":"Destacadas 2","comment_count":"0","amp_enabled":true,"_links":{"self":[{"href":"https:\/\/experienciadevida.com.ar\/portalurbano\/wp-json\/wp\/v2\/posts\/139793"}],"collection":[{"href":"https:\/\/experienciadevida.com.ar\/portalurbano\/wp-json\/wp\/v2\/posts"}],"about":[{"href":"https:\/\/experienciadevida.com.ar\/portalurbano\/wp-json\/wp\/v2\/types\/post"}],"author":[{"embeddable":true,"href":"https:\/\/experienciadevida.com.ar\/portalurbano\/wp-json\/wp\/v2\/users\/1"}],"replies":[{"embeddable":true,"href":"https:\/\/experienciadevida.com.ar\/portalurbano\/wp-json\/wp\/v2\/comments?post=139793"}],"version-history":[{"count":7,"href":"https:\/\/experienciadevida.com.ar\/portalurbano\/wp-json\/wp\/v2\/posts\/139793\/revisions"}],"predecessor-version":[{"id":139801,"href":"https:\/\/experienciadevida.com.ar\/portalurbano\/wp-json\/wp\/v2\/posts\/139793\/revisions\/139801"}],"wp:featuredmedia":[{"embeddable":true,"href":"https:\/\/experienciadevida.com.ar\/portalurbano\/wp-json\/wp\/v2\/media\/139794"}],"wp:attachment":[{"href":"https:\/\/experienciadevida.com.ar\/portalurbano\/wp-json\/wp\/v2\/media?parent=139793"}],"wp:term":[{"taxonomy":"category","embeddable":true,"href":"https:\/\/experienciadevida.com.ar\/portalurbano\/wp-json\/wp\/v2\/categories?post=139793"},{"taxonomy":"post_tag","embeddable":true,"href":"https:\/\/experienciadevida.com.ar\/portalurbano\/wp-json\/wp\/v2\/tags?post=139793"}],"curies":[{"name":"wp","href":"https:\/\/api.w.org\/{rel}","templated":true}]}}