{"id":139712,"date":"2021-04-09T16:13:35","date_gmt":"2021-04-09T19:13:35","guid":{"rendered":"https:\/\/experienciadevida.com.ar\/portalurbano\/?p=139712"},"modified":"2021-04-09T16:15:25","modified_gmt":"2021-04-09T19:15:25","slug":"alberto-fernandez-a-mitad-de-abril-van-a-entrar-dosis-para-acelerar-el-ritmo-de-vacunacion","status":"publish","type":"post","link":"https:\/\/experienciadevida.com.ar\/portalurbano\/alberto-fernandez-a-mitad-de-abril-van-a-entrar-dosis-para-acelerar-el-ritmo-de-vacunacion\/","title":{"rendered":"Alberto Fern\u00e1ndez: \u201cA mitad de abril van a entrar dosis para acelerar el ritmo de vacunaci\u00f3n\u201d"},"content":{"rendered":"<p>Alberto Fern\u00e1ndez: \u201cA mitad de abril van a entrar dosis para acelerar el ritmo de vacunaci\u00f3n\u201d, el Presidente defendi\u00f3 las medidas tomadas y dijo que \u201cen Semana Santa vimos un relajamiento del comportamiento social francamente peligroso\u201d.<\/p>\n<p>El presidente Alberto Fern\u00e1ndez defendi\u00f3 las medidas tomadas en el marco de la segunda ola del coronavirus en la Argentina y adelant\u00f3 que \u201ca mitad de abril van a entrar dosis para acelerar el ritmo de la vacunaci\u00f3n\u201d.<\/p>\n<p>\u201cA mitad de abril van a estar entrando dosis suficientes para acelerar el ritmo de vacunaci\u00f3n\u201d, anticip\u00f3 el mandatario . \u201cVacunado, la enfermedad para los adultos se vuelve llevadera\u201d, complet\u00f3 al respecto sobre la campa\u00f1a de inmunizaci\u00f3n.<\/p>\n<p>Fern\u00e1ndez aclar\u00f3 que continuar\u00e1n llegando al pa\u00eds vacunas rusas y que se espera para mediados de este mes el arribo de \u201clas dosis que faltan\u201d de Sinopharm.<\/p>\n<p>Respecto a la situaci\u00f3n epidemiol\u00f3gica, se\u00f1al\u00f3 que en Semana Santa se vio un relajamiento del comportamiento social \u201cfrancamente peligroso\u201d. Y en ese sentido consider\u00f3: \u201cMe parece que toda medida es insuficiente si la gente no toma consciencia de la dimensi\u00f3n del problema; y a eso es a lo que aspiramos con las medidas que tomamos\u201d.<\/p>\n<p>El Presidente volvi\u00f3 a respaldar la presencialidad escolar y sostuvo que no se registraron \u201ccontagios importantes en colegios\u201d sino que se tratan de \u201ccasos aislados\u201d de coronavirus, y se\u00f1al\u00f3 que el Gobierno nacional \u201cest\u00e1 siguiendo de cerca los casos en los chicos de secundaria\u201d as\u00ed como el uso del transporte p\u00fablico por parte de los miembros de la comunidad educativa.<\/p>\n<p>En el marco de las medidas adoptadas, Fern\u00e1ndez sostuvo que, desde Naci\u00f3n se busc\u00f3 \u201cevitar suspender las clases para evitar lo que vivimos el a\u00f1o pasado y porque adem\u00e1s hay claramente una necesidad que los chicos recuperen su ritmo de estudios\u201d.<\/p>\n<p>\u201cNo hemos tenido contagios importantes en colegios, ya que los datos que tenemos son casos aislados\u201d, asegur\u00f3 el mandatario.<\/p>\n<p>Al referirse a los casos de contagios en estudiantes de secundaria, admiti\u00f3 que el Gobierno est\u00e1 \u201chaciendo un seguimiento respecto a los chicos de secundaria\u201d vinculado tambi\u00e9n con el uso del transporte p\u00fablico para ir a los establecimientos educativos.<\/p>\n<p>\u201cEl transporte p\u00fablico es utilizado por chicos de secundaria porque es muy raro que los chicos de colegio primario lo utilicen y, por eso, estamos siguiendo muy de cerca este tema\u201d, agreg\u00f3.<\/p>\n<p>En ese sentido, a\u00f1adi\u00f3: \u201cLa verdad es que ning\u00fan gobernador propici\u00f3 el cierre de los colegios sino todo lo contrario; todos sostienen que los colegios primarios siguieran funcionando\u201d.<\/p>\n<p>\u201cPor eso no hemos tomado ninguna medida con los colegios y hemos esperado un poco para ver c\u00f3mo evolucionan el tema de los contagios\u201d, cerr\u00f3 el jefe de Estado.<\/p>\n<p>Fuente: DIB<\/p>\n","protected":false},"excerpt":{"rendered":"<p>Alberto Fern\u00e1ndez: \u201cA mitad de abril van a entrar dosis para acelerar el ritmo de&#8230;<\/p>\n","protected":false},"author":1,"featured_media":139714,"comment_status":"closed","ping_status":"closed","sticky":false,"template":"","format":"standard","meta":{"content-type":""},"categories":[71,39],"tags":[],"nelio_content":{"isAutoShareEnabled":false,"autoShareEndMode":"default","automationSources":{"useContentSentences":true,"useSocialTemplates":true,"useCustomSentences":false,"customSentences":[]},"followers":[1],"suggestedReferences":[],"includedReferences":[],"efiUrl":"","efiAlt":"","highlights":[]},"yoast_head":"<!-- This site is optimized with the Yoast SEO plugin v20.7 - https:\/\/yoast.com\/wordpress\/plugins\/seo\/ -->\n<title>Alberto Fern\u00e1ndez: &quot;A mitad de abril van a entrar dosis de la vacuna&quot;<\/title>\n<meta name=\"description\" content=\"Alberto Fern\u00e1ndez: \u201cA mitad de abril van a entrar dosis para acelerar el ritmo de vacunaci\u00f3n\u201d, el Presidente defendi\u00f3 las medidas tomadas\" \/>\n<meta name=\"robots\" content=\"index, follow, max-snippet:-1, max-image-preview:large, max-video-preview:-1\" \/>\n<link rel=\"canonical\" href=\"https:\/\/experienciadevida.com.ar\/portalurbano\/alberto-fernandez-a-mitad-de-abril-van-a-entrar-dosis-para-acelerar-el-ritmo-de-vacunacion\/\" \/>\n<meta property=\"og:locale\" content=\"es_ES\" \/>\n<meta property=\"og:type\" content=\"article\" \/>\n<meta property=\"og:title\" content=\"Alberto Fern\u00e1ndez: &quot;A mitad de abril van a entrar dosis de la vacuna&quot;\" \/>\n<meta property=\"og:description\" content=\"Alberto Fern\u00e1ndez: \u201cA mitad de abril van a entrar dosis para acelerar el ritmo de vacunaci\u00f3n\u201d, el Presidente defendi\u00f3 las medidas tomadas\" \/>\n<meta property=\"og:url\" content=\"https:\/\/experienciadevida.com.ar\/portalurbano\/alberto-fernandez-a-mitad-de-abril-van-a-entrar-dosis-para-acelerar-el-ritmo-de-vacunacion\/\" \/>\n<meta property=\"article:publisher\" content=\"https:\/\/www.facebook.com\/Portal-Urbano-171542830093757\/\" \/>\n<meta property=\"article:published_time\" content=\"2021-04-09T19:13:35+00:00\" \/>\n<meta property=\"article:modified_time\" content=\"2021-04-09T19:15:25+00:00\" \/>\n<meta property=\"og:image\" content=\"https:\/\/experienciadevida.com.ar\/portalurbano\/wp-content\/uploads\/2021\/04\/Alberto-Fernandez.jpg\" \/>\n\t<meta property=\"og:image:width\" content=\"1004\" \/>\n\t<meta property=\"og:image:height\" content=\"565\" \/>\n\t<meta property=\"og:image:type\" content=\"image\/jpeg\" \/>\n<meta name=\"author\" content=\"admpu17wp\" \/>\n<meta name=\"twitter:card\" content=\"summary_large_image\" \/>\n<meta name=\"twitter:creator\" content=\"@portalurbanook\" \/>\n<meta name=\"twitter:site\" content=\"@portalurbanook\" \/>\n<meta name=\"twitter:label1\" content=\"Escrito por\" \/>\n\t<meta name=\"twitter:data1\" content=\"admpu17wp\" \/>\n\t<meta name=\"twitter:label2\" content=\"Tiempo de lectura\" \/>\n\t<meta name=\"twitter:data2\" content=\"2 minutos\" \/>\n<script type=\"application\/ld+json\" class=\"yoast-schema-graph\">{\"@context\":\"https:\/\/schema.org\",\"@graph\":[{\"@type\":\"Article\",\"@id\":\"https:\/\/experienciadevida.com.ar\/portalurbano\/alberto-fernandez-a-mitad-de-abril-van-a-entrar-dosis-para-acelerar-el-ritmo-de-vacunacion\/#article\",\"isPartOf\":{\"@id\":\"https:\/\/experienciadevida.com.ar\/portalurbano\/alberto-fernandez-a-mitad-de-abril-van-a-entrar-dosis-para-acelerar-el-ritmo-de-vacunacion\/\"},\"author\":{\"name\":\"admpu17wp\",\"@id\":\"https:\/\/experienciadevida.com.ar\/portalurbano\/#\/schema\/person\/02dd326b1c4b056e9cc972486934a3a7\"},\"headline\":\"Alberto Fern\u00e1ndez: \u201cA mitad de abril van a entrar dosis para acelerar el ritmo de vacunaci\u00f3n\u201d\",\"datePublished\":\"2021-04-09T19:13:35+00:00\",\"dateModified\":\"2021-04-09T19:15:25+00:00\",\"mainEntityOfPage\":{\"@id\":\"https:\/\/experienciadevida.com.ar\/portalurbano\/alberto-fernandez-a-mitad-de-abril-van-a-entrar-dosis-para-acelerar-el-ritmo-de-vacunacion\/\"},\"wordCount\":486,\"publisher\":{\"@id\":\"https:\/\/experienciadevida.com.ar\/portalurbano\/#organization\"},\"articleSection\":[\"Coronavirus\",\"Naci\u00f3n\"],\"inLanguage\":\"es\"},{\"@type\":\"WebPage\",\"@id\":\"https:\/\/experienciadevida.com.ar\/portalurbano\/alberto-fernandez-a-mitad-de-abril-van-a-entrar-dosis-para-acelerar-el-ritmo-de-vacunacion\/\",\"url\":\"https:\/\/experienciadevida.com.ar\/portalurbano\/alberto-fernandez-a-mitad-de-abril-van-a-entrar-dosis-para-acelerar-el-ritmo-de-vacunacion\/\",\"name\":\"Alberto Fern\u00e1ndez: \\\"A mitad de abril van a entrar dosis de la vacuna\\\"\",\"isPartOf\":{\"@id\":\"https:\/\/experienciadevida.com.ar\/portalurbano\/#website\"},\"datePublished\":\"2021-04-09T19:13:35+00:00\",\"dateModified\":\"2021-04-09T19:15:25+00:00\",\"description\":\"Alberto Fern\u00e1ndez: \u201cA mitad de abril van a entrar dosis para acelerar el ritmo de vacunaci\u00f3n\u201d, el Presidente defendi\u00f3 las medidas tomadas\",\"breadcrumb\":{\"@id\":\"https:\/\/experienciadevida.com.ar\/portalurbano\/alberto-fernandez-a-mitad-de-abril-van-a-entrar-dosis-para-acelerar-el-ritmo-de-vacunacion\/#breadcrumb\"},\"inLanguage\":\"es\",\"potentialAction\":[{\"@type\":\"ReadAction\",\"target\":[\"https:\/\/experienciadevida.com.ar\/portalurbano\/alberto-fernandez-a-mitad-de-abril-van-a-entrar-dosis-para-acelerar-el-ritmo-de-vacunacion\/\"]}]},{\"@type\":\"BreadcrumbList\",\"@id\":\"https:\/\/experienciadevida.com.ar\/portalurbano\/alberto-fernandez-a-mitad-de-abril-van-a-entrar-dosis-para-acelerar-el-ritmo-de-vacunacion\/#breadcrumb\",\"itemListElement\":[{\"@type\":\"ListItem\",\"position\":1,\"name\":\"Portada\",\"item\":\"https:\/\/experienciadevida.com.ar\/portalurbano\/\"},{\"@type\":\"ListItem\",\"position\":2,\"name\":\"Alberto Fern\u00e1ndez: \u201cA mitad de abril van a entrar dosis para acelerar el ritmo de vacunaci\u00f3n\u201d\"}]},{\"@type\":\"WebSite\",\"@id\":\"https:\/\/experienciadevida.com.ar\/portalurbano\/#website\",\"url\":\"https:\/\/experienciadevida.com.ar\/portalurbano\/\",\"name\":\"\",\"description\":\"\",\"publisher\":{\"@id\":\"https:\/\/experienciadevida.com.ar\/portalurbano\/#organization\"},\"potentialAction\":[{\"@type\":\"SearchAction\",\"target\":{\"@type\":\"EntryPoint\",\"urlTemplate\":\"https:\/\/experienciadevida.com.ar\/portalurbano\/?s={search_term_string}\"},\"query-input\":\"required name=search_term_string\"}],\"inLanguage\":\"es\"},{\"@type\":\"Organization\",\"@id\":\"https:\/\/experienciadevida.com.ar\/portalurbano\/#organization\",\"name\":\"Portal Urbano\",\"url\":\"https:\/\/experienciadevida.com.ar\/portalurbano\/\",\"logo\":{\"@type\":\"ImageObject\",\"inLanguage\":\"es\",\"@id\":\"https:\/\/experienciadevida.com.ar\/portalurbano\/#\/schema\/logo\/image\/\",\"url\":\"https:\/\/experienciadevida.com.ar\/portalurbano\/wp-content\/uploads\/2019\/09\/Logo-Original.png\",\"contentUrl\":\"https:\/\/experienciadevida.com.ar\/portalurbano\/wp-content\/uploads\/2019\/09\/Logo-Original.png\",\"width\":2236,\"height\":1216,\"caption\":\"Portal Urbano\"},\"image\":{\"@id\":\"https:\/\/experienciadevida.com.ar\/portalurbano\/#\/schema\/logo\/image\/\"},\"sameAs\":[\"https:\/\/www.facebook.com\/Portal-Urbano-171542830093757\/\",\"https:\/\/twitter.com\/portalurbanook\",\"https:\/\/www.instagram.com\/_portalurbano\/\",\"https:\/\/www.youtube.com\/channel\/UCXhagIfszH8KxFiOok79zbA?view_as=subscriber\"]},{\"@type\":\"Person\",\"@id\":\"https:\/\/experienciadevida.com.ar\/portalurbano\/#\/schema\/person\/02dd326b1c4b056e9cc972486934a3a7\",\"name\":\"admpu17wp\",\"image\":{\"@type\":\"ImageObject\",\"inLanguage\":\"es\",\"@id\":\"https:\/\/experienciadevida.com.ar\/portalurbano\/#\/schema\/person\/image\/\",\"url\":\"https:\/\/secure.gravatar.com\/avatar\/830d4c57adaae6630765e449a6908047?s=96&d=mm&r=g\",\"contentUrl\":\"https:\/\/secure.gravatar.com\/avatar\/830d4c57adaae6630765e449a6908047?s=96&d=mm&r=g\",\"caption\":\"admpu17wp\"}}]}<\/script>\n<!-- \/ Yoast SEO plugin. -->","yoast_head_json":{"title":"Alberto Fern\u00e1ndez: \"A mitad de abril van a entrar dosis de la vacuna\"","description":"Alberto Fern\u00e1ndez: \u201cA mitad de abril van a entrar dosis para acelerar el ritmo de vacunaci\u00f3n\u201d, el Presidente defendi\u00f3 las medidas tomadas","robots":{"index":"index","follow":"follow","max-snippet":"max-snippet:-1","max-image-preview":"max-image-preview:large","max-video-preview":"max-video-preview:-1"},"canonical":"https:\/\/experienciadevida.com.ar\/portalurbano\/alberto-fernandez-a-mitad-de-abril-van-a-entrar-dosis-para-acelerar-el-ritmo-de-vacunacion\/","og_locale":"es_ES","og_type":"article","og_title":"Alberto Fern\u00e1ndez: \"A mitad de abril van a entrar dosis de la vacuna\"","og_description":"Alberto Fern\u00e1ndez: \u201cA mitad de abril van a entrar dosis para acelerar el ritmo de vacunaci\u00f3n\u201d, el Presidente defendi\u00f3 las medidas tomadas","og_url":"https:\/\/experienciadevida.com.ar\/portalurbano\/alberto-fernandez-a-mitad-de-abril-van-a-entrar-dosis-para-acelerar-el-ritmo-de-vacunacion\/","article_publisher":"https:\/\/www.facebook.com\/Portal-Urbano-171542830093757\/","article_published_time":"2021-04-09T19:13:35+00:00","article_modified_time":"2021-04-09T19:15:25+00:00","og_image":[{"width":1004,"height":565,"url":"https:\/\/experienciadevida.com.ar\/portalurbano\/wp-content\/uploads\/2021\/04\/Alberto-Fernandez.jpg","type":"image\/jpeg"}],"author":"admpu17wp","twitter_card":"summary_large_image","twitter_creator":"@portalurbanook","twitter_site":"@portalurbanook","twitter_misc":{"Escrito por":"admpu17wp","Tiempo de lectura":"2 minutos"},"schema":{"@context":"https:\/\/schema.org","@graph":[{"@type":"Article","@id":"https:\/\/experienciadevida.com.ar\/portalurbano\/alberto-fernandez-a-mitad-de-abril-van-a-entrar-dosis-para-acelerar-el-ritmo-de-vacunacion\/#article","isPartOf":{"@id":"https:\/\/experienciadevida.com.ar\/portalurbano\/alberto-fernandez-a-mitad-de-abril-van-a-entrar-dosis-para-acelerar-el-ritmo-de-vacunacion\/"},"author":{"name":"admpu17wp","@id":"https:\/\/experienciadevida.com.ar\/portalurbano\/#\/schema\/person\/02dd326b1c4b056e9cc972486934a3a7"},"headline":"Alberto Fern\u00e1ndez: \u201cA mitad de abril van a entrar dosis para acelerar el ritmo de vacunaci\u00f3n\u201d","datePublished":"2021-04-09T19:13:35+00:00","dateModified":"2021-04-09T19:15:25+00:00","mainEntityOfPage":{"@id":"https:\/\/experienciadevida.com.ar\/portalurbano\/alberto-fernandez-a-mitad-de-abril-van-a-entrar-dosis-para-acelerar-el-ritmo-de-vacunacion\/"},"wordCount":486,"publisher":{"@id":"https:\/\/experienciadevida.com.ar\/portalurbano\/#organization"},"articleSection":["Coronavirus","Naci\u00f3n"],"inLanguage":"es"},{"@type":"WebPage","@id":"https:\/\/experienciadevida.com.ar\/portalurbano\/alberto-fernandez-a-mitad-de-abril-van-a-entrar-dosis-para-acelerar-el-ritmo-de-vacunacion\/","url":"https:\/\/experienciadevida.com.ar\/portalurbano\/alberto-fernandez-a-mitad-de-abril-van-a-entrar-dosis-para-acelerar-el-ritmo-de-vacunacion\/","name":"Alberto Fern\u00e1ndez: \"A mitad de abril van a entrar dosis de la vacuna\"","isPartOf":{"@id":"https:\/\/experienciadevida.com.ar\/portalurbano\/#website"},"datePublished":"2021-04-09T19:13:35+00:00","dateModified":"2021-04-09T19:15:25+00:00","description":"Alberto Fern\u00e1ndez: \u201cA mitad de abril van a entrar dosis para acelerar el ritmo de vacunaci\u00f3n\u201d, el Presidente defendi\u00f3 las medidas tomadas","breadcrumb":{"@id":"https:\/\/experienciadevida.com.ar\/portalurbano\/alberto-fernandez-a-mitad-de-abril-van-a-entrar-dosis-para-acelerar-el-ritmo-de-vacunacion\/#breadcrumb"},"inLanguage":"es","potentialAction":[{"@type":"ReadAction","target":["https:\/\/experienciadevida.com.ar\/portalurbano\/alberto-fernandez-a-mitad-de-abril-van-a-entrar-dosis-para-acelerar-el-ritmo-de-vacunacion\/"]}]},{"@type":"BreadcrumbList","@id":"https:\/\/experienciadevida.com.ar\/portalurbano\/alberto-fernandez-a-mitad-de-abril-van-a-entrar-dosis-para-acelerar-el-ritmo-de-vacunacion\/#breadcrumb","itemListElement":[{"@type":"ListItem","position":1,"name":"Portada","item":"https:\/\/experienciadevida.com.ar\/portalurbano\/"},{"@type":"ListItem","position":2,"name":"Alberto Fern\u00e1ndez: \u201cA mitad de abril van a entrar dosis para acelerar el ritmo de vacunaci\u00f3n\u201d"}]},{"@type":"WebSite","@id":"https:\/\/experienciadevida.com.ar\/portalurbano\/#website","url":"https:\/\/experienciadevida.com.ar\/portalurbano\/","name":"","description":"","publisher":{"@id":"https:\/\/experienciadevida.com.ar\/portalurbano\/#organization"},"potentialAction":[{"@type":"SearchAction","target":{"@type":"EntryPoint","urlTemplate":"https:\/\/experienciadevida.com.ar\/portalurbano\/?s={search_term_string}"},"query-input":"required name=search_term_string"}],"inLanguage":"es"},{"@type":"Organization","@id":"https:\/\/experienciadevida.com.ar\/portalurbano\/#organization","name":"Portal Urbano","url":"https:\/\/experienciadevida.com.ar\/portalurbano\/","logo":{"@type":"ImageObject","inLanguage":"es","@id":"https:\/\/experienciadevida.com.ar\/portalurbano\/#\/schema\/logo\/image\/","url":"https:\/\/experienciadevida.com.ar\/portalurbano\/wp-content\/uploads\/2019\/09\/Logo-Original.png","contentUrl":"https:\/\/experienciadevida.com.ar\/portalurbano\/wp-content\/uploads\/2019\/09\/Logo-Original.png","width":2236,"height":1216,"caption":"Portal Urbano"},"image":{"@id":"https:\/\/experienciadevida.com.ar\/portalurbano\/#\/schema\/logo\/image\/"},"sameAs":["https:\/\/www.facebook.com\/Portal-Urbano-171542830093757\/","https:\/\/twitter.com\/portalurbanook","https:\/\/www.instagram.com\/_portalurbano\/","https:\/\/www.youtube.com\/channel\/UCXhagIfszH8KxFiOok79zbA?view_as=subscriber"]},{"@type":"Person","@id":"https:\/\/experienciadevida.com.ar\/portalurbano\/#\/schema\/person\/02dd326b1c4b056e9cc972486934a3a7","name":"admpu17wp","image":{"@type":"ImageObject","inLanguage":"es","@id":"https:\/\/experienciadevida.com.ar\/portalurbano\/#\/schema\/person\/image\/","url":"https:\/\/secure.gravatar.com\/avatar\/830d4c57adaae6630765e449a6908047?s=96&d=mm&r=g","contentUrl":"https:\/\/secure.gravatar.com\/avatar\/830d4c57adaae6630765e449a6908047?s=96&d=mm&r=g","caption":"admpu17wp"}}]}},"featured_image_urls":{"full":["https:\/\/experienciadevida.com.ar\/portalurbano\/wp-content\/uploads\/2021\/04\/Alberto-Fernandez.jpg",1004,565,false],"thumbnail":["https:\/\/experienciadevida.com.ar\/portalurbano\/wp-content\/uploads\/2021\/04\/Alberto-Fernandez-150x150.jpg",150,150,true],"medium":["https:\/\/experienciadevida.com.ar\/portalurbano\/wp-content\/uploads\/2021\/04\/Alberto-Fernandez-300x169.jpg",300,169,true],"medium_large":["https:\/\/experienciadevida.com.ar\/portalurbano\/wp-content\/uploads\/2021\/04\/Alberto-Fernandez-768x432.jpg",640,360,true],"large":["https:\/\/experienciadevida.com.ar\/portalurbano\/wp-content\/uploads\/2021\/04\/Alberto-Fernandez.jpg",640,360,false],"ug_big":["https:\/\/experienciadevida.com.ar\/portalurbano\/wp-content\/uploads\/2021\/04\/Alberto-Fernandez-768x432.jpg",768,432,true],"1536x1536":["https:\/\/experienciadevida.com.ar\/portalurbano\/wp-content\/uploads\/2021\/04\/Alberto-Fernandez.jpg",1004,565,false],"2048x2048":["https:\/\/experienciadevida.com.ar\/portalurbano\/wp-content\/uploads\/2021\/04\/Alberto-Fernandez.jpg",1004,565,false],"newsever-slider-full":["https:\/\/experienciadevida.com.ar\/portalurbano\/wp-content\/uploads\/2021\/04\/Alberto-Fernandez.jpg",1004,565,false],"newsever-featured":["https:\/\/experienciadevida.com.ar\/portalurbano\/wp-content\/uploads\/2021\/04\/Alberto-Fernandez.jpg",1004,565,false],"newsever-medium":["https:\/\/experienciadevida.com.ar\/portalurbano\/wp-content\/uploads\/2021\/04\/Alberto-Fernandez.jpg",720,405,false],"web-stories-poster-portrait":["https:\/\/experienciadevida.com.ar\/portalurbano\/wp-content\/uploads\/2021\/04\/Alberto-Fernandez.jpg",640,360,false],"web-stories-publisher-logo":["https:\/\/experienciadevida.com.ar\/portalurbano\/wp-content\/uploads\/2021\/04\/Alberto-Fernandez.jpg",96,54,false],"web-stories-thumbnail":["https:\/\/experienciadevida.com.ar\/portalurbano\/wp-content\/uploads\/2021\/04\/Alberto-Fernandez.jpg",150,84,false]},"author_info":{"display_name":"admpu17wp","author_link":"https:\/\/experienciadevida.com.ar\/portalurbano\/author\/admpu17wp\/"},"category_info":"<a href=\"https:\/\/experienciadevida.com.ar\/portalurbano\/category\/nacion\/coronavirus\/\" rel=\"category tag\">Coronavirus<\/a> <a href=\"https:\/\/experienciadevida.com.ar\/portalurbano\/category\/nacion\/\" rel=\"category tag\">Naci\u00f3n<\/a>","tag_info":"Naci\u00f3n","comment_count":"0","amp_enabled":true,"_links":{"self":[{"href":"https:\/\/experienciadevida.com.ar\/portalurbano\/wp-json\/wp\/v2\/posts\/139712"}],"collection":[{"href":"https:\/\/experienciadevida.com.ar\/portalurbano\/wp-json\/wp\/v2\/posts"}],"about":[{"href":"https:\/\/experienciadevida.com.ar\/portalurbano\/wp-json\/wp\/v2\/types\/post"}],"author":[{"embeddable":true,"href":"https:\/\/experienciadevida.com.ar\/portalurbano\/wp-json\/wp\/v2\/users\/1"}],"replies":[{"embeddable":true,"href":"https:\/\/experienciadevida.com.ar\/portalurbano\/wp-json\/wp\/v2\/comments?post=139712"}],"version-history":[{"count":1,"href":"https:\/\/experienciadevida.com.ar\/portalurbano\/wp-json\/wp\/v2\/posts\/139712\/revisions"}],"predecessor-version":[{"id":139715,"href":"https:\/\/experienciadevida.com.ar\/portalurbano\/wp-json\/wp\/v2\/posts\/139712\/revisions\/139715"}],"wp:featuredmedia":[{"embeddable":true,"href":"https:\/\/experienciadevida.com.ar\/portalurbano\/wp-json\/wp\/v2\/media\/139714"}],"wp:attachment":[{"href":"https:\/\/experienciadevida.com.ar\/portalurbano\/wp-json\/wp\/v2\/media?parent=139712"}],"wp:term":[{"taxonomy":"category","embeddable":true,"href":"https:\/\/experienciadevida.com.ar\/portalurbano\/wp-json\/wp\/v2\/categories?post=139712"},{"taxonomy":"post_tag","embeddable":true,"href":"https:\/\/experienciadevida.com.ar\/portalurbano\/wp-json\/wp\/v2\/tags?post=139712"}],"curies":[{"name":"wp","href":"https:\/\/api.w.org\/{rel}","templated":true}]}}