{"id":139696,"date":"2021-04-09T12:10:43","date_gmt":"2021-04-09T15:10:43","guid":{"rendered":"https:\/\/experienciadevida.com.ar\/portalurbano\/?p=139696"},"modified":"2021-04-09T12:11:17","modified_gmt":"2021-04-09T15:11:17","slug":"licitacion-transporte-interurbano-reunion-con-dirigentes-de-la-uta","status":"publish","type":"post","link":"https:\/\/experienciadevida.com.ar\/portalurbano\/licitacion-transporte-interurbano-reunion-con-dirigentes-de-la-uta\/","title":{"rendered":"Licitaci\u00f3n transporte interurbano: reuni\u00f3n con dirigentes de la UTA"},"content":{"rendered":"<p>Licitaci\u00f3n transporte interurbano: reuni\u00f3n con dirigentes de la UTA, en el d\u00eda de ayer\u00a0 el secretario de Gobierno Hilario Galli mantuvo una reuni\u00f3n con el delegado de la Uni\u00f3n Tranviarias Automotor de la empresa Olabus Jorge Pad\u00edn, con la finalidad de invitarlo a sumarse a trabajar en el pliego licitatorio del transporte interurbano, como as\u00ed tambi\u00e9n a los trabajadores del sector.<\/p>\n<p>Del encuentro tambi\u00e9n particip\u00f3 el Subsecretario de Gobierno municipal, Lic. Emilio Vitale.<\/p>\n<p>En la oportunidad dialogaron sobre la realidad del sector, detallaron la n\u00f3mina de empleados de la empresa y el plan a futuro que se pretende con el servicio de transporte.<\/p>\n<p>\u201cInvitamos al delegado de la UTA para que tambi\u00e9n sea parte de este proyecto, como lo hicimos con los concejales. Vamos a ir teniendo reuniones para avanzar entre todas las partes. Los choferes son quienes conocen la realidad y es muy importante conocer su opini\u00f3n\u201d, resalt\u00f3 Hilario Galli.<\/p>\n<p>Luego, el secretario de Gobierno indic\u00f3 que \u201cestuvimos mirando los recorridos y ya quedamos en pensar a trabajar alternativas. Se la vamos a ir presentando a los referentes de las localidades para que entre todos salga el mejor proyecto para el servicio de transporte p\u00fablico interurbano\u201d.<\/p>\n<p>Por su parte, Emilio Vitale comunic\u00f3 que \u201cestas reuniones que vamos a ir teniendo se las haremos conocer a los concejales para que est\u00e9n al tanto de los movimientos que llevamos adelante y tambi\u00e9n sean parte de esta iniciativa, tal como lo acordamos y pidi\u00f3 el Intendente\u201d.<\/p>\n<p>Por \u00faltimo, se inform\u00f3 que tambi\u00e9n se trataron temas como la actualizaci\u00f3n del parque m\u00f3vil, las frecuencias y la continuidad de la planta laboral que actualmente se encuentra prestando servicios.<\/p>\n<p>&nbsp;<\/p>\n","protected":false},"excerpt":{"rendered":"<p>Licitaci\u00f3n transporte interurbano: reuni\u00f3n con dirigentes de la UTA, en el d\u00eda de ayer\u00a0 el&#8230;<\/p>\n","protected":false},"author":1,"featured_media":139697,"comment_status":"closed","ping_status":"closed","sticky":false,"template":"","format":"standard","meta":{"content-type":""},"categories":[27,64],"tags":[],"nelio_content":{"isAutoShareEnabled":false,"autoShareEndMode":"default","automationSources":{"useContentSentences":true,"useSocialTemplates":true,"useCustomSentences":false,"customSentences":[]},"followers":[1],"suggestedReferences":[],"includedReferences":[],"efiUrl":"","efiAlt":"","highlights":[]},"yoast_head":"<!-- This site is optimized with the Yoast SEO plugin v20.7 - https:\/\/yoast.com\/wordpress\/plugins\/seo\/ -->\n<title>Licitaci\u00f3n transporte interurbano: reuni\u00f3n con dirigentes de la UTA<\/title>\n<meta name=\"description\" content=\"Licitaci\u00f3n transporte interurbano: reuni\u00f3n con dirigentes de la UTA, en el d\u00eda de ayer\u00a0 el secretario de Gobierno Hilario Galli.\" \/>\n<meta name=\"robots\" content=\"index, follow, max-snippet:-1, max-image-preview:large, max-video-preview:-1\" \/>\n<link rel=\"canonical\" href=\"https:\/\/experienciadevida.com.ar\/portalurbano\/licitacion-transporte-interurbano-reunion-con-dirigentes-de-la-uta\/\" \/>\n<meta property=\"og:locale\" content=\"es_ES\" \/>\n<meta property=\"og:type\" content=\"article\" \/>\n<meta property=\"og:title\" content=\"Licitaci\u00f3n transporte interurbano: reuni\u00f3n con dirigentes de la UTA\" \/>\n<meta property=\"og:description\" content=\"Licitaci\u00f3n transporte interurbano: reuni\u00f3n con dirigentes de la UTA, en el d\u00eda de ayer\u00a0 el secretario de Gobierno Hilario Galli.\" \/>\n<meta property=\"og:url\" content=\"https:\/\/experienciadevida.com.ar\/portalurbano\/licitacion-transporte-interurbano-reunion-con-dirigentes-de-la-uta\/\" \/>\n<meta property=\"article:publisher\" content=\"https:\/\/www.facebook.com\/Portal-Urbano-171542830093757\/\" \/>\n<meta property=\"article:published_time\" content=\"2021-04-09T15:10:43+00:00\" \/>\n<meta property=\"article:modified_time\" content=\"2021-04-09T15:11:17+00:00\" \/>\n<meta property=\"og:image\" content=\"https:\/\/experienciadevida.com.ar\/portalurbano\/wp-content\/uploads\/2021\/04\/Licitacion-transporte-interurbano.jpg\" \/>\n\t<meta property=\"og:image:width\" content=\"1024\" \/>\n\t<meta property=\"og:image:height\" content=\"768\" \/>\n\t<meta property=\"og:image:type\" content=\"image\/jpeg\" \/>\n<meta name=\"author\" content=\"admpu17wp\" \/>\n<meta name=\"twitter:card\" content=\"summary_large_image\" \/>\n<meta name=\"twitter:creator\" content=\"@portalurbanook\" \/>\n<meta name=\"twitter:site\" content=\"@portalurbanook\" \/>\n<meta name=\"twitter:label1\" content=\"Escrito por\" \/>\n\t<meta name=\"twitter:data1\" content=\"admpu17wp\" \/>\n\t<meta name=\"twitter:label2\" content=\"Tiempo de lectura\" \/>\n\t<meta name=\"twitter:data2\" content=\"2 minutos\" \/>\n<script type=\"application\/ld+json\" class=\"yoast-schema-graph\">{\"@context\":\"https:\/\/schema.org\",\"@graph\":[{\"@type\":\"Article\",\"@id\":\"https:\/\/experienciadevida.com.ar\/portalurbano\/licitacion-transporte-interurbano-reunion-con-dirigentes-de-la-uta\/#article\",\"isPartOf\":{\"@id\":\"https:\/\/experienciadevida.com.ar\/portalurbano\/licitacion-transporte-interurbano-reunion-con-dirigentes-de-la-uta\/\"},\"author\":{\"name\":\"admpu17wp\",\"@id\":\"https:\/\/experienciadevida.com.ar\/portalurbano\/#\/schema\/person\/02dd326b1c4b056e9cc972486934a3a7\"},\"headline\":\"Licitaci\u00f3n transporte interurbano: reuni\u00f3n con dirigentes de la UTA\",\"datePublished\":\"2021-04-09T15:10:43+00:00\",\"dateModified\":\"2021-04-09T15:11:17+00:00\",\"mainEntityOfPage\":{\"@id\":\"https:\/\/experienciadevida.com.ar\/portalurbano\/licitacion-transporte-interurbano-reunion-con-dirigentes-de-la-uta\/\"},\"wordCount\":303,\"publisher\":{\"@id\":\"https:\/\/experienciadevida.com.ar\/portalurbano\/#organization\"},\"articleSection\":[\"Ciudad\",\"Destacadas 2\"],\"inLanguage\":\"es\"},{\"@type\":\"WebPage\",\"@id\":\"https:\/\/experienciadevida.com.ar\/portalurbano\/licitacion-transporte-interurbano-reunion-con-dirigentes-de-la-uta\/\",\"url\":\"https:\/\/experienciadevida.com.ar\/portalurbano\/licitacion-transporte-interurbano-reunion-con-dirigentes-de-la-uta\/\",\"name\":\"Licitaci\u00f3n transporte interurbano: reuni\u00f3n con dirigentes de la UTA\",\"isPartOf\":{\"@id\":\"https:\/\/experienciadevida.com.ar\/portalurbano\/#website\"},\"datePublished\":\"2021-04-09T15:10:43+00:00\",\"dateModified\":\"2021-04-09T15:11:17+00:00\",\"description\":\"Licitaci\u00f3n transporte interurbano: reuni\u00f3n con dirigentes de la UTA, en el d\u00eda de ayer\u00a0 el secretario de Gobierno Hilario Galli.\",\"breadcrumb\":{\"@id\":\"https:\/\/experienciadevida.com.ar\/portalurbano\/licitacion-transporte-interurbano-reunion-con-dirigentes-de-la-uta\/#breadcrumb\"},\"inLanguage\":\"es\",\"potentialAction\":[{\"@type\":\"ReadAction\",\"target\":[\"https:\/\/experienciadevida.com.ar\/portalurbano\/licitacion-transporte-interurbano-reunion-con-dirigentes-de-la-uta\/\"]}]},{\"@type\":\"BreadcrumbList\",\"@id\":\"https:\/\/experienciadevida.com.ar\/portalurbano\/licitacion-transporte-interurbano-reunion-con-dirigentes-de-la-uta\/#breadcrumb\",\"itemListElement\":[{\"@type\":\"ListItem\",\"position\":1,\"name\":\"Portada\",\"item\":\"https:\/\/experienciadevida.com.ar\/portalurbano\/\"},{\"@type\":\"ListItem\",\"position\":2,\"name\":\"Licitaci\u00f3n transporte interurbano: reuni\u00f3n con dirigentes de la UTA\"}]},{\"@type\":\"WebSite\",\"@id\":\"https:\/\/experienciadevida.com.ar\/portalurbano\/#website\",\"url\":\"https:\/\/experienciadevida.com.ar\/portalurbano\/\",\"name\":\"\",\"description\":\"\",\"publisher\":{\"@id\":\"https:\/\/experienciadevida.com.ar\/portalurbano\/#organization\"},\"potentialAction\":[{\"@type\":\"SearchAction\",\"target\":{\"@type\":\"EntryPoint\",\"urlTemplate\":\"https:\/\/experienciadevida.com.ar\/portalurbano\/?s={search_term_string}\"},\"query-input\":\"required name=search_term_string\"}],\"inLanguage\":\"es\"},{\"@type\":\"Organization\",\"@id\":\"https:\/\/experienciadevida.com.ar\/portalurbano\/#organization\",\"name\":\"Portal Urbano\",\"url\":\"https:\/\/experienciadevida.com.ar\/portalurbano\/\",\"logo\":{\"@type\":\"ImageObject\",\"inLanguage\":\"es\",\"@id\":\"https:\/\/experienciadevida.com.ar\/portalurbano\/#\/schema\/logo\/image\/\",\"url\":\"https:\/\/experienciadevida.com.ar\/portalurbano\/wp-content\/uploads\/2019\/09\/Logo-Original.png\",\"contentUrl\":\"https:\/\/experienciadevida.com.ar\/portalurbano\/wp-content\/uploads\/2019\/09\/Logo-Original.png\",\"width\":2236,\"height\":1216,\"caption\":\"Portal Urbano\"},\"image\":{\"@id\":\"https:\/\/experienciadevida.com.ar\/portalurbano\/#\/schema\/logo\/image\/\"},\"sameAs\":[\"https:\/\/www.facebook.com\/Portal-Urbano-171542830093757\/\",\"https:\/\/twitter.com\/portalurbanook\",\"https:\/\/www.instagram.com\/_portalurbano\/\",\"https:\/\/www.youtube.com\/channel\/UCXhagIfszH8KxFiOok79zbA?view_as=subscriber\"]},{\"@type\":\"Person\",\"@id\":\"https:\/\/experienciadevida.com.ar\/portalurbano\/#\/schema\/person\/02dd326b1c4b056e9cc972486934a3a7\",\"name\":\"admpu17wp\",\"image\":{\"@type\":\"ImageObject\",\"inLanguage\":\"es\",\"@id\":\"https:\/\/experienciadevida.com.ar\/portalurbano\/#\/schema\/person\/image\/\",\"url\":\"https:\/\/secure.gravatar.com\/avatar\/830d4c57adaae6630765e449a6908047?s=96&d=mm&r=g\",\"contentUrl\":\"https:\/\/secure.gravatar.com\/avatar\/830d4c57adaae6630765e449a6908047?s=96&d=mm&r=g\",\"caption\":\"admpu17wp\"}}]}<\/script>\n<!-- \/ Yoast SEO plugin. -->","yoast_head_json":{"title":"Licitaci\u00f3n transporte interurbano: reuni\u00f3n con dirigentes de la UTA","description":"Licitaci\u00f3n transporte interurbano: reuni\u00f3n con dirigentes de la UTA, en el d\u00eda de ayer\u00a0 el secretario de Gobierno Hilario Galli.","robots":{"index":"index","follow":"follow","max-snippet":"max-snippet:-1","max-image-preview":"max-image-preview:large","max-video-preview":"max-video-preview:-1"},"canonical":"https:\/\/experienciadevida.com.ar\/portalurbano\/licitacion-transporte-interurbano-reunion-con-dirigentes-de-la-uta\/","og_locale":"es_ES","og_type":"article","og_title":"Licitaci\u00f3n transporte interurbano: reuni\u00f3n con dirigentes de la UTA","og_description":"Licitaci\u00f3n transporte interurbano: reuni\u00f3n con dirigentes de la UTA, en el d\u00eda de ayer\u00a0 el secretario de Gobierno Hilario Galli.","og_url":"https:\/\/experienciadevida.com.ar\/portalurbano\/licitacion-transporte-interurbano-reunion-con-dirigentes-de-la-uta\/","article_publisher":"https:\/\/www.facebook.com\/Portal-Urbano-171542830093757\/","article_published_time":"2021-04-09T15:10:43+00:00","article_modified_time":"2021-04-09T15:11:17+00:00","og_image":[{"width":1024,"height":768,"url":"https:\/\/experienciadevida.com.ar\/portalurbano\/wp-content\/uploads\/2021\/04\/Licitacion-transporte-interurbano.jpg","type":"image\/jpeg"}],"author":"admpu17wp","twitter_card":"summary_large_image","twitter_creator":"@portalurbanook","twitter_site":"@portalurbanook","twitter_misc":{"Escrito por":"admpu17wp","Tiempo de lectura":"2 minutos"},"schema":{"@context":"https:\/\/schema.org","@graph":[{"@type":"Article","@id":"https:\/\/experienciadevida.com.ar\/portalurbano\/licitacion-transporte-interurbano-reunion-con-dirigentes-de-la-uta\/#article","isPartOf":{"@id":"https:\/\/experienciadevida.com.ar\/portalurbano\/licitacion-transporte-interurbano-reunion-con-dirigentes-de-la-uta\/"},"author":{"name":"admpu17wp","@id":"https:\/\/experienciadevida.com.ar\/portalurbano\/#\/schema\/person\/02dd326b1c4b056e9cc972486934a3a7"},"headline":"Licitaci\u00f3n transporte interurbano: reuni\u00f3n con dirigentes de la UTA","datePublished":"2021-04-09T15:10:43+00:00","dateModified":"2021-04-09T15:11:17+00:00","mainEntityOfPage":{"@id":"https:\/\/experienciadevida.com.ar\/portalurbano\/licitacion-transporte-interurbano-reunion-con-dirigentes-de-la-uta\/"},"wordCount":303,"publisher":{"@id":"https:\/\/experienciadevida.com.ar\/portalurbano\/#organization"},"articleSection":["Ciudad","Destacadas 2"],"inLanguage":"es"},{"@type":"WebPage","@id":"https:\/\/experienciadevida.com.ar\/portalurbano\/licitacion-transporte-interurbano-reunion-con-dirigentes-de-la-uta\/","url":"https:\/\/experienciadevida.com.ar\/portalurbano\/licitacion-transporte-interurbano-reunion-con-dirigentes-de-la-uta\/","name":"Licitaci\u00f3n transporte interurbano: reuni\u00f3n con dirigentes de la UTA","isPartOf":{"@id":"https:\/\/experienciadevida.com.ar\/portalurbano\/#website"},"datePublished":"2021-04-09T15:10:43+00:00","dateModified":"2021-04-09T15:11:17+00:00","description":"Licitaci\u00f3n transporte interurbano: reuni\u00f3n con dirigentes de la UTA, en el d\u00eda de ayer\u00a0 el secretario de Gobierno Hilario Galli.","breadcrumb":{"@id":"https:\/\/experienciadevida.com.ar\/portalurbano\/licitacion-transporte-interurbano-reunion-con-dirigentes-de-la-uta\/#breadcrumb"},"inLanguage":"es","potentialAction":[{"@type":"ReadAction","target":["https:\/\/experienciadevida.com.ar\/portalurbano\/licitacion-transporte-interurbano-reunion-con-dirigentes-de-la-uta\/"]}]},{"@type":"BreadcrumbList","@id":"https:\/\/experienciadevida.com.ar\/portalurbano\/licitacion-transporte-interurbano-reunion-con-dirigentes-de-la-uta\/#breadcrumb","itemListElement":[{"@type":"ListItem","position":1,"name":"Portada","item":"https:\/\/experienciadevida.com.ar\/portalurbano\/"},{"@type":"ListItem","position":2,"name":"Licitaci\u00f3n transporte interurbano: reuni\u00f3n con dirigentes de la UTA"}]},{"@type":"WebSite","@id":"https:\/\/experienciadevida.com.ar\/portalurbano\/#website","url":"https:\/\/experienciadevida.com.ar\/portalurbano\/","name":"","description":"","publisher":{"@id":"https:\/\/experienciadevida.com.ar\/portalurbano\/#organization"},"potentialAction":[{"@type":"SearchAction","target":{"@type":"EntryPoint","urlTemplate":"https:\/\/experienciadevida.com.ar\/portalurbano\/?s={search_term_string}"},"query-input":"required name=search_term_string"}],"inLanguage":"es"},{"@type":"Organization","@id":"https:\/\/experienciadevida.com.ar\/portalurbano\/#organization","name":"Portal Urbano","url":"https:\/\/experienciadevida.com.ar\/portalurbano\/","logo":{"@type":"ImageObject","inLanguage":"es","@id":"https:\/\/experienciadevida.com.ar\/portalurbano\/#\/schema\/logo\/image\/","url":"https:\/\/experienciadevida.com.ar\/portalurbano\/wp-content\/uploads\/2019\/09\/Logo-Original.png","contentUrl":"https:\/\/experienciadevida.com.ar\/portalurbano\/wp-content\/uploads\/2019\/09\/Logo-Original.png","width":2236,"height":1216,"caption":"Portal Urbano"},"image":{"@id":"https:\/\/experienciadevida.com.ar\/portalurbano\/#\/schema\/logo\/image\/"},"sameAs":["https:\/\/www.facebook.com\/Portal-Urbano-171542830093757\/","https:\/\/twitter.com\/portalurbanook","https:\/\/www.instagram.com\/_portalurbano\/","https:\/\/www.youtube.com\/channel\/UCXhagIfszH8KxFiOok79zbA?view_as=subscriber"]},{"@type":"Person","@id":"https:\/\/experienciadevida.com.ar\/portalurbano\/#\/schema\/person\/02dd326b1c4b056e9cc972486934a3a7","name":"admpu17wp","image":{"@type":"ImageObject","inLanguage":"es","@id":"https:\/\/experienciadevida.com.ar\/portalurbano\/#\/schema\/person\/image\/","url":"https:\/\/secure.gravatar.com\/avatar\/830d4c57adaae6630765e449a6908047?s=96&d=mm&r=g","contentUrl":"https:\/\/secure.gravatar.com\/avatar\/830d4c57adaae6630765e449a6908047?s=96&d=mm&r=g","caption":"admpu17wp"}}]}},"featured_image_urls":{"full":["https:\/\/experienciadevida.com.ar\/portalurbano\/wp-content\/uploads\/2021\/04\/Licitacion-transporte-interurbano.jpg",1024,768,false],"thumbnail":["https:\/\/experienciadevida.com.ar\/portalurbano\/wp-content\/uploads\/2021\/04\/Licitacion-transporte-interurbano-150x150.jpg",150,150,true],"medium":["https:\/\/experienciadevida.com.ar\/portalurbano\/wp-content\/uploads\/2021\/04\/Licitacion-transporte-interurbano-300x225.jpg",300,225,true],"medium_large":["https:\/\/experienciadevida.com.ar\/portalurbano\/wp-content\/uploads\/2021\/04\/Licitacion-transporte-interurbano-768x576.jpg",640,480,true],"large":["https:\/\/experienciadevida.com.ar\/portalurbano\/wp-content\/uploads\/2021\/04\/Licitacion-transporte-interurbano.jpg",640,480,false],"ug_big":["https:\/\/experienciadevida.com.ar\/portalurbano\/wp-content\/uploads\/2021\/04\/Licitacion-transporte-interurbano-768x576.jpg",768,576,true],"1536x1536":["https:\/\/experienciadevida.com.ar\/portalurbano\/wp-content\/uploads\/2021\/04\/Licitacion-transporte-interurbano.jpg",1024,768,false],"2048x2048":["https:\/\/experienciadevida.com.ar\/portalurbano\/wp-content\/uploads\/2021\/04\/Licitacion-transporte-interurbano.jpg",1024,768,false],"newsever-slider-full":["https:\/\/experienciadevida.com.ar\/portalurbano\/wp-content\/uploads\/2021\/04\/Licitacion-transporte-interurbano.jpg",1024,768,false],"newsever-featured":["https:\/\/experienciadevida.com.ar\/portalurbano\/wp-content\/uploads\/2021\/04\/Licitacion-transporte-interurbano.jpg",1024,768,false],"newsever-medium":["https:\/\/experienciadevida.com.ar\/portalurbano\/wp-content\/uploads\/2021\/04\/Licitacion-transporte-interurbano.jpg",633,475,false],"web-stories-poster-portrait":["https:\/\/experienciadevida.com.ar\/portalurbano\/wp-content\/uploads\/2021\/04\/Licitacion-transporte-interurbano.jpg",640,480,false],"web-stories-publisher-logo":["https:\/\/experienciadevida.com.ar\/portalurbano\/wp-content\/uploads\/2021\/04\/Licitacion-transporte-interurbano.jpg",96,72,false],"web-stories-thumbnail":["https:\/\/experienciadevida.com.ar\/portalurbano\/wp-content\/uploads\/2021\/04\/Licitacion-transporte-interurbano.jpg",150,113,false]},"author_info":{"display_name":"admpu17wp","author_link":"https:\/\/experienciadevida.com.ar\/portalurbano\/author\/admpu17wp\/"},"category_info":"<a href=\"https:\/\/experienciadevida.com.ar\/portalurbano\/category\/ciudad\/\" rel=\"category tag\">Ciudad<\/a> <a href=\"https:\/\/experienciadevida.com.ar\/portalurbano\/category\/destacadas-2\/\" rel=\"category tag\">Destacadas 2<\/a>","tag_info":"Destacadas 2","comment_count":"0","amp_enabled":true,"_links":{"self":[{"href":"https:\/\/experienciadevida.com.ar\/portalurbano\/wp-json\/wp\/v2\/posts\/139696"}],"collection":[{"href":"https:\/\/experienciadevida.com.ar\/portalurbano\/wp-json\/wp\/v2\/posts"}],"about":[{"href":"https:\/\/experienciadevida.com.ar\/portalurbano\/wp-json\/wp\/v2\/types\/post"}],"author":[{"embeddable":true,"href":"https:\/\/experienciadevida.com.ar\/portalurbano\/wp-json\/wp\/v2\/users\/1"}],"replies":[{"embeddable":true,"href":"https:\/\/experienciadevida.com.ar\/portalurbano\/wp-json\/wp\/v2\/comments?post=139696"}],"version-history":[{"count":2,"href":"https:\/\/experienciadevida.com.ar\/portalurbano\/wp-json\/wp\/v2\/posts\/139696\/revisions"}],"predecessor-version":[{"id":139699,"href":"https:\/\/experienciadevida.com.ar\/portalurbano\/wp-json\/wp\/v2\/posts\/139696\/revisions\/139699"}],"wp:featuredmedia":[{"embeddable":true,"href":"https:\/\/experienciadevida.com.ar\/portalurbano\/wp-json\/wp\/v2\/media\/139697"}],"wp:attachment":[{"href":"https:\/\/experienciadevida.com.ar\/portalurbano\/wp-json\/wp\/v2\/media?parent=139696"}],"wp:term":[{"taxonomy":"category","embeddable":true,"href":"https:\/\/experienciadevida.com.ar\/portalurbano\/wp-json\/wp\/v2\/categories?post=139696"},{"taxonomy":"post_tag","embeddable":true,"href":"https:\/\/experienciadevida.com.ar\/portalurbano\/wp-json\/wp\/v2\/tags?post=139696"}],"curies":[{"name":"wp","href":"https:\/\/api.w.org\/{rel}","templated":true}]}}