{"id":139687,"date":"2021-04-09T10:52:31","date_gmt":"2021-04-09T13:52:31","guid":{"rendered":"https:\/\/experienciadevida.com.ar\/portalurbano\/?p=139687"},"modified":"2021-04-09T10:56:25","modified_gmt":"2021-04-09T13:56:25","slug":"esta-tarde-llega-el-subsecretario-de-habitat-de-la-comunidad-de-la-provincia-ruben-pascolini-para-mediar-en-la-toma-del-barrio-lourdes","status":"publish","type":"post","link":"https:\/\/experienciadevida.com.ar\/portalurbano\/esta-tarde-llega-el-subsecretario-de-habitat-de-la-comunidad-de-la-provincia-ruben-pascolini-para-mediar-en-la-toma-del-barrio-lourdes\/","title":{"rendered":"Esta tarde llega el subsecretario de H\u00e1bitat de la Comunidad de la Provincia Rub\u00e9n Pascolini para mediar en la toma del Barrio Lourdes"},"content":{"rendered":"<p>Esta tarde llega el subsecretario de H\u00e1bitat de la Comunidad de la Provincia Rub\u00e9n Pascolini para mediar en la toma del Barrio Lourdes.<\/p>\n<p>Desde el Frente de Todos solicitaron la intervenci\u00f3n del funcionario para poder lograr un acuerdo entre las distintas partes.<\/p>\n<p>Durante la tarde de este viernes est\u00e1 previsto el arribo del Subsecretario de H\u00e1bitat de la Comunidad bonaerense, Rub\u00e9n Pascolini, qui\u00e9n es parte del Ministerio de Desarrollo de la Comunidad que encabeza Andr\u00e9s \u201cCuervo\u201d Larroque.<\/p>\n<p>Se espera que el Subsecretario mantenga un encuentro con funcionarios municipales.<\/p>\n","protected":false},"excerpt":{"rendered":"<p>Esta tarde llega el subsecretario de H\u00e1bitat de la Comunidad de la Provincia Rub\u00e9n Pascolini&#8230;<\/p>\n","protected":false},"author":1,"featured_media":139506,"comment_status":"closed","ping_status":"closed","sticky":false,"template":"","format":"standard","meta":{"content-type":""},"categories":[27,64],"tags":[],"nelio_content":{"isAutoShareEnabled":false,"autoShareEndMode":"default","automationSources":{"useContentSentences":true,"useSocialTemplates":true,"useCustomSentences":false,"customSentences":[]},"followers":[1],"suggestedReferences":[],"includedReferences":[],"efiUrl":"","efiAlt":"","highlights":[]},"yoast_head":"<!-- This site is optimized with the Yoast SEO plugin v20.7 - https:\/\/yoast.com\/wordpress\/plugins\/seo\/ -->\n<title>Esta tarde llega el Subsecretario de h\u00e1bitat por la toma de tierras<\/title>\n<meta name=\"description\" content=\"Esta tarde llega el subsecretario de H\u00e1bitat de la Comunidad de la Provincia Rub\u00e9n Pascolini para mediar en la toma del Barrio Lourdes.\" \/>\n<meta name=\"robots\" content=\"index, follow, max-snippet:-1, max-image-preview:large, max-video-preview:-1\" \/>\n<link rel=\"canonical\" href=\"https:\/\/experienciadevida.com.ar\/portalurbano\/esta-tarde-llega-el-subsecretario-de-habitat-de-la-comunidad-de-la-provincia-ruben-pascolini-para-mediar-en-la-toma-del-barrio-lourdes\/\" \/>\n<meta property=\"og:locale\" content=\"es_ES\" \/>\n<meta property=\"og:type\" content=\"article\" \/>\n<meta property=\"og:title\" content=\"Esta tarde llega el Subsecretario de h\u00e1bitat por la toma de tierras\" \/>\n<meta property=\"og:description\" content=\"Esta tarde llega el subsecretario de H\u00e1bitat de la Comunidad de la Provincia Rub\u00e9n Pascolini para mediar en la toma del Barrio Lourdes.\" \/>\n<meta property=\"og:url\" content=\"https:\/\/experienciadevida.com.ar\/portalurbano\/esta-tarde-llega-el-subsecretario-de-habitat-de-la-comunidad-de-la-provincia-ruben-pascolini-para-mediar-en-la-toma-del-barrio-lourdes\/\" \/>\n<meta property=\"article:publisher\" content=\"https:\/\/www.facebook.com\/Portal-Urbano-171542830093757\/\" \/>\n<meta property=\"article:published_time\" content=\"2021-04-09T13:52:31+00:00\" \/>\n<meta property=\"article:modified_time\" content=\"2021-04-09T13:56:25+00:00\" \/>\n<meta property=\"og:image\" content=\"https:\/\/experienciadevida.com.ar\/portalurbano\/wp-content\/uploads\/2021\/04\/Tierra3.jpg\" \/>\n\t<meta property=\"og:image:width\" content=\"765\" \/>\n\t<meta property=\"og:image:height\" content=\"510\" \/>\n\t<meta property=\"og:image:type\" content=\"image\/jpeg\" \/>\n<meta name=\"author\" content=\"admpu17wp\" \/>\n<meta name=\"twitter:card\" content=\"summary_large_image\" \/>\n<meta name=\"twitter:creator\" content=\"@portalurbanook\" \/>\n<meta name=\"twitter:site\" content=\"@portalurbanook\" \/>\n<meta name=\"twitter:label1\" content=\"Escrito por\" \/>\n\t<meta name=\"twitter:data1\" content=\"admpu17wp\" \/>\n\t<meta name=\"twitter:label2\" content=\"Tiempo de lectura\" \/>\n\t<meta name=\"twitter:data2\" content=\"1 minuto\" \/>\n<script type=\"application\/ld+json\" class=\"yoast-schema-graph\">{\"@context\":\"https:\/\/schema.org\",\"@graph\":[{\"@type\":\"Article\",\"@id\":\"https:\/\/experienciadevida.com.ar\/portalurbano\/esta-tarde-llega-el-subsecretario-de-habitat-de-la-comunidad-de-la-provincia-ruben-pascolini-para-mediar-en-la-toma-del-barrio-lourdes\/#article\",\"isPartOf\":{\"@id\":\"https:\/\/experienciadevida.com.ar\/portalurbano\/esta-tarde-llega-el-subsecretario-de-habitat-de-la-comunidad-de-la-provincia-ruben-pascolini-para-mediar-en-la-toma-del-barrio-lourdes\/\"},\"author\":{\"name\":\"admpu17wp\",\"@id\":\"https:\/\/experienciadevida.com.ar\/portalurbano\/#\/schema\/person\/02dd326b1c4b056e9cc972486934a3a7\"},\"headline\":\"Esta tarde llega el subsecretario de H\u00e1bitat de la Comunidad de la Provincia Rub\u00e9n Pascolini para mediar en la toma del Barrio Lourdes\",\"datePublished\":\"2021-04-09T13:52:31+00:00\",\"dateModified\":\"2021-04-09T13:56:25+00:00\",\"mainEntityOfPage\":{\"@id\":\"https:\/\/experienciadevida.com.ar\/portalurbano\/esta-tarde-llega-el-subsecretario-de-habitat-de-la-comunidad-de-la-provincia-ruben-pascolini-para-mediar-en-la-toma-del-barrio-lourdes\/\"},\"wordCount\":120,\"publisher\":{\"@id\":\"https:\/\/experienciadevida.com.ar\/portalurbano\/#organization\"},\"articleSection\":[\"Ciudad\",\"Destacadas 2\"],\"inLanguage\":\"es\"},{\"@type\":\"WebPage\",\"@id\":\"https:\/\/experienciadevida.com.ar\/portalurbano\/esta-tarde-llega-el-subsecretario-de-habitat-de-la-comunidad-de-la-provincia-ruben-pascolini-para-mediar-en-la-toma-del-barrio-lourdes\/\",\"url\":\"https:\/\/experienciadevida.com.ar\/portalurbano\/esta-tarde-llega-el-subsecretario-de-habitat-de-la-comunidad-de-la-provincia-ruben-pascolini-para-mediar-en-la-toma-del-barrio-lourdes\/\",\"name\":\"Esta tarde llega el Subsecretario de h\u00e1bitat por la toma de tierras\",\"isPartOf\":{\"@id\":\"https:\/\/experienciadevida.com.ar\/portalurbano\/#website\"},\"datePublished\":\"2021-04-09T13:52:31+00:00\",\"dateModified\":\"2021-04-09T13:56:25+00:00\",\"description\":\"Esta tarde llega el subsecretario de H\u00e1bitat de la Comunidad de la Provincia Rub\u00e9n Pascolini para mediar en la toma del Barrio Lourdes.\",\"breadcrumb\":{\"@id\":\"https:\/\/experienciadevida.com.ar\/portalurbano\/esta-tarde-llega-el-subsecretario-de-habitat-de-la-comunidad-de-la-provincia-ruben-pascolini-para-mediar-en-la-toma-del-barrio-lourdes\/#breadcrumb\"},\"inLanguage\":\"es\",\"potentialAction\":[{\"@type\":\"ReadAction\",\"target\":[\"https:\/\/experienciadevida.com.ar\/portalurbano\/esta-tarde-llega-el-subsecretario-de-habitat-de-la-comunidad-de-la-provincia-ruben-pascolini-para-mediar-en-la-toma-del-barrio-lourdes\/\"]}]},{\"@type\":\"BreadcrumbList\",\"@id\":\"https:\/\/experienciadevida.com.ar\/portalurbano\/esta-tarde-llega-el-subsecretario-de-habitat-de-la-comunidad-de-la-provincia-ruben-pascolini-para-mediar-en-la-toma-del-barrio-lourdes\/#breadcrumb\",\"itemListElement\":[{\"@type\":\"ListItem\",\"position\":1,\"name\":\"Portada\",\"item\":\"https:\/\/experienciadevida.com.ar\/portalurbano\/\"},{\"@type\":\"ListItem\",\"position\":2,\"name\":\"Esta tarde llega el subsecretario de H\u00e1bitat de la Comunidad de la Provincia Rub\u00e9n Pascolini para mediar en la toma del Barrio Lourdes\"}]},{\"@type\":\"WebSite\",\"@id\":\"https:\/\/experienciadevida.com.ar\/portalurbano\/#website\",\"url\":\"https:\/\/experienciadevida.com.ar\/portalurbano\/\",\"name\":\"\",\"description\":\"\",\"publisher\":{\"@id\":\"https:\/\/experienciadevida.com.ar\/portalurbano\/#organization\"},\"potentialAction\":[{\"@type\":\"SearchAction\",\"target\":{\"@type\":\"EntryPoint\",\"urlTemplate\":\"https:\/\/experienciadevida.com.ar\/portalurbano\/?s={search_term_string}\"},\"query-input\":\"required name=search_term_string\"}],\"inLanguage\":\"es\"},{\"@type\":\"Organization\",\"@id\":\"https:\/\/experienciadevida.com.ar\/portalurbano\/#organization\",\"name\":\"Portal Urbano\",\"url\":\"https:\/\/experienciadevida.com.ar\/portalurbano\/\",\"logo\":{\"@type\":\"ImageObject\",\"inLanguage\":\"es\",\"@id\":\"https:\/\/experienciadevida.com.ar\/portalurbano\/#\/schema\/logo\/image\/\",\"url\":\"https:\/\/experienciadevida.com.ar\/portalurbano\/wp-content\/uploads\/2019\/09\/Logo-Original.png\",\"contentUrl\":\"https:\/\/experienciadevida.com.ar\/portalurbano\/wp-content\/uploads\/2019\/09\/Logo-Original.png\",\"width\":2236,\"height\":1216,\"caption\":\"Portal Urbano\"},\"image\":{\"@id\":\"https:\/\/experienciadevida.com.ar\/portalurbano\/#\/schema\/logo\/image\/\"},\"sameAs\":[\"https:\/\/www.facebook.com\/Portal-Urbano-171542830093757\/\",\"https:\/\/twitter.com\/portalurbanook\",\"https:\/\/www.instagram.com\/_portalurbano\/\",\"https:\/\/www.youtube.com\/channel\/UCXhagIfszH8KxFiOok79zbA?view_as=subscriber\"]},{\"@type\":\"Person\",\"@id\":\"https:\/\/experienciadevida.com.ar\/portalurbano\/#\/schema\/person\/02dd326b1c4b056e9cc972486934a3a7\",\"name\":\"admpu17wp\",\"image\":{\"@type\":\"ImageObject\",\"inLanguage\":\"es\",\"@id\":\"https:\/\/experienciadevida.com.ar\/portalurbano\/#\/schema\/person\/image\/\",\"url\":\"https:\/\/secure.gravatar.com\/avatar\/830d4c57adaae6630765e449a6908047?s=96&d=mm&r=g\",\"contentUrl\":\"https:\/\/secure.gravatar.com\/avatar\/830d4c57adaae6630765e449a6908047?s=96&d=mm&r=g\",\"caption\":\"admpu17wp\"}}]}<\/script>\n<!-- \/ Yoast SEO plugin. -->","yoast_head_json":{"title":"Esta tarde llega el Subsecretario de h\u00e1bitat por la toma de tierras","description":"Esta tarde llega el subsecretario de H\u00e1bitat de la Comunidad de la Provincia Rub\u00e9n Pascolini para mediar en la toma del Barrio Lourdes.","robots":{"index":"index","follow":"follow","max-snippet":"max-snippet:-1","max-image-preview":"max-image-preview:large","max-video-preview":"max-video-preview:-1"},"canonical":"https:\/\/experienciadevida.com.ar\/portalurbano\/esta-tarde-llega-el-subsecretario-de-habitat-de-la-comunidad-de-la-provincia-ruben-pascolini-para-mediar-en-la-toma-del-barrio-lourdes\/","og_locale":"es_ES","og_type":"article","og_title":"Esta tarde llega el Subsecretario de h\u00e1bitat por la toma de tierras","og_description":"Esta tarde llega el subsecretario de H\u00e1bitat de la Comunidad de la Provincia Rub\u00e9n Pascolini para mediar en la toma del Barrio Lourdes.","og_url":"https:\/\/experienciadevida.com.ar\/portalurbano\/esta-tarde-llega-el-subsecretario-de-habitat-de-la-comunidad-de-la-provincia-ruben-pascolini-para-mediar-en-la-toma-del-barrio-lourdes\/","article_publisher":"https:\/\/www.facebook.com\/Portal-Urbano-171542830093757\/","article_published_time":"2021-04-09T13:52:31+00:00","article_modified_time":"2021-04-09T13:56:25+00:00","og_image":[{"width":765,"height":510,"url":"https:\/\/experienciadevida.com.ar\/portalurbano\/wp-content\/uploads\/2021\/04\/Tierra3.jpg","type":"image\/jpeg"}],"author":"admpu17wp","twitter_card":"summary_large_image","twitter_creator":"@portalurbanook","twitter_site":"@portalurbanook","twitter_misc":{"Escrito por":"admpu17wp","Tiempo de lectura":"1 minuto"},"schema":{"@context":"https:\/\/schema.org","@graph":[{"@type":"Article","@id":"https:\/\/experienciadevida.com.ar\/portalurbano\/esta-tarde-llega-el-subsecretario-de-habitat-de-la-comunidad-de-la-provincia-ruben-pascolini-para-mediar-en-la-toma-del-barrio-lourdes\/#article","isPartOf":{"@id":"https:\/\/experienciadevida.com.ar\/portalurbano\/esta-tarde-llega-el-subsecretario-de-habitat-de-la-comunidad-de-la-provincia-ruben-pascolini-para-mediar-en-la-toma-del-barrio-lourdes\/"},"author":{"name":"admpu17wp","@id":"https:\/\/experienciadevida.com.ar\/portalurbano\/#\/schema\/person\/02dd326b1c4b056e9cc972486934a3a7"},"headline":"Esta tarde llega el subsecretario de H\u00e1bitat de la Comunidad de la Provincia Rub\u00e9n Pascolini para mediar en la toma del Barrio Lourdes","datePublished":"2021-04-09T13:52:31+00:00","dateModified":"2021-04-09T13:56:25+00:00","mainEntityOfPage":{"@id":"https:\/\/experienciadevida.com.ar\/portalurbano\/esta-tarde-llega-el-subsecretario-de-habitat-de-la-comunidad-de-la-provincia-ruben-pascolini-para-mediar-en-la-toma-del-barrio-lourdes\/"},"wordCount":120,"publisher":{"@id":"https:\/\/experienciadevida.com.ar\/portalurbano\/#organization"},"articleSection":["Ciudad","Destacadas 2"],"inLanguage":"es"},{"@type":"WebPage","@id":"https:\/\/experienciadevida.com.ar\/portalurbano\/esta-tarde-llega-el-subsecretario-de-habitat-de-la-comunidad-de-la-provincia-ruben-pascolini-para-mediar-en-la-toma-del-barrio-lourdes\/","url":"https:\/\/experienciadevida.com.ar\/portalurbano\/esta-tarde-llega-el-subsecretario-de-habitat-de-la-comunidad-de-la-provincia-ruben-pascolini-para-mediar-en-la-toma-del-barrio-lourdes\/","name":"Esta tarde llega el Subsecretario de h\u00e1bitat por la toma de tierras","isPartOf":{"@id":"https:\/\/experienciadevida.com.ar\/portalurbano\/#website"},"datePublished":"2021-04-09T13:52:31+00:00","dateModified":"2021-04-09T13:56:25+00:00","description":"Esta tarde llega el subsecretario de H\u00e1bitat de la Comunidad de la Provincia Rub\u00e9n Pascolini para mediar en la toma del Barrio Lourdes.","breadcrumb":{"@id":"https:\/\/experienciadevida.com.ar\/portalurbano\/esta-tarde-llega-el-subsecretario-de-habitat-de-la-comunidad-de-la-provincia-ruben-pascolini-para-mediar-en-la-toma-del-barrio-lourdes\/#breadcrumb"},"inLanguage":"es","potentialAction":[{"@type":"ReadAction","target":["https:\/\/experienciadevida.com.ar\/portalurbano\/esta-tarde-llega-el-subsecretario-de-habitat-de-la-comunidad-de-la-provincia-ruben-pascolini-para-mediar-en-la-toma-del-barrio-lourdes\/"]}]},{"@type":"BreadcrumbList","@id":"https:\/\/experienciadevida.com.ar\/portalurbano\/esta-tarde-llega-el-subsecretario-de-habitat-de-la-comunidad-de-la-provincia-ruben-pascolini-para-mediar-en-la-toma-del-barrio-lourdes\/#breadcrumb","itemListElement":[{"@type":"ListItem","position":1,"name":"Portada","item":"https:\/\/experienciadevida.com.ar\/portalurbano\/"},{"@type":"ListItem","position":2,"name":"Esta tarde llega el subsecretario de H\u00e1bitat de la Comunidad de la Provincia Rub\u00e9n Pascolini para mediar en la toma del Barrio Lourdes"}]},{"@type":"WebSite","@id":"https:\/\/experienciadevida.com.ar\/portalurbano\/#website","url":"https:\/\/experienciadevida.com.ar\/portalurbano\/","name":"","description":"","publisher":{"@id":"https:\/\/experienciadevida.com.ar\/portalurbano\/#organization"},"potentialAction":[{"@type":"SearchAction","target":{"@type":"EntryPoint","urlTemplate":"https:\/\/experienciadevida.com.ar\/portalurbano\/?s={search_term_string}"},"query-input":"required name=search_term_string"}],"inLanguage":"es"},{"@type":"Organization","@id":"https:\/\/experienciadevida.com.ar\/portalurbano\/#organization","name":"Portal Urbano","url":"https:\/\/experienciadevida.com.ar\/portalurbano\/","logo":{"@type":"ImageObject","inLanguage":"es","@id":"https:\/\/experienciadevida.com.ar\/portalurbano\/#\/schema\/logo\/image\/","url":"https:\/\/experienciadevida.com.ar\/portalurbano\/wp-content\/uploads\/2019\/09\/Logo-Original.png","contentUrl":"https:\/\/experienciadevida.com.ar\/portalurbano\/wp-content\/uploads\/2019\/09\/Logo-Original.png","width":2236,"height":1216,"caption":"Portal Urbano"},"image":{"@id":"https:\/\/experienciadevida.com.ar\/portalurbano\/#\/schema\/logo\/image\/"},"sameAs":["https:\/\/www.facebook.com\/Portal-Urbano-171542830093757\/","https:\/\/twitter.com\/portalurbanook","https:\/\/www.instagram.com\/_portalurbano\/","https:\/\/www.youtube.com\/channel\/UCXhagIfszH8KxFiOok79zbA?view_as=subscriber"]},{"@type":"Person","@id":"https:\/\/experienciadevida.com.ar\/portalurbano\/#\/schema\/person\/02dd326b1c4b056e9cc972486934a3a7","name":"admpu17wp","image":{"@type":"ImageObject","inLanguage":"es","@id":"https:\/\/experienciadevida.com.ar\/portalurbano\/#\/schema\/person\/image\/","url":"https:\/\/secure.gravatar.com\/avatar\/830d4c57adaae6630765e449a6908047?s=96&d=mm&r=g","contentUrl":"https:\/\/secure.gravatar.com\/avatar\/830d4c57adaae6630765e449a6908047?s=96&d=mm&r=g","caption":"admpu17wp"}}]}},"featured_image_urls":{"full":["https:\/\/experienciadevida.com.ar\/portalurbano\/wp-content\/uploads\/2021\/04\/Tierra3.jpg",765,510,false],"thumbnail":["https:\/\/experienciadevida.com.ar\/portalurbano\/wp-content\/uploads\/2021\/04\/Tierra3-150x150.jpg",150,150,true],"medium":["https:\/\/experienciadevida.com.ar\/portalurbano\/wp-content\/uploads\/2021\/04\/Tierra3-300x200.jpg",300,200,true],"medium_large":["https:\/\/experienciadevida.com.ar\/portalurbano\/wp-content\/uploads\/2021\/04\/Tierra3.jpg",640,427,false],"large":["https:\/\/experienciadevida.com.ar\/portalurbano\/wp-content\/uploads\/2021\/04\/Tierra3.jpg",640,427,false],"ug_big":["https:\/\/experienciadevida.com.ar\/portalurbano\/wp-content\/uploads\/2021\/04\/Tierra3.jpg",765,510,false],"1536x1536":["https:\/\/experienciadevida.com.ar\/portalurbano\/wp-content\/uploads\/2021\/04\/Tierra3.jpg",765,510,false],"2048x2048":["https:\/\/experienciadevida.com.ar\/portalurbano\/wp-content\/uploads\/2021\/04\/Tierra3.jpg",765,510,false],"newsever-slider-full":["https:\/\/experienciadevida.com.ar\/portalurbano\/wp-content\/uploads\/2021\/04\/Tierra3.jpg",765,510,false],"newsever-featured":["https:\/\/experienciadevida.com.ar\/portalurbano\/wp-content\/uploads\/2021\/04\/Tierra3.jpg",765,510,false],"newsever-medium":["https:\/\/experienciadevida.com.ar\/portalurbano\/wp-content\/uploads\/2021\/04\/Tierra3.jpg",713,475,false],"web-stories-poster-portrait":["https:\/\/experienciadevida.com.ar\/portalurbano\/wp-content\/uploads\/2021\/04\/Tierra3.jpg",640,427,false],"web-stories-publisher-logo":["https:\/\/experienciadevida.com.ar\/portalurbano\/wp-content\/uploads\/2021\/04\/Tierra3.jpg",96,64,false],"web-stories-thumbnail":["https:\/\/experienciadevida.com.ar\/portalurbano\/wp-content\/uploads\/2021\/04\/Tierra3.jpg",150,100,false]},"author_info":{"display_name":"admpu17wp","author_link":"https:\/\/experienciadevida.com.ar\/portalurbano\/author\/admpu17wp\/"},"category_info":"<a href=\"https:\/\/experienciadevida.com.ar\/portalurbano\/category\/ciudad\/\" rel=\"category tag\">Ciudad<\/a> <a href=\"https:\/\/experienciadevida.com.ar\/portalurbano\/category\/destacadas-2\/\" rel=\"category tag\">Destacadas 2<\/a>","tag_info":"Destacadas 2","comment_count":"0","amp_enabled":true,"_links":{"self":[{"href":"https:\/\/experienciadevida.com.ar\/portalurbano\/wp-json\/wp\/v2\/posts\/139687"}],"collection":[{"href":"https:\/\/experienciadevida.com.ar\/portalurbano\/wp-json\/wp\/v2\/posts"}],"about":[{"href":"https:\/\/experienciadevida.com.ar\/portalurbano\/wp-json\/wp\/v2\/types\/post"}],"author":[{"embeddable":true,"href":"https:\/\/experienciadevida.com.ar\/portalurbano\/wp-json\/wp\/v2\/users\/1"}],"replies":[{"embeddable":true,"href":"https:\/\/experienciadevida.com.ar\/portalurbano\/wp-json\/wp\/v2\/comments?post=139687"}],"version-history":[{"count":1,"href":"https:\/\/experienciadevida.com.ar\/portalurbano\/wp-json\/wp\/v2\/posts\/139687\/revisions"}],"predecessor-version":[{"id":139688,"href":"https:\/\/experienciadevida.com.ar\/portalurbano\/wp-json\/wp\/v2\/posts\/139687\/revisions\/139688"}],"wp:featuredmedia":[{"embeddable":true,"href":"https:\/\/experienciadevida.com.ar\/portalurbano\/wp-json\/wp\/v2\/media\/139506"}],"wp:attachment":[{"href":"https:\/\/experienciadevida.com.ar\/portalurbano\/wp-json\/wp\/v2\/media?parent=139687"}],"wp:term":[{"taxonomy":"category","embeddable":true,"href":"https:\/\/experienciadevida.com.ar\/portalurbano\/wp-json\/wp\/v2\/categories?post=139687"},{"taxonomy":"post_tag","embeddable":true,"href":"https:\/\/experienciadevida.com.ar\/portalurbano\/wp-json\/wp\/v2\/tags?post=139687"}],"curies":[{"name":"wp","href":"https:\/\/api.w.org\/{rel}","templated":true}]}}