{"id":139652,"date":"2021-04-08T16:15:49","date_gmt":"2021-04-08T19:15:49","guid":{"rendered":"https:\/\/experienciadevida.com.ar\/portalurbano\/?p=139652"},"modified":"2021-04-08T16:17:26","modified_gmt":"2021-04-08T19:17:26","slug":"el-frente-de-todos-propone-establecer-el-horario-corrido-en-los-comercios-de-olavarria","status":"publish","type":"post","link":"https:\/\/experienciadevida.com.ar\/portalurbano\/el-frente-de-todos-propone-establecer-el-horario-corrido-en-los-comercios-de-olavarria\/","title":{"rendered":"El Frente de todos propone establecer el horario corrido en los comercios de Olavarr\u00eda"},"content":{"rendered":"<p>El Frente de todos propone establecer el horario corrido en los comercios de Olavarr\u00eda, a trav\u00e9s de un proyecto de ordenanza presentado por el Presidente del Bloque Guillermo Santell\u00e1n en el Concejo Deliberante.<\/p>\n<p>La propuesta ser\u00e1 debatida en las pr\u00f3ximas semanas. Busca implementar un horario que favorezca a PyMES locales, consumidores y trabajadores. Cuenta con el apoyo del Centro Empleados de Comercio.<\/p>\n<p>El Bloque de Concejales<a href=\"https:\/\/www.facebook.com\/FrenteDeTodosOlavarria\"> del frente de Todos<\/a> present\u00f3 esta semana en el Concejo Deliberante una iniciativa para establecer el horario corrido en los comercios y supermercados de Olavarr\u00eda con la que busca favorecer el desarrollo de la econom\u00eda local y modernizar la din\u00e1mica de la ciudad y la zona.<\/p>\n<p>El Presidente del Bloque, Guillermo Santell\u00e1n, destac\u00f3 que el proyecto cuenta con el apoyo del gremio mercantil local (CECO) y remarc\u00f3 en su presentaci\u00f3n \u201cQue el horario corrido es una demanda hist\u00f3rica de los empleados\u00a0 mercantiles y lleva un trabajo permanente por parte de la entidad gremial que los agrupa, el Centro Empleados de Comercio de Olavarr\u00eda\u201d y que esta medida \u201cfavorece el desarrollo familiar y personal de los empleados\u00a0 de comercio para aprovechar de mejor manera la jornada de descanso y el tiempo libre, permitiendo desarrollar otras actividades deportivas, acad\u00e9micas o sociales\u201d.<\/p>\n<p>Desde el bloque se explic\u00f3 que con esta iniciativa se busca consolidar a nuestra ciudad como polo educativo, institucional, m\u00e9dico y recreativo de la regi\u00f3n incrementando el consumo por parte de aquellos vecinos de otras<br \/>\nciudades que realizan actividades despu\u00e9s del mediod\u00eda en nuestro partido.<\/p>\n<p>Mejorar la seguridad ciudadana es otra de las cuestiones que destaca el proyecto presentado por Santell\u00e1n, ya que estableciendo que un horario comercial acotado permite asignar de mejor manera los recursos humanos que est\u00e1n destinados al cuidado y control de la seguridad y el tr\u00e1nsito en el centro y microcentro de la ciudad, pudiendo ser destinado a otras tareas espec\u00edficas.<\/p>\n<p>\u201cNuestro objetivo\u00a0 expres\u00f3 el presidente del Bloque de Concejales del Frente de Todos \u2013 es mejorar la calidad de vida de los olavarrienses y particularmente de los empleados de comercio. Est\u00e1 demostrado que el horario corrido funciona y trae beneficios para el comercio y la comunidad, y m\u00e1s a\u00fan en una situaci\u00f3n de pandemia como la que estamos atravesando. Esta es una propuesta que va a permitir y favorecer el crecimiento de la ciudad&#8221;.<\/p>\n","protected":false},"excerpt":{"rendered":"<p>El Frente de todos propone establecer el horario corrido en los comercios de Olavarr\u00eda, a&#8230;<\/p>\n","protected":false},"author":1,"featured_media":117497,"comment_status":"closed","ping_status":"closed","sticky":false,"template":"","format":"standard","meta":{"content-type":""},"categories":[27,64],"tags":[],"nelio_content":{"isAutoShareEnabled":false,"autoShareEndMode":"default","automationSources":{"useContentSentences":true,"useSocialTemplates":true,"useCustomSentences":false,"customSentences":[]},"followers":[1],"suggestedReferences":[],"includedReferences":[],"efiUrl":"","efiAlt":"","highlights":[]},"yoast_head":"<!-- This site is optimized with the Yoast SEO plugin v20.7 - https:\/\/yoast.com\/wordpress\/plugins\/seo\/ -->\n<title>El Frente de Todos propone establecer el horario de corrido en comercios<\/title>\n<meta name=\"description\" content=\"El Frente de todos propone establecer el horario corrido en los comercios de Olavarr\u00eda, a trav\u00e9s de un proyecto de ordenanza.\" \/>\n<meta name=\"robots\" content=\"index, follow, max-snippet:-1, max-image-preview:large, max-video-preview:-1\" \/>\n<link rel=\"canonical\" href=\"https:\/\/experienciadevida.com.ar\/portalurbano\/el-frente-de-todos-propone-establecer-el-horario-corrido-en-los-comercios-de-olavarria\/\" \/>\n<meta property=\"og:locale\" content=\"es_ES\" \/>\n<meta property=\"og:type\" content=\"article\" \/>\n<meta property=\"og:title\" content=\"El Frente de Todos propone establecer el horario de corrido en comercios\" \/>\n<meta property=\"og:description\" content=\"El Frente de todos propone establecer el horario corrido en los comercios de Olavarr\u00eda, a trav\u00e9s de un proyecto de ordenanza.\" \/>\n<meta property=\"og:url\" content=\"https:\/\/experienciadevida.com.ar\/portalurbano\/el-frente-de-todos-propone-establecer-el-horario-corrido-en-los-comercios-de-olavarria\/\" \/>\n<meta property=\"article:publisher\" content=\"https:\/\/www.facebook.com\/Portal-Urbano-171542830093757\/\" \/>\n<meta property=\"article:published_time\" content=\"2021-04-08T19:15:49+00:00\" \/>\n<meta property=\"article:modified_time\" content=\"2021-04-08T19:17:26+00:00\" \/>\n<meta property=\"og:image\" content=\"https:\/\/experienciadevida.com.ar\/portalurbano\/wp-content\/uploads\/2020\/08\/centro7.jpg\" \/>\n\t<meta property=\"og:image:width\" content=\"750\" \/>\n\t<meta property=\"og:image:height\" content=\"500\" \/>\n\t<meta property=\"og:image:type\" content=\"image\/jpeg\" \/>\n<meta name=\"author\" content=\"admpu17wp\" \/>\n<meta name=\"twitter:card\" content=\"summary_large_image\" \/>\n<meta name=\"twitter:creator\" content=\"@portalurbanook\" \/>\n<meta name=\"twitter:site\" content=\"@portalurbanook\" \/>\n<meta name=\"twitter:label1\" content=\"Escrito por\" \/>\n\t<meta name=\"twitter:data1\" content=\"admpu17wp\" \/>\n\t<meta name=\"twitter:label2\" content=\"Tiempo de lectura\" \/>\n\t<meta name=\"twitter:data2\" content=\"2 minutos\" \/>\n<script type=\"application\/ld+json\" class=\"yoast-schema-graph\">{\"@context\":\"https:\/\/schema.org\",\"@graph\":[{\"@type\":\"Article\",\"@id\":\"https:\/\/experienciadevida.com.ar\/portalurbano\/el-frente-de-todos-propone-establecer-el-horario-corrido-en-los-comercios-de-olavarria\/#article\",\"isPartOf\":{\"@id\":\"https:\/\/experienciadevida.com.ar\/portalurbano\/el-frente-de-todos-propone-establecer-el-horario-corrido-en-los-comercios-de-olavarria\/\"},\"author\":{\"name\":\"admpu17wp\",\"@id\":\"https:\/\/experienciadevida.com.ar\/portalurbano\/#\/schema\/person\/02dd326b1c4b056e9cc972486934a3a7\"},\"headline\":\"El Frente de todos propone establecer el horario corrido en los comercios de Olavarr\u00eda\",\"datePublished\":\"2021-04-08T19:15:49+00:00\",\"dateModified\":\"2021-04-08T19:17:26+00:00\",\"mainEntityOfPage\":{\"@id\":\"https:\/\/experienciadevida.com.ar\/portalurbano\/el-frente-de-todos-propone-establecer-el-horario-corrido-en-los-comercios-de-olavarria\/\"},\"wordCount\":421,\"publisher\":{\"@id\":\"https:\/\/experienciadevida.com.ar\/portalurbano\/#organization\"},\"articleSection\":[\"Ciudad\",\"Destacadas 2\"],\"inLanguage\":\"es\"},{\"@type\":\"WebPage\",\"@id\":\"https:\/\/experienciadevida.com.ar\/portalurbano\/el-frente-de-todos-propone-establecer-el-horario-corrido-en-los-comercios-de-olavarria\/\",\"url\":\"https:\/\/experienciadevida.com.ar\/portalurbano\/el-frente-de-todos-propone-establecer-el-horario-corrido-en-los-comercios-de-olavarria\/\",\"name\":\"El Frente de Todos propone establecer el horario de corrido en comercios\",\"isPartOf\":{\"@id\":\"https:\/\/experienciadevida.com.ar\/portalurbano\/#website\"},\"datePublished\":\"2021-04-08T19:15:49+00:00\",\"dateModified\":\"2021-04-08T19:17:26+00:00\",\"description\":\"El Frente de todos propone establecer el horario corrido en los comercios de Olavarr\u00eda, a trav\u00e9s de un proyecto de ordenanza.\",\"breadcrumb\":{\"@id\":\"https:\/\/experienciadevida.com.ar\/portalurbano\/el-frente-de-todos-propone-establecer-el-horario-corrido-en-los-comercios-de-olavarria\/#breadcrumb\"},\"inLanguage\":\"es\",\"potentialAction\":[{\"@type\":\"ReadAction\",\"target\":[\"https:\/\/experienciadevida.com.ar\/portalurbano\/el-frente-de-todos-propone-establecer-el-horario-corrido-en-los-comercios-de-olavarria\/\"]}]},{\"@type\":\"BreadcrumbList\",\"@id\":\"https:\/\/experienciadevida.com.ar\/portalurbano\/el-frente-de-todos-propone-establecer-el-horario-corrido-en-los-comercios-de-olavarria\/#breadcrumb\",\"itemListElement\":[{\"@type\":\"ListItem\",\"position\":1,\"name\":\"Portada\",\"item\":\"https:\/\/experienciadevida.com.ar\/portalurbano\/\"},{\"@type\":\"ListItem\",\"position\":2,\"name\":\"El Frente de todos propone establecer el horario corrido en los comercios de Olavarr\u00eda\"}]},{\"@type\":\"WebSite\",\"@id\":\"https:\/\/experienciadevida.com.ar\/portalurbano\/#website\",\"url\":\"https:\/\/experienciadevida.com.ar\/portalurbano\/\",\"name\":\"\",\"description\":\"\",\"publisher\":{\"@id\":\"https:\/\/experienciadevida.com.ar\/portalurbano\/#organization\"},\"potentialAction\":[{\"@type\":\"SearchAction\",\"target\":{\"@type\":\"EntryPoint\",\"urlTemplate\":\"https:\/\/experienciadevida.com.ar\/portalurbano\/?s={search_term_string}\"},\"query-input\":\"required name=search_term_string\"}],\"inLanguage\":\"es\"},{\"@type\":\"Organization\",\"@id\":\"https:\/\/experienciadevida.com.ar\/portalurbano\/#organization\",\"name\":\"Portal Urbano\",\"url\":\"https:\/\/experienciadevida.com.ar\/portalurbano\/\",\"logo\":{\"@type\":\"ImageObject\",\"inLanguage\":\"es\",\"@id\":\"https:\/\/experienciadevida.com.ar\/portalurbano\/#\/schema\/logo\/image\/\",\"url\":\"https:\/\/experienciadevida.com.ar\/portalurbano\/wp-content\/uploads\/2019\/09\/Logo-Original.png\",\"contentUrl\":\"https:\/\/experienciadevida.com.ar\/portalurbano\/wp-content\/uploads\/2019\/09\/Logo-Original.png\",\"width\":2236,\"height\":1216,\"caption\":\"Portal Urbano\"},\"image\":{\"@id\":\"https:\/\/experienciadevida.com.ar\/portalurbano\/#\/schema\/logo\/image\/\"},\"sameAs\":[\"https:\/\/www.facebook.com\/Portal-Urbano-171542830093757\/\",\"https:\/\/twitter.com\/portalurbanook\",\"https:\/\/www.instagram.com\/_portalurbano\/\",\"https:\/\/www.youtube.com\/channel\/UCXhagIfszH8KxFiOok79zbA?view_as=subscriber\"]},{\"@type\":\"Person\",\"@id\":\"https:\/\/experienciadevida.com.ar\/portalurbano\/#\/schema\/person\/02dd326b1c4b056e9cc972486934a3a7\",\"name\":\"admpu17wp\",\"image\":{\"@type\":\"ImageObject\",\"inLanguage\":\"es\",\"@id\":\"https:\/\/experienciadevida.com.ar\/portalurbano\/#\/schema\/person\/image\/\",\"url\":\"https:\/\/secure.gravatar.com\/avatar\/830d4c57adaae6630765e449a6908047?s=96&d=mm&r=g\",\"contentUrl\":\"https:\/\/secure.gravatar.com\/avatar\/830d4c57adaae6630765e449a6908047?s=96&d=mm&r=g\",\"caption\":\"admpu17wp\"}}]}<\/script>\n<!-- \/ Yoast SEO plugin. -->","yoast_head_json":{"title":"El Frente de Todos propone establecer el horario de corrido en comercios","description":"El Frente de todos propone establecer el horario corrido en los comercios de Olavarr\u00eda, a trav\u00e9s de un proyecto de ordenanza.","robots":{"index":"index","follow":"follow","max-snippet":"max-snippet:-1","max-image-preview":"max-image-preview:large","max-video-preview":"max-video-preview:-1"},"canonical":"https:\/\/experienciadevida.com.ar\/portalurbano\/el-frente-de-todos-propone-establecer-el-horario-corrido-en-los-comercios-de-olavarria\/","og_locale":"es_ES","og_type":"article","og_title":"El Frente de Todos propone establecer el horario de corrido en comercios","og_description":"El Frente de todos propone establecer el horario corrido en los comercios de Olavarr\u00eda, a trav\u00e9s de un proyecto de ordenanza.","og_url":"https:\/\/experienciadevida.com.ar\/portalurbano\/el-frente-de-todos-propone-establecer-el-horario-corrido-en-los-comercios-de-olavarria\/","article_publisher":"https:\/\/www.facebook.com\/Portal-Urbano-171542830093757\/","article_published_time":"2021-04-08T19:15:49+00:00","article_modified_time":"2021-04-08T19:17:26+00:00","og_image":[{"width":750,"height":500,"url":"https:\/\/experienciadevida.com.ar\/portalurbano\/wp-content\/uploads\/2020\/08\/centro7.jpg","type":"image\/jpeg"}],"author":"admpu17wp","twitter_card":"summary_large_image","twitter_creator":"@portalurbanook","twitter_site":"@portalurbanook","twitter_misc":{"Escrito por":"admpu17wp","Tiempo de lectura":"2 minutos"},"schema":{"@context":"https:\/\/schema.org","@graph":[{"@type":"Article","@id":"https:\/\/experienciadevida.com.ar\/portalurbano\/el-frente-de-todos-propone-establecer-el-horario-corrido-en-los-comercios-de-olavarria\/#article","isPartOf":{"@id":"https:\/\/experienciadevida.com.ar\/portalurbano\/el-frente-de-todos-propone-establecer-el-horario-corrido-en-los-comercios-de-olavarria\/"},"author":{"name":"admpu17wp","@id":"https:\/\/experienciadevida.com.ar\/portalurbano\/#\/schema\/person\/02dd326b1c4b056e9cc972486934a3a7"},"headline":"El Frente de todos propone establecer el horario corrido en los comercios de Olavarr\u00eda","datePublished":"2021-04-08T19:15:49+00:00","dateModified":"2021-04-08T19:17:26+00:00","mainEntityOfPage":{"@id":"https:\/\/experienciadevida.com.ar\/portalurbano\/el-frente-de-todos-propone-establecer-el-horario-corrido-en-los-comercios-de-olavarria\/"},"wordCount":421,"publisher":{"@id":"https:\/\/experienciadevida.com.ar\/portalurbano\/#organization"},"articleSection":["Ciudad","Destacadas 2"],"inLanguage":"es"},{"@type":"WebPage","@id":"https:\/\/experienciadevida.com.ar\/portalurbano\/el-frente-de-todos-propone-establecer-el-horario-corrido-en-los-comercios-de-olavarria\/","url":"https:\/\/experienciadevida.com.ar\/portalurbano\/el-frente-de-todos-propone-establecer-el-horario-corrido-en-los-comercios-de-olavarria\/","name":"El Frente de Todos propone establecer el horario de corrido en comercios","isPartOf":{"@id":"https:\/\/experienciadevida.com.ar\/portalurbano\/#website"},"datePublished":"2021-04-08T19:15:49+00:00","dateModified":"2021-04-08T19:17:26+00:00","description":"El Frente de todos propone establecer el horario corrido en los comercios de Olavarr\u00eda, a trav\u00e9s de un proyecto de ordenanza.","breadcrumb":{"@id":"https:\/\/experienciadevida.com.ar\/portalurbano\/el-frente-de-todos-propone-establecer-el-horario-corrido-en-los-comercios-de-olavarria\/#breadcrumb"},"inLanguage":"es","potentialAction":[{"@type":"ReadAction","target":["https:\/\/experienciadevida.com.ar\/portalurbano\/el-frente-de-todos-propone-establecer-el-horario-corrido-en-los-comercios-de-olavarria\/"]}]},{"@type":"BreadcrumbList","@id":"https:\/\/experienciadevida.com.ar\/portalurbano\/el-frente-de-todos-propone-establecer-el-horario-corrido-en-los-comercios-de-olavarria\/#breadcrumb","itemListElement":[{"@type":"ListItem","position":1,"name":"Portada","item":"https:\/\/experienciadevida.com.ar\/portalurbano\/"},{"@type":"ListItem","position":2,"name":"El Frente de todos propone establecer el horario corrido en los comercios de Olavarr\u00eda"}]},{"@type":"WebSite","@id":"https:\/\/experienciadevida.com.ar\/portalurbano\/#website","url":"https:\/\/experienciadevida.com.ar\/portalurbano\/","name":"","description":"","publisher":{"@id":"https:\/\/experienciadevida.com.ar\/portalurbano\/#organization"},"potentialAction":[{"@type":"SearchAction","target":{"@type":"EntryPoint","urlTemplate":"https:\/\/experienciadevida.com.ar\/portalurbano\/?s={search_term_string}"},"query-input":"required name=search_term_string"}],"inLanguage":"es"},{"@type":"Organization","@id":"https:\/\/experienciadevida.com.ar\/portalurbano\/#organization","name":"Portal Urbano","url":"https:\/\/experienciadevida.com.ar\/portalurbano\/","logo":{"@type":"ImageObject","inLanguage":"es","@id":"https:\/\/experienciadevida.com.ar\/portalurbano\/#\/schema\/logo\/image\/","url":"https:\/\/experienciadevida.com.ar\/portalurbano\/wp-content\/uploads\/2019\/09\/Logo-Original.png","contentUrl":"https:\/\/experienciadevida.com.ar\/portalurbano\/wp-content\/uploads\/2019\/09\/Logo-Original.png","width":2236,"height":1216,"caption":"Portal Urbano"},"image":{"@id":"https:\/\/experienciadevida.com.ar\/portalurbano\/#\/schema\/logo\/image\/"},"sameAs":["https:\/\/www.facebook.com\/Portal-Urbano-171542830093757\/","https:\/\/twitter.com\/portalurbanook","https:\/\/www.instagram.com\/_portalurbano\/","https:\/\/www.youtube.com\/channel\/UCXhagIfszH8KxFiOok79zbA?view_as=subscriber"]},{"@type":"Person","@id":"https:\/\/experienciadevida.com.ar\/portalurbano\/#\/schema\/person\/02dd326b1c4b056e9cc972486934a3a7","name":"admpu17wp","image":{"@type":"ImageObject","inLanguage":"es","@id":"https:\/\/experienciadevida.com.ar\/portalurbano\/#\/schema\/person\/image\/","url":"https:\/\/secure.gravatar.com\/avatar\/830d4c57adaae6630765e449a6908047?s=96&d=mm&r=g","contentUrl":"https:\/\/secure.gravatar.com\/avatar\/830d4c57adaae6630765e449a6908047?s=96&d=mm&r=g","caption":"admpu17wp"}}]}},"featured_image_urls":{"full":["https:\/\/experienciadevida.com.ar\/portalurbano\/wp-content\/uploads\/2020\/08\/centro7.jpg",750,500,false],"thumbnail":["https:\/\/experienciadevida.com.ar\/portalurbano\/wp-content\/uploads\/2020\/08\/centro7-150x150.jpg",150,150,true],"medium":["https:\/\/experienciadevida.com.ar\/portalurbano\/wp-content\/uploads\/2020\/08\/centro7-300x200.jpg",300,200,true],"medium_large":["https:\/\/experienciadevida.com.ar\/portalurbano\/wp-content\/uploads\/2020\/08\/centro7.jpg",640,427,false],"large":["https:\/\/experienciadevida.com.ar\/portalurbano\/wp-content\/uploads\/2020\/08\/centro7.jpg",640,427,false],"ug_big":["https:\/\/experienciadevida.com.ar\/portalurbano\/wp-content\/uploads\/2020\/08\/centro7.jpg",750,500,false],"1536x1536":["https:\/\/experienciadevida.com.ar\/portalurbano\/wp-content\/uploads\/2020\/08\/centro7.jpg",750,500,false],"2048x2048":["https:\/\/experienciadevida.com.ar\/portalurbano\/wp-content\/uploads\/2020\/08\/centro7.jpg",750,500,false],"newsever-slider-full":["https:\/\/experienciadevida.com.ar\/portalurbano\/wp-content\/uploads\/2020\/08\/centro7.jpg",750,500,false],"newsever-featured":["https:\/\/experienciadevida.com.ar\/portalurbano\/wp-content\/uploads\/2020\/08\/centro7.jpg",750,500,false],"newsever-medium":["https:\/\/experienciadevida.com.ar\/portalurbano\/wp-content\/uploads\/2020\/08\/centro7.jpg",713,475,false],"web-stories-poster-portrait":["https:\/\/experienciadevida.com.ar\/portalurbano\/wp-content\/uploads\/2020\/08\/centro7.jpg",640,427,false],"web-stories-publisher-logo":["https:\/\/experienciadevida.com.ar\/portalurbano\/wp-content\/uploads\/2020\/08\/centro7.jpg",96,64,false],"web-stories-thumbnail":["https:\/\/experienciadevida.com.ar\/portalurbano\/wp-content\/uploads\/2020\/08\/centro7.jpg",150,100,false]},"author_info":{"display_name":"admpu17wp","author_link":"https:\/\/experienciadevida.com.ar\/portalurbano\/author\/admpu17wp\/"},"category_info":"<a href=\"https:\/\/experienciadevida.com.ar\/portalurbano\/category\/ciudad\/\" rel=\"category tag\">Ciudad<\/a> <a href=\"https:\/\/experienciadevida.com.ar\/portalurbano\/category\/destacadas-2\/\" rel=\"category tag\">Destacadas 2<\/a>","tag_info":"Destacadas 2","comment_count":"0","amp_enabled":true,"_links":{"self":[{"href":"https:\/\/experienciadevida.com.ar\/portalurbano\/wp-json\/wp\/v2\/posts\/139652"}],"collection":[{"href":"https:\/\/experienciadevida.com.ar\/portalurbano\/wp-json\/wp\/v2\/posts"}],"about":[{"href":"https:\/\/experienciadevida.com.ar\/portalurbano\/wp-json\/wp\/v2\/types\/post"}],"author":[{"embeddable":true,"href":"https:\/\/experienciadevida.com.ar\/portalurbano\/wp-json\/wp\/v2\/users\/1"}],"replies":[{"embeddable":true,"href":"https:\/\/experienciadevida.com.ar\/portalurbano\/wp-json\/wp\/v2\/comments?post=139652"}],"version-history":[{"count":3,"href":"https:\/\/experienciadevida.com.ar\/portalurbano\/wp-json\/wp\/v2\/posts\/139652\/revisions"}],"predecessor-version":[{"id":139654,"href":"https:\/\/experienciadevida.com.ar\/portalurbano\/wp-json\/wp\/v2\/posts\/139652\/revisions\/139654"}],"wp:featuredmedia":[{"embeddable":true,"href":"https:\/\/experienciadevida.com.ar\/portalurbano\/wp-json\/wp\/v2\/media\/117497"}],"wp:attachment":[{"href":"https:\/\/experienciadevida.com.ar\/portalurbano\/wp-json\/wp\/v2\/media?parent=139652"}],"wp:term":[{"taxonomy":"category","embeddable":true,"href":"https:\/\/experienciadevida.com.ar\/portalurbano\/wp-json\/wp\/v2\/categories?post=139652"},{"taxonomy":"post_tag","embeddable":true,"href":"https:\/\/experienciadevida.com.ar\/portalurbano\/wp-json\/wp\/v2\/tags?post=139652"}],"curies":[{"name":"wp","href":"https:\/\/api.w.org\/{rel}","templated":true}]}}