{"id":139629,"date":"2021-04-08T12:35:33","date_gmt":"2021-04-08T15:35:33","guid":{"rendered":"https:\/\/experienciadevida.com.ar\/portalurbano\/?p=139629"},"modified":"2021-04-08T12:39:15","modified_gmt":"2021-04-08T15:39:15","slug":"por-la-inapropiada-difusion-de-una-noticia-remarcan-la-responsabilidad-etica-a-la-hora-de-comunicar","status":"publish","type":"post","link":"https:\/\/experienciadevida.com.ar\/portalurbano\/por-la-inapropiada-difusion-de-una-noticia-remarcan-la-responsabilidad-etica-a-la-hora-de-comunicar\/","title":{"rendered":"Por la inapropiada difusi\u00f3n de una noticia, remarcan la responsabilidad \u00e9tica a la hora de comunicar"},"content":{"rendered":"<p>Por la inapropiada difusi\u00f3n de una noticia, remarcan la responsabilidad \u00e9tica a la hora de comunicar, la Municipalidad de Olavarr\u00eda, a trav\u00e9s de la Secretar\u00eda de Desarrollo Humano y Calidad de Vida, expresa su postura con respecto al tratamiento informativo de una noticia en la que se expone la situaci\u00f3n de vulnerabilidad de dos personas. Se trata de la inapropiada difusi\u00f3n de su identidad, imagen e historia en una publicaci\u00f3n de un medio local.<\/p>\n<p>La nota incumple la responsabilidad \u00e9tica a la hora de comunicar, dado que expone informaci\u00f3n sensible y hace caso omiso a la firma del acta acuerdo \u201cEstrategia comunicacional en casos de violencia\u201d llevada a cabo el pasado 26 de marzo -con la adhesi\u00f3n de 16 medios locales- en instalaciones del Centro Cultural San Jos\u00e9, para trabajar de manera conjunta respecto del tratamiento informativo adecuado de situaciones de violencia por razones de g\u00e9nero, que involucren especialmente a mujeres, y\/o ni\u00f1xs, adolescentes y personas del colectivo LGBTTTIQ+.<\/p>\n<p>Esta publicaci\u00f3n, no s\u00f3lo desestima este compromiso firmado, sino que expone doblemente la situaci\u00f3n de vulnerabilidad de dos personas, incorporando datos personales y de su trayectoria de vida vinculados con su intimidad y que de ninguna manera pueden ser expuestos.<\/p>\n<p>Los derechos de los ni\u00f1os, ni\u00f1as y adolescentes en los medios de comunicaci\u00f3n deben tener especial resguardo en el tratamiento informativo, atendiendo a la normativa existente en la materia. Como se acordara en el documento colectivo, en situaciones que lo ameriten, es necesario diagramar estrategias de manera conjunta para evitar la vulneraci\u00f3n de derechos de las personas involucradas.<\/p>\n<p>Es importante dejar en claro que la identidad e imagen de ni\u00f1os, ni\u00f1as y adolescentes gozan de estricta protecci\u00f3n legal, e incluyen la privacidad y la intimidad.<\/p>\n<p>Adem\u00e1s, el marco \u00e9tico que reviste el tratamiento de la noticia, exige que las circunstancias de las personas deben ser protegidas de la difusi\u00f3n p\u00fablica, como as\u00ed tambi\u00e9n no sean expuestas en los medios situaciones cr\u00edticas o conflictivas que atraviesen.<\/p>\n<p>Es fundamental que los medios de comunicaci\u00f3n asuman un rol comprometido y \u00e9tico en este escenario, para no avasallar ni vulnerar los derechos de estos grupos poblacionales, propiciando un tratamiento adecuado de los acontecimientos sensibles que se narran.<\/p>\n<p>Para tal fin, las \u00e1reas especializadas del Municipio: Direcci\u00f3n de Ni\u00f1eces y Adolescencias; Servicio Local de Promoci\u00f3n y Protecci\u00f3n de los Derechos de Ni\u00f1os, Ni\u00f1as y Adolescentes; Direcci\u00f3n de Pol\u00edticas de G\u00e9nero, est\u00e1n a disposici\u00f3n total para brindar informaci\u00f3n respecto a la tem\u00e1tica que se requiera.<\/p>\n<p>&nbsp;<\/p>\n","protected":false},"excerpt":{"rendered":"<p>Por la inapropiada difusi\u00f3n de una noticia, remarcan la responsabilidad \u00e9tica a la hora de&#8230;<\/p>\n","protected":false},"author":1,"featured_media":139632,"comment_status":"closed","ping_status":"closed","sticky":false,"template":"","format":"standard","meta":{"content-type":""},"categories":[27,64],"tags":[],"nelio_content":{"isAutoShareEnabled":false,"autoShareEndMode":"default","automationSources":{"useContentSentences":true,"useSocialTemplates":true,"useCustomSentences":false,"customSentences":[]},"followers":[1],"suggestedReferences":[],"includedReferences":[],"efiUrl":"","efiAlt":"","highlights":[]},"yoast_head":"<!-- This site is optimized with the Yoast SEO plugin v20.7 - https:\/\/yoast.com\/wordpress\/plugins\/seo\/ -->\n<title>Por la inapropiada difusi\u00f3n de una noticia remarcan la responsabilidad<\/title>\n<meta name=\"description\" content=\"Por la inapropiada difusi\u00f3n de una noticia, remarcan la responsabilidad \u00e9tica a la hora de comunicar, el Municipio expres\u00f3 su postura.\" \/>\n<meta name=\"robots\" content=\"index, follow, max-snippet:-1, max-image-preview:large, max-video-preview:-1\" \/>\n<link rel=\"canonical\" href=\"https:\/\/experienciadevida.com.ar\/portalurbano\/por-la-inapropiada-difusion-de-una-noticia-remarcan-la-responsabilidad-etica-a-la-hora-de-comunicar\/\" \/>\n<meta property=\"og:locale\" content=\"es_ES\" \/>\n<meta property=\"og:type\" content=\"article\" \/>\n<meta property=\"og:title\" content=\"Por la inapropiada difusi\u00f3n de una noticia remarcan la responsabilidad\" \/>\n<meta property=\"og:description\" content=\"Por la inapropiada difusi\u00f3n de una noticia, remarcan la responsabilidad \u00e9tica a la hora de comunicar, el Municipio expres\u00f3 su postura.\" \/>\n<meta property=\"og:url\" content=\"https:\/\/experienciadevida.com.ar\/portalurbano\/por-la-inapropiada-difusion-de-una-noticia-remarcan-la-responsabilidad-etica-a-la-hora-de-comunicar\/\" \/>\n<meta property=\"article:publisher\" content=\"https:\/\/www.facebook.com\/Portal-Urbano-171542830093757\/\" \/>\n<meta property=\"article:published_time\" content=\"2021-04-08T15:35:33+00:00\" \/>\n<meta property=\"article:modified_time\" content=\"2021-04-08T15:39:15+00:00\" \/>\n<meta property=\"og:image\" content=\"https:\/\/experienciadevida.com.ar\/portalurbano\/wp-content\/uploads\/2021\/04\/Por-la-inapropiada-difusion-de.jpg\" \/>\n\t<meta property=\"og:image:width\" content=\"1024\" \/>\n\t<meta property=\"og:image:height\" content=\"685\" \/>\n\t<meta property=\"og:image:type\" content=\"image\/jpeg\" \/>\n<meta name=\"author\" content=\"admpu17wp\" \/>\n<meta name=\"twitter:card\" content=\"summary_large_image\" \/>\n<meta name=\"twitter:creator\" content=\"@portalurbanook\" \/>\n<meta name=\"twitter:site\" content=\"@portalurbanook\" \/>\n<meta name=\"twitter:label1\" content=\"Escrito por\" \/>\n\t<meta name=\"twitter:data1\" content=\"admpu17wp\" \/>\n\t<meta name=\"twitter:label2\" content=\"Tiempo de lectura\" \/>\n\t<meta name=\"twitter:data2\" content=\"2 minutos\" \/>\n<script type=\"application\/ld+json\" class=\"yoast-schema-graph\">{\"@context\":\"https:\/\/schema.org\",\"@graph\":[{\"@type\":\"Article\",\"@id\":\"https:\/\/experienciadevida.com.ar\/portalurbano\/por-la-inapropiada-difusion-de-una-noticia-remarcan-la-responsabilidad-etica-a-la-hora-de-comunicar\/#article\",\"isPartOf\":{\"@id\":\"https:\/\/experienciadevida.com.ar\/portalurbano\/por-la-inapropiada-difusion-de-una-noticia-remarcan-la-responsabilidad-etica-a-la-hora-de-comunicar\/\"},\"author\":{\"name\":\"admpu17wp\",\"@id\":\"https:\/\/experienciadevida.com.ar\/portalurbano\/#\/schema\/person\/02dd326b1c4b056e9cc972486934a3a7\"},\"headline\":\"Por la inapropiada difusi\u00f3n de una noticia, remarcan la responsabilidad \u00e9tica a la hora de comunicar\",\"datePublished\":\"2021-04-08T15:35:33+00:00\",\"dateModified\":\"2021-04-08T15:39:15+00:00\",\"mainEntityOfPage\":{\"@id\":\"https:\/\/experienciadevida.com.ar\/portalurbano\/por-la-inapropiada-difusion-de-una-noticia-remarcan-la-responsabilidad-etica-a-la-hora-de-comunicar\/\"},\"wordCount\":465,\"publisher\":{\"@id\":\"https:\/\/experienciadevida.com.ar\/portalurbano\/#organization\"},\"articleSection\":[\"Ciudad\",\"Destacadas 2\"],\"inLanguage\":\"es\"},{\"@type\":\"WebPage\",\"@id\":\"https:\/\/experienciadevida.com.ar\/portalurbano\/por-la-inapropiada-difusion-de-una-noticia-remarcan-la-responsabilidad-etica-a-la-hora-de-comunicar\/\",\"url\":\"https:\/\/experienciadevida.com.ar\/portalurbano\/por-la-inapropiada-difusion-de-una-noticia-remarcan-la-responsabilidad-etica-a-la-hora-de-comunicar\/\",\"name\":\"Por la inapropiada difusi\u00f3n de una noticia remarcan la responsabilidad\",\"isPartOf\":{\"@id\":\"https:\/\/experienciadevida.com.ar\/portalurbano\/#website\"},\"datePublished\":\"2021-04-08T15:35:33+00:00\",\"dateModified\":\"2021-04-08T15:39:15+00:00\",\"description\":\"Por la inapropiada difusi\u00f3n de una noticia, remarcan la responsabilidad \u00e9tica a la hora de comunicar, el Municipio expres\u00f3 su postura.\",\"breadcrumb\":{\"@id\":\"https:\/\/experienciadevida.com.ar\/portalurbano\/por-la-inapropiada-difusion-de-una-noticia-remarcan-la-responsabilidad-etica-a-la-hora-de-comunicar\/#breadcrumb\"},\"inLanguage\":\"es\",\"potentialAction\":[{\"@type\":\"ReadAction\",\"target\":[\"https:\/\/experienciadevida.com.ar\/portalurbano\/por-la-inapropiada-difusion-de-una-noticia-remarcan-la-responsabilidad-etica-a-la-hora-de-comunicar\/\"]}]},{\"@type\":\"BreadcrumbList\",\"@id\":\"https:\/\/experienciadevida.com.ar\/portalurbano\/por-la-inapropiada-difusion-de-una-noticia-remarcan-la-responsabilidad-etica-a-la-hora-de-comunicar\/#breadcrumb\",\"itemListElement\":[{\"@type\":\"ListItem\",\"position\":1,\"name\":\"Portada\",\"item\":\"https:\/\/experienciadevida.com.ar\/portalurbano\/\"},{\"@type\":\"ListItem\",\"position\":2,\"name\":\"Por la inapropiada difusi\u00f3n de una noticia, remarcan la responsabilidad \u00e9tica a la hora de comunicar\"}]},{\"@type\":\"WebSite\",\"@id\":\"https:\/\/experienciadevida.com.ar\/portalurbano\/#website\",\"url\":\"https:\/\/experienciadevida.com.ar\/portalurbano\/\",\"name\":\"\",\"description\":\"\",\"publisher\":{\"@id\":\"https:\/\/experienciadevida.com.ar\/portalurbano\/#organization\"},\"potentialAction\":[{\"@type\":\"SearchAction\",\"target\":{\"@type\":\"EntryPoint\",\"urlTemplate\":\"https:\/\/experienciadevida.com.ar\/portalurbano\/?s={search_term_string}\"},\"query-input\":\"required name=search_term_string\"}],\"inLanguage\":\"es\"},{\"@type\":\"Organization\",\"@id\":\"https:\/\/experienciadevida.com.ar\/portalurbano\/#organization\",\"name\":\"Portal Urbano\",\"url\":\"https:\/\/experienciadevida.com.ar\/portalurbano\/\",\"logo\":{\"@type\":\"ImageObject\",\"inLanguage\":\"es\",\"@id\":\"https:\/\/experienciadevida.com.ar\/portalurbano\/#\/schema\/logo\/image\/\",\"url\":\"https:\/\/experienciadevida.com.ar\/portalurbano\/wp-content\/uploads\/2019\/09\/Logo-Original.png\",\"contentUrl\":\"https:\/\/experienciadevida.com.ar\/portalurbano\/wp-content\/uploads\/2019\/09\/Logo-Original.png\",\"width\":2236,\"height\":1216,\"caption\":\"Portal Urbano\"},\"image\":{\"@id\":\"https:\/\/experienciadevida.com.ar\/portalurbano\/#\/schema\/logo\/image\/\"},\"sameAs\":[\"https:\/\/www.facebook.com\/Portal-Urbano-171542830093757\/\",\"https:\/\/twitter.com\/portalurbanook\",\"https:\/\/www.instagram.com\/_portalurbano\/\",\"https:\/\/www.youtube.com\/channel\/UCXhagIfszH8KxFiOok79zbA?view_as=subscriber\"]},{\"@type\":\"Person\",\"@id\":\"https:\/\/experienciadevida.com.ar\/portalurbano\/#\/schema\/person\/02dd326b1c4b056e9cc972486934a3a7\",\"name\":\"admpu17wp\",\"image\":{\"@type\":\"ImageObject\",\"inLanguage\":\"es\",\"@id\":\"https:\/\/experienciadevida.com.ar\/portalurbano\/#\/schema\/person\/image\/\",\"url\":\"https:\/\/secure.gravatar.com\/avatar\/830d4c57adaae6630765e449a6908047?s=96&d=mm&r=g\",\"contentUrl\":\"https:\/\/secure.gravatar.com\/avatar\/830d4c57adaae6630765e449a6908047?s=96&d=mm&r=g\",\"caption\":\"admpu17wp\"}}]}<\/script>\n<!-- \/ Yoast SEO plugin. -->","yoast_head_json":{"title":"Por la inapropiada difusi\u00f3n de una noticia remarcan la responsabilidad","description":"Por la inapropiada difusi\u00f3n de una noticia, remarcan la responsabilidad \u00e9tica a la hora de comunicar, el Municipio expres\u00f3 su postura.","robots":{"index":"index","follow":"follow","max-snippet":"max-snippet:-1","max-image-preview":"max-image-preview:large","max-video-preview":"max-video-preview:-1"},"canonical":"https:\/\/experienciadevida.com.ar\/portalurbano\/por-la-inapropiada-difusion-de-una-noticia-remarcan-la-responsabilidad-etica-a-la-hora-de-comunicar\/","og_locale":"es_ES","og_type":"article","og_title":"Por la inapropiada difusi\u00f3n de una noticia remarcan la responsabilidad","og_description":"Por la inapropiada difusi\u00f3n de una noticia, remarcan la responsabilidad \u00e9tica a la hora de comunicar, el Municipio expres\u00f3 su postura.","og_url":"https:\/\/experienciadevida.com.ar\/portalurbano\/por-la-inapropiada-difusion-de-una-noticia-remarcan-la-responsabilidad-etica-a-la-hora-de-comunicar\/","article_publisher":"https:\/\/www.facebook.com\/Portal-Urbano-171542830093757\/","article_published_time":"2021-04-08T15:35:33+00:00","article_modified_time":"2021-04-08T15:39:15+00:00","og_image":[{"width":1024,"height":685,"url":"https:\/\/experienciadevida.com.ar\/portalurbano\/wp-content\/uploads\/2021\/04\/Por-la-inapropiada-difusion-de.jpg","type":"image\/jpeg"}],"author":"admpu17wp","twitter_card":"summary_large_image","twitter_creator":"@portalurbanook","twitter_site":"@portalurbanook","twitter_misc":{"Escrito por":"admpu17wp","Tiempo de lectura":"2 minutos"},"schema":{"@context":"https:\/\/schema.org","@graph":[{"@type":"Article","@id":"https:\/\/experienciadevida.com.ar\/portalurbano\/por-la-inapropiada-difusion-de-una-noticia-remarcan-la-responsabilidad-etica-a-la-hora-de-comunicar\/#article","isPartOf":{"@id":"https:\/\/experienciadevida.com.ar\/portalurbano\/por-la-inapropiada-difusion-de-una-noticia-remarcan-la-responsabilidad-etica-a-la-hora-de-comunicar\/"},"author":{"name":"admpu17wp","@id":"https:\/\/experienciadevida.com.ar\/portalurbano\/#\/schema\/person\/02dd326b1c4b056e9cc972486934a3a7"},"headline":"Por la inapropiada difusi\u00f3n de una noticia, remarcan la responsabilidad \u00e9tica a la hora de comunicar","datePublished":"2021-04-08T15:35:33+00:00","dateModified":"2021-04-08T15:39:15+00:00","mainEntityOfPage":{"@id":"https:\/\/experienciadevida.com.ar\/portalurbano\/por-la-inapropiada-difusion-de-una-noticia-remarcan-la-responsabilidad-etica-a-la-hora-de-comunicar\/"},"wordCount":465,"publisher":{"@id":"https:\/\/experienciadevida.com.ar\/portalurbano\/#organization"},"articleSection":["Ciudad","Destacadas 2"],"inLanguage":"es"},{"@type":"WebPage","@id":"https:\/\/experienciadevida.com.ar\/portalurbano\/por-la-inapropiada-difusion-de-una-noticia-remarcan-la-responsabilidad-etica-a-la-hora-de-comunicar\/","url":"https:\/\/experienciadevida.com.ar\/portalurbano\/por-la-inapropiada-difusion-de-una-noticia-remarcan-la-responsabilidad-etica-a-la-hora-de-comunicar\/","name":"Por la inapropiada difusi\u00f3n de una noticia remarcan la responsabilidad","isPartOf":{"@id":"https:\/\/experienciadevida.com.ar\/portalurbano\/#website"},"datePublished":"2021-04-08T15:35:33+00:00","dateModified":"2021-04-08T15:39:15+00:00","description":"Por la inapropiada difusi\u00f3n de una noticia, remarcan la responsabilidad \u00e9tica a la hora de comunicar, el Municipio expres\u00f3 su postura.","breadcrumb":{"@id":"https:\/\/experienciadevida.com.ar\/portalurbano\/por-la-inapropiada-difusion-de-una-noticia-remarcan-la-responsabilidad-etica-a-la-hora-de-comunicar\/#breadcrumb"},"inLanguage":"es","potentialAction":[{"@type":"ReadAction","target":["https:\/\/experienciadevida.com.ar\/portalurbano\/por-la-inapropiada-difusion-de-una-noticia-remarcan-la-responsabilidad-etica-a-la-hora-de-comunicar\/"]}]},{"@type":"BreadcrumbList","@id":"https:\/\/experienciadevida.com.ar\/portalurbano\/por-la-inapropiada-difusion-de-una-noticia-remarcan-la-responsabilidad-etica-a-la-hora-de-comunicar\/#breadcrumb","itemListElement":[{"@type":"ListItem","position":1,"name":"Portada","item":"https:\/\/experienciadevida.com.ar\/portalurbano\/"},{"@type":"ListItem","position":2,"name":"Por la inapropiada difusi\u00f3n de una noticia, remarcan la responsabilidad \u00e9tica a la hora de comunicar"}]},{"@type":"WebSite","@id":"https:\/\/experienciadevida.com.ar\/portalurbano\/#website","url":"https:\/\/experienciadevida.com.ar\/portalurbano\/","name":"","description":"","publisher":{"@id":"https:\/\/experienciadevida.com.ar\/portalurbano\/#organization"},"potentialAction":[{"@type":"SearchAction","target":{"@type":"EntryPoint","urlTemplate":"https:\/\/experienciadevida.com.ar\/portalurbano\/?s={search_term_string}"},"query-input":"required name=search_term_string"}],"inLanguage":"es"},{"@type":"Organization","@id":"https:\/\/experienciadevida.com.ar\/portalurbano\/#organization","name":"Portal Urbano","url":"https:\/\/experienciadevida.com.ar\/portalurbano\/","logo":{"@type":"ImageObject","inLanguage":"es","@id":"https:\/\/experienciadevida.com.ar\/portalurbano\/#\/schema\/logo\/image\/","url":"https:\/\/experienciadevida.com.ar\/portalurbano\/wp-content\/uploads\/2019\/09\/Logo-Original.png","contentUrl":"https:\/\/experienciadevida.com.ar\/portalurbano\/wp-content\/uploads\/2019\/09\/Logo-Original.png","width":2236,"height":1216,"caption":"Portal Urbano"},"image":{"@id":"https:\/\/experienciadevida.com.ar\/portalurbano\/#\/schema\/logo\/image\/"},"sameAs":["https:\/\/www.facebook.com\/Portal-Urbano-171542830093757\/","https:\/\/twitter.com\/portalurbanook","https:\/\/www.instagram.com\/_portalurbano\/","https:\/\/www.youtube.com\/channel\/UCXhagIfszH8KxFiOok79zbA?view_as=subscriber"]},{"@type":"Person","@id":"https:\/\/experienciadevida.com.ar\/portalurbano\/#\/schema\/person\/02dd326b1c4b056e9cc972486934a3a7","name":"admpu17wp","image":{"@type":"ImageObject","inLanguage":"es","@id":"https:\/\/experienciadevida.com.ar\/portalurbano\/#\/schema\/person\/image\/","url":"https:\/\/secure.gravatar.com\/avatar\/830d4c57adaae6630765e449a6908047?s=96&d=mm&r=g","contentUrl":"https:\/\/secure.gravatar.com\/avatar\/830d4c57adaae6630765e449a6908047?s=96&d=mm&r=g","caption":"admpu17wp"}}]}},"featured_image_urls":{"full":["https:\/\/experienciadevida.com.ar\/portalurbano\/wp-content\/uploads\/2021\/04\/Por-la-inapropiada-difusion-de.jpg",1024,685,false],"thumbnail":["https:\/\/experienciadevida.com.ar\/portalurbano\/wp-content\/uploads\/2021\/04\/Por-la-inapropiada-difusion-de-150x150.jpg",150,150,true],"medium":["https:\/\/experienciadevida.com.ar\/portalurbano\/wp-content\/uploads\/2021\/04\/Por-la-inapropiada-difusion-de-300x201.jpg",300,201,true],"medium_large":["https:\/\/experienciadevida.com.ar\/portalurbano\/wp-content\/uploads\/2021\/04\/Por-la-inapropiada-difusion-de-768x514.jpg",640,428,true],"large":["https:\/\/experienciadevida.com.ar\/portalurbano\/wp-content\/uploads\/2021\/04\/Por-la-inapropiada-difusion-de.jpg",640,428,false],"ug_big":["https:\/\/experienciadevida.com.ar\/portalurbano\/wp-content\/uploads\/2021\/04\/Por-la-inapropiada-difusion-de-768x514.jpg",768,514,true],"1536x1536":["https:\/\/experienciadevida.com.ar\/portalurbano\/wp-content\/uploads\/2021\/04\/Por-la-inapropiada-difusion-de.jpg",1024,685,false],"2048x2048":["https:\/\/experienciadevida.com.ar\/portalurbano\/wp-content\/uploads\/2021\/04\/Por-la-inapropiada-difusion-de.jpg",1024,685,false],"newsever-slider-full":["https:\/\/experienciadevida.com.ar\/portalurbano\/wp-content\/uploads\/2021\/04\/Por-la-inapropiada-difusion-de.jpg",1024,685,false],"newsever-featured":["https:\/\/experienciadevida.com.ar\/portalurbano\/wp-content\/uploads\/2021\/04\/Por-la-inapropiada-difusion-de.jpg",1024,685,false],"newsever-medium":["https:\/\/experienciadevida.com.ar\/portalurbano\/wp-content\/uploads\/2021\/04\/Por-la-inapropiada-difusion-de.jpg",710,475,false],"web-stories-poster-portrait":["https:\/\/experienciadevida.com.ar\/portalurbano\/wp-content\/uploads\/2021\/04\/Por-la-inapropiada-difusion-de.jpg",640,428,false],"web-stories-publisher-logo":["https:\/\/experienciadevida.com.ar\/portalurbano\/wp-content\/uploads\/2021\/04\/Por-la-inapropiada-difusion-de.jpg",96,64,false],"web-stories-thumbnail":["https:\/\/experienciadevida.com.ar\/portalurbano\/wp-content\/uploads\/2021\/04\/Por-la-inapropiada-difusion-de.jpg",150,100,false]},"author_info":{"display_name":"admpu17wp","author_link":"https:\/\/experienciadevida.com.ar\/portalurbano\/author\/admpu17wp\/"},"category_info":"<a href=\"https:\/\/experienciadevida.com.ar\/portalurbano\/category\/ciudad\/\" rel=\"category tag\">Ciudad<\/a> <a href=\"https:\/\/experienciadevida.com.ar\/portalurbano\/category\/destacadas-2\/\" rel=\"category tag\">Destacadas 2<\/a>","tag_info":"Destacadas 2","comment_count":"0","amp_enabled":true,"_links":{"self":[{"href":"https:\/\/experienciadevida.com.ar\/portalurbano\/wp-json\/wp\/v2\/posts\/139629"}],"collection":[{"href":"https:\/\/experienciadevida.com.ar\/portalurbano\/wp-json\/wp\/v2\/posts"}],"about":[{"href":"https:\/\/experienciadevida.com.ar\/portalurbano\/wp-json\/wp\/v2\/types\/post"}],"author":[{"embeddable":true,"href":"https:\/\/experienciadevida.com.ar\/portalurbano\/wp-json\/wp\/v2\/users\/1"}],"replies":[{"embeddable":true,"href":"https:\/\/experienciadevida.com.ar\/portalurbano\/wp-json\/wp\/v2\/comments?post=139629"}],"version-history":[{"count":3,"href":"https:\/\/experienciadevida.com.ar\/portalurbano\/wp-json\/wp\/v2\/posts\/139629\/revisions"}],"predecessor-version":[{"id":139634,"href":"https:\/\/experienciadevida.com.ar\/portalurbano\/wp-json\/wp\/v2\/posts\/139629\/revisions\/139634"}],"wp:featuredmedia":[{"embeddable":true,"href":"https:\/\/experienciadevida.com.ar\/portalurbano\/wp-json\/wp\/v2\/media\/139632"}],"wp:attachment":[{"href":"https:\/\/experienciadevida.com.ar\/portalurbano\/wp-json\/wp\/v2\/media?parent=139629"}],"wp:term":[{"taxonomy":"category","embeddable":true,"href":"https:\/\/experienciadevida.com.ar\/portalurbano\/wp-json\/wp\/v2\/categories?post=139629"},{"taxonomy":"post_tag","embeddable":true,"href":"https:\/\/experienciadevida.com.ar\/portalurbano\/wp-json\/wp\/v2\/tags?post=139629"}],"curies":[{"name":"wp","href":"https:\/\/api.w.org\/{rel}","templated":true}]}}