{"id":139462,"date":"2021-04-07T10:15:31","date_gmt":"2021-04-07T13:15:31","guid":{"rendered":"https:\/\/experienciadevida.com.ar\/portalurbano\/?p=139462"},"modified":"2021-04-07T10:19:33","modified_gmt":"2021-04-07T13:19:33","slug":"se-encuentra-disponible-el-decreto-municipal-con-las-nuevas-restricciones-impuestas","status":"publish","type":"post","link":"https:\/\/experienciadevida.com.ar\/portalurbano\/se-encuentra-disponible-el-decreto-municipal-con-las-nuevas-restricciones-impuestas\/","title":{"rendered":"Se encuentra disponible el decreto Municipal con las nuevas restricciones impuestas"},"content":{"rendered":"<p>Se encuentra disponible el decreto Municipal con las nuevas restricciones impuestas, en la jornada de este mi\u00e9rcoles por la ma\u00f1ana, el Intendente Municipal, Ezequiel <a href=\"https:\/\/www.facebook.com\/galliezequiel\">Galli<\/a> firm\u00f3 el nuevo decreto junto con las nuevas restricciones en el marco de los aumentos de casos de Coronavirus en nuestra ciudad.<\/p>\n<p>En el mismo remarca que la positividad de los testeos realizados en el territorio del Partido viene sufriendo un aumento sostenido durante el \u00faltimo mes. La cantidad de casos detectados es gracias a los testeos intensivos llevados por la Secretar\u00eda de Salud que ameritan tomar medidas acordes con la fase en la que colocan al Partido de Olavarr\u00eda y disponer de restricciones a determinadas actividades cuya realizaci\u00f3n podr\u00eda facilitar la transmisi\u00f3n del virus.<\/p>\n<p>Se encuentra disponible el decreto Municipal con las nuevas restricciones impuestas, las restricciones se dispondr\u00e1n por un lapso de 14 d\u00edas con el objetivo de evaluar en ese plazo la situaci\u00f3n sanitaria y las correlativas medidas a tomar.<\/p>\n<p>Desde el Comit\u00e9 de crisis del Hospital remarcan la importancia del lavado de manos, el uso del barbijo, estornudar o toser en el pliegue del codo para poder continuar avanzando hacia una relativa normalidad\u00a0 es fundamental continuar con los cuidados recomendados y no relajar las normas establecidas para combatir la pandemia.<\/p>\n<p>Las medidas restrictivas ser\u00e1n hasta el 19 de abril inclusive y se restringen las siguientes actividades:<\/p>\n<p>Reuniones sociales, tanto al aire libre como en espacios cerrados con ventilaci\u00f3n, tanto en domicilios particulares como en espacios privados de acceso p\u00fablico.<\/p>\n<p>Talleres culturales.<\/p>\n<p>Feria de artesanos y emprendedores.<\/p>\n<p>Competencias deportivas<\/p>\n<p>Lugares de culto<\/p>\n<p>Eventos culturales, sociales o recreativos.<\/p>\n<p>Los locales gastron\u00f3micos podr\u00e1n funcionar hasta las 00hs con reserva previa, la que debe ser realizada de manera remota, no pudiendo superar las cuatro personas por mesa, a excepci\u00f3n del grupo familiar primario\u00a0 y de conformidad con el protocolo emitido por el Ministerio de producci\u00f3n, ciencia e innovaci\u00f3n tecnol\u00f3gica de la provincia de Buenos Aires.<\/p>\n<p>Por \u00faltimo informan que el Juzgado de Faltas ser\u00e1 quien realice las contravenciones consistentes en apertura de establecimientos comerciales, industriales y deportivas del Partido de Olavarr\u00eda que no cuenten con habilitaci\u00f3n espec\u00edfica para funcionar con los protocolos correspondientes.<\/p>\n","protected":false},"excerpt":{"rendered":"<p>Se encuentra disponible el decreto Municipal con las nuevas restricciones impuestas, en la jornada de&#8230;<\/p>\n","protected":false},"author":1,"featured_media":122046,"comment_status":"closed","ping_status":"closed","sticky":false,"template":"","format":"standard","meta":{"content-type":""},"categories":[27,64],"tags":[],"nelio_content":{"isAutoShareEnabled":false,"autoShareEndMode":"default","automationSources":{"useContentSentences":true,"useSocialTemplates":true,"useCustomSentences":false,"customSentences":[]},"followers":[1],"suggestedReferences":[],"includedReferences":[],"efiUrl":"","efiAlt":"","highlights":[]},"yoast_head":"<!-- This site is optimized with the Yoast SEO plugin v20.7 - https:\/\/yoast.com\/wordpress\/plugins\/seo\/ -->\n<title>Se encuentra disponible el decreto municipal con las nuevs restricciones<\/title>\n<meta name=\"description\" content=\"Se encuentra disponible el decreto Municipal con las nuevas restricciones impuestas, en el marco del aumento de casos de coronavirus.\" \/>\n<meta name=\"robots\" content=\"index, follow, max-snippet:-1, max-image-preview:large, max-video-preview:-1\" \/>\n<link rel=\"canonical\" href=\"https:\/\/experienciadevida.com.ar\/portalurbano\/se-encuentra-disponible-el-decreto-municipal-con-las-nuevas-restricciones-impuestas\/\" \/>\n<meta property=\"og:locale\" content=\"es_ES\" \/>\n<meta property=\"og:type\" content=\"article\" \/>\n<meta property=\"og:title\" content=\"Se encuentra disponible el decreto municipal con las nuevs restricciones\" \/>\n<meta property=\"og:description\" content=\"Se encuentra disponible el decreto Municipal con las nuevas restricciones impuestas, en el marco del aumento de casos de coronavirus.\" \/>\n<meta property=\"og:url\" content=\"https:\/\/experienciadevida.com.ar\/portalurbano\/se-encuentra-disponible-el-decreto-municipal-con-las-nuevas-restricciones-impuestas\/\" \/>\n<meta property=\"article:publisher\" content=\"https:\/\/www.facebook.com\/Portal-Urbano-171542830093757\/\" \/>\n<meta property=\"article:published_time\" content=\"2021-04-07T13:15:31+00:00\" \/>\n<meta property=\"article:modified_time\" content=\"2021-04-07T13:19:33+00:00\" \/>\n<meta property=\"og:image\" content=\"https:\/\/experienciadevida.com.ar\/portalurbano\/wp-content\/uploads\/2020\/09\/Dia-de-la-primavera-6.jpg\" \/>\n\t<meta property=\"og:image:width\" content=\"765\" \/>\n\t<meta property=\"og:image:height\" content=\"510\" \/>\n\t<meta property=\"og:image:type\" content=\"image\/jpeg\" \/>\n<meta name=\"author\" content=\"admpu17wp\" \/>\n<meta name=\"twitter:card\" content=\"summary_large_image\" \/>\n<meta name=\"twitter:creator\" content=\"@portalurbanook\" \/>\n<meta name=\"twitter:site\" content=\"@portalurbanook\" \/>\n<meta name=\"twitter:label1\" content=\"Escrito por\" \/>\n\t<meta name=\"twitter:data1\" content=\"admpu17wp\" \/>\n\t<meta name=\"twitter:label2\" content=\"Tiempo de lectura\" \/>\n\t<meta name=\"twitter:data2\" content=\"2 minutos\" \/>\n<script type=\"application\/ld+json\" class=\"yoast-schema-graph\">{\"@context\":\"https:\/\/schema.org\",\"@graph\":[{\"@type\":\"Article\",\"@id\":\"https:\/\/experienciadevida.com.ar\/portalurbano\/se-encuentra-disponible-el-decreto-municipal-con-las-nuevas-restricciones-impuestas\/#article\",\"isPartOf\":{\"@id\":\"https:\/\/experienciadevida.com.ar\/portalurbano\/se-encuentra-disponible-el-decreto-municipal-con-las-nuevas-restricciones-impuestas\/\"},\"author\":{\"name\":\"admpu17wp\",\"@id\":\"https:\/\/experienciadevida.com.ar\/portalurbano\/#\/schema\/person\/02dd326b1c4b056e9cc972486934a3a7\"},\"headline\":\"Se encuentra disponible el decreto Municipal con las nuevas restricciones impuestas\",\"datePublished\":\"2021-04-07T13:15:31+00:00\",\"dateModified\":\"2021-04-07T13:19:33+00:00\",\"mainEntityOfPage\":{\"@id\":\"https:\/\/experienciadevida.com.ar\/portalurbano\/se-encuentra-disponible-el-decreto-municipal-con-las-nuevas-restricciones-impuestas\/\"},\"wordCount\":389,\"publisher\":{\"@id\":\"https:\/\/experienciadevida.com.ar\/portalurbano\/#organization\"},\"articleSection\":[\"Ciudad\",\"Destacadas 2\"],\"inLanguage\":\"es\"},{\"@type\":\"WebPage\",\"@id\":\"https:\/\/experienciadevida.com.ar\/portalurbano\/se-encuentra-disponible-el-decreto-municipal-con-las-nuevas-restricciones-impuestas\/\",\"url\":\"https:\/\/experienciadevida.com.ar\/portalurbano\/se-encuentra-disponible-el-decreto-municipal-con-las-nuevas-restricciones-impuestas\/\",\"name\":\"Se encuentra disponible el decreto municipal con las nuevs restricciones\",\"isPartOf\":{\"@id\":\"https:\/\/experienciadevida.com.ar\/portalurbano\/#website\"},\"datePublished\":\"2021-04-07T13:15:31+00:00\",\"dateModified\":\"2021-04-07T13:19:33+00:00\",\"description\":\"Se encuentra disponible el decreto Municipal con las nuevas restricciones impuestas, en el marco del aumento de casos de coronavirus.\",\"breadcrumb\":{\"@id\":\"https:\/\/experienciadevida.com.ar\/portalurbano\/se-encuentra-disponible-el-decreto-municipal-con-las-nuevas-restricciones-impuestas\/#breadcrumb\"},\"inLanguage\":\"es\",\"potentialAction\":[{\"@type\":\"ReadAction\",\"target\":[\"https:\/\/experienciadevida.com.ar\/portalurbano\/se-encuentra-disponible-el-decreto-municipal-con-las-nuevas-restricciones-impuestas\/\"]}]},{\"@type\":\"BreadcrumbList\",\"@id\":\"https:\/\/experienciadevida.com.ar\/portalurbano\/se-encuentra-disponible-el-decreto-municipal-con-las-nuevas-restricciones-impuestas\/#breadcrumb\",\"itemListElement\":[{\"@type\":\"ListItem\",\"position\":1,\"name\":\"Portada\",\"item\":\"https:\/\/experienciadevida.com.ar\/portalurbano\/\"},{\"@type\":\"ListItem\",\"position\":2,\"name\":\"Se encuentra disponible el decreto Municipal con las nuevas restricciones impuestas\"}]},{\"@type\":\"WebSite\",\"@id\":\"https:\/\/experienciadevida.com.ar\/portalurbano\/#website\",\"url\":\"https:\/\/experienciadevida.com.ar\/portalurbano\/\",\"name\":\"\",\"description\":\"\",\"publisher\":{\"@id\":\"https:\/\/experienciadevida.com.ar\/portalurbano\/#organization\"},\"potentialAction\":[{\"@type\":\"SearchAction\",\"target\":{\"@type\":\"EntryPoint\",\"urlTemplate\":\"https:\/\/experienciadevida.com.ar\/portalurbano\/?s={search_term_string}\"},\"query-input\":\"required name=search_term_string\"}],\"inLanguage\":\"es\"},{\"@type\":\"Organization\",\"@id\":\"https:\/\/experienciadevida.com.ar\/portalurbano\/#organization\",\"name\":\"Portal Urbano\",\"url\":\"https:\/\/experienciadevida.com.ar\/portalurbano\/\",\"logo\":{\"@type\":\"ImageObject\",\"inLanguage\":\"es\",\"@id\":\"https:\/\/experienciadevida.com.ar\/portalurbano\/#\/schema\/logo\/image\/\",\"url\":\"https:\/\/experienciadevida.com.ar\/portalurbano\/wp-content\/uploads\/2019\/09\/Logo-Original.png\",\"contentUrl\":\"https:\/\/experienciadevida.com.ar\/portalurbano\/wp-content\/uploads\/2019\/09\/Logo-Original.png\",\"width\":2236,\"height\":1216,\"caption\":\"Portal Urbano\"},\"image\":{\"@id\":\"https:\/\/experienciadevida.com.ar\/portalurbano\/#\/schema\/logo\/image\/\"},\"sameAs\":[\"https:\/\/www.facebook.com\/Portal-Urbano-171542830093757\/\",\"https:\/\/twitter.com\/portalurbanook\",\"https:\/\/www.instagram.com\/_portalurbano\/\",\"https:\/\/www.youtube.com\/channel\/UCXhagIfszH8KxFiOok79zbA?view_as=subscriber\"]},{\"@type\":\"Person\",\"@id\":\"https:\/\/experienciadevida.com.ar\/portalurbano\/#\/schema\/person\/02dd326b1c4b056e9cc972486934a3a7\",\"name\":\"admpu17wp\",\"image\":{\"@type\":\"ImageObject\",\"inLanguage\":\"es\",\"@id\":\"https:\/\/experienciadevida.com.ar\/portalurbano\/#\/schema\/person\/image\/\",\"url\":\"https:\/\/secure.gravatar.com\/avatar\/830d4c57adaae6630765e449a6908047?s=96&d=mm&r=g\",\"contentUrl\":\"https:\/\/secure.gravatar.com\/avatar\/830d4c57adaae6630765e449a6908047?s=96&d=mm&r=g\",\"caption\":\"admpu17wp\"}}]}<\/script>\n<!-- \/ Yoast SEO plugin. -->","yoast_head_json":{"title":"Se encuentra disponible el decreto municipal con las nuevs restricciones","description":"Se encuentra disponible el decreto Municipal con las nuevas restricciones impuestas, en el marco del aumento de casos de coronavirus.","robots":{"index":"index","follow":"follow","max-snippet":"max-snippet:-1","max-image-preview":"max-image-preview:large","max-video-preview":"max-video-preview:-1"},"canonical":"https:\/\/experienciadevida.com.ar\/portalurbano\/se-encuentra-disponible-el-decreto-municipal-con-las-nuevas-restricciones-impuestas\/","og_locale":"es_ES","og_type":"article","og_title":"Se encuentra disponible el decreto municipal con las nuevs restricciones","og_description":"Se encuentra disponible el decreto Municipal con las nuevas restricciones impuestas, en el marco del aumento de casos de coronavirus.","og_url":"https:\/\/experienciadevida.com.ar\/portalurbano\/se-encuentra-disponible-el-decreto-municipal-con-las-nuevas-restricciones-impuestas\/","article_publisher":"https:\/\/www.facebook.com\/Portal-Urbano-171542830093757\/","article_published_time":"2021-04-07T13:15:31+00:00","article_modified_time":"2021-04-07T13:19:33+00:00","og_image":[{"width":765,"height":510,"url":"https:\/\/experienciadevida.com.ar\/portalurbano\/wp-content\/uploads\/2020\/09\/Dia-de-la-primavera-6.jpg","type":"image\/jpeg"}],"author":"admpu17wp","twitter_card":"summary_large_image","twitter_creator":"@portalurbanook","twitter_site":"@portalurbanook","twitter_misc":{"Escrito por":"admpu17wp","Tiempo de lectura":"2 minutos"},"schema":{"@context":"https:\/\/schema.org","@graph":[{"@type":"Article","@id":"https:\/\/experienciadevida.com.ar\/portalurbano\/se-encuentra-disponible-el-decreto-municipal-con-las-nuevas-restricciones-impuestas\/#article","isPartOf":{"@id":"https:\/\/experienciadevida.com.ar\/portalurbano\/se-encuentra-disponible-el-decreto-municipal-con-las-nuevas-restricciones-impuestas\/"},"author":{"name":"admpu17wp","@id":"https:\/\/experienciadevida.com.ar\/portalurbano\/#\/schema\/person\/02dd326b1c4b056e9cc972486934a3a7"},"headline":"Se encuentra disponible el decreto Municipal con las nuevas restricciones impuestas","datePublished":"2021-04-07T13:15:31+00:00","dateModified":"2021-04-07T13:19:33+00:00","mainEntityOfPage":{"@id":"https:\/\/experienciadevida.com.ar\/portalurbano\/se-encuentra-disponible-el-decreto-municipal-con-las-nuevas-restricciones-impuestas\/"},"wordCount":389,"publisher":{"@id":"https:\/\/experienciadevida.com.ar\/portalurbano\/#organization"},"articleSection":["Ciudad","Destacadas 2"],"inLanguage":"es"},{"@type":"WebPage","@id":"https:\/\/experienciadevida.com.ar\/portalurbano\/se-encuentra-disponible-el-decreto-municipal-con-las-nuevas-restricciones-impuestas\/","url":"https:\/\/experienciadevida.com.ar\/portalurbano\/se-encuentra-disponible-el-decreto-municipal-con-las-nuevas-restricciones-impuestas\/","name":"Se encuentra disponible el decreto municipal con las nuevs restricciones","isPartOf":{"@id":"https:\/\/experienciadevida.com.ar\/portalurbano\/#website"},"datePublished":"2021-04-07T13:15:31+00:00","dateModified":"2021-04-07T13:19:33+00:00","description":"Se encuentra disponible el decreto Municipal con las nuevas restricciones impuestas, en el marco del aumento de casos de coronavirus.","breadcrumb":{"@id":"https:\/\/experienciadevida.com.ar\/portalurbano\/se-encuentra-disponible-el-decreto-municipal-con-las-nuevas-restricciones-impuestas\/#breadcrumb"},"inLanguage":"es","potentialAction":[{"@type":"ReadAction","target":["https:\/\/experienciadevida.com.ar\/portalurbano\/se-encuentra-disponible-el-decreto-municipal-con-las-nuevas-restricciones-impuestas\/"]}]},{"@type":"BreadcrumbList","@id":"https:\/\/experienciadevida.com.ar\/portalurbano\/se-encuentra-disponible-el-decreto-municipal-con-las-nuevas-restricciones-impuestas\/#breadcrumb","itemListElement":[{"@type":"ListItem","position":1,"name":"Portada","item":"https:\/\/experienciadevida.com.ar\/portalurbano\/"},{"@type":"ListItem","position":2,"name":"Se encuentra disponible el decreto Municipal con las nuevas restricciones impuestas"}]},{"@type":"WebSite","@id":"https:\/\/experienciadevida.com.ar\/portalurbano\/#website","url":"https:\/\/experienciadevida.com.ar\/portalurbano\/","name":"","description":"","publisher":{"@id":"https:\/\/experienciadevida.com.ar\/portalurbano\/#organization"},"potentialAction":[{"@type":"SearchAction","target":{"@type":"EntryPoint","urlTemplate":"https:\/\/experienciadevida.com.ar\/portalurbano\/?s={search_term_string}"},"query-input":"required name=search_term_string"}],"inLanguage":"es"},{"@type":"Organization","@id":"https:\/\/experienciadevida.com.ar\/portalurbano\/#organization","name":"Portal Urbano","url":"https:\/\/experienciadevida.com.ar\/portalurbano\/","logo":{"@type":"ImageObject","inLanguage":"es","@id":"https:\/\/experienciadevida.com.ar\/portalurbano\/#\/schema\/logo\/image\/","url":"https:\/\/experienciadevida.com.ar\/portalurbano\/wp-content\/uploads\/2019\/09\/Logo-Original.png","contentUrl":"https:\/\/experienciadevida.com.ar\/portalurbano\/wp-content\/uploads\/2019\/09\/Logo-Original.png","width":2236,"height":1216,"caption":"Portal Urbano"},"image":{"@id":"https:\/\/experienciadevida.com.ar\/portalurbano\/#\/schema\/logo\/image\/"},"sameAs":["https:\/\/www.facebook.com\/Portal-Urbano-171542830093757\/","https:\/\/twitter.com\/portalurbanook","https:\/\/www.instagram.com\/_portalurbano\/","https:\/\/www.youtube.com\/channel\/UCXhagIfszH8KxFiOok79zbA?view_as=subscriber"]},{"@type":"Person","@id":"https:\/\/experienciadevida.com.ar\/portalurbano\/#\/schema\/person\/02dd326b1c4b056e9cc972486934a3a7","name":"admpu17wp","image":{"@type":"ImageObject","inLanguage":"es","@id":"https:\/\/experienciadevida.com.ar\/portalurbano\/#\/schema\/person\/image\/","url":"https:\/\/secure.gravatar.com\/avatar\/830d4c57adaae6630765e449a6908047?s=96&d=mm&r=g","contentUrl":"https:\/\/secure.gravatar.com\/avatar\/830d4c57adaae6630765e449a6908047?s=96&d=mm&r=g","caption":"admpu17wp"}}]}},"featured_image_urls":{"full":["https:\/\/experienciadevida.com.ar\/portalurbano\/wp-content\/uploads\/2020\/09\/Dia-de-la-primavera-6.jpg",765,510,false],"thumbnail":["https:\/\/experienciadevida.com.ar\/portalurbano\/wp-content\/uploads\/2020\/09\/Dia-de-la-primavera-6-150x150.jpg",150,150,true],"medium":["https:\/\/experienciadevida.com.ar\/portalurbano\/wp-content\/uploads\/2020\/09\/Dia-de-la-primavera-6-300x200.jpg",300,200,true],"medium_large":["https:\/\/experienciadevida.com.ar\/portalurbano\/wp-content\/uploads\/2020\/09\/Dia-de-la-primavera-6.jpg",640,427,false],"large":["https:\/\/experienciadevida.com.ar\/portalurbano\/wp-content\/uploads\/2020\/09\/Dia-de-la-primavera-6.jpg",640,427,false],"ug_big":["https:\/\/experienciadevida.com.ar\/portalurbano\/wp-content\/uploads\/2020\/09\/Dia-de-la-primavera-6.jpg",765,510,false],"1536x1536":["https:\/\/experienciadevida.com.ar\/portalurbano\/wp-content\/uploads\/2020\/09\/Dia-de-la-primavera-6.jpg",765,510,false],"2048x2048":["https:\/\/experienciadevida.com.ar\/portalurbano\/wp-content\/uploads\/2020\/09\/Dia-de-la-primavera-6.jpg",765,510,false],"newsever-slider-full":["https:\/\/experienciadevida.com.ar\/portalurbano\/wp-content\/uploads\/2020\/09\/Dia-de-la-primavera-6.jpg",765,510,false],"newsever-featured":["https:\/\/experienciadevida.com.ar\/portalurbano\/wp-content\/uploads\/2020\/09\/Dia-de-la-primavera-6.jpg",765,510,false],"newsever-medium":["https:\/\/experienciadevida.com.ar\/portalurbano\/wp-content\/uploads\/2020\/09\/Dia-de-la-primavera-6.jpg",713,475,false],"web-stories-poster-portrait":["https:\/\/experienciadevida.com.ar\/portalurbano\/wp-content\/uploads\/2020\/09\/Dia-de-la-primavera-6.jpg",640,427,false],"web-stories-publisher-logo":["https:\/\/experienciadevida.com.ar\/portalurbano\/wp-content\/uploads\/2020\/09\/Dia-de-la-primavera-6.jpg",96,64,false],"web-stories-thumbnail":["https:\/\/experienciadevida.com.ar\/portalurbano\/wp-content\/uploads\/2020\/09\/Dia-de-la-primavera-6.jpg",150,100,false]},"author_info":{"display_name":"admpu17wp","author_link":"https:\/\/experienciadevida.com.ar\/portalurbano\/author\/admpu17wp\/"},"category_info":"<a href=\"https:\/\/experienciadevida.com.ar\/portalurbano\/category\/ciudad\/\" rel=\"category tag\">Ciudad<\/a> <a href=\"https:\/\/experienciadevida.com.ar\/portalurbano\/category\/destacadas-2\/\" rel=\"category tag\">Destacadas 2<\/a>","tag_info":"Destacadas 2","comment_count":"0","amp_enabled":true,"_links":{"self":[{"href":"https:\/\/experienciadevida.com.ar\/portalurbano\/wp-json\/wp\/v2\/posts\/139462"}],"collection":[{"href":"https:\/\/experienciadevida.com.ar\/portalurbano\/wp-json\/wp\/v2\/posts"}],"about":[{"href":"https:\/\/experienciadevida.com.ar\/portalurbano\/wp-json\/wp\/v2\/types\/post"}],"author":[{"embeddable":true,"href":"https:\/\/experienciadevida.com.ar\/portalurbano\/wp-json\/wp\/v2\/users\/1"}],"replies":[{"embeddable":true,"href":"https:\/\/experienciadevida.com.ar\/portalurbano\/wp-json\/wp\/v2\/comments?post=139462"}],"version-history":[{"count":3,"href":"https:\/\/experienciadevida.com.ar\/portalurbano\/wp-json\/wp\/v2\/posts\/139462\/revisions"}],"predecessor-version":[{"id":139465,"href":"https:\/\/experienciadevida.com.ar\/portalurbano\/wp-json\/wp\/v2\/posts\/139462\/revisions\/139465"}],"wp:featuredmedia":[{"embeddable":true,"href":"https:\/\/experienciadevida.com.ar\/portalurbano\/wp-json\/wp\/v2\/media\/122046"}],"wp:attachment":[{"href":"https:\/\/experienciadevida.com.ar\/portalurbano\/wp-json\/wp\/v2\/media?parent=139462"}],"wp:term":[{"taxonomy":"category","embeddable":true,"href":"https:\/\/experienciadevida.com.ar\/portalurbano\/wp-json\/wp\/v2\/categories?post=139462"},{"taxonomy":"post_tag","embeddable":true,"href":"https:\/\/experienciadevida.com.ar\/portalurbano\/wp-json\/wp\/v2\/tags?post=139462"}],"curies":[{"name":"wp","href":"https:\/\/api.w.org\/{rel}","templated":true}]}}